{"id":11933,"date":"2024-12-09T15:42:36","date_gmt":"2024-12-09T18:42:36","guid":{"rendered":"https:\/\/www.filantropiacortessolari.cl\/?p=11933"},"modified":"2024-12-09T15:43:27","modified_gmt":"2024-12-09T18:43:27","slug":"el-mostrador-francisca-cortes-solari-y-muestra-selknam-es-importante-que-las-imagenes-vuelvan-a-su-origen","status":"publish","type":"post","link":"https:\/\/www.filantropiacortessolari.cl\/en\/el-mostrador-francisca-cortes-solari-y-muestra-selknam-es-importante-que-las-imagenes-vuelvan-a-su-origen\/","title":{"rendered":"[El Mostrador] Francisca Cort\u00e9s Solari y muestra selk\u2019nam: \u201cEs importante que las im\u00e1genes vuelvan a su origen\u201d"},"content":{"rendered":"<style type=\"text\/css\"><\/style><p>La exposici\u00f3n es una s\u00edntesis compuesta por 43 fotograf\u00edas, las que fueron seleccionadas de un total de 147 im\u00e1genes que tom\u00f3 el sacerdote Mart\u00edn Gusinde (1886-1969) entre 1918 y 1924, a lo largo de cuatro viajes a Tierra del Fuego.<\/p>\n<p>Hasta el 31 de enero se podr\u00e1 visitar la exposici\u00f3n fotogr\u00e1fica \u201cVoces de la Patagonia, memoria ancestral\u201d, en el Parque Santa Rosa de Apoquindo. La exposici\u00f3n es una s\u00edntesis compuesta por 43 fotograf\u00edas, las que fueron seleccionadas de un total de 147 im\u00e1genes que tom\u00f3 el sacerdote Mart\u00edn Gusinde (1886-1969) entre 1918 y 1924, a lo largo de cuatro viajes a Tierra del Fuego.<\/p>\n<p>\u201cEs importante que estas im\u00e1genes vuelvan a su lugar de origen, y que los chilenos podamos disfrutar y honrar la memoria de los que habitaron en la Patagonia\u201d, dice Francisca Cort\u00e9s Solari, presidenta ejecutiva de Filantrop\u00eda Cort\u00e9s Solari, fundaci\u00f3n a cargo del proyecto.<\/p>\n<p>Gusinde tom\u00f3 cerca de 2 mil fotograf\u00edas en blanco y negro en placas de vidrio, a trav\u00e9s de lo cual estudi\u00f3 y gener\u00f3 v\u00ednculos y relaciones con hombres y mujeres de estas tierras, conociendo su cosmovisi\u00f3n, su lengua, adem\u00e1s de sus formas de vida simb\u00f3lica y sus quehaceres cotidianos. Registr\u00f3 as\u00ed su lengua, fon\u00e9tica y m\u00fasica en diversos soportes de la \u00e9poca, como escritos sobre papel y cilindros sonoros.<\/p>\n<p>Tras conocer que las im\u00e1genes estaban en manos del fot\u00f3grafo y editor franc\u00e9s Xavier Barral, Francisca Cort\u00e9s Solari decidi\u00f3, junto a su equipo, iniciar las conversaciones para poder adquirirlas y que volvieran a Chile.<\/p>\n<p>\u201cMe dije c\u00f3mo es posible que nosotros como chilenos no tengamos esa informaci\u00f3n en Chile. Entonces, bueno, un d\u00eda llam\u00e9 a Xavier Barral y le coment\u00e9 cu\u00e1l era la posibilidad de poder traer y dejar estas fotograf\u00edas ac\u00e1 en Chile como un legado\u201d, cuenta Solari.<\/p>\n<p>Francisca Cort\u00e9s Solari explica que el prop\u00f3sito del proyecto es legar a Chile este patrimonio que refleja la historia, la cultura y los saberes de estos pueblos originarios, con el objetivo de aumentar el conocimiento y el sentido de pertenencia hacia dichos grupos<\/p>\n<p>\u201cHubo toda una conversaci\u00f3n con \u00e9l, llegamos a las condiciones de satisfacci\u00f3n para poder hacer la negociaci\u00f3n, el traspaso, y un d\u00eda lunes armo un Whatsapp bien r\u00e1pido, le digo a la gente de mi equipo que necesitamos firmar con Xavier Barral, porque llevamos mucho tiempo esperando, as\u00ed que todo se activ\u00f3, se mandaron todos los papeles para que \u00e9l pudiera firmar, yo le hice la transferencia r\u00e1pidamente, porque nos hab\u00edamos demorado mucho tiempo, hab\u00edan pasado como tres meses desde que hab\u00edamos empezado a conversar. La cosa es que Xavier Barral firma y ese mismo d\u00eda muere en la noche de un ataque al coraz\u00f3n, a los 64 a\u00f1os\u201d, relata.<\/p>\n<h2>Conservaci\u00f3n y protecci\u00f3n de la naturaleza<\/h2>\n<p>La destacada fil\u00e1ntropa y conservacionista chilena lleva m\u00e1s de 20 a\u00f1os trabajando a favor de la protecci\u00f3n de la naturaleza y la promoci\u00f3n de la memoria cultural. Reconocida internacionalmente como guardiana de la naturaleza, Cort\u00e9s Solari es la primera chilena y sudamericana en recibir este prestigioso galard\u00f3n, lo que refleja su compromiso con la conservaci\u00f3n y su incansable labor en favor del medioambiente.<\/p>\n<p>En esta entrevista, abordamos temas fundamentales como la conexi\u00f3n entre los saberes ancestrales y la crisis clim\u00e1tica, as\u00ed como el impacto que tienen los pueblos originarios en la construcci\u00f3n de un futuro m\u00e1s sostenible.<\/p>\n<p>A trav\u00e9s de proyectos como la exposici\u00f3n \u201cVoces de la Patagonia, memoria ancestral\u201d, la fil\u00e1ntropa ha puesto en valor la importancia de preservar el legado cultural de los pueblos originarios y el rol de estos conocimientos en la comprensi\u00f3n de nuestra relaci\u00f3n con la naturaleza.<\/p>\n<p>Tambi\u00e9n reflexiona sobre los desaf\u00edos ambientales que enfrenta Chile, desde la crisis clim\u00e1tica hasta los conflictos medioambientales ligados al desarrollo extractivista. Su enfoque busca no solo visibilizar estas problem\u00e1ticas, sino tambi\u00e9n promover soluciones que integren el respeto por la naturaleza con el desarrollo sostenible.<\/p>\n<p>Revisa la entrevista completa a continuaci\u00f3n:<\/p>\n<p><iframe loading=\"lazy\" width=\"560\" height=\"315\" src=\"https:\/\/www.youtube.com\/embed\/pvY3hu-8pJw?si=D8PugbNavP08yCBt\" title=\"YouTube video player\" frameborder=\"0\" allow=\"accelerometer; autoplay; clipboard-write; encrypted-media; gyroscope; picture-in-picture; web-share\" referrerpolicy=\"strict-origin-when-cross-origin\" allowfullscreen><\/iframe><\/p>\n<p>Fuente: <a href=\"https:\/\/www.elmostrador.cl\/cultura\/2024\/12\/06\/francisca-cortes-solari-y-muestra-selknam-es-importante-que-las-imagenes-vuelvan-a-su-origen\/\" target=\"_blank\">El Mostrador<\/a><\/p>\n","protected":false},"excerpt":{"rendered":"<p>La exposici\u00f3n es una s\u00edntesis compuesta por 43 fotograf\u00edas, las que fueron seleccionadas de un total de 147 im\u00e1genes que tom\u00f3 el sacerdote Mart\u00edn Gusinde (1886-1969) entre 1918 y 1924, a lo largo de cuatro viajes a Tierra del Fuego. Hasta el 31 de enero se podr\u00e1 visitar la exposici\u00f3n fotogr\u00e1fica \u201cVoces de la Patagonia,&#8230;<\/p>\n","protected":false},"author":1,"featured_media":11934,"comment_status":"closed","ping_status":"closed","sticky":false,"template":"","format":"standard","meta":{"footnotes":""},"categories":[31],"tags":[],"class_list":["post-11933","post","type-post","status-publish","format-standard","has-post-thumbnail","hentry","category-noticias"],"translation":{"provider":"WPGlobus","version":"3.0.2","language":"en","enabled_languages":["es","en"],"languages":{"es":{"title":true,"content":true,"excerpt":false},"en":{"title":false,"content":false,"excerpt":false}}},"yoast_head":"<!-- This site is optimized with the Yoast SEO plugin v27.4 - https:\/\/yoast.com\/product\/yoast-seo-wordpress\/ -->\n<title>[El Mostrador] Francisca Cort\u00e9s Solari y muestra selk\u2019nam: \u201cEs importante que las im\u00e1genes vuelvan a su origen\u201d<\/title>\n<meta name=\"robots\" content=\"index, follow, max-snippet:-1, max-image-preview:large, max-video-preview:-1\" \/>\n<link rel=\"canonical\" href=\"https:\/\/www.filantropiacortessolari.cl\/el-mostrador-francisca-cortes-solari-y-muestra-selknam-es-importante-que-las-imagenes-vuelvan-a-su-origen\/\" \/>\n<meta property=\"og:locale\" content=\"en_US\" \/>\n<meta property=\"og:type\" content=\"article\" \/>\n<meta property=\"og:title\" content=\"[El Mostrador] Francisca Cort\u00e9s Solari y muestra selk\u2019nam: \u201cEs importante que las im\u00e1genes vuelvan a su origen\u201d\" \/>\n<meta property=\"og:url\" content=\"https:\/\/www.filantropiacortessolari.cl\/el-mostrador-francisca-cortes-solari-y-muestra-selknam-es-importante-que-las-imagenes-vuelvan-a-su-origen\/\" \/>\n<meta property=\"og:site_name\" content=\"Filantrop\u00eda Cort\u00e9s Solari\" \/>\n<meta property=\"article:published_time\" content=\"2024-12-09T18:42:36+00:00\" \/>\n<meta property=\"article:modified_time\" content=\"2024-12-09T18:43:27+00:00\" \/>\n<meta property=\"og:image\" content=\"https:\/\/www.filantropiacortessolari.cl\/wp-content\/uploads\/2024\/12\/franciscacortessolari.jpeg\" \/>\n\t<meta property=\"og:image:width\" content=\"1280\" \/>\n\t<meta property=\"og:image:height\" content=\"720\" \/>\n\t<meta property=\"og:image:type\" content=\"image\/jpeg\" \/>\n<meta name=\"author\" content=\"Filantrop\u00eda Cort\u00e9s Solari\" \/>\n<meta name=\"twitter:card\" content=\"summary_large_image\" \/>\n<meta name=\"twitter:label1\" content=\"Written by\" \/>\n\t<meta name=\"twitter:data1\" content=\"Filantrop\u00eda Cort\u00e9s Solari\" \/>\n\t<meta name=\"twitter:label2\" content=\"Est. reading time\" \/>\n\t<meta name=\"twitter:data2\" content=\"4 minutes\" \/>\n<script type=\"application\/ld+json\" class=\"yoast-schema-graph\">{\"@context\":\"https:\\\/\\\/schema.org\",\"@graph\":[{\"@type\":\"Article\",\"@id\":\"https:\\\/\\\/www.filantropiacortessolari.cl\\\/el-mostrador-francisca-cortes-solari-y-muestra-selknam-es-importante-que-las-imagenes-vuelvan-a-su-origen\\\/#article\",\"isPartOf\":{\"@id\":\"https:\\\/\\\/www.filantropiacortessolari.cl\\\/el-mostrador-francisca-cortes-solari-y-muestra-selknam-es-importante-que-las-imagenes-vuelvan-a-su-origen\\\/\"},\"author\":{\"name\":\"Filantrop\u00eda Cort\u00e9s Solari\",\"@id\":\"https:\\\/\\\/www.filantropiacortessolari.cl\\\/#\\\/schema\\\/person\\\/e099cf1046922f4f5892172332dc86c0\"},\"headline\":\"[El Mostrador] Francisca Cort\u00e9s Solari y muestra selk\u2019nam: \u201cEs importante que las im\u00e1genes vuelvan a su origen\u201d\",\"datePublished\":\"2024-12-09T18:42:36+00:00\",\"dateModified\":\"2024-12-09T18:43:27+00:00\",\"mainEntityOfPage\":{\"@id\":\"https:\\\/\\\/www.filantropiacortessolari.cl\\\/el-mostrador-francisca-cortes-solari-y-muestra-selknam-es-importante-que-las-imagenes-vuelvan-a-su-origen\\\/\"},\"wordCount\":730,\"image\":{\"@id\":\"https:\\\/\\\/www.filantropiacortessolari.cl\\\/el-mostrador-francisca-cortes-solari-y-muestra-selknam-es-importante-que-las-imagenes-vuelvan-a-su-origen\\\/#primaryimage\"},\"thumbnailUrl\":\"https:\\\/\\\/www.filantropiacortessolari.cl\\\/wp-content\\\/uploads\\\/2024\\\/12\\\/franciscacortessolari.jpeg\",\"articleSection\":[\"Noticias\"],\"inLanguage\":\"en-US\"},{\"@type\":\"WebPage\",\"@id\":\"https:\\\/\\\/www.filantropiacortessolari.cl\\\/el-mostrador-francisca-cortes-solari-y-muestra-selknam-es-importante-que-las-imagenes-vuelvan-a-su-origen\\\/\",\"url\":\"https:\\\/\\\/www.filantropiacortessolari.cl\\\/el-mostrador-francisca-cortes-solari-y-muestra-selknam-es-importante-que-las-imagenes-vuelvan-a-su-origen\\\/\",\"name\":\"[El Mostrador] Francisca Cort\u00e9s Solari y muestra selk\u2019nam: \u201cEs importante que las im\u00e1genes vuelvan a su origen\u201d\",\"isPartOf\":{\"@id\":\"https:\\\/\\\/www.filantropiacortessolari.cl\\\/#website\"},\"primaryImageOfPage\":{\"@id\":\"https:\\\/\\\/www.filantropiacortessolari.cl\\\/el-mostrador-francisca-cortes-solari-y-muestra-selknam-es-importante-que-las-imagenes-vuelvan-a-su-origen\\\/#primaryimage\"},\"image\":{\"@id\":\"https:\\\/\\\/www.filantropiacortessolari.cl\\\/el-mostrador-francisca-cortes-solari-y-muestra-selknam-es-importante-que-las-imagenes-vuelvan-a-su-origen\\\/#primaryimage\"},\"thumbnailUrl\":\"https:\\\/\\\/www.filantropiacortessolari.cl\\\/wp-content\\\/uploads\\\/2024\\\/12\\\/franciscacortessolari.jpeg\",\"datePublished\":\"2024-12-09T18:42:36+00:00\",\"dateModified\":\"2024-12-09T18:43:27+00:00\",\"author\":{\"@id\":\"https:\\\/\\\/www.filantropiacortessolari.cl\\\/#\\\/schema\\\/person\\\/e099cf1046922f4f5892172332dc86c0\"},\"breadcrumb\":{\"@id\":\"https:\\\/\\\/www.filantropiacortessolari.cl\\\/el-mostrador-francisca-cortes-solari-y-muestra-selknam-es-importante-que-las-imagenes-vuelvan-a-su-origen\\\/#breadcrumb\"},\"inLanguage\":\"en-US\",\"potentialAction\":[{\"@type\":\"ReadAction\",\"target\":[\"https:\\\/\\\/www.filantropiacortessolari.cl\\\/el-mostrador-francisca-cortes-solari-y-muestra-selknam-es-importante-que-las-imagenes-vuelvan-a-su-origen\\\/\"]}]},{\"@type\":\"ImageObject\",\"inLanguage\":\"en-US\",\"@id\":\"https:\\\/\\\/www.filantropiacortessolari.cl\\\/el-mostrador-francisca-cortes-solari-y-muestra-selknam-es-importante-que-las-imagenes-vuelvan-a-su-origen\\\/#primaryimage\",\"url\":\"https:\\\/\\\/www.filantropiacortessolari.cl\\\/wp-content\\\/uploads\\\/2024\\\/12\\\/franciscacortessolari.jpeg\",\"contentUrl\":\"https:\\\/\\\/www.filantropiacortessolari.cl\\\/wp-content\\\/uploads\\\/2024\\\/12\\\/franciscacortessolari.jpeg\",\"width\":1280,\"height\":720},{\"@type\":\"BreadcrumbList\",\"@id\":\"https:\\\/\\\/www.filantropiacortessolari.cl\\\/el-mostrador-francisca-cortes-solari-y-muestra-selknam-es-importante-que-las-imagenes-vuelvan-a-su-origen\\\/#breadcrumb\",\"itemListElement\":[{\"@type\":\"ListItem\",\"position\":1,\"name\":\"Portada\",\"item\":\"https:\\\/\\\/www.filantropiacortessolari.cl\\\/\"},{\"@type\":\"ListItem\",\"position\":2,\"name\":\"[El Mostrador] Francisca Cort\u00e9s Solari y muestra selk\u2019nam: \u201cEs importante que las im\u00e1genes vuelvan a su origen\u201d\"}]},{\"@type\":\"WebSite\",\"@id\":\"https:\\\/\\\/www.filantropiacortessolari.cl\\\/#website\",\"url\":\"https:\\\/\\\/www.filantropiacortessolari.cl\\\/\",\"name\":\"Filantrop\u00eda Cort\u00e9s Solari\",\"description\":\"Sitio web Filantrop\u00eda Cort\u00e9s Solari\",\"potentialAction\":[{\"@type\":\"SearchAction\",\"target\":{\"@type\":\"EntryPoint\",\"urlTemplate\":\"https:\\\/\\\/www.filantropiacortessolari.cl\\\/?s={search_term_string}\"},\"query-input\":{\"@type\":\"PropertyValueSpecification\",\"valueRequired\":true,\"valueName\":\"search_term_string\"}}],\"inLanguage\":\"en-US\"},{\"@type\":\"Person\",\"@id\":\"https:\\\/\\\/www.filantropiacortessolari.cl\\\/#\\\/schema\\\/person\\\/e099cf1046922f4f5892172332dc86c0\",\"name\":\"Filantrop\u00eda Cort\u00e9s Solari\",\"image\":{\"@type\":\"ImageObject\",\"inLanguage\":\"en-US\",\"@id\":\"https:\\\/\\\/secure.gravatar.com\\\/avatar\\\/9d17bfe24074ed7576e70cbeb8e010cdd7d01fae9f2047bd96cccbe629ec3c11?s=96&d=mm&r=g\",\"url\":\"https:\\\/\\\/secure.gravatar.com\\\/avatar\\\/9d17bfe24074ed7576e70cbeb8e010cdd7d01fae9f2047bd96cccbe629ec3c11?s=96&d=mm&r=g\",\"contentUrl\":\"https:\\\/\\\/secure.gravatar.com\\\/avatar\\\/9d17bfe24074ed7576e70cbeb8e010cdd7d01fae9f2047bd96cccbe629ec3c11?s=96&d=mm&r=g\",\"caption\":\"Filantrop\u00eda Cort\u00e9s Solari\"},\"url\":\"https:\\\/\\\/www.filantropiacortessolari.cl\\\/en\\\/author\\\/filantropia-cortes-solari\\\/\"}]}<\/script>\n<!-- \/ Yoast SEO plugin. -->","yoast_head_json":{"title":"[El Mostrador] Francisca Cort\u00e9s Solari y muestra selk\u2019nam: \u201cEs importante que las im\u00e1genes vuelvan a su origen\u201d","robots":{"index":"index","follow":"follow","max-snippet":"max-snippet:-1","max-image-preview":"max-image-preview:large","max-video-preview":"max-video-preview:-1"},"canonical":"https:\/\/www.filantropiacortessolari.cl\/el-mostrador-francisca-cortes-solari-y-muestra-selknam-es-importante-que-las-imagenes-vuelvan-a-su-origen\/","og_locale":"en_US","og_type":"article","og_title":"[El Mostrador] Francisca Cort\u00e9s Solari y muestra selk\u2019nam: \u201cEs importante que las im\u00e1genes vuelvan a su origen\u201d","og_url":"https:\/\/www.filantropiacortessolari.cl\/el-mostrador-francisca-cortes-solari-y-muestra-selknam-es-importante-que-las-imagenes-vuelvan-a-su-origen\/","og_site_name":"Filantrop\u00eda Cort\u00e9s Solari","article_published_time":"2024-12-09T18:42:36+00:00","article_modified_time":"2024-12-09T18:43:27+00:00","og_image":[{"width":1280,"height":720,"url":"https:\/\/www.filantropiacortessolari.cl\/wp-content\/uploads\/2024\/12\/franciscacortessolari.jpeg","type":"image\/jpeg"}],"author":"Filantrop\u00eda Cort\u00e9s Solari","twitter_card":"summary_large_image","twitter_misc":{"Written by":"Filantrop\u00eda Cort\u00e9s Solari","Est. reading time":"4 minutes"},"schema":{"@context":"https:\/\/schema.org","@graph":[{"@type":"Article","@id":"https:\/\/www.filantropiacortessolari.cl\/el-mostrador-francisca-cortes-solari-y-muestra-selknam-es-importante-que-las-imagenes-vuelvan-a-su-origen\/#article","isPartOf":{"@id":"https:\/\/www.filantropiacortessolari.cl\/el-mostrador-francisca-cortes-solari-y-muestra-selknam-es-importante-que-las-imagenes-vuelvan-a-su-origen\/"},"author":{"name":"Filantrop\u00eda Cort\u00e9s Solari","@id":"https:\/\/www.filantropiacortessolari.cl\/#\/schema\/person\/e099cf1046922f4f5892172332dc86c0"},"headline":"[El Mostrador] Francisca Cort\u00e9s Solari y muestra selk\u2019nam: \u201cEs importante que las im\u00e1genes vuelvan a su origen\u201d","datePublished":"2024-12-09T18:42:36+00:00","dateModified":"2024-12-09T18:43:27+00:00","mainEntityOfPage":{"@id":"https:\/\/www.filantropiacortessolari.cl\/el-mostrador-francisca-cortes-solari-y-muestra-selknam-es-importante-que-las-imagenes-vuelvan-a-su-origen\/"},"wordCount":730,"image":{"@id":"https:\/\/www.filantropiacortessolari.cl\/el-mostrador-francisca-cortes-solari-y-muestra-selknam-es-importante-que-las-imagenes-vuelvan-a-su-origen\/#primaryimage"},"thumbnailUrl":"https:\/\/www.filantropiacortessolari.cl\/wp-content\/uploads\/2024\/12\/franciscacortessolari.jpeg","articleSection":["Noticias"],"inLanguage":"en-US"},{"@type":"WebPage","@id":"https:\/\/www.filantropiacortessolari.cl\/el-mostrador-francisca-cortes-solari-y-muestra-selknam-es-importante-que-las-imagenes-vuelvan-a-su-origen\/","url":"https:\/\/www.filantropiacortessolari.cl\/el-mostrador-francisca-cortes-solari-y-muestra-selknam-es-importante-que-las-imagenes-vuelvan-a-su-origen\/","name":"[El Mostrador] Francisca Cort\u00e9s Solari y muestra selk\u2019nam: \u201cEs importante que las im\u00e1genes vuelvan a su origen\u201d","isPartOf":{"@id":"https:\/\/www.filantropiacortessolari.cl\/#website"},"primaryImageOfPage":{"@id":"https:\/\/www.filantropiacortessolari.cl\/el-mostrador-francisca-cortes-solari-y-muestra-selknam-es-importante-que-las-imagenes-vuelvan-a-su-origen\/#primaryimage"},"image":{"@id":"https:\/\/www.filantropiacortessolari.cl\/el-mostrador-francisca-cortes-solari-y-muestra-selknam-es-importante-que-las-imagenes-vuelvan-a-su-origen\/#primaryimage"},"thumbnailUrl":"https:\/\/www.filantropiacortessolari.cl\/wp-content\/uploads\/2024\/12\/franciscacortessolari.jpeg","datePublished":"2024-12-09T18:42:36+00:00","dateModified":"2024-12-09T18:43:27+00:00","author":{"@id":"https:\/\/www.filantropiacortessolari.cl\/#\/schema\/person\/e099cf1046922f4f5892172332dc86c0"},"breadcrumb":{"@id":"https:\/\/www.filantropiacortessolari.cl\/el-mostrador-francisca-cortes-solari-y-muestra-selknam-es-importante-que-las-imagenes-vuelvan-a-su-origen\/#breadcrumb"},"inLanguage":"en-US","potentialAction":[{"@type":"ReadAction","target":["https:\/\/www.filantropiacortessolari.cl\/el-mostrador-francisca-cortes-solari-y-muestra-selknam-es-importante-que-las-imagenes-vuelvan-a-su-origen\/"]}]},{"@type":"ImageObject","inLanguage":"en-US","@id":"https:\/\/www.filantropiacortessolari.cl\/el-mostrador-francisca-cortes-solari-y-muestra-selknam-es-importante-que-las-imagenes-vuelvan-a-su-origen\/#primaryimage","url":"https:\/\/www.filantropiacortessolari.cl\/wp-content\/uploads\/2024\/12\/franciscacortessolari.jpeg","contentUrl":"https:\/\/www.filantropiacortessolari.cl\/wp-content\/uploads\/2024\/12\/franciscacortessolari.jpeg","width":1280,"height":720},{"@type":"BreadcrumbList","@id":"https:\/\/www.filantropiacortessolari.cl\/el-mostrador-francisca-cortes-solari-y-muestra-selknam-es-importante-que-las-imagenes-vuelvan-a-su-origen\/#breadcrumb","itemListElement":[{"@type":"ListItem","position":1,"name":"Portada","item":"https:\/\/www.filantropiacortessolari.cl\/"},{"@type":"ListItem","position":2,"name":"[El Mostrador] Francisca Cort\u00e9s Solari y muestra selk\u2019nam: \u201cEs importante que las im\u00e1genes vuelvan a su origen\u201d"}]},{"@type":"WebSite","@id":"https:\/\/www.filantropiacortessolari.cl\/#website","url":"https:\/\/www.filantropiacortessolari.cl\/","name":"Filantrop\u00eda Cort\u00e9s Solari","description":"Sitio web Filantrop\u00eda Cort\u00e9s Solari","potentialAction":[{"@type":"SearchAction","target":{"@type":"EntryPoint","urlTemplate":"https:\/\/www.filantropiacortessolari.cl\/?s={search_term_string}"},"query-input":{"@type":"PropertyValueSpecification","valueRequired":true,"valueName":"search_term_string"}}],"inLanguage":"en-US"},{"@type":"Person","@id":"https:\/\/www.filantropiacortessolari.cl\/#\/schema\/person\/e099cf1046922f4f5892172332dc86c0","name":"Filantrop\u00eda Cort\u00e9s Solari","image":{"@type":"ImageObject","inLanguage":"en-US","@id":"https:\/\/secure.gravatar.com\/avatar\/9d17bfe24074ed7576e70cbeb8e010cdd7d01fae9f2047bd96cccbe629ec3c11?s=96&d=mm&r=g","url":"https:\/\/secure.gravatar.com\/avatar\/9d17bfe24074ed7576e70cbeb8e010cdd7d01fae9f2047bd96cccbe629ec3c11?s=96&d=mm&r=g","contentUrl":"https:\/\/secure.gravatar.com\/avatar\/9d17bfe24074ed7576e70cbeb8e010cdd7d01fae9f2047bd96cccbe629ec3c11?s=96&d=mm&r=g","caption":"Filantrop\u00eda Cort\u00e9s Solari"},"url":"https:\/\/www.filantropiacortessolari.cl\/en\/author\/filantropia-cortes-solari\/"}]}},"_links":{"self":[{"href":"https:\/\/www.filantropiacortessolari.cl\/en\/wp-json\/wp\/v2\/posts\/11933","targetHints":{"allow":["GET"]}}],"collection":[{"href":"https:\/\/www.filantropiacortessolari.cl\/en\/wp-json\/wp\/v2\/posts"}],"about":[{"href":"https:\/\/www.filantropiacortessolari.cl\/en\/wp-json\/wp\/v2\/types\/post"}],"author":[{"embeddable":true,"href":"https:\/\/www.filantropiacortessolari.cl\/en\/wp-json\/wp\/v2\/users\/1"}],"replies":[{"embeddable":true,"href":"https:\/\/www.filantropiacortessolari.cl\/en\/wp-json\/wp\/v2\/comments?post=11933"}],"version-history":[{"count":1,"href":"https:\/\/www.filantropiacortessolari.cl\/en\/wp-json\/wp\/v2\/posts\/11933\/revisions"}],"predecessor-version":[{"id":11935,"href":"https:\/\/www.filantropiacortessolari.cl\/en\/wp-json\/wp\/v2\/posts\/11933\/revisions\/11935"}],"wp:featuredmedia":[{"embeddable":true,"href":"https:\/\/www.filantropiacortessolari.cl\/en\/wp-json\/wp\/v2\/media\/11934"}],"wp:attachment":[{"href":"https:\/\/www.filantropiacortessolari.cl\/en\/wp-json\/wp\/v2\/media?parent=11933"}],"wp:term":[{"taxonomy":"category","embeddable":true,"href":"https:\/\/www.filantropiacortessolari.cl\/en\/wp-json\/wp\/v2\/categories?post=11933"},{"taxonomy":"post_tag","embeddable":true,"href":"https:\/\/www.filantropiacortessolari.cl\/en\/wp-json\/wp\/v2\/tags?post=11933"}],"curies":[{"name":"wp","href":"https:\/\/api.w.org\/{rel}","templated":true}]}}