{"id":11936,"date":"2024-12-14T10:20:30","date_gmt":"2024-12-14T13:20:30","guid":{"rendered":"https:\/\/www.filantropiacortessolari.cl\/?p=11936"},"modified":"2024-12-14T10:20:54","modified_gmt":"2024-12-14T13:20:54","slug":"la-tercera-la-primera-linea-de-rehabilitacion-de-la-fauna-silvestre","status":"publish","type":"post","link":"https:\/\/www.filantropiacortessolari.cl\/en\/la-tercera-la-primera-linea-de-rehabilitacion-de-la-fauna-silvestre\/","title":{"rendered":"[La Tercera] La primera l\u00ednea de rehabilitaci\u00f3n de la fauna silvestre"},"content":{"rendered":"<style type=\"text\/css\"><\/style><p>Un pud\u00fa asediado, un \u00e1guila que perdi\u00f3 el vuelo por impactos de perdigones, un chuncho que cay\u00f3 de su nido o un ping\u00fcino que qued\u00f3 varado en el mar. Esos hechos son solo parte de las numerosas situaciones que enfrenta la fauna silvestre en Chile, que en la \u00faltima d\u00e9cada ha multiplicado sus amenazas por el cambio clim\u00e1tico, pero tambi\u00e9n provocadas por el hombre.<\/p>\n<p>En medio de ese complejo escenario los Centros de Rehabilitaci\u00f3n de Fauna Silvestre (Cerefas) se han posicionado como la &#8220;primera l\u00ednea&#8221; de atenci\u00f3n para estas especies, al ser lugares claves para brindarles auxilio y una segunda oportunidad para su recuperaci\u00f3n f\u00edsica, psicol\u00f3gica y conductual.<\/p>\n<p>Seg\u00fan datos del Servicio Agr\u00edcola y Ganadero (SAG), solo en el segundo semestre de 2023 ingresaron 1.243 ejemplares de fauna silvestre a alg\u00fan Cerefas.<\/p>\n<p>A nivel nacional son 26 puntos que funcionan dentro de 14 regiones, siendo la RM (7) y Valpara\u00edso (4) las que cuentan con m\u00e1s. En general se trata de centros veterinarios, fundaciones e incluso personas naturales o jur\u00eddicas, reconocidas todas por el SAG, las que dedican su d\u00eda a d\u00eda a esta labor.<\/p>\n<p>Pero para desarrollarla primero deben estar inscritos en el Registro Nacional de Tenedores de Fauna Silvestre (RNTFS), a cargo del SAG, y acreditar que cuentan con un equipo de profesionales asesores con conocimiento del \u00e1rea que garantice el cumplimiento de los objetivos establecidos por la ley.<\/p>\n<p>Uno de esos es el Cerefas de la U. San Sebasti\u00e1n, en Concepci\u00f3n, el que adem\u00e1s cuenta con una sede en Puerto Montt. &#8220;Mensualmente recibimos diversidad de aves rapaces, tanto diurnas como nocturnas, que llegan fracturadas porque se han ca\u00eddo del nido o perdido, como quiques, chuncos; o mam\u00edferos como pud\u00fas. Y tambi\u00e9n por el lado de la pesca, principalmente de la zona magall\u00e1nica, recibimos ping\u00fcinos y tortugas marinas&#8221;, comenta a La Tercera Fabi\u00e1n Hern\u00e1ndez, m\u00e9dico veterinario encargado del Cerefas del Biob\u00edo.<\/p>\n<p>Los dos centros de la USS funcionan con el trabajo junto al SAG y el Servicio Nacional de Pesca y Acuicultura (Sernapesca), que reciben animales que han sufrido lesiones, enfermedades o han quedado hu\u00e9rfanos. El objetivo: evaluar, rehabilitar y planificar su potencial liberaci\u00f3n.<\/p>\n<p>Al a\u00f1o se reciben entre 280 y 300 ejemplares solo en esa sede, donde la rehabilitaci\u00f3n puede variar dependiendo de la especie y las condiciones en que llegue el ejemplar. &#8220;Desde el punto de vista de las aves, la rehabilitaci\u00f3n puede ser de 21 a 30 d\u00edas dependiendo de la lesi\u00f3n y de la condici\u00f3n de ingreso. En el caso de los mam\u00edferos puede ser de dos semanas, y evidentemente si son heridas muy profundas, como pasa con los pud\u00fas, puede extenderse un poco m\u00e1s&#8221;, asevera Hern\u00e1ndez.<\/p>\n<p>La m\u00e1s reciente de sus rehabilitaciones fue la de tres ping\u00fcinos magall\u00e1nicos que el 21 de noviembre fueron liberados en la isla Quiriquina de Talcahuano. Uno de ellos hab\u00eda sido rescatado por profesionales de Sernapesca en septiembre y los otros dos en octubre, gracias a denuncias de la comunidad, para luego ser derivados al Cerefas de la universidad donde se recuperaron.<\/p>\n<p>&#8220;Fueron sometidos a ex\u00e1menes y radiograf\u00edas, posteriormente a tratamientos para recuperarlos de sus heridas. Lograron formar un v\u00ednculo entre ellos y resguardamos que la interacci\u00f3n con humanos fuese m\u00ednima&#8221;, dice Hern\u00e1ndez.<\/p>\n<p>Un trabajo similar que busca realizar durante los pr\u00f3ximos d\u00edas el Cerefas Refugio Animal Cascada, en el Caj\u00f3n del Maipo.<\/p>\n<p>Seg\u00fan cuenta su directora, Kendra Ivelic, quien adem\u00e1s es presidenta de la Fundaci\u00f3n Acci\u00f3n Fauna, &#8220;llevaremos una bandada de aproximadamente 40 loros a La Araucan\u00eda, que llevamos rehabilitando m\u00e1s de tres a\u00f1os&#8221;.<\/p>\n<p>El refugio lleva trabajando en estas labores desde 2003, donde a la fecha se han atendido m\u00e1s de 1.300 animales. Los principales resultan ser aves rapaces y un 60%, adem\u00e1s, logran ser liberados al terminar su proceso con \u00e9xito.<\/p>\n<p>Evidencia de ello es lo ocurrido hace una semana con tres c\u00f3ndores juveniles, los que fueron liberados en la Reserva Likandes, en la RM, luego de pasar entre uno y dos a\u00f1os en cuidado y rehabilitaci\u00f3n.<\/p>\n<p>La iniciativa fue parte de un proyecto de rehabilitaci\u00f3n y reinserci\u00f3n a la naturaleza en el marco del proyecto Manku, organizado por la Filantrop\u00eda Cort\u00e9s Solari (FCS), Rewilding Chile y AvesChile, con la colaboraci\u00f3n del Zool\u00f3gico Nacional y el SAG.<\/p>\n<p>&#8220;Los centros de rehabilitaci\u00f3n somos los que primero estamos cuando hay animales impactados. Tenemos una labor en conservaci\u00f3n de fauna muy importante, pues trabajamos para preservar las especies, sumado a una importante labor en educaci\u00f3n para las personas sobre c\u00f3mo hay que actuar para evitar que los animales sean impactados&#8221;, recalca Ivelic.<\/p>\n<p>En Chile hay 26 centros, apoyados por el SAG y Sernapesca, que se dedican a rescatar animales afectados por accidentes, el cambio clim\u00e1tico y la acci\u00f3n humana, promoviendo su liberaci\u00f3n y conservaci\u00f3n.<\/p>\n<p>Por Gabriela Mondaca Vargas<\/p>\n<p>Fuente: La Tercera<\/p>\n","protected":false},"excerpt":{"rendered":"<p>Un pud\u00fa asediado, un \u00e1guila que perdi\u00f3 el vuelo por impactos de perdigones, un chuncho que cay\u00f3 de su nido o un ping\u00fcino que qued\u00f3 varado en el mar. Esos hechos son solo parte de las numerosas situaciones que enfrenta la fauna silvestre en Chile, que en la \u00faltima d\u00e9cada ha multiplicado sus amenazas por&#8230;<\/p>\n","protected":false},"author":1,"featured_media":10453,"comment_status":"closed","ping_status":"closed","sticky":false,"template":"","format":"standard","meta":{"footnotes":""},"categories":[31],"tags":[],"class_list":["post-11936","post","type-post","status-publish","format-standard","has-post-thumbnail","hentry","category-noticias"],"translation":{"provider":"WPGlobus","version":"3.0.2","language":"en","enabled_languages":["es","en"],"languages":{"es":{"title":true,"content":true,"excerpt":false},"en":{"title":false,"content":false,"excerpt":false}}},"yoast_head":"<!-- This site is optimized with the Yoast SEO plugin v27.4 - https:\/\/yoast.com\/product\/yoast-seo-wordpress\/ -->\n<title>[La Tercera] La primera l\u00ednea de rehabilitaci\u00f3n de la fauna silvestre<\/title>\n<meta name=\"robots\" content=\"index, follow, max-snippet:-1, max-image-preview:large, max-video-preview:-1\" \/>\n<link rel=\"canonical\" href=\"https:\/\/www.filantropiacortessolari.cl\/la-tercera-la-primera-linea-de-rehabilitacion-de-la-fauna-silvestre\/\" \/>\n<meta property=\"og:locale\" content=\"en_US\" \/>\n<meta property=\"og:type\" content=\"article\" \/>\n<meta property=\"og:title\" content=\"[La Tercera] La primera l\u00ednea de rehabilitaci\u00f3n de la fauna silvestre\" \/>\n<meta property=\"og:url\" content=\"https:\/\/www.filantropiacortessolari.cl\/la-tercera-la-primera-linea-de-rehabilitacion-de-la-fauna-silvestre\/\" \/>\n<meta property=\"og:site_name\" content=\"Filantrop\u00eda Cort\u00e9s Solari\" \/>\n<meta property=\"article:published_time\" content=\"2024-12-14T13:20:30+00:00\" \/>\n<meta property=\"article:modified_time\" content=\"2024-12-14T13:20:54+00:00\" \/>\n<meta property=\"og:image\" content=\"https:\/\/www.filantropiacortessolari.cl\/wp-content\/uploads\/2022\/04\/condor.jpg\" \/>\n\t<meta property=\"og:image:width\" content=\"1280\" \/>\n\t<meta property=\"og:image:height\" content=\"853\" \/>\n\t<meta property=\"og:image:type\" content=\"image\/jpeg\" \/>\n<meta name=\"author\" content=\"Filantrop\u00eda Cort\u00e9s Solari\" \/>\n<meta name=\"twitter:card\" content=\"summary_large_image\" \/>\n<meta name=\"twitter:label1\" content=\"Written by\" \/>\n\t<meta name=\"twitter:data1\" content=\"Filantrop\u00eda Cort\u00e9s Solari\" \/>\n\t<meta name=\"twitter:label2\" content=\"Est. reading time\" \/>\n\t<meta name=\"twitter:data2\" content=\"4 minutes\" \/>\n<script type=\"application\/ld+json\" class=\"yoast-schema-graph\">{\"@context\":\"https:\\\/\\\/schema.org\",\"@graph\":[{\"@type\":\"Article\",\"@id\":\"https:\\\/\\\/www.filantropiacortessolari.cl\\\/la-tercera-la-primera-linea-de-rehabilitacion-de-la-fauna-silvestre\\\/#article\",\"isPartOf\":{\"@id\":\"https:\\\/\\\/www.filantropiacortessolari.cl\\\/la-tercera-la-primera-linea-de-rehabilitacion-de-la-fauna-silvestre\\\/\"},\"author\":{\"name\":\"Filantrop\u00eda Cort\u00e9s Solari\",\"@id\":\"https:\\\/\\\/www.filantropiacortessolari.cl\\\/#\\\/schema\\\/person\\\/e099cf1046922f4f5892172332dc86c0\"},\"headline\":\"[La Tercera] La primera l\u00ednea de rehabilitaci\u00f3n de la fauna silvestre\",\"datePublished\":\"2024-12-14T13:20:30+00:00\",\"dateModified\":\"2024-12-14T13:20:54+00:00\",\"mainEntityOfPage\":{\"@id\":\"https:\\\/\\\/www.filantropiacortessolari.cl\\\/la-tercera-la-primera-linea-de-rehabilitacion-de-la-fauna-silvestre\\\/\"},\"wordCount\":872,\"image\":{\"@id\":\"https:\\\/\\\/www.filantropiacortessolari.cl\\\/la-tercera-la-primera-linea-de-rehabilitacion-de-la-fauna-silvestre\\\/#primaryimage\"},\"thumbnailUrl\":\"https:\\\/\\\/www.filantropiacortessolari.cl\\\/wp-content\\\/uploads\\\/2022\\\/04\\\/condor.jpg\",\"articleSection\":[\"Noticias\"],\"inLanguage\":\"en-US\"},{\"@type\":\"WebPage\",\"@id\":\"https:\\\/\\\/www.filantropiacortessolari.cl\\\/la-tercera-la-primera-linea-de-rehabilitacion-de-la-fauna-silvestre\\\/\",\"url\":\"https:\\\/\\\/www.filantropiacortessolari.cl\\\/la-tercera-la-primera-linea-de-rehabilitacion-de-la-fauna-silvestre\\\/\",\"name\":\"[La Tercera] La primera l\u00ednea de rehabilitaci\u00f3n de la fauna silvestre\",\"isPartOf\":{\"@id\":\"https:\\\/\\\/www.filantropiacortessolari.cl\\\/#website\"},\"primaryImageOfPage\":{\"@id\":\"https:\\\/\\\/www.filantropiacortessolari.cl\\\/la-tercera-la-primera-linea-de-rehabilitacion-de-la-fauna-silvestre\\\/#primaryimage\"},\"image\":{\"@id\":\"https:\\\/\\\/www.filantropiacortessolari.cl\\\/la-tercera-la-primera-linea-de-rehabilitacion-de-la-fauna-silvestre\\\/#primaryimage\"},\"thumbnailUrl\":\"https:\\\/\\\/www.filantropiacortessolari.cl\\\/wp-content\\\/uploads\\\/2022\\\/04\\\/condor.jpg\",\"datePublished\":\"2024-12-14T13:20:30+00:00\",\"dateModified\":\"2024-12-14T13:20:54+00:00\",\"author\":{\"@id\":\"https:\\\/\\\/www.filantropiacortessolari.cl\\\/#\\\/schema\\\/person\\\/e099cf1046922f4f5892172332dc86c0\"},\"breadcrumb\":{\"@id\":\"https:\\\/\\\/www.filantropiacortessolari.cl\\\/la-tercera-la-primera-linea-de-rehabilitacion-de-la-fauna-silvestre\\\/#breadcrumb\"},\"inLanguage\":\"en-US\",\"potentialAction\":[{\"@type\":\"ReadAction\",\"target\":[\"https:\\\/\\\/www.filantropiacortessolari.cl\\\/la-tercera-la-primera-linea-de-rehabilitacion-de-la-fauna-silvestre\\\/\"]}]},{\"@type\":\"ImageObject\",\"inLanguage\":\"en-US\",\"@id\":\"https:\\\/\\\/www.filantropiacortessolari.cl\\\/la-tercera-la-primera-linea-de-rehabilitacion-de-la-fauna-silvestre\\\/#primaryimage\",\"url\":\"https:\\\/\\\/www.filantropiacortessolari.cl\\\/wp-content\\\/uploads\\\/2022\\\/04\\\/condor.jpg\",\"contentUrl\":\"https:\\\/\\\/www.filantropiacortessolari.cl\\\/wp-content\\\/uploads\\\/2022\\\/04\\\/condor.jpg\",\"width\":1280,\"height\":853},{\"@type\":\"BreadcrumbList\",\"@id\":\"https:\\\/\\\/www.filantropiacortessolari.cl\\\/la-tercera-la-primera-linea-de-rehabilitacion-de-la-fauna-silvestre\\\/#breadcrumb\",\"itemListElement\":[{\"@type\":\"ListItem\",\"position\":1,\"name\":\"Portada\",\"item\":\"https:\\\/\\\/www.filantropiacortessolari.cl\\\/\"},{\"@type\":\"ListItem\",\"position\":2,\"name\":\"[La Tercera] La primera l\u00ednea de rehabilitaci\u00f3n de la fauna silvestre\"}]},{\"@type\":\"WebSite\",\"@id\":\"https:\\\/\\\/www.filantropiacortessolari.cl\\\/#website\",\"url\":\"https:\\\/\\\/www.filantropiacortessolari.cl\\\/\",\"name\":\"Filantrop\u00eda Cort\u00e9s Solari\",\"description\":\"Sitio web Filantrop\u00eda Cort\u00e9s Solari\",\"potentialAction\":[{\"@type\":\"SearchAction\",\"target\":{\"@type\":\"EntryPoint\",\"urlTemplate\":\"https:\\\/\\\/www.filantropiacortessolari.cl\\\/?s={search_term_string}\"},\"query-input\":{\"@type\":\"PropertyValueSpecification\",\"valueRequired\":true,\"valueName\":\"search_term_string\"}}],\"inLanguage\":\"en-US\"},{\"@type\":\"Person\",\"@id\":\"https:\\\/\\\/www.filantropiacortessolari.cl\\\/#\\\/schema\\\/person\\\/e099cf1046922f4f5892172332dc86c0\",\"name\":\"Filantrop\u00eda Cort\u00e9s Solari\",\"image\":{\"@type\":\"ImageObject\",\"inLanguage\":\"en-US\",\"@id\":\"https:\\\/\\\/secure.gravatar.com\\\/avatar\\\/9d17bfe24074ed7576e70cbeb8e010cdd7d01fae9f2047bd96cccbe629ec3c11?s=96&d=mm&r=g\",\"url\":\"https:\\\/\\\/secure.gravatar.com\\\/avatar\\\/9d17bfe24074ed7576e70cbeb8e010cdd7d01fae9f2047bd96cccbe629ec3c11?s=96&d=mm&r=g\",\"contentUrl\":\"https:\\\/\\\/secure.gravatar.com\\\/avatar\\\/9d17bfe24074ed7576e70cbeb8e010cdd7d01fae9f2047bd96cccbe629ec3c11?s=96&d=mm&r=g\",\"caption\":\"Filantrop\u00eda Cort\u00e9s Solari\"},\"url\":\"https:\\\/\\\/www.filantropiacortessolari.cl\\\/en\\\/author\\\/filantropia-cortes-solari\\\/\"}]}<\/script>\n<!-- \/ Yoast SEO plugin. -->","yoast_head_json":{"title":"[La Tercera] La primera l\u00ednea de rehabilitaci\u00f3n de la fauna silvestre","robots":{"index":"index","follow":"follow","max-snippet":"max-snippet:-1","max-image-preview":"max-image-preview:large","max-video-preview":"max-video-preview:-1"},"canonical":"https:\/\/www.filantropiacortessolari.cl\/la-tercera-la-primera-linea-de-rehabilitacion-de-la-fauna-silvestre\/","og_locale":"en_US","og_type":"article","og_title":"[La Tercera] La primera l\u00ednea de rehabilitaci\u00f3n de la fauna silvestre","og_url":"https:\/\/www.filantropiacortessolari.cl\/la-tercera-la-primera-linea-de-rehabilitacion-de-la-fauna-silvestre\/","og_site_name":"Filantrop\u00eda Cort\u00e9s Solari","article_published_time":"2024-12-14T13:20:30+00:00","article_modified_time":"2024-12-14T13:20:54+00:00","og_image":[{"width":1280,"height":853,"url":"https:\/\/www.filantropiacortessolari.cl\/wp-content\/uploads\/2022\/04\/condor.jpg","type":"image\/jpeg"}],"author":"Filantrop\u00eda Cort\u00e9s Solari","twitter_card":"summary_large_image","twitter_misc":{"Written by":"Filantrop\u00eda Cort\u00e9s Solari","Est. reading time":"4 minutes"},"schema":{"@context":"https:\/\/schema.org","@graph":[{"@type":"Article","@id":"https:\/\/www.filantropiacortessolari.cl\/la-tercera-la-primera-linea-de-rehabilitacion-de-la-fauna-silvestre\/#article","isPartOf":{"@id":"https:\/\/www.filantropiacortessolari.cl\/la-tercera-la-primera-linea-de-rehabilitacion-de-la-fauna-silvestre\/"},"author":{"name":"Filantrop\u00eda Cort\u00e9s Solari","@id":"https:\/\/www.filantropiacortessolari.cl\/#\/schema\/person\/e099cf1046922f4f5892172332dc86c0"},"headline":"[La Tercera] La primera l\u00ednea de rehabilitaci\u00f3n de la fauna silvestre","datePublished":"2024-12-14T13:20:30+00:00","dateModified":"2024-12-14T13:20:54+00:00","mainEntityOfPage":{"@id":"https:\/\/www.filantropiacortessolari.cl\/la-tercera-la-primera-linea-de-rehabilitacion-de-la-fauna-silvestre\/"},"wordCount":872,"image":{"@id":"https:\/\/www.filantropiacortessolari.cl\/la-tercera-la-primera-linea-de-rehabilitacion-de-la-fauna-silvestre\/#primaryimage"},"thumbnailUrl":"https:\/\/www.filantropiacortessolari.cl\/wp-content\/uploads\/2022\/04\/condor.jpg","articleSection":["Noticias"],"inLanguage":"en-US"},{"@type":"WebPage","@id":"https:\/\/www.filantropiacortessolari.cl\/la-tercera-la-primera-linea-de-rehabilitacion-de-la-fauna-silvestre\/","url":"https:\/\/www.filantropiacortessolari.cl\/la-tercera-la-primera-linea-de-rehabilitacion-de-la-fauna-silvestre\/","name":"[La Tercera] La primera l\u00ednea de rehabilitaci\u00f3n de la fauna silvestre","isPartOf":{"@id":"https:\/\/www.filantropiacortessolari.cl\/#website"},"primaryImageOfPage":{"@id":"https:\/\/www.filantropiacortessolari.cl\/la-tercera-la-primera-linea-de-rehabilitacion-de-la-fauna-silvestre\/#primaryimage"},"image":{"@id":"https:\/\/www.filantropiacortessolari.cl\/la-tercera-la-primera-linea-de-rehabilitacion-de-la-fauna-silvestre\/#primaryimage"},"thumbnailUrl":"https:\/\/www.filantropiacortessolari.cl\/wp-content\/uploads\/2022\/04\/condor.jpg","datePublished":"2024-12-14T13:20:30+00:00","dateModified":"2024-12-14T13:20:54+00:00","author":{"@id":"https:\/\/www.filantropiacortessolari.cl\/#\/schema\/person\/e099cf1046922f4f5892172332dc86c0"},"breadcrumb":{"@id":"https:\/\/www.filantropiacortessolari.cl\/la-tercera-la-primera-linea-de-rehabilitacion-de-la-fauna-silvestre\/#breadcrumb"},"inLanguage":"en-US","potentialAction":[{"@type":"ReadAction","target":["https:\/\/www.filantropiacortessolari.cl\/la-tercera-la-primera-linea-de-rehabilitacion-de-la-fauna-silvestre\/"]}]},{"@type":"ImageObject","inLanguage":"en-US","@id":"https:\/\/www.filantropiacortessolari.cl\/la-tercera-la-primera-linea-de-rehabilitacion-de-la-fauna-silvestre\/#primaryimage","url":"https:\/\/www.filantropiacortessolari.cl\/wp-content\/uploads\/2022\/04\/condor.jpg","contentUrl":"https:\/\/www.filantropiacortessolari.cl\/wp-content\/uploads\/2022\/04\/condor.jpg","width":1280,"height":853},{"@type":"BreadcrumbList","@id":"https:\/\/www.filantropiacortessolari.cl\/la-tercera-la-primera-linea-de-rehabilitacion-de-la-fauna-silvestre\/#breadcrumb","itemListElement":[{"@type":"ListItem","position":1,"name":"Portada","item":"https:\/\/www.filantropiacortessolari.cl\/"},{"@type":"ListItem","position":2,"name":"[La Tercera] La primera l\u00ednea de rehabilitaci\u00f3n de la fauna silvestre"}]},{"@type":"WebSite","@id":"https:\/\/www.filantropiacortessolari.cl\/#website","url":"https:\/\/www.filantropiacortessolari.cl\/","name":"Filantrop\u00eda Cort\u00e9s Solari","description":"Sitio web Filantrop\u00eda Cort\u00e9s Solari","potentialAction":[{"@type":"SearchAction","target":{"@type":"EntryPoint","urlTemplate":"https:\/\/www.filantropiacortessolari.cl\/?s={search_term_string}"},"query-input":{"@type":"PropertyValueSpecification","valueRequired":true,"valueName":"search_term_string"}}],"inLanguage":"en-US"},{"@type":"Person","@id":"https:\/\/www.filantropiacortessolari.cl\/#\/schema\/person\/e099cf1046922f4f5892172332dc86c0","name":"Filantrop\u00eda Cort\u00e9s Solari","image":{"@type":"ImageObject","inLanguage":"en-US","@id":"https:\/\/secure.gravatar.com\/avatar\/9d17bfe24074ed7576e70cbeb8e010cdd7d01fae9f2047bd96cccbe629ec3c11?s=96&d=mm&r=g","url":"https:\/\/secure.gravatar.com\/avatar\/9d17bfe24074ed7576e70cbeb8e010cdd7d01fae9f2047bd96cccbe629ec3c11?s=96&d=mm&r=g","contentUrl":"https:\/\/secure.gravatar.com\/avatar\/9d17bfe24074ed7576e70cbeb8e010cdd7d01fae9f2047bd96cccbe629ec3c11?s=96&d=mm&r=g","caption":"Filantrop\u00eda Cort\u00e9s Solari"},"url":"https:\/\/www.filantropiacortessolari.cl\/en\/author\/filantropia-cortes-solari\/"}]}},"_links":{"self":[{"href":"https:\/\/www.filantropiacortessolari.cl\/en\/wp-json\/wp\/v2\/posts\/11936","targetHints":{"allow":["GET"]}}],"collection":[{"href":"https:\/\/www.filantropiacortessolari.cl\/en\/wp-json\/wp\/v2\/posts"}],"about":[{"href":"https:\/\/www.filantropiacortessolari.cl\/en\/wp-json\/wp\/v2\/types\/post"}],"author":[{"embeddable":true,"href":"https:\/\/www.filantropiacortessolari.cl\/en\/wp-json\/wp\/v2\/users\/1"}],"replies":[{"embeddable":true,"href":"https:\/\/www.filantropiacortessolari.cl\/en\/wp-json\/wp\/v2\/comments?post=11936"}],"version-history":[{"count":1,"href":"https:\/\/www.filantropiacortessolari.cl\/en\/wp-json\/wp\/v2\/posts\/11936\/revisions"}],"predecessor-version":[{"id":11937,"href":"https:\/\/www.filantropiacortessolari.cl\/en\/wp-json\/wp\/v2\/posts\/11936\/revisions\/11937"}],"wp:featuredmedia":[{"embeddable":true,"href":"https:\/\/www.filantropiacortessolari.cl\/en\/wp-json\/wp\/v2\/media\/10453"}],"wp:attachment":[{"href":"https:\/\/www.filantropiacortessolari.cl\/en\/wp-json\/wp\/v2\/media?parent=11936"}],"wp:term":[{"taxonomy":"category","embeddable":true,"href":"https:\/\/www.filantropiacortessolari.cl\/en\/wp-json\/wp\/v2\/categories?post=11936"},{"taxonomy":"post_tag","embeddable":true,"href":"https:\/\/www.filantropiacortessolari.cl\/en\/wp-json\/wp\/v2\/tags?post=11936"}],"curies":[{"name":"wp","href":"https:\/\/api.w.org\/{rel}","templated":true}]}}