{"id":11944,"date":"2025-01-04T11:22:58","date_gmt":"2025-01-04T14:22:58","guid":{"rendered":"https:\/\/www.filantropiacortessolari.cl\/?p=11944"},"modified":"2025-01-04T11:34:23","modified_gmt":"2025-01-04T14:34:23","slug":"el-mercurio-voces-de-la-patagonia-un-registro-invaluable","status":"publish","type":"post","link":"https:\/\/www.filantropiacortessolari.cl\/en\/el-mercurio-voces-de-la-patagonia-un-registro-invaluable\/","title":{"rendered":"[El Mercurio] Voces de la patagonia: Un registro invaluable"},"content":{"rendered":"<style type=\"text\/css\"><\/style><p><img loading=\"lazy\" decoding=\"async\" class=\"alignleft wp-image-11949\" src=\"https:\/\/www.filantropiacortessolari.cl\/wp-content\/uploads\/2025\/01\/Foto04.webp\" alt=\"\" width=\"300\" height=\"461\" srcset=\"https:\/\/www.filantropiacortessolari.cl\/wp-content\/uploads\/2025\/01\/Foto04.webp 1350w, https:\/\/www.filantropiacortessolari.cl\/wp-content\/uploads\/2025\/01\/Foto04-195x300.webp 195w, https:\/\/www.filantropiacortessolari.cl\/wp-content\/uploads\/2025\/01\/Foto04-667x1024.webp 667w, https:\/\/www.filantropiacortessolari.cl\/wp-content\/uploads\/2025\/01\/Foto04-768x1180.webp 768w, https:\/\/www.filantropiacortessolari.cl\/wp-content\/uploads\/2025\/01\/Foto04-1000x1536.webp 1000w, https:\/\/www.filantropiacortessolari.cl\/wp-content\/uploads\/2025\/01\/Foto04-1333x2048.webp 1333w, https:\/\/www.filantropiacortessolari.cl\/wp-content\/uploads\/2025\/01\/Foto04-580x891.webp 580w, https:\/\/www.filantropiacortessolari.cl\/wp-content\/uploads\/2025\/01\/Foto04-820x1260.webp 820w, https:\/\/www.filantropiacortessolari.cl\/wp-content\/uploads\/2025\/01\/Foto04-1160x1782.webp 1160w\" sizes=\"auto, (max-width: 300px) 100vw, 300px\" \/>Ritualidad, paisaje y arquitectura de los pueblos de Tierra del Fuego son los temas que aborda esta selecci\u00f3n de 43 fotograf\u00edas tomadas por el antrop\u00f3logo y sacerdote Mart\u00edn Gusinde entre 1918 y 1924, y exhibidas en la muestra \u2060\u202fVoces de la Patagonia: Memoria ancestral\u202f\u2060, en Santa Rosa de Apoquindo. Parte de una serie de 147 im\u00e1genes restauradas por la Editorial Xavier Barral y el Antrophos Institu\u00ed de Alemania, que adquiri\u00f3 la organizaci\u00f3n Filantrop\u00eda Cort\u00e9s Solari en 2019, como un legado para el pa\u00eds.<\/p>\n<p>Son m\u00e1s de dos mil im\u00e1genes las que tom\u00f3 el antrop\u00f3logo y sacerdote de la Congregaci\u00f3n del Verbo Divino Mart\u00edn Gusinde, durante las expediciones que realiz\u00f3 en Tierra del Fuego, entre 1918 y 1924; un registro in\u00e9dito de los pueblos selk&#8217;nam, y\u00e1manas y kaw\u00e9sqar que dej\u00f3 como legado para las futuras generaciones. En estas fotograf\u00edas captur\u00f3 escenas de la vida cotidiana, as\u00ed como tambi\u00e9n ritos y ceremonias de las que \u00e9l mismo fue parte, sabiendo que no era solo un estudio etnogr\u00e1fico, sino posiblemente los \u00faltimos momentos de tres culturas que estaban por desaparecer.<\/p>\n<p>Una peque\u00f1a muestra del magn\u00edfico trabajo gr\u00e1fico de Gusinde se exhibe en &#8220;Voces de la Patagonia: Memoria Ancestral&#8221;, una exposici\u00f3n de 43 fotograf\u00edas seleccionadas de una serie de 147. y que corresponde a la colecci\u00f3n 2\/12 editada y restaurada por la Editorial Xavier Barral y el Antrophos Institut de Alemania. Este resultado, que se puede visitar hasta el 31 de enero en la Casa Museo Santa Rosa de Apoquindo, fue gracias al trabajo conjunto de la Corporaci\u00f3n Cultural Las Condes y la organizaci\u00f3n Filantrop\u00eda Cort\u00e9s Solari, que a trav\u00e9s de su presidenta, Francisca Cort\u00e9s Solari, en 2019 adquiri\u00f3 las im\u00e1genes para que quedaran en el pa\u00eds como un patrimonio.<\/p>\n<p><a href=\"https:\/\/fcs.tv\/voces-de-la-patagonia-memoria-ancestral\/\" target=\"_blank\" rel=\"noopener\">Revisa el registro completo en fcs.tv<\/a><\/p>\n<p>Fuente: El Mercurio<\/p>\n","protected":false},"excerpt":{"rendered":"<p>Ritualidad, paisaje y arquitectura de los pueblos de Tierra del Fuego son los temas que aborda esta selecci\u00f3n de 43 fotograf\u00edas tomadas por el antrop\u00f3logo y sacerdote Mart\u00edn Gusinde entre 1918 y 1924, y exhibidas en la muestra \u2060\u202fVoces de la Patagonia: Memoria ancestral\u202f\u2060, en Santa Rosa de Apoquindo. Parte de una serie de 147&#8230;<\/p>\n","protected":false},"author":1,"featured_media":11945,"comment_status":"closed","ping_status":"closed","sticky":false,"template":"","format":"standard","meta":{"footnotes":""},"categories":[31,5,6],"tags":[],"class_list":["post-11944","post","type-post","status-publish","format-standard","has-post-thumbnail","hentry","category-noticias","category-prensa-escrita","category-fundacion-meri"],"translation":{"provider":"WPGlobus","version":"3.0.2","language":"en","enabled_languages":["es","en"],"languages":{"es":{"title":true,"content":true,"excerpt":false},"en":{"title":false,"content":false,"excerpt":false}}},"yoast_head":"<!-- This site is optimized with the Yoast SEO plugin v27.4 - https:\/\/yoast.com\/product\/yoast-seo-wordpress\/ -->\n<title>[El Mercurio] Voces de la patagonia: Un registro invaluable<\/title>\n<meta name=\"robots\" content=\"index, follow, max-snippet:-1, max-image-preview:large, max-video-preview:-1\" \/>\n<link rel=\"canonical\" href=\"https:\/\/www.filantropiacortessolari.cl\/el-mercurio-voces-de-la-patagonia-un-registro-invaluable\/\" \/>\n<meta property=\"og:locale\" content=\"en_US\" \/>\n<meta property=\"og:type\" content=\"article\" \/>\n<meta property=\"og:title\" content=\"[El Mercurio] Voces de la patagonia: Un registro invaluable\" \/>\n<meta property=\"og:url\" content=\"https:\/\/www.filantropiacortessolari.cl\/el-mercurio-voces-de-la-patagonia-un-registro-invaluable\/\" \/>\n<meta property=\"og:site_name\" content=\"Filantrop\u00eda Cort\u00e9s Solari\" \/>\n<meta property=\"article:published_time\" content=\"2025-01-04T14:22:58+00:00\" \/>\n<meta property=\"article:modified_time\" content=\"2025-01-04T14:34:23+00:00\" \/>\n<meta property=\"og:image\" content=\"https:\/\/www.filantropiacortessolari.cl\/wp-content\/uploads\/2025\/01\/Foto27-scaled-1.webp\" \/>\n\t<meta property=\"og:image:width\" content=\"1600\" \/>\n\t<meta property=\"og:image:height\" content=\"1043\" \/>\n\t<meta property=\"og:image:type\" content=\"image\/webp\" \/>\n<meta name=\"author\" content=\"Filantrop\u00eda Cort\u00e9s Solari\" \/>\n<meta name=\"twitter:card\" content=\"summary_large_image\" \/>\n<meta name=\"twitter:label1\" content=\"Written by\" \/>\n\t<meta name=\"twitter:data1\" content=\"Filantrop\u00eda Cort\u00e9s Solari\" \/>\n\t<meta name=\"twitter:label2\" content=\"Est. reading time\" \/>\n\t<meta name=\"twitter:data2\" content=\"2 minutes\" \/>\n<script type=\"application\/ld+json\" class=\"yoast-schema-graph\">{\"@context\":\"https:\\\/\\\/schema.org\",\"@graph\":[{\"@type\":\"Article\",\"@id\":\"https:\\\/\\\/www.filantropiacortessolari.cl\\\/el-mercurio-voces-de-la-patagonia-un-registro-invaluable\\\/#article\",\"isPartOf\":{\"@id\":\"https:\\\/\\\/www.filantropiacortessolari.cl\\\/el-mercurio-voces-de-la-patagonia-un-registro-invaluable\\\/\"},\"author\":{\"name\":\"Filantrop\u00eda Cort\u00e9s Solari\",\"@id\":\"https:\\\/\\\/www.filantropiacortessolari.cl\\\/#\\\/schema\\\/person\\\/e099cf1046922f4f5892172332dc86c0\"},\"headline\":\"[El Mercurio] Voces de la patagonia: Un registro invaluable\",\"datePublished\":\"2025-01-04T14:22:58+00:00\",\"dateModified\":\"2025-01-04T14:34:23+00:00\",\"mainEntityOfPage\":{\"@id\":\"https:\\\/\\\/www.filantropiacortessolari.cl\\\/el-mercurio-voces-de-la-patagonia-un-registro-invaluable\\\/\"},\"wordCount\":327,\"image\":{\"@id\":\"https:\\\/\\\/www.filantropiacortessolari.cl\\\/el-mercurio-voces-de-la-patagonia-un-registro-invaluable\\\/#primaryimage\"},\"thumbnailUrl\":\"https:\\\/\\\/www.filantropiacortessolari.cl\\\/wp-content\\\/uploads\\\/2025\\\/01\\\/Foto27-scaled-1.webp\",\"articleSection\":[\"Noticias\",\"Prensa Escrita\",\"Prensa MERI\"],\"inLanguage\":\"en-US\"},{\"@type\":\"WebPage\",\"@id\":\"https:\\\/\\\/www.filantropiacortessolari.cl\\\/el-mercurio-voces-de-la-patagonia-un-registro-invaluable\\\/\",\"url\":\"https:\\\/\\\/www.filantropiacortessolari.cl\\\/el-mercurio-voces-de-la-patagonia-un-registro-invaluable\\\/\",\"name\":\"[El Mercurio] Voces de la patagonia: Un registro invaluable\",\"isPartOf\":{\"@id\":\"https:\\\/\\\/www.filantropiacortessolari.cl\\\/#website\"},\"primaryImageOfPage\":{\"@id\":\"https:\\\/\\\/www.filantropiacortessolari.cl\\\/el-mercurio-voces-de-la-patagonia-un-registro-invaluable\\\/#primaryimage\"},\"image\":{\"@id\":\"https:\\\/\\\/www.filantropiacortessolari.cl\\\/el-mercurio-voces-de-la-patagonia-un-registro-invaluable\\\/#primaryimage\"},\"thumbnailUrl\":\"https:\\\/\\\/www.filantropiacortessolari.cl\\\/wp-content\\\/uploads\\\/2025\\\/01\\\/Foto27-scaled-1.webp\",\"datePublished\":\"2025-01-04T14:22:58+00:00\",\"dateModified\":\"2025-01-04T14:34:23+00:00\",\"author\":{\"@id\":\"https:\\\/\\\/www.filantropiacortessolari.cl\\\/#\\\/schema\\\/person\\\/e099cf1046922f4f5892172332dc86c0\"},\"breadcrumb\":{\"@id\":\"https:\\\/\\\/www.filantropiacortessolari.cl\\\/el-mercurio-voces-de-la-patagonia-un-registro-invaluable\\\/#breadcrumb\"},\"inLanguage\":\"en-US\",\"potentialAction\":[{\"@type\":\"ReadAction\",\"target\":[\"https:\\\/\\\/www.filantropiacortessolari.cl\\\/el-mercurio-voces-de-la-patagonia-un-registro-invaluable\\\/\"]}]},{\"@type\":\"ImageObject\",\"inLanguage\":\"en-US\",\"@id\":\"https:\\\/\\\/www.filantropiacortessolari.cl\\\/el-mercurio-voces-de-la-patagonia-un-registro-invaluable\\\/#primaryimage\",\"url\":\"https:\\\/\\\/www.filantropiacortessolari.cl\\\/wp-content\\\/uploads\\\/2025\\\/01\\\/Foto27-scaled-1.webp\",\"contentUrl\":\"https:\\\/\\\/www.filantropiacortessolari.cl\\\/wp-content\\\/uploads\\\/2025\\\/01\\\/Foto27-scaled-1.webp\",\"width\":1600,\"height\":1043},{\"@type\":\"BreadcrumbList\",\"@id\":\"https:\\\/\\\/www.filantropiacortessolari.cl\\\/el-mercurio-voces-de-la-patagonia-un-registro-invaluable\\\/#breadcrumb\",\"itemListElement\":[{\"@type\":\"ListItem\",\"position\":1,\"name\":\"Portada\",\"item\":\"https:\\\/\\\/www.filantropiacortessolari.cl\\\/\"},{\"@type\":\"ListItem\",\"position\":2,\"name\":\"[El Mercurio] Voces de la patagonia: Un registro invaluable\"}]},{\"@type\":\"WebSite\",\"@id\":\"https:\\\/\\\/www.filantropiacortessolari.cl\\\/#website\",\"url\":\"https:\\\/\\\/www.filantropiacortessolari.cl\\\/\",\"name\":\"Filantrop\u00eda Cort\u00e9s Solari\",\"description\":\"Sitio web Filantrop\u00eda Cort\u00e9s Solari\",\"potentialAction\":[{\"@type\":\"SearchAction\",\"target\":{\"@type\":\"EntryPoint\",\"urlTemplate\":\"https:\\\/\\\/www.filantropiacortessolari.cl\\\/?s={search_term_string}\"},\"query-input\":{\"@type\":\"PropertyValueSpecification\",\"valueRequired\":true,\"valueName\":\"search_term_string\"}}],\"inLanguage\":\"en-US\"},{\"@type\":\"Person\",\"@id\":\"https:\\\/\\\/www.filantropiacortessolari.cl\\\/#\\\/schema\\\/person\\\/e099cf1046922f4f5892172332dc86c0\",\"name\":\"Filantrop\u00eda Cort\u00e9s Solari\",\"image\":{\"@type\":\"ImageObject\",\"inLanguage\":\"en-US\",\"@id\":\"https:\\\/\\\/secure.gravatar.com\\\/avatar\\\/9d17bfe24074ed7576e70cbeb8e010cdd7d01fae9f2047bd96cccbe629ec3c11?s=96&d=mm&r=g\",\"url\":\"https:\\\/\\\/secure.gravatar.com\\\/avatar\\\/9d17bfe24074ed7576e70cbeb8e010cdd7d01fae9f2047bd96cccbe629ec3c11?s=96&d=mm&r=g\",\"contentUrl\":\"https:\\\/\\\/secure.gravatar.com\\\/avatar\\\/9d17bfe24074ed7576e70cbeb8e010cdd7d01fae9f2047bd96cccbe629ec3c11?s=96&d=mm&r=g\",\"caption\":\"Filantrop\u00eda Cort\u00e9s Solari\"},\"url\":\"https:\\\/\\\/www.filantropiacortessolari.cl\\\/en\\\/author\\\/filantropia-cortes-solari\\\/\"}]}<\/script>\n<!-- \/ Yoast SEO plugin. -->","yoast_head_json":{"title":"[El Mercurio] Voces de la patagonia: Un registro invaluable","robots":{"index":"index","follow":"follow","max-snippet":"max-snippet:-1","max-image-preview":"max-image-preview:large","max-video-preview":"max-video-preview:-1"},"canonical":"https:\/\/www.filantropiacortessolari.cl\/el-mercurio-voces-de-la-patagonia-un-registro-invaluable\/","og_locale":"en_US","og_type":"article","og_title":"[El Mercurio] Voces de la patagonia: Un registro invaluable","og_url":"https:\/\/www.filantropiacortessolari.cl\/el-mercurio-voces-de-la-patagonia-un-registro-invaluable\/","og_site_name":"Filantrop\u00eda Cort\u00e9s Solari","article_published_time":"2025-01-04T14:22:58+00:00","article_modified_time":"2025-01-04T14:34:23+00:00","og_image":[{"width":1600,"height":1043,"url":"https:\/\/www.filantropiacortessolari.cl\/wp-content\/uploads\/2025\/01\/Foto27-scaled-1.webp","type":"image\/webp"}],"author":"Filantrop\u00eda Cort\u00e9s Solari","twitter_card":"summary_large_image","twitter_misc":{"Written by":"Filantrop\u00eda Cort\u00e9s Solari","Est. reading time":"2 minutes"},"schema":{"@context":"https:\/\/schema.org","@graph":[{"@type":"Article","@id":"https:\/\/www.filantropiacortessolari.cl\/el-mercurio-voces-de-la-patagonia-un-registro-invaluable\/#article","isPartOf":{"@id":"https:\/\/www.filantropiacortessolari.cl\/el-mercurio-voces-de-la-patagonia-un-registro-invaluable\/"},"author":{"name":"Filantrop\u00eda Cort\u00e9s Solari","@id":"https:\/\/www.filantropiacortessolari.cl\/#\/schema\/person\/e099cf1046922f4f5892172332dc86c0"},"headline":"[El Mercurio] Voces de la patagonia: Un registro invaluable","datePublished":"2025-01-04T14:22:58+00:00","dateModified":"2025-01-04T14:34:23+00:00","mainEntityOfPage":{"@id":"https:\/\/www.filantropiacortessolari.cl\/el-mercurio-voces-de-la-patagonia-un-registro-invaluable\/"},"wordCount":327,"image":{"@id":"https:\/\/www.filantropiacortessolari.cl\/el-mercurio-voces-de-la-patagonia-un-registro-invaluable\/#primaryimage"},"thumbnailUrl":"https:\/\/www.filantropiacortessolari.cl\/wp-content\/uploads\/2025\/01\/Foto27-scaled-1.webp","articleSection":["Noticias","Prensa Escrita","Prensa MERI"],"inLanguage":"en-US"},{"@type":"WebPage","@id":"https:\/\/www.filantropiacortessolari.cl\/el-mercurio-voces-de-la-patagonia-un-registro-invaluable\/","url":"https:\/\/www.filantropiacortessolari.cl\/el-mercurio-voces-de-la-patagonia-un-registro-invaluable\/","name":"[El Mercurio] Voces de la patagonia: Un registro invaluable","isPartOf":{"@id":"https:\/\/www.filantropiacortessolari.cl\/#website"},"primaryImageOfPage":{"@id":"https:\/\/www.filantropiacortessolari.cl\/el-mercurio-voces-de-la-patagonia-un-registro-invaluable\/#primaryimage"},"image":{"@id":"https:\/\/www.filantropiacortessolari.cl\/el-mercurio-voces-de-la-patagonia-un-registro-invaluable\/#primaryimage"},"thumbnailUrl":"https:\/\/www.filantropiacortessolari.cl\/wp-content\/uploads\/2025\/01\/Foto27-scaled-1.webp","datePublished":"2025-01-04T14:22:58+00:00","dateModified":"2025-01-04T14:34:23+00:00","author":{"@id":"https:\/\/www.filantropiacortessolari.cl\/#\/schema\/person\/e099cf1046922f4f5892172332dc86c0"},"breadcrumb":{"@id":"https:\/\/www.filantropiacortessolari.cl\/el-mercurio-voces-de-la-patagonia-un-registro-invaluable\/#breadcrumb"},"inLanguage":"en-US","potentialAction":[{"@type":"ReadAction","target":["https:\/\/www.filantropiacortessolari.cl\/el-mercurio-voces-de-la-patagonia-un-registro-invaluable\/"]}]},{"@type":"ImageObject","inLanguage":"en-US","@id":"https:\/\/www.filantropiacortessolari.cl\/el-mercurio-voces-de-la-patagonia-un-registro-invaluable\/#primaryimage","url":"https:\/\/www.filantropiacortessolari.cl\/wp-content\/uploads\/2025\/01\/Foto27-scaled-1.webp","contentUrl":"https:\/\/www.filantropiacortessolari.cl\/wp-content\/uploads\/2025\/01\/Foto27-scaled-1.webp","width":1600,"height":1043},{"@type":"BreadcrumbList","@id":"https:\/\/www.filantropiacortessolari.cl\/el-mercurio-voces-de-la-patagonia-un-registro-invaluable\/#breadcrumb","itemListElement":[{"@type":"ListItem","position":1,"name":"Portada","item":"https:\/\/www.filantropiacortessolari.cl\/"},{"@type":"ListItem","position":2,"name":"[El Mercurio] Voces de la patagonia: Un registro invaluable"}]},{"@type":"WebSite","@id":"https:\/\/www.filantropiacortessolari.cl\/#website","url":"https:\/\/www.filantropiacortessolari.cl\/","name":"Filantrop\u00eda Cort\u00e9s Solari","description":"Sitio web Filantrop\u00eda Cort\u00e9s Solari","potentialAction":[{"@type":"SearchAction","target":{"@type":"EntryPoint","urlTemplate":"https:\/\/www.filantropiacortessolari.cl\/?s={search_term_string}"},"query-input":{"@type":"PropertyValueSpecification","valueRequired":true,"valueName":"search_term_string"}}],"inLanguage":"en-US"},{"@type":"Person","@id":"https:\/\/www.filantropiacortessolari.cl\/#\/schema\/person\/e099cf1046922f4f5892172332dc86c0","name":"Filantrop\u00eda Cort\u00e9s Solari","image":{"@type":"ImageObject","inLanguage":"en-US","@id":"https:\/\/secure.gravatar.com\/avatar\/9d17bfe24074ed7576e70cbeb8e010cdd7d01fae9f2047bd96cccbe629ec3c11?s=96&d=mm&r=g","url":"https:\/\/secure.gravatar.com\/avatar\/9d17bfe24074ed7576e70cbeb8e010cdd7d01fae9f2047bd96cccbe629ec3c11?s=96&d=mm&r=g","contentUrl":"https:\/\/secure.gravatar.com\/avatar\/9d17bfe24074ed7576e70cbeb8e010cdd7d01fae9f2047bd96cccbe629ec3c11?s=96&d=mm&r=g","caption":"Filantrop\u00eda Cort\u00e9s Solari"},"url":"https:\/\/www.filantropiacortessolari.cl\/en\/author\/filantropia-cortes-solari\/"}]}},"_links":{"self":[{"href":"https:\/\/www.filantropiacortessolari.cl\/en\/wp-json\/wp\/v2\/posts\/11944","targetHints":{"allow":["GET"]}}],"collection":[{"href":"https:\/\/www.filantropiacortessolari.cl\/en\/wp-json\/wp\/v2\/posts"}],"about":[{"href":"https:\/\/www.filantropiacortessolari.cl\/en\/wp-json\/wp\/v2\/types\/post"}],"author":[{"embeddable":true,"href":"https:\/\/www.filantropiacortessolari.cl\/en\/wp-json\/wp\/v2\/users\/1"}],"replies":[{"embeddable":true,"href":"https:\/\/www.filantropiacortessolari.cl\/en\/wp-json\/wp\/v2\/comments?post=11944"}],"version-history":[{"count":5,"href":"https:\/\/www.filantropiacortessolari.cl\/en\/wp-json\/wp\/v2\/posts\/11944\/revisions"}],"predecessor-version":[{"id":11951,"href":"https:\/\/www.filantropiacortessolari.cl\/en\/wp-json\/wp\/v2\/posts\/11944\/revisions\/11951"}],"wp:featuredmedia":[{"embeddable":true,"href":"https:\/\/www.filantropiacortessolari.cl\/en\/wp-json\/wp\/v2\/media\/11945"}],"wp:attachment":[{"href":"https:\/\/www.filantropiacortessolari.cl\/en\/wp-json\/wp\/v2\/media?parent=11944"}],"wp:term":[{"taxonomy":"category","embeddable":true,"href":"https:\/\/www.filantropiacortessolari.cl\/en\/wp-json\/wp\/v2\/categories?post=11944"},{"taxonomy":"post_tag","embeddable":true,"href":"https:\/\/www.filantropiacortessolari.cl\/en\/wp-json\/wp\/v2\/tags?post=11944"}],"curies":[{"name":"wp","href":"https:\/\/api.w.org\/{rel}","templated":true}]}}