{"id":12038,"date":"2025-03-13T14:54:23","date_gmt":"2025-03-13T17:54:23","guid":{"rendered":"https:\/\/www.filantropiacortessolari.cl\/?p=12038"},"modified":"2025-03-13T14:58:54","modified_gmt":"2025-03-13T17:58:54","slug":"historico-legado-fotografico-de-martin-gusinde-sobre-pueblos-patagonicos-sera-exhibido-en-chiloe","status":"publish","type":"post","link":"https:\/\/www.filantropiacortessolari.cl\/en\/historico-legado-fotografico-de-martin-gusinde-sobre-pueblos-patagonicos-sera-exhibido-en-chiloe\/","title":{"rendered":"[El Mostrador] Hist\u00f3rico legado fotogr\u00e1fico de Mart\u00edn Gusinde sobre pueblos patag\u00f3nicos ser\u00e1 exhibido en Chilo\u00e9"},"content":{"rendered":"<style type=\"text\/css\"><\/style><p>Parte de las im\u00e1genes -registradas por el religioso entre 1918 y 1924-, ser\u00e1n exhibidas en el CECREA de Castro, en Chilo\u00e9, a partir del 7 de marzo y durante tres meses.<\/p>\n<p>Este pr\u00f3ximo 7 de marzo se inaugurar\u00e1 la exposici\u00f3n \u201c<a href=\"https:\/\/fcs.tv\/voces-de-la-patagonia-memoria-ancestral\/\" target=\"_blank\">Voces de la Patagonia. Memoria Ancestra<\/a>l\u201d en el CECREA de Castro, en Chilo\u00e9, muestra que re\u00fane 37 piezas de una colecci\u00f3n de 147 im\u00e1genes de los pueblos Selk\u2019nam, Kaw\u00e9sqar y Y\u00e1manas, registradas a principios del Siglo XX por el sacerdote alem\u00e1n Mart\u00edn Gusinde y testimonio de una cultura ancestral<\/p>\n<p>Esta exposici\u00f3n forma parte de una colecci\u00f3n de im\u00e1genes adquiridas por Francisca Cort\u00e9s Solari, fundadora y presidenta ejecutiva de Filantrop\u00eda Cort\u00e9s Solari al Atelier Xavier Barral, en 2019.<\/p>\n<p>\u201cDurante la exposici\u00f3n \u201cBallenas, Voces del Mar\u201d, tuve la oportunidad de dialogar con Xavier Barral, quien nos cedi\u00f3 el uso de algunas fotograf\u00eda en ese entonces, y desde ah\u00ed iniciar un largo viaje que culmin\u00f3 con este registro hist\u00f3rico en Chile. Se trata de un legado para el pa\u00eds, en donde nos pareci\u00f3 un evidencia, la necesidad de que este patrimonio regresara a Chile\u201d, explic\u00f3 Francisca Cort\u00e9s Solari, fundadora y presidenta ejecutiva, sobre esta valiosa muestra.<\/p>\n<p>\u201cSeleccionamos con respeto y cuidado las im\u00e1genes que representan a esta cultura en diversas situaciones cuotidianas o ritos espirituales. Mart\u00edn Gusinde no s\u00f3lo vivi\u00f3 y convivi\u00f3 con los patagones, sino que fue iniciado, autoriz\u00e1ndosele desarrollar este registro fotogr\u00e1fico \u00fanico y \u00faltimo, para la humanidad\u201d, a\u00f1adi\u00f3 Francisca Cort\u00e9s Solari.<\/p>\n<p>\u201c<a href=\"https:\/\/fcs.tv\/voces-de-la-patagonia-memoria-ancestral\/\" target=\"_blank\">Voces de la Patagonia. Memoria Ancestral<\/a>\u201d es una s\u00edntesis de fotograf\u00edas seleccionadas de un total de 147 im\u00e1genes que componen la colecci\u00f3n 2\/12, editadas y restauradas por la Editorial de Xavier Barral y el Antrophos Institut de Alemania. Mart\u00edn Gusinde (1886-1969), sacerdote de la Congregaci\u00f3n Verbo Divino, tom\u00f3 las fotograf\u00edas entre 1918 y 1924, a lo largo de cuatro viajes a Tierra del Fuego.<\/p>\n<p>Tras a\u00f1os de conversaciones, Xavier Barral, quien ofici\u00f3 de custodio de estas im\u00e1genes, entreg\u00f3 esta invaluable colecci\u00f3n a Francisca Cort\u00e9s Solari, quien las adquiri\u00f3 en 2019, con el prop\u00f3sito de transformarlas en un legado para el pa\u00eds.<\/p>\n<h2>Actividades<\/h2>\n<p>Rosario Ateaga, directora del CECREA, afirm\u00f3 que para ese centro de creaci\u00f3n \u201cla posibilidad de mediar esta exposici\u00f3n en torno a la arquitectura ef\u00edmera y la fotograf\u00eda espiritual permitir\u00e1 acercar y devolver las im\u00e1genes realizadas hace m\u00e1s de 100 a\u00f1os a estas comunidades desde la voz de ni\u00f1as y ni\u00f1os de Chilo\u00e9\u201d. Y adem\u00e1s de la colecci\u00f3n de im\u00e1genes, habr\u00e1 otras actividades de mediaci\u00f3n pensadas para ni\u00f1as y ni\u00f1os: un laboratorio de arquitectura n\u00f3made y un espacio de revelado de c\u00e1mara fotogr\u00e1fica estenopeica.<\/p>\n<p>Ram\u00f3n Castillo, curador de la muestra, se\u00f1al\u00f3 que en la exposici\u00f3n \u201cse pueden ver paisajes, arquitectura y rituales. Gusinde recorri\u00f3 en esos lugares, participando en largas ceremonias y en la vida cotidiana de los pueblos\u201d.<\/p>\n<p>El religioso Mart\u00edn Gusinde tom\u00f3 cerca de 2.000 fotograf\u00edas en blanco y negro en placa de vidrios, donde estudi\u00f3 y gener\u00f3 v\u00ednculos y relaciones con hombres y mujeres de la zona, conociendo su cosmovisi\u00f3n, su lengua, adem\u00e1s de sus formas de vida simb\u00f3lica y sus quehaceres. Registr\u00f3 as\u00ed su lengua, fon\u00e9tica y m\u00fasica en diversos soportes de la \u00e9poca, como escritos sobre papel y cilindros sonoros.<\/p>\n<p>La inauguraci\u00f3n de la muestra contar\u00e1 con la participaci\u00f3n de Nathalie Chapuis, editora de la obra El Esp\u00edritu de los Hombres de Tierra del Fuego y actual presidenta de Atelier Editorial Xavier Barral, adem\u00e1s de autoridades nacionales y locales.<\/p>\n<p>El lanzamiento incluir\u00e1 un panel con invitados que abordar\u00e1 la importancia de la cultura patag\u00f3nica en nuestra identidad y patrimonio, en el que participar\u00e1n Nathalie Chapuis; Ram\u00f3n Castillo, curador de la muestra y otros importantes invitados.<\/p>\n<p>Fuente: <a href=\"https:\/\/www.elmostrador.cl\/cultura\/2025\/03\/04\/historico-legado-fotografico-de-martin-gusinde-sobre-pueblos-patagonicos-sera-exhibida-en-chiloe\/\" target=\"_blank\">El Mostrador<\/a><\/p>\n","protected":false},"excerpt":{"rendered":"<p>Parte de las im\u00e1genes -registradas por el religioso entre 1918 y 1924-, ser\u00e1n exhibidas en el CECREA de Castro, en Chilo\u00e9, a partir del 7 de marzo y durante tres meses. Este pr\u00f3ximo 7 de marzo se inaugurar\u00e1 la exposici\u00f3n \u201cVoces de la Patagonia. Memoria Ancestral\u201d en el CECREA de Castro, en Chilo\u00e9, muestra que&#8230;<\/p>\n","protected":false},"author":1,"featured_media":12039,"comment_status":"closed","ping_status":"closed","sticky":false,"template":"","format":"standard","meta":{"footnotes":""},"categories":[31],"tags":[],"class_list":["post-12038","post","type-post","status-publish","format-standard","has-post-thumbnail","hentry","category-noticias"],"translation":{"provider":"WPGlobus","version":"3.0.2","language":"en","enabled_languages":["es","en"],"languages":{"es":{"title":true,"content":true,"excerpt":false},"en":{"title":false,"content":false,"excerpt":false}}},"yoast_head":"<!-- This site is optimized with the Yoast SEO plugin v27.4 - https:\/\/yoast.com\/product\/yoast-seo-wordpress\/ -->\n<title>[El Mostrador] Hist\u00f3rico legado fotogr\u00e1fico de Mart\u00edn Gusinde sobre pueblos patag\u00f3nicos ser\u00e1 exhibido en Chilo\u00e9<\/title>\n<meta name=\"robots\" content=\"index, follow, max-snippet:-1, max-image-preview:large, max-video-preview:-1\" \/>\n<link rel=\"canonical\" href=\"https:\/\/www.filantropiacortessolari.cl\/historico-legado-fotografico-de-martin-gusinde-sobre-pueblos-patagonicos-sera-exhibido-en-chiloe\/\" \/>\n<meta property=\"og:locale\" content=\"en_US\" \/>\n<meta property=\"og:type\" content=\"article\" \/>\n<meta property=\"og:title\" content=\"[El Mostrador] Hist\u00f3rico legado fotogr\u00e1fico de Mart\u00edn Gusinde sobre pueblos patag\u00f3nicos ser\u00e1 exhibido en Chilo\u00e9\" \/>\n<meta property=\"og:url\" content=\"https:\/\/www.filantropiacortessolari.cl\/historico-legado-fotografico-de-martin-gusinde-sobre-pueblos-patagonicos-sera-exhibido-en-chiloe\/\" \/>\n<meta property=\"og:site_name\" content=\"Filantrop\u00eda Cort\u00e9s Solari\" \/>\n<meta property=\"article:published_time\" content=\"2025-03-13T17:54:23+00:00\" \/>\n<meta property=\"article:modified_time\" content=\"2025-03-13T17:58:54+00:00\" \/>\n<meta property=\"og:image\" content=\"https:\/\/www.filantropiacortessolari.cl\/wp-content\/uploads\/2025\/03\/WhatsApp-Image-2025-03-13-at-12.04.46.jpeg\" \/>\n\t<meta property=\"og:image:width\" content=\"1280\" \/>\n\t<meta property=\"og:image:height\" content=\"853\" \/>\n\t<meta property=\"og:image:type\" content=\"image\/jpeg\" \/>\n<meta name=\"author\" content=\"Filantrop\u00eda Cort\u00e9s Solari\" \/>\n<meta name=\"twitter:card\" content=\"summary_large_image\" \/>\n<meta name=\"twitter:label1\" content=\"Written by\" \/>\n\t<meta name=\"twitter:data1\" content=\"Filantrop\u00eda Cort\u00e9s Solari\" \/>\n\t<meta name=\"twitter:label2\" content=\"Est. reading time\" \/>\n\t<meta name=\"twitter:data2\" content=\"3 minutes\" \/>\n<script type=\"application\/ld+json\" class=\"yoast-schema-graph\">{\"@context\":\"https:\\\/\\\/schema.org\",\"@graph\":[{\"@type\":\"Article\",\"@id\":\"https:\\\/\\\/www.filantropiacortessolari.cl\\\/historico-legado-fotografico-de-martin-gusinde-sobre-pueblos-patagonicos-sera-exhibido-en-chiloe\\\/#article\",\"isPartOf\":{\"@id\":\"https:\\\/\\\/www.filantropiacortessolari.cl\\\/historico-legado-fotografico-de-martin-gusinde-sobre-pueblos-patagonicos-sera-exhibido-en-chiloe\\\/\"},\"author\":{\"name\":\"Filantrop\u00eda Cort\u00e9s Solari\",\"@id\":\"https:\\\/\\\/www.filantropiacortessolari.cl\\\/#\\\/schema\\\/person\\\/e099cf1046922f4f5892172332dc86c0\"},\"headline\":\"[El Mostrador] Hist\u00f3rico legado fotogr\u00e1fico de Mart\u00edn Gusinde sobre pueblos patag\u00f3nicos ser\u00e1 exhibido en Chilo\u00e9\",\"datePublished\":\"2025-03-13T17:54:23+00:00\",\"dateModified\":\"2025-03-13T17:58:54+00:00\",\"mainEntityOfPage\":{\"@id\":\"https:\\\/\\\/www.filantropiacortessolari.cl\\\/historico-legado-fotografico-de-martin-gusinde-sobre-pueblos-patagonicos-sera-exhibido-en-chiloe\\\/\"},\"wordCount\":690,\"image\":{\"@id\":\"https:\\\/\\\/www.filantropiacortessolari.cl\\\/historico-legado-fotografico-de-martin-gusinde-sobre-pueblos-patagonicos-sera-exhibido-en-chiloe\\\/#primaryimage\"},\"thumbnailUrl\":\"https:\\\/\\\/www.filantropiacortessolari.cl\\\/wp-content\\\/uploads\\\/2025\\\/03\\\/WhatsApp-Image-2025-03-13-at-12.04.46.jpeg\",\"articleSection\":[\"Noticias\"],\"inLanguage\":\"en-US\"},{\"@type\":\"WebPage\",\"@id\":\"https:\\\/\\\/www.filantropiacortessolari.cl\\\/historico-legado-fotografico-de-martin-gusinde-sobre-pueblos-patagonicos-sera-exhibido-en-chiloe\\\/\",\"url\":\"https:\\\/\\\/www.filantropiacortessolari.cl\\\/historico-legado-fotografico-de-martin-gusinde-sobre-pueblos-patagonicos-sera-exhibido-en-chiloe\\\/\",\"name\":\"[El Mostrador] Hist\u00f3rico legado fotogr\u00e1fico de Mart\u00edn Gusinde sobre pueblos patag\u00f3nicos ser\u00e1 exhibido en Chilo\u00e9\",\"isPartOf\":{\"@id\":\"https:\\\/\\\/www.filantropiacortessolari.cl\\\/#website\"},\"primaryImageOfPage\":{\"@id\":\"https:\\\/\\\/www.filantropiacortessolari.cl\\\/historico-legado-fotografico-de-martin-gusinde-sobre-pueblos-patagonicos-sera-exhibido-en-chiloe\\\/#primaryimage\"},\"image\":{\"@id\":\"https:\\\/\\\/www.filantropiacortessolari.cl\\\/historico-legado-fotografico-de-martin-gusinde-sobre-pueblos-patagonicos-sera-exhibido-en-chiloe\\\/#primaryimage\"},\"thumbnailUrl\":\"https:\\\/\\\/www.filantropiacortessolari.cl\\\/wp-content\\\/uploads\\\/2025\\\/03\\\/WhatsApp-Image-2025-03-13-at-12.04.46.jpeg\",\"datePublished\":\"2025-03-13T17:54:23+00:00\",\"dateModified\":\"2025-03-13T17:58:54+00:00\",\"author\":{\"@id\":\"https:\\\/\\\/www.filantropiacortessolari.cl\\\/#\\\/schema\\\/person\\\/e099cf1046922f4f5892172332dc86c0\"},\"breadcrumb\":{\"@id\":\"https:\\\/\\\/www.filantropiacortessolari.cl\\\/historico-legado-fotografico-de-martin-gusinde-sobre-pueblos-patagonicos-sera-exhibido-en-chiloe\\\/#breadcrumb\"},\"inLanguage\":\"en-US\",\"potentialAction\":[{\"@type\":\"ReadAction\",\"target\":[\"https:\\\/\\\/www.filantropiacortessolari.cl\\\/historico-legado-fotografico-de-martin-gusinde-sobre-pueblos-patagonicos-sera-exhibido-en-chiloe\\\/\"]}]},{\"@type\":\"ImageObject\",\"inLanguage\":\"en-US\",\"@id\":\"https:\\\/\\\/www.filantropiacortessolari.cl\\\/historico-legado-fotografico-de-martin-gusinde-sobre-pueblos-patagonicos-sera-exhibido-en-chiloe\\\/#primaryimage\",\"url\":\"https:\\\/\\\/www.filantropiacortessolari.cl\\\/wp-content\\\/uploads\\\/2025\\\/03\\\/WhatsApp-Image-2025-03-13-at-12.04.46.jpeg\",\"contentUrl\":\"https:\\\/\\\/www.filantropiacortessolari.cl\\\/wp-content\\\/uploads\\\/2025\\\/03\\\/WhatsApp-Image-2025-03-13-at-12.04.46.jpeg\",\"width\":1280,\"height\":853},{\"@type\":\"BreadcrumbList\",\"@id\":\"https:\\\/\\\/www.filantropiacortessolari.cl\\\/historico-legado-fotografico-de-martin-gusinde-sobre-pueblos-patagonicos-sera-exhibido-en-chiloe\\\/#breadcrumb\",\"itemListElement\":[{\"@type\":\"ListItem\",\"position\":1,\"name\":\"Portada\",\"item\":\"https:\\\/\\\/www.filantropiacortessolari.cl\\\/\"},{\"@type\":\"ListItem\",\"position\":2,\"name\":\"[El Mostrador] Hist\u00f3rico legado fotogr\u00e1fico de Mart\u00edn Gusinde sobre pueblos patag\u00f3nicos ser\u00e1 exhibido en Chilo\u00e9\"}]},{\"@type\":\"WebSite\",\"@id\":\"https:\\\/\\\/www.filantropiacortessolari.cl\\\/#website\",\"url\":\"https:\\\/\\\/www.filantropiacortessolari.cl\\\/\",\"name\":\"Filantrop\u00eda Cort\u00e9s Solari\",\"description\":\"Sitio web Filantrop\u00eda Cort\u00e9s Solari\",\"potentialAction\":[{\"@type\":\"SearchAction\",\"target\":{\"@type\":\"EntryPoint\",\"urlTemplate\":\"https:\\\/\\\/www.filantropiacortessolari.cl\\\/?s={search_term_string}\"},\"query-input\":{\"@type\":\"PropertyValueSpecification\",\"valueRequired\":true,\"valueName\":\"search_term_string\"}}],\"inLanguage\":\"en-US\"},{\"@type\":\"Person\",\"@id\":\"https:\\\/\\\/www.filantropiacortessolari.cl\\\/#\\\/schema\\\/person\\\/e099cf1046922f4f5892172332dc86c0\",\"name\":\"Filantrop\u00eda Cort\u00e9s Solari\",\"image\":{\"@type\":\"ImageObject\",\"inLanguage\":\"en-US\",\"@id\":\"https:\\\/\\\/secure.gravatar.com\\\/avatar\\\/9d17bfe24074ed7576e70cbeb8e010cdd7d01fae9f2047bd96cccbe629ec3c11?s=96&d=mm&r=g\",\"url\":\"https:\\\/\\\/secure.gravatar.com\\\/avatar\\\/9d17bfe24074ed7576e70cbeb8e010cdd7d01fae9f2047bd96cccbe629ec3c11?s=96&d=mm&r=g\",\"contentUrl\":\"https:\\\/\\\/secure.gravatar.com\\\/avatar\\\/9d17bfe24074ed7576e70cbeb8e010cdd7d01fae9f2047bd96cccbe629ec3c11?s=96&d=mm&r=g\",\"caption\":\"Filantrop\u00eda Cort\u00e9s Solari\"},\"url\":\"https:\\\/\\\/www.filantropiacortessolari.cl\\\/en\\\/author\\\/filantropia-cortes-solari\\\/\"}]}<\/script>\n<!-- \/ Yoast SEO plugin. -->","yoast_head_json":{"title":"[El Mostrador] Hist\u00f3rico legado fotogr\u00e1fico de Mart\u00edn Gusinde sobre pueblos patag\u00f3nicos ser\u00e1 exhibido en Chilo\u00e9","robots":{"index":"index","follow":"follow","max-snippet":"max-snippet:-1","max-image-preview":"max-image-preview:large","max-video-preview":"max-video-preview:-1"},"canonical":"https:\/\/www.filantropiacortessolari.cl\/historico-legado-fotografico-de-martin-gusinde-sobre-pueblos-patagonicos-sera-exhibido-en-chiloe\/","og_locale":"en_US","og_type":"article","og_title":"[El Mostrador] Hist\u00f3rico legado fotogr\u00e1fico de Mart\u00edn Gusinde sobre pueblos patag\u00f3nicos ser\u00e1 exhibido en Chilo\u00e9","og_url":"https:\/\/www.filantropiacortessolari.cl\/historico-legado-fotografico-de-martin-gusinde-sobre-pueblos-patagonicos-sera-exhibido-en-chiloe\/","og_site_name":"Filantrop\u00eda Cort\u00e9s Solari","article_published_time":"2025-03-13T17:54:23+00:00","article_modified_time":"2025-03-13T17:58:54+00:00","og_image":[{"width":1280,"height":853,"url":"https:\/\/www.filantropiacortessolari.cl\/wp-content\/uploads\/2025\/03\/WhatsApp-Image-2025-03-13-at-12.04.46.jpeg","type":"image\/jpeg"}],"author":"Filantrop\u00eda Cort\u00e9s Solari","twitter_card":"summary_large_image","twitter_misc":{"Written by":"Filantrop\u00eda Cort\u00e9s Solari","Est. reading time":"3 minutes"},"schema":{"@context":"https:\/\/schema.org","@graph":[{"@type":"Article","@id":"https:\/\/www.filantropiacortessolari.cl\/historico-legado-fotografico-de-martin-gusinde-sobre-pueblos-patagonicos-sera-exhibido-en-chiloe\/#article","isPartOf":{"@id":"https:\/\/www.filantropiacortessolari.cl\/historico-legado-fotografico-de-martin-gusinde-sobre-pueblos-patagonicos-sera-exhibido-en-chiloe\/"},"author":{"name":"Filantrop\u00eda Cort\u00e9s Solari","@id":"https:\/\/www.filantropiacortessolari.cl\/#\/schema\/person\/e099cf1046922f4f5892172332dc86c0"},"headline":"[El Mostrador] Hist\u00f3rico legado fotogr\u00e1fico de Mart\u00edn Gusinde sobre pueblos patag\u00f3nicos ser\u00e1 exhibido en Chilo\u00e9","datePublished":"2025-03-13T17:54:23+00:00","dateModified":"2025-03-13T17:58:54+00:00","mainEntityOfPage":{"@id":"https:\/\/www.filantropiacortessolari.cl\/historico-legado-fotografico-de-martin-gusinde-sobre-pueblos-patagonicos-sera-exhibido-en-chiloe\/"},"wordCount":690,"image":{"@id":"https:\/\/www.filantropiacortessolari.cl\/historico-legado-fotografico-de-martin-gusinde-sobre-pueblos-patagonicos-sera-exhibido-en-chiloe\/#primaryimage"},"thumbnailUrl":"https:\/\/www.filantropiacortessolari.cl\/wp-content\/uploads\/2025\/03\/WhatsApp-Image-2025-03-13-at-12.04.46.jpeg","articleSection":["Noticias"],"inLanguage":"en-US"},{"@type":"WebPage","@id":"https:\/\/www.filantropiacortessolari.cl\/historico-legado-fotografico-de-martin-gusinde-sobre-pueblos-patagonicos-sera-exhibido-en-chiloe\/","url":"https:\/\/www.filantropiacortessolari.cl\/historico-legado-fotografico-de-martin-gusinde-sobre-pueblos-patagonicos-sera-exhibido-en-chiloe\/","name":"[El Mostrador] Hist\u00f3rico legado fotogr\u00e1fico de Mart\u00edn Gusinde sobre pueblos patag\u00f3nicos ser\u00e1 exhibido en Chilo\u00e9","isPartOf":{"@id":"https:\/\/www.filantropiacortessolari.cl\/#website"},"primaryImageOfPage":{"@id":"https:\/\/www.filantropiacortessolari.cl\/historico-legado-fotografico-de-martin-gusinde-sobre-pueblos-patagonicos-sera-exhibido-en-chiloe\/#primaryimage"},"image":{"@id":"https:\/\/www.filantropiacortessolari.cl\/historico-legado-fotografico-de-martin-gusinde-sobre-pueblos-patagonicos-sera-exhibido-en-chiloe\/#primaryimage"},"thumbnailUrl":"https:\/\/www.filantropiacortessolari.cl\/wp-content\/uploads\/2025\/03\/WhatsApp-Image-2025-03-13-at-12.04.46.jpeg","datePublished":"2025-03-13T17:54:23+00:00","dateModified":"2025-03-13T17:58:54+00:00","author":{"@id":"https:\/\/www.filantropiacortessolari.cl\/#\/schema\/person\/e099cf1046922f4f5892172332dc86c0"},"breadcrumb":{"@id":"https:\/\/www.filantropiacortessolari.cl\/historico-legado-fotografico-de-martin-gusinde-sobre-pueblos-patagonicos-sera-exhibido-en-chiloe\/#breadcrumb"},"inLanguage":"en-US","potentialAction":[{"@type":"ReadAction","target":["https:\/\/www.filantropiacortessolari.cl\/historico-legado-fotografico-de-martin-gusinde-sobre-pueblos-patagonicos-sera-exhibido-en-chiloe\/"]}]},{"@type":"ImageObject","inLanguage":"en-US","@id":"https:\/\/www.filantropiacortessolari.cl\/historico-legado-fotografico-de-martin-gusinde-sobre-pueblos-patagonicos-sera-exhibido-en-chiloe\/#primaryimage","url":"https:\/\/www.filantropiacortessolari.cl\/wp-content\/uploads\/2025\/03\/WhatsApp-Image-2025-03-13-at-12.04.46.jpeg","contentUrl":"https:\/\/www.filantropiacortessolari.cl\/wp-content\/uploads\/2025\/03\/WhatsApp-Image-2025-03-13-at-12.04.46.jpeg","width":1280,"height":853},{"@type":"BreadcrumbList","@id":"https:\/\/www.filantropiacortessolari.cl\/historico-legado-fotografico-de-martin-gusinde-sobre-pueblos-patagonicos-sera-exhibido-en-chiloe\/#breadcrumb","itemListElement":[{"@type":"ListItem","position":1,"name":"Portada","item":"https:\/\/www.filantropiacortessolari.cl\/"},{"@type":"ListItem","position":2,"name":"[El Mostrador] Hist\u00f3rico legado fotogr\u00e1fico de Mart\u00edn Gusinde sobre pueblos patag\u00f3nicos ser\u00e1 exhibido en Chilo\u00e9"}]},{"@type":"WebSite","@id":"https:\/\/www.filantropiacortessolari.cl\/#website","url":"https:\/\/www.filantropiacortessolari.cl\/","name":"Filantrop\u00eda Cort\u00e9s Solari","description":"Sitio web Filantrop\u00eda Cort\u00e9s Solari","potentialAction":[{"@type":"SearchAction","target":{"@type":"EntryPoint","urlTemplate":"https:\/\/www.filantropiacortessolari.cl\/?s={search_term_string}"},"query-input":{"@type":"PropertyValueSpecification","valueRequired":true,"valueName":"search_term_string"}}],"inLanguage":"en-US"},{"@type":"Person","@id":"https:\/\/www.filantropiacortessolari.cl\/#\/schema\/person\/e099cf1046922f4f5892172332dc86c0","name":"Filantrop\u00eda Cort\u00e9s Solari","image":{"@type":"ImageObject","inLanguage":"en-US","@id":"https:\/\/secure.gravatar.com\/avatar\/9d17bfe24074ed7576e70cbeb8e010cdd7d01fae9f2047bd96cccbe629ec3c11?s=96&d=mm&r=g","url":"https:\/\/secure.gravatar.com\/avatar\/9d17bfe24074ed7576e70cbeb8e010cdd7d01fae9f2047bd96cccbe629ec3c11?s=96&d=mm&r=g","contentUrl":"https:\/\/secure.gravatar.com\/avatar\/9d17bfe24074ed7576e70cbeb8e010cdd7d01fae9f2047bd96cccbe629ec3c11?s=96&d=mm&r=g","caption":"Filantrop\u00eda Cort\u00e9s Solari"},"url":"https:\/\/www.filantropiacortessolari.cl\/en\/author\/filantropia-cortes-solari\/"}]}},"_links":{"self":[{"href":"https:\/\/www.filantropiacortessolari.cl\/en\/wp-json\/wp\/v2\/posts\/12038","targetHints":{"allow":["GET"]}}],"collection":[{"href":"https:\/\/www.filantropiacortessolari.cl\/en\/wp-json\/wp\/v2\/posts"}],"about":[{"href":"https:\/\/www.filantropiacortessolari.cl\/en\/wp-json\/wp\/v2\/types\/post"}],"author":[{"embeddable":true,"href":"https:\/\/www.filantropiacortessolari.cl\/en\/wp-json\/wp\/v2\/users\/1"}],"replies":[{"embeddable":true,"href":"https:\/\/www.filantropiacortessolari.cl\/en\/wp-json\/wp\/v2\/comments?post=12038"}],"version-history":[{"count":2,"href":"https:\/\/www.filantropiacortessolari.cl\/en\/wp-json\/wp\/v2\/posts\/12038\/revisions"}],"predecessor-version":[{"id":12041,"href":"https:\/\/www.filantropiacortessolari.cl\/en\/wp-json\/wp\/v2\/posts\/12038\/revisions\/12041"}],"wp:featuredmedia":[{"embeddable":true,"href":"https:\/\/www.filantropiacortessolari.cl\/en\/wp-json\/wp\/v2\/media\/12039"}],"wp:attachment":[{"href":"https:\/\/www.filantropiacortessolari.cl\/en\/wp-json\/wp\/v2\/media?parent=12038"}],"wp:term":[{"taxonomy":"category","embeddable":true,"href":"https:\/\/www.filantropiacortessolari.cl\/en\/wp-json\/wp\/v2\/categories?post=12038"},{"taxonomy":"post_tag","embeddable":true,"href":"https:\/\/www.filantropiacortessolari.cl\/en\/wp-json\/wp\/v2\/tags?post=12038"}],"curies":[{"name":"wp","href":"https:\/\/api.w.org\/{rel}","templated":true}]}}