{"id":12043,"date":"2025-03-18T10:44:29","date_gmt":"2025-03-18T13:44:29","guid":{"rendered":"https:\/\/www.filantropiacortessolari.cl\/?p=12043"},"modified":"2025-03-20T12:19:08","modified_gmt":"2025-03-20T15:19:08","slug":"siguiendo-el-recorrido-de-alhue-zafiro-y-sabine-en-la-reserva-likandes","status":"publish","type":"post","link":"https:\/\/www.filantropiacortessolari.cl\/en\/siguiendo-el-recorrido-de-alhue-zafiro-y-sabine-en-la-reserva-likandes\/","title":{"rendered":"Siguiendo el recorrido de Alhue, Zafiro y Sabine en la Reserva Likandes"},"content":{"rendered":"<style type=\"text\/css\"><\/style><h2>Vuelo a la libertad<\/h2>\n<p>En diciembre liberamos tres condores en la Reserva Elemental Likandes, en San Jos\u00e9 de Maipo. Este trabajo se desarroll\u00f3 en el marco del Proyecto Manku.<\/p>\n<p>Ninguno de los tres ten\u00eda experiencia de vuelo al ser liberado y los tres eran j\u00f3venes de apenas dos a\u00f1os. Por ello permanecieron tres meses en su jaula de preliberaci\u00f3n, adapt\u00e1ndose al ambiente cordilleranos, en la Reserva Likandes, antes de ser dejados en libertad.<\/p>\n<p>Cien d\u00edas despu\u00e9s de liberaci\u00f3n, les compartimos este mapa que refleja su patr\u00f3n de vuelo.<\/p>\n<p>Para ver las liberaciones anteriores, te invitamos a <a href=\"https:\/\/fcs.tv\/condores\/\" target=\"_blank\" rel=\"noopener\">visitar este enlace en fcs.tv.<\/a><\/p>\n<p><img loading=\"lazy\" decoding=\"async\" class=\"aligncenter size-large wp-image-12044\" src=\"https:\/\/www.filantropiacortessolari.cl\/wp-content\/uploads\/2025\/03\/mapacondor-748x1024.jpeg\" alt=\"\" width=\"748\" height=\"1024\" srcset=\"https:\/\/www.filantropiacortessolari.cl\/wp-content\/uploads\/2025\/03\/mapacondor-748x1024.jpeg 748w, https:\/\/www.filantropiacortessolari.cl\/wp-content\/uploads\/2025\/03\/mapacondor-219x300.jpeg 219w, https:\/\/www.filantropiacortessolari.cl\/wp-content\/uploads\/2025\/03\/mapacondor-768x1051.jpeg 768w, https:\/\/www.filantropiacortessolari.cl\/wp-content\/uploads\/2025\/03\/mapacondor-1122x1536.jpeg 1122w, https:\/\/www.filantropiacortessolari.cl\/wp-content\/uploads\/2025\/03\/mapacondor-580x794.jpeg 580w, https:\/\/www.filantropiacortessolari.cl\/wp-content\/uploads\/2025\/03\/mapacondor-820x1122.jpeg 820w, https:\/\/www.filantropiacortessolari.cl\/wp-content\/uploads\/2025\/03\/mapacondor-1160x1588.jpeg 1160w, https:\/\/www.filantropiacortessolari.cl\/wp-content\/uploads\/2025\/03\/mapacondor.jpeg 1169w\" sizes=\"auto, (max-width: 748px) 100vw, 748px\" \/><\/p>\n","protected":false},"excerpt":{"rendered":"<p>Vuelo a la libertad En diciembre liberamos tres condores en la Reserva Elemental Likandes, en San Jos\u00e9 de Maipo. Este trabajo se desarroll\u00f3 en el marco del Proyecto Manku. Ninguno de los tres ten\u00eda experiencia de vuelo al ser liberado y los tres eran j\u00f3venes de apenas dos a\u00f1os. Por ello permanecieron tres meses en&#8230;<\/p>\n","protected":false},"author":1,"featured_media":12045,"comment_status":"closed","ping_status":"closed","sticky":false,"template":"","format":"standard","meta":{"footnotes":""},"categories":[31],"tags":[],"class_list":["post-12043","post","type-post","status-publish","format-standard","has-post-thumbnail","hentry","category-noticias"],"translation":{"provider":"WPGlobus","version":"3.0.2","language":"en","enabled_languages":["es","en"],"languages":{"es":{"title":true,"content":true,"excerpt":false},"en":{"title":false,"content":false,"excerpt":false}}},"yoast_head":"<!-- This site is optimized with the Yoast SEO plugin v27.4 - https:\/\/yoast.com\/product\/yoast-seo-wordpress\/ -->\n<title>Siguiendo el recorrido de Alhue, Zafiro y Sabine en la Reserva Likandes<\/title>\n<meta name=\"robots\" content=\"index, follow, max-snippet:-1, max-image-preview:large, max-video-preview:-1\" \/>\n<link rel=\"canonical\" href=\"https:\/\/www.filantropiacortessolari.cl\/siguiendo-el-recorrido-de-alhue-zafiro-y-sabine-en-la-reserva-likandes\/\" \/>\n<meta property=\"og:locale\" content=\"en_US\" \/>\n<meta property=\"og:type\" content=\"article\" \/>\n<meta property=\"og:title\" content=\"Siguiendo el recorrido de Alhue, Zafiro y Sabine en la Reserva Likandes\" \/>\n<meta property=\"og:url\" content=\"https:\/\/www.filantropiacortessolari.cl\/siguiendo-el-recorrido-de-alhue-zafiro-y-sabine-en-la-reserva-likandes\/\" \/>\n<meta property=\"og:site_name\" content=\"Filantrop\u00eda Cort\u00e9s Solari\" \/>\n<meta property=\"article:published_time\" content=\"2025-03-18T13:44:29+00:00\" \/>\n<meta property=\"article:modified_time\" content=\"2025-03-20T15:19:08+00:00\" \/>\n<meta property=\"og:image\" content=\"https:\/\/www.filantropiacortessolari.cl\/wp-content\/uploads\/2025\/03\/condor.jpeg\" \/>\n\t<meta property=\"og:image:width\" content=\"1280\" \/>\n\t<meta property=\"og:image:height\" content=\"853\" \/>\n\t<meta property=\"og:image:type\" content=\"image\/jpeg\" \/>\n<meta name=\"author\" content=\"Filantrop\u00eda Cort\u00e9s Solari\" \/>\n<meta name=\"twitter:card\" content=\"summary_large_image\" \/>\n<meta name=\"twitter:label1\" content=\"Written by\" \/>\n\t<meta name=\"twitter:data1\" content=\"Filantrop\u00eda Cort\u00e9s Solari\" \/>\n\t<meta name=\"twitter:label2\" content=\"Est. reading time\" \/>\n\t<meta name=\"twitter:data2\" content=\"1 minute\" \/>\n<script type=\"application\/ld+json\" class=\"yoast-schema-graph\">{\"@context\":\"https:\\\/\\\/schema.org\",\"@graph\":[{\"@type\":\"Article\",\"@id\":\"https:\\\/\\\/www.filantropiacortessolari.cl\\\/siguiendo-el-recorrido-de-alhue-zafiro-y-sabine-en-la-reserva-likandes\\\/#article\",\"isPartOf\":{\"@id\":\"https:\\\/\\\/www.filantropiacortessolari.cl\\\/siguiendo-el-recorrido-de-alhue-zafiro-y-sabine-en-la-reserva-likandes\\\/\"},\"author\":{\"name\":\"Filantrop\u00eda Cort\u00e9s Solari\",\"@id\":\"https:\\\/\\\/www.filantropiacortessolari.cl\\\/#\\\/schema\\\/person\\\/e099cf1046922f4f5892172332dc86c0\"},\"headline\":\"Siguiendo el recorrido de Alhue, Zafiro y Sabine en la Reserva Likandes\",\"datePublished\":\"2025-03-18T13:44:29+00:00\",\"dateModified\":\"2025-03-20T15:19:08+00:00\",\"mainEntityOfPage\":{\"@id\":\"https:\\\/\\\/www.filantropiacortessolari.cl\\\/siguiendo-el-recorrido-de-alhue-zafiro-y-sabine-en-la-reserva-likandes\\\/\"},\"wordCount\":123,\"image\":{\"@id\":\"https:\\\/\\\/www.filantropiacortessolari.cl\\\/siguiendo-el-recorrido-de-alhue-zafiro-y-sabine-en-la-reserva-likandes\\\/#primaryimage\"},\"thumbnailUrl\":\"https:\\\/\\\/www.filantropiacortessolari.cl\\\/wp-content\\\/uploads\\\/2025\\\/03\\\/condor.jpeg\",\"articleSection\":[\"Noticias\"],\"inLanguage\":\"en-US\"},{\"@type\":\"WebPage\",\"@id\":\"https:\\\/\\\/www.filantropiacortessolari.cl\\\/siguiendo-el-recorrido-de-alhue-zafiro-y-sabine-en-la-reserva-likandes\\\/\",\"url\":\"https:\\\/\\\/www.filantropiacortessolari.cl\\\/siguiendo-el-recorrido-de-alhue-zafiro-y-sabine-en-la-reserva-likandes\\\/\",\"name\":\"Siguiendo el recorrido de Alhue, Zafiro y Sabine en la Reserva Likandes\",\"isPartOf\":{\"@id\":\"https:\\\/\\\/www.filantropiacortessolari.cl\\\/#website\"},\"primaryImageOfPage\":{\"@id\":\"https:\\\/\\\/www.filantropiacortessolari.cl\\\/siguiendo-el-recorrido-de-alhue-zafiro-y-sabine-en-la-reserva-likandes\\\/#primaryimage\"},\"image\":{\"@id\":\"https:\\\/\\\/www.filantropiacortessolari.cl\\\/siguiendo-el-recorrido-de-alhue-zafiro-y-sabine-en-la-reserva-likandes\\\/#primaryimage\"},\"thumbnailUrl\":\"https:\\\/\\\/www.filantropiacortessolari.cl\\\/wp-content\\\/uploads\\\/2025\\\/03\\\/condor.jpeg\",\"datePublished\":\"2025-03-18T13:44:29+00:00\",\"dateModified\":\"2025-03-20T15:19:08+00:00\",\"author\":{\"@id\":\"https:\\\/\\\/www.filantropiacortessolari.cl\\\/#\\\/schema\\\/person\\\/e099cf1046922f4f5892172332dc86c0\"},\"breadcrumb\":{\"@id\":\"https:\\\/\\\/www.filantropiacortessolari.cl\\\/siguiendo-el-recorrido-de-alhue-zafiro-y-sabine-en-la-reserva-likandes\\\/#breadcrumb\"},\"inLanguage\":\"en-US\",\"potentialAction\":[{\"@type\":\"ReadAction\",\"target\":[\"https:\\\/\\\/www.filantropiacortessolari.cl\\\/siguiendo-el-recorrido-de-alhue-zafiro-y-sabine-en-la-reserva-likandes\\\/\"]}]},{\"@type\":\"ImageObject\",\"inLanguage\":\"en-US\",\"@id\":\"https:\\\/\\\/www.filantropiacortessolari.cl\\\/siguiendo-el-recorrido-de-alhue-zafiro-y-sabine-en-la-reserva-likandes\\\/#primaryimage\",\"url\":\"https:\\\/\\\/www.filantropiacortessolari.cl\\\/wp-content\\\/uploads\\\/2025\\\/03\\\/condor.jpeg\",\"contentUrl\":\"https:\\\/\\\/www.filantropiacortessolari.cl\\\/wp-content\\\/uploads\\\/2025\\\/03\\\/condor.jpeg\",\"width\":1280,\"height\":853},{\"@type\":\"BreadcrumbList\",\"@id\":\"https:\\\/\\\/www.filantropiacortessolari.cl\\\/siguiendo-el-recorrido-de-alhue-zafiro-y-sabine-en-la-reserva-likandes\\\/#breadcrumb\",\"itemListElement\":[{\"@type\":\"ListItem\",\"position\":1,\"name\":\"Portada\",\"item\":\"https:\\\/\\\/www.filantropiacortessolari.cl\\\/\"},{\"@type\":\"ListItem\",\"position\":2,\"name\":\"Siguiendo el recorrido de Alhue, Zafiro y Sabine en la Reserva Likandes\"}]},{\"@type\":\"WebSite\",\"@id\":\"https:\\\/\\\/www.filantropiacortessolari.cl\\\/#website\",\"url\":\"https:\\\/\\\/www.filantropiacortessolari.cl\\\/\",\"name\":\"Filantrop\u00eda Cort\u00e9s Solari\",\"description\":\"Sitio web Filantrop\u00eda Cort\u00e9s Solari\",\"potentialAction\":[{\"@type\":\"SearchAction\",\"target\":{\"@type\":\"EntryPoint\",\"urlTemplate\":\"https:\\\/\\\/www.filantropiacortessolari.cl\\\/?s={search_term_string}\"},\"query-input\":{\"@type\":\"PropertyValueSpecification\",\"valueRequired\":true,\"valueName\":\"search_term_string\"}}],\"inLanguage\":\"en-US\"},{\"@type\":\"Person\",\"@id\":\"https:\\\/\\\/www.filantropiacortessolari.cl\\\/#\\\/schema\\\/person\\\/e099cf1046922f4f5892172332dc86c0\",\"name\":\"Filantrop\u00eda Cort\u00e9s Solari\",\"image\":{\"@type\":\"ImageObject\",\"inLanguage\":\"en-US\",\"@id\":\"https:\\\/\\\/secure.gravatar.com\\\/avatar\\\/9d17bfe24074ed7576e70cbeb8e010cdd7d01fae9f2047bd96cccbe629ec3c11?s=96&d=mm&r=g\",\"url\":\"https:\\\/\\\/secure.gravatar.com\\\/avatar\\\/9d17bfe24074ed7576e70cbeb8e010cdd7d01fae9f2047bd96cccbe629ec3c11?s=96&d=mm&r=g\",\"contentUrl\":\"https:\\\/\\\/secure.gravatar.com\\\/avatar\\\/9d17bfe24074ed7576e70cbeb8e010cdd7d01fae9f2047bd96cccbe629ec3c11?s=96&d=mm&r=g\",\"caption\":\"Filantrop\u00eda Cort\u00e9s Solari\"},\"url\":\"https:\\\/\\\/www.filantropiacortessolari.cl\\\/en\\\/author\\\/filantropia-cortes-solari\\\/\"}]}<\/script>\n<!-- \/ Yoast SEO plugin. -->","yoast_head_json":{"title":"Siguiendo el recorrido de Alhue, Zafiro y Sabine en la Reserva Likandes","robots":{"index":"index","follow":"follow","max-snippet":"max-snippet:-1","max-image-preview":"max-image-preview:large","max-video-preview":"max-video-preview:-1"},"canonical":"https:\/\/www.filantropiacortessolari.cl\/siguiendo-el-recorrido-de-alhue-zafiro-y-sabine-en-la-reserva-likandes\/","og_locale":"en_US","og_type":"article","og_title":"Siguiendo el recorrido de Alhue, Zafiro y Sabine en la Reserva Likandes","og_url":"https:\/\/www.filantropiacortessolari.cl\/siguiendo-el-recorrido-de-alhue-zafiro-y-sabine-en-la-reserva-likandes\/","og_site_name":"Filantrop\u00eda Cort\u00e9s Solari","article_published_time":"2025-03-18T13:44:29+00:00","article_modified_time":"2025-03-20T15:19:08+00:00","og_image":[{"width":1280,"height":853,"url":"https:\/\/www.filantropiacortessolari.cl\/wp-content\/uploads\/2025\/03\/condor.jpeg","type":"image\/jpeg"}],"author":"Filantrop\u00eda Cort\u00e9s Solari","twitter_card":"summary_large_image","twitter_misc":{"Written by":"Filantrop\u00eda Cort\u00e9s Solari","Est. reading time":"1 minute"},"schema":{"@context":"https:\/\/schema.org","@graph":[{"@type":"Article","@id":"https:\/\/www.filantropiacortessolari.cl\/siguiendo-el-recorrido-de-alhue-zafiro-y-sabine-en-la-reserva-likandes\/#article","isPartOf":{"@id":"https:\/\/www.filantropiacortessolari.cl\/siguiendo-el-recorrido-de-alhue-zafiro-y-sabine-en-la-reserva-likandes\/"},"author":{"name":"Filantrop\u00eda Cort\u00e9s Solari","@id":"https:\/\/www.filantropiacortessolari.cl\/#\/schema\/person\/e099cf1046922f4f5892172332dc86c0"},"headline":"Siguiendo el recorrido de Alhue, Zafiro y Sabine en la Reserva Likandes","datePublished":"2025-03-18T13:44:29+00:00","dateModified":"2025-03-20T15:19:08+00:00","mainEntityOfPage":{"@id":"https:\/\/www.filantropiacortessolari.cl\/siguiendo-el-recorrido-de-alhue-zafiro-y-sabine-en-la-reserva-likandes\/"},"wordCount":123,"image":{"@id":"https:\/\/www.filantropiacortessolari.cl\/siguiendo-el-recorrido-de-alhue-zafiro-y-sabine-en-la-reserva-likandes\/#primaryimage"},"thumbnailUrl":"https:\/\/www.filantropiacortessolari.cl\/wp-content\/uploads\/2025\/03\/condor.jpeg","articleSection":["Noticias"],"inLanguage":"en-US"},{"@type":"WebPage","@id":"https:\/\/www.filantropiacortessolari.cl\/siguiendo-el-recorrido-de-alhue-zafiro-y-sabine-en-la-reserva-likandes\/","url":"https:\/\/www.filantropiacortessolari.cl\/siguiendo-el-recorrido-de-alhue-zafiro-y-sabine-en-la-reserva-likandes\/","name":"Siguiendo el recorrido de Alhue, Zafiro y Sabine en la Reserva Likandes","isPartOf":{"@id":"https:\/\/www.filantropiacortessolari.cl\/#website"},"primaryImageOfPage":{"@id":"https:\/\/www.filantropiacortessolari.cl\/siguiendo-el-recorrido-de-alhue-zafiro-y-sabine-en-la-reserva-likandes\/#primaryimage"},"image":{"@id":"https:\/\/www.filantropiacortessolari.cl\/siguiendo-el-recorrido-de-alhue-zafiro-y-sabine-en-la-reserva-likandes\/#primaryimage"},"thumbnailUrl":"https:\/\/www.filantropiacortessolari.cl\/wp-content\/uploads\/2025\/03\/condor.jpeg","datePublished":"2025-03-18T13:44:29+00:00","dateModified":"2025-03-20T15:19:08+00:00","author":{"@id":"https:\/\/www.filantropiacortessolari.cl\/#\/schema\/person\/e099cf1046922f4f5892172332dc86c0"},"breadcrumb":{"@id":"https:\/\/www.filantropiacortessolari.cl\/siguiendo-el-recorrido-de-alhue-zafiro-y-sabine-en-la-reserva-likandes\/#breadcrumb"},"inLanguage":"en-US","potentialAction":[{"@type":"ReadAction","target":["https:\/\/www.filantropiacortessolari.cl\/siguiendo-el-recorrido-de-alhue-zafiro-y-sabine-en-la-reserva-likandes\/"]}]},{"@type":"ImageObject","inLanguage":"en-US","@id":"https:\/\/www.filantropiacortessolari.cl\/siguiendo-el-recorrido-de-alhue-zafiro-y-sabine-en-la-reserva-likandes\/#primaryimage","url":"https:\/\/www.filantropiacortessolari.cl\/wp-content\/uploads\/2025\/03\/condor.jpeg","contentUrl":"https:\/\/www.filantropiacortessolari.cl\/wp-content\/uploads\/2025\/03\/condor.jpeg","width":1280,"height":853},{"@type":"BreadcrumbList","@id":"https:\/\/www.filantropiacortessolari.cl\/siguiendo-el-recorrido-de-alhue-zafiro-y-sabine-en-la-reserva-likandes\/#breadcrumb","itemListElement":[{"@type":"ListItem","position":1,"name":"Portada","item":"https:\/\/www.filantropiacortessolari.cl\/"},{"@type":"ListItem","position":2,"name":"Siguiendo el recorrido de Alhue, Zafiro y Sabine en la Reserva Likandes"}]},{"@type":"WebSite","@id":"https:\/\/www.filantropiacortessolari.cl\/#website","url":"https:\/\/www.filantropiacortessolari.cl\/","name":"Filantrop\u00eda Cort\u00e9s Solari","description":"Sitio web Filantrop\u00eda Cort\u00e9s Solari","potentialAction":[{"@type":"SearchAction","target":{"@type":"EntryPoint","urlTemplate":"https:\/\/www.filantropiacortessolari.cl\/?s={search_term_string}"},"query-input":{"@type":"PropertyValueSpecification","valueRequired":true,"valueName":"search_term_string"}}],"inLanguage":"en-US"},{"@type":"Person","@id":"https:\/\/www.filantropiacortessolari.cl\/#\/schema\/person\/e099cf1046922f4f5892172332dc86c0","name":"Filantrop\u00eda Cort\u00e9s Solari","image":{"@type":"ImageObject","inLanguage":"en-US","@id":"https:\/\/secure.gravatar.com\/avatar\/9d17bfe24074ed7576e70cbeb8e010cdd7d01fae9f2047bd96cccbe629ec3c11?s=96&d=mm&r=g","url":"https:\/\/secure.gravatar.com\/avatar\/9d17bfe24074ed7576e70cbeb8e010cdd7d01fae9f2047bd96cccbe629ec3c11?s=96&d=mm&r=g","contentUrl":"https:\/\/secure.gravatar.com\/avatar\/9d17bfe24074ed7576e70cbeb8e010cdd7d01fae9f2047bd96cccbe629ec3c11?s=96&d=mm&r=g","caption":"Filantrop\u00eda Cort\u00e9s Solari"},"url":"https:\/\/www.filantropiacortessolari.cl\/en\/author\/filantropia-cortes-solari\/"}]}},"_links":{"self":[{"href":"https:\/\/www.filantropiacortessolari.cl\/en\/wp-json\/wp\/v2\/posts\/12043","targetHints":{"allow":["GET"]}}],"collection":[{"href":"https:\/\/www.filantropiacortessolari.cl\/en\/wp-json\/wp\/v2\/posts"}],"about":[{"href":"https:\/\/www.filantropiacortessolari.cl\/en\/wp-json\/wp\/v2\/types\/post"}],"author":[{"embeddable":true,"href":"https:\/\/www.filantropiacortessolari.cl\/en\/wp-json\/wp\/v2\/users\/1"}],"replies":[{"embeddable":true,"href":"https:\/\/www.filantropiacortessolari.cl\/en\/wp-json\/wp\/v2\/comments?post=12043"}],"version-history":[{"count":2,"href":"https:\/\/www.filantropiacortessolari.cl\/en\/wp-json\/wp\/v2\/posts\/12043\/revisions"}],"predecessor-version":[{"id":12048,"href":"https:\/\/www.filantropiacortessolari.cl\/en\/wp-json\/wp\/v2\/posts\/12043\/revisions\/12048"}],"wp:featuredmedia":[{"embeddable":true,"href":"https:\/\/www.filantropiacortessolari.cl\/en\/wp-json\/wp\/v2\/media\/12045"}],"wp:attachment":[{"href":"https:\/\/www.filantropiacortessolari.cl\/en\/wp-json\/wp\/v2\/media?parent=12043"}],"wp:term":[{"taxonomy":"category","embeddable":true,"href":"https:\/\/www.filantropiacortessolari.cl\/en\/wp-json\/wp\/v2\/categories?post=12043"},{"taxonomy":"post_tag","embeddable":true,"href":"https:\/\/www.filantropiacortessolari.cl\/en\/wp-json\/wp\/v2\/tags?post=12043"}],"curies":[{"name":"wp","href":"https:\/\/api.w.org\/{rel}","templated":true}]}}