{"id":12063,"date":"2025-04-21T11:45:56","date_gmt":"2025-04-21T14:45:56","guid":{"rendered":"https:\/\/www.filantropiacortessolari.cl\/?p=12063"},"modified":"2025-04-21T12:07:34","modified_gmt":"2025-04-21T15:07:34","slug":"te-invitamos-a-ver-patagonia-azul-la-interconexion-de-la-vida-en-una-presentacion-especial-junto-a-su-realizador-daniel-casado","status":"publish","type":"post","link":"https:\/\/www.filantropiacortessolari.cl\/en\/te-invitamos-a-ver-patagonia-azul-la-interconexion-de-la-vida-en-una-presentacion-especial-junto-a-su-realizador-daniel-casado\/","title":{"rendered":"Te invitamos a ver &#8220;Patagonia Azul, la interconexi\u00f3n de la vida&#8221; en una presentaci\u00f3n especial junto a su realizador, Daniel Casado"},"content":{"rendered":"<style type=\"text\/css\"><\/style><h3>Sobre el documental<\/h3>\n<p>Cuatro a\u00f1os de registro en el Golfo Corcovado, Patagonia, Chile. Cientos de horas destinadas a monitorear, medir, rastrear, oler, calcular, identificar, recolectar, muestrear, fotografiar. Cuatro expediciones cient\u00edficas dedicadas a buscar las afirmaciones que defiendan la protecci\u00f3n de nuestros ecosistemas. Una invitaci\u00f3n a dejar de darle la espalda al mar.<\/p>\n<p>\u00abPatagonia Azul, la interconexi\u00f3n de la vida\u00bb, estrenado en 2017 y premiado en festivales internacionales,  es un relato que apela a cambiar el punto de vista y observar que el vector que mueve la evoluci\u00f3n no es la competencia entre las especies por sobrevivir, si no la co-operaci\u00f3n entre todos y cada uno de los entes de la naturaleza por convivir.<\/p>\n<p>33 minutos que revelan el cambio de paradigma que ha vivido la historia ballenera en Chile. Desde la historia, la antropolog\u00eda, las ciencias exactas y la filantrop\u00eda se analiza c\u00f3mo se ha pasado de ser un pa\u00eds cazador de cet\u00e1ceos a uno que lucha por protegerlos. Expediciones lideradas por Fundaci\u00f3n MERI , de Filantrop\u00eda Cort\u00e9s Solari, permiten develar el esfuerzo cient\u00edfico y privado por preservar la vida y h\u00e1bitat del animal m\u00e1s grande de la Tierra: la ballena azul. La angustia se convierte en esperanza.<\/p>\n<p>A trav\u00e9s de la direcci\u00f3n de Daniel Casado y la producci\u00f3n colaborativa de Fundaci\u00f3n MERI y DC Photo, se elabor\u00f3 una obra que pone \u00e9nfasis en c\u00f3mo todo en la naturaleza se encuentra estrechamente ligado. La importancia de preservar nuestro ecosistema aparece como eje central  y, sobre todo, reconocer la fragilidad de \u00e9ste. De esta forma, el cuidado de la ballena azul se traduce en la conservaci\u00f3n de toda una rica comunidad de cohabitantes.<\/p>\n<h3>D\u00f3nde y cu\u00e1ndo:<\/h3>\n<p>Lunes 21 de abril de 2025, 18:30 horas en Estaci\u00f3n LAV<br \/>\nMetro Estaci\u00f3n Baquedano, entrada por Av. General Bustamente.<\/p>\n<p>Funci\u00f3n gratuita<br \/>\nInscripciones en <a href=\"http:\/\/estacionlav.org\/\">http:\/\/estacionlav.org\/<\/a><\/p>\n<p>Te esperamos!!<\/p>\n<p>\ud83d\udcfa FCS.TV<\/p>\n","protected":false},"excerpt":{"rendered":"<p>Sobre el documental Cuatro a\u00f1os de registro en el Golfo Corcovado, Patagonia, Chile. Cientos de horas destinadas a monitorear, medir, rastrear, oler, calcular, identificar, recolectar, muestrear, fotografiar. Cuatro expediciones cient\u00edficas dedicadas a buscar las afirmaciones que defiendan la protecci\u00f3n de nuestros ecosistemas. Una invitaci\u00f3n a dejar de darle la espalda al mar. \u00abPatagonia Azul, la&#8230;<\/p>\n","protected":false},"author":1,"featured_media":12065,"comment_status":"closed","ping_status":"closed","sticky":false,"template":"","format":"standard","meta":{"footnotes":""},"categories":[31],"tags":[],"class_list":["post-12063","post","type-post","status-publish","format-standard","has-post-thumbnail","hentry","category-noticias"],"translation":{"provider":"WPGlobus","version":"3.0.2","language":"en","enabled_languages":["es","en"],"languages":{"es":{"title":true,"content":true,"excerpt":false},"en":{"title":false,"content":false,"excerpt":false}}},"yoast_head":"<!-- This site is optimized with the Yoast SEO plugin v27.4 - https:\/\/yoast.com\/product\/yoast-seo-wordpress\/ -->\n<title>Te invitamos a ver &quot;Patagonia Azul, la interconexi\u00f3n de la vida&quot; en una presentaci\u00f3n especial junto a su realizador, Daniel Casado<\/title>\n<meta name=\"robots\" content=\"index, follow, max-snippet:-1, max-image-preview:large, max-video-preview:-1\" \/>\n<link rel=\"canonical\" href=\"https:\/\/www.filantropiacortessolari.cl\/te-invitamos-a-ver-patagonia-azul-la-interconexion-de-la-vida-en-una-presentacion-especial-junto-a-su-realizador-daniel-casado\/\" \/>\n<meta property=\"og:locale\" content=\"en_US\" \/>\n<meta property=\"og:type\" content=\"article\" \/>\n<meta property=\"og:title\" content=\"Te invitamos a ver &quot;Patagonia Azul, la interconexi\u00f3n de la vida&quot; en una presentaci\u00f3n especial junto a su realizador, Daniel Casado\" \/>\n<meta property=\"og:url\" content=\"https:\/\/www.filantropiacortessolari.cl\/te-invitamos-a-ver-patagonia-azul-la-interconexion-de-la-vida-en-una-presentacion-especial-junto-a-su-realizador-daniel-casado\/\" \/>\n<meta property=\"og:site_name\" content=\"Filantrop\u00eda Cort\u00e9s Solari\" \/>\n<meta property=\"article:published_time\" content=\"2025-04-21T14:45:56+00:00\" \/>\n<meta property=\"article:modified_time\" content=\"2025-04-21T15:07:34+00:00\" \/>\n<meta property=\"og:image\" content=\"https:\/\/www.filantropiacortessolari.cl\/wp-content\/uploads\/2025\/04\/banner.jpeg\" \/>\n\t<meta property=\"og:image:width\" content=\"1280\" \/>\n\t<meta property=\"og:image:height\" content=\"853\" \/>\n\t<meta property=\"og:image:type\" content=\"image\/jpeg\" \/>\n<meta name=\"author\" content=\"Filantrop\u00eda Cort\u00e9s Solari\" \/>\n<meta name=\"twitter:card\" content=\"summary_large_image\" \/>\n<meta name=\"twitter:label1\" content=\"Written by\" \/>\n\t<meta name=\"twitter:data1\" content=\"Filantrop\u00eda Cort\u00e9s Solari\" \/>\n\t<meta name=\"twitter:label2\" content=\"Est. reading time\" \/>\n\t<meta name=\"twitter:data2\" content=\"2 minutes\" \/>\n<script type=\"application\/ld+json\" class=\"yoast-schema-graph\">{\"@context\":\"https:\\\/\\\/schema.org\",\"@graph\":[{\"@type\":\"Article\",\"@id\":\"https:\\\/\\\/www.filantropiacortessolari.cl\\\/te-invitamos-a-ver-patagonia-azul-la-interconexion-de-la-vida-en-una-presentacion-especial-junto-a-su-realizador-daniel-casado\\\/#article\",\"isPartOf\":{\"@id\":\"https:\\\/\\\/www.filantropiacortessolari.cl\\\/te-invitamos-a-ver-patagonia-azul-la-interconexion-de-la-vida-en-una-presentacion-especial-junto-a-su-realizador-daniel-casado\\\/\"},\"author\":{\"name\":\"Filantrop\u00eda Cort\u00e9s Solari\",\"@id\":\"https:\\\/\\\/www.filantropiacortessolari.cl\\\/#\\\/schema\\\/person\\\/e099cf1046922f4f5892172332dc86c0\"},\"headline\":\"Te invitamos a ver &#8220;Patagonia Azul, la interconexi\u00f3n de la vida&#8221; en una presentaci\u00f3n especial junto a su realizador, Daniel Casado\",\"datePublished\":\"2025-04-21T14:45:56+00:00\",\"dateModified\":\"2025-04-21T15:07:34+00:00\",\"mainEntityOfPage\":{\"@id\":\"https:\\\/\\\/www.filantropiacortessolari.cl\\\/te-invitamos-a-ver-patagonia-azul-la-interconexion-de-la-vida-en-una-presentacion-especial-junto-a-su-realizador-daniel-casado\\\/\"},\"wordCount\":351,\"image\":{\"@id\":\"https:\\\/\\\/www.filantropiacortessolari.cl\\\/te-invitamos-a-ver-patagonia-azul-la-interconexion-de-la-vida-en-una-presentacion-especial-junto-a-su-realizador-daniel-casado\\\/#primaryimage\"},\"thumbnailUrl\":\"https:\\\/\\\/www.filantropiacortessolari.cl\\\/wp-content\\\/uploads\\\/2025\\\/04\\\/banner.jpeg\",\"articleSection\":[\"Noticias\"],\"inLanguage\":\"en-US\"},{\"@type\":\"WebPage\",\"@id\":\"https:\\\/\\\/www.filantropiacortessolari.cl\\\/te-invitamos-a-ver-patagonia-azul-la-interconexion-de-la-vida-en-una-presentacion-especial-junto-a-su-realizador-daniel-casado\\\/\",\"url\":\"https:\\\/\\\/www.filantropiacortessolari.cl\\\/te-invitamos-a-ver-patagonia-azul-la-interconexion-de-la-vida-en-una-presentacion-especial-junto-a-su-realizador-daniel-casado\\\/\",\"name\":\"Te invitamos a ver \\\"Patagonia Azul, la interconexi\u00f3n de la vida\\\" en una presentaci\u00f3n especial junto a su realizador, Daniel Casado\",\"isPartOf\":{\"@id\":\"https:\\\/\\\/www.filantropiacortessolari.cl\\\/#website\"},\"primaryImageOfPage\":{\"@id\":\"https:\\\/\\\/www.filantropiacortessolari.cl\\\/te-invitamos-a-ver-patagonia-azul-la-interconexion-de-la-vida-en-una-presentacion-especial-junto-a-su-realizador-daniel-casado\\\/#primaryimage\"},\"image\":{\"@id\":\"https:\\\/\\\/www.filantropiacortessolari.cl\\\/te-invitamos-a-ver-patagonia-azul-la-interconexion-de-la-vida-en-una-presentacion-especial-junto-a-su-realizador-daniel-casado\\\/#primaryimage\"},\"thumbnailUrl\":\"https:\\\/\\\/www.filantropiacortessolari.cl\\\/wp-content\\\/uploads\\\/2025\\\/04\\\/banner.jpeg\",\"datePublished\":\"2025-04-21T14:45:56+00:00\",\"dateModified\":\"2025-04-21T15:07:34+00:00\",\"author\":{\"@id\":\"https:\\\/\\\/www.filantropiacortessolari.cl\\\/#\\\/schema\\\/person\\\/e099cf1046922f4f5892172332dc86c0\"},\"breadcrumb\":{\"@id\":\"https:\\\/\\\/www.filantropiacortessolari.cl\\\/te-invitamos-a-ver-patagonia-azul-la-interconexion-de-la-vida-en-una-presentacion-especial-junto-a-su-realizador-daniel-casado\\\/#breadcrumb\"},\"inLanguage\":\"en-US\",\"potentialAction\":[{\"@type\":\"ReadAction\",\"target\":[\"https:\\\/\\\/www.filantropiacortessolari.cl\\\/te-invitamos-a-ver-patagonia-azul-la-interconexion-de-la-vida-en-una-presentacion-especial-junto-a-su-realizador-daniel-casado\\\/\"]}]},{\"@type\":\"ImageObject\",\"inLanguage\":\"en-US\",\"@id\":\"https:\\\/\\\/www.filantropiacortessolari.cl\\\/te-invitamos-a-ver-patagonia-azul-la-interconexion-de-la-vida-en-una-presentacion-especial-junto-a-su-realizador-daniel-casado\\\/#primaryimage\",\"url\":\"https:\\\/\\\/www.filantropiacortessolari.cl\\\/wp-content\\\/uploads\\\/2025\\\/04\\\/banner.jpeg\",\"contentUrl\":\"https:\\\/\\\/www.filantropiacortessolari.cl\\\/wp-content\\\/uploads\\\/2025\\\/04\\\/banner.jpeg\",\"width\":1280,\"height\":853},{\"@type\":\"BreadcrumbList\",\"@id\":\"https:\\\/\\\/www.filantropiacortessolari.cl\\\/te-invitamos-a-ver-patagonia-azul-la-interconexion-de-la-vida-en-una-presentacion-especial-junto-a-su-realizador-daniel-casado\\\/#breadcrumb\",\"itemListElement\":[{\"@type\":\"ListItem\",\"position\":1,\"name\":\"Portada\",\"item\":\"https:\\\/\\\/www.filantropiacortessolari.cl\\\/\"},{\"@type\":\"ListItem\",\"position\":2,\"name\":\"Te invitamos a ver &#8220;Patagonia Azul, la interconexi\u00f3n de la vida&#8221; en una presentaci\u00f3n especial junto a su realizador, Daniel Casado\"}]},{\"@type\":\"WebSite\",\"@id\":\"https:\\\/\\\/www.filantropiacortessolari.cl\\\/#website\",\"url\":\"https:\\\/\\\/www.filantropiacortessolari.cl\\\/\",\"name\":\"Filantrop\u00eda Cort\u00e9s Solari\",\"description\":\"Sitio web Filantrop\u00eda Cort\u00e9s Solari\",\"potentialAction\":[{\"@type\":\"SearchAction\",\"target\":{\"@type\":\"EntryPoint\",\"urlTemplate\":\"https:\\\/\\\/www.filantropiacortessolari.cl\\\/?s={search_term_string}\"},\"query-input\":{\"@type\":\"PropertyValueSpecification\",\"valueRequired\":true,\"valueName\":\"search_term_string\"}}],\"inLanguage\":\"en-US\"},{\"@type\":\"Person\",\"@id\":\"https:\\\/\\\/www.filantropiacortessolari.cl\\\/#\\\/schema\\\/person\\\/e099cf1046922f4f5892172332dc86c0\",\"name\":\"Filantrop\u00eda Cort\u00e9s Solari\",\"image\":{\"@type\":\"ImageObject\",\"inLanguage\":\"en-US\",\"@id\":\"https:\\\/\\\/secure.gravatar.com\\\/avatar\\\/9d17bfe24074ed7576e70cbeb8e010cdd7d01fae9f2047bd96cccbe629ec3c11?s=96&d=mm&r=g\",\"url\":\"https:\\\/\\\/secure.gravatar.com\\\/avatar\\\/9d17bfe24074ed7576e70cbeb8e010cdd7d01fae9f2047bd96cccbe629ec3c11?s=96&d=mm&r=g\",\"contentUrl\":\"https:\\\/\\\/secure.gravatar.com\\\/avatar\\\/9d17bfe24074ed7576e70cbeb8e010cdd7d01fae9f2047bd96cccbe629ec3c11?s=96&d=mm&r=g\",\"caption\":\"Filantrop\u00eda Cort\u00e9s Solari\"},\"url\":\"https:\\\/\\\/www.filantropiacortessolari.cl\\\/en\\\/author\\\/filantropia-cortes-solari\\\/\"}]}<\/script>\n<!-- \/ Yoast SEO plugin. -->","yoast_head_json":{"title":"Te invitamos a ver \"Patagonia Azul, la interconexi\u00f3n de la vida\" en una presentaci\u00f3n especial junto a su realizador, Daniel Casado","robots":{"index":"index","follow":"follow","max-snippet":"max-snippet:-1","max-image-preview":"max-image-preview:large","max-video-preview":"max-video-preview:-1"},"canonical":"https:\/\/www.filantropiacortessolari.cl\/te-invitamos-a-ver-patagonia-azul-la-interconexion-de-la-vida-en-una-presentacion-especial-junto-a-su-realizador-daniel-casado\/","og_locale":"en_US","og_type":"article","og_title":"Te invitamos a ver \"Patagonia Azul, la interconexi\u00f3n de la vida\" en una presentaci\u00f3n especial junto a su realizador, Daniel Casado","og_url":"https:\/\/www.filantropiacortessolari.cl\/te-invitamos-a-ver-patagonia-azul-la-interconexion-de-la-vida-en-una-presentacion-especial-junto-a-su-realizador-daniel-casado\/","og_site_name":"Filantrop\u00eda Cort\u00e9s Solari","article_published_time":"2025-04-21T14:45:56+00:00","article_modified_time":"2025-04-21T15:07:34+00:00","og_image":[{"width":1280,"height":853,"url":"https:\/\/www.filantropiacortessolari.cl\/wp-content\/uploads\/2025\/04\/banner.jpeg","type":"image\/jpeg"}],"author":"Filantrop\u00eda Cort\u00e9s Solari","twitter_card":"summary_large_image","twitter_misc":{"Written by":"Filantrop\u00eda Cort\u00e9s Solari","Est. reading time":"2 minutes"},"schema":{"@context":"https:\/\/schema.org","@graph":[{"@type":"Article","@id":"https:\/\/www.filantropiacortessolari.cl\/te-invitamos-a-ver-patagonia-azul-la-interconexion-de-la-vida-en-una-presentacion-especial-junto-a-su-realizador-daniel-casado\/#article","isPartOf":{"@id":"https:\/\/www.filantropiacortessolari.cl\/te-invitamos-a-ver-patagonia-azul-la-interconexion-de-la-vida-en-una-presentacion-especial-junto-a-su-realizador-daniel-casado\/"},"author":{"name":"Filantrop\u00eda Cort\u00e9s Solari","@id":"https:\/\/www.filantropiacortessolari.cl\/#\/schema\/person\/e099cf1046922f4f5892172332dc86c0"},"headline":"Te invitamos a ver &#8220;Patagonia Azul, la interconexi\u00f3n de la vida&#8221; en una presentaci\u00f3n especial junto a su realizador, Daniel Casado","datePublished":"2025-04-21T14:45:56+00:00","dateModified":"2025-04-21T15:07:34+00:00","mainEntityOfPage":{"@id":"https:\/\/www.filantropiacortessolari.cl\/te-invitamos-a-ver-patagonia-azul-la-interconexion-de-la-vida-en-una-presentacion-especial-junto-a-su-realizador-daniel-casado\/"},"wordCount":351,"image":{"@id":"https:\/\/www.filantropiacortessolari.cl\/te-invitamos-a-ver-patagonia-azul-la-interconexion-de-la-vida-en-una-presentacion-especial-junto-a-su-realizador-daniel-casado\/#primaryimage"},"thumbnailUrl":"https:\/\/www.filantropiacortessolari.cl\/wp-content\/uploads\/2025\/04\/banner.jpeg","articleSection":["Noticias"],"inLanguage":"en-US"},{"@type":"WebPage","@id":"https:\/\/www.filantropiacortessolari.cl\/te-invitamos-a-ver-patagonia-azul-la-interconexion-de-la-vida-en-una-presentacion-especial-junto-a-su-realizador-daniel-casado\/","url":"https:\/\/www.filantropiacortessolari.cl\/te-invitamos-a-ver-patagonia-azul-la-interconexion-de-la-vida-en-una-presentacion-especial-junto-a-su-realizador-daniel-casado\/","name":"Te invitamos a ver \"Patagonia Azul, la interconexi\u00f3n de la vida\" en una presentaci\u00f3n especial junto a su realizador, Daniel Casado","isPartOf":{"@id":"https:\/\/www.filantropiacortessolari.cl\/#website"},"primaryImageOfPage":{"@id":"https:\/\/www.filantropiacortessolari.cl\/te-invitamos-a-ver-patagonia-azul-la-interconexion-de-la-vida-en-una-presentacion-especial-junto-a-su-realizador-daniel-casado\/#primaryimage"},"image":{"@id":"https:\/\/www.filantropiacortessolari.cl\/te-invitamos-a-ver-patagonia-azul-la-interconexion-de-la-vida-en-una-presentacion-especial-junto-a-su-realizador-daniel-casado\/#primaryimage"},"thumbnailUrl":"https:\/\/www.filantropiacortessolari.cl\/wp-content\/uploads\/2025\/04\/banner.jpeg","datePublished":"2025-04-21T14:45:56+00:00","dateModified":"2025-04-21T15:07:34+00:00","author":{"@id":"https:\/\/www.filantropiacortessolari.cl\/#\/schema\/person\/e099cf1046922f4f5892172332dc86c0"},"breadcrumb":{"@id":"https:\/\/www.filantropiacortessolari.cl\/te-invitamos-a-ver-patagonia-azul-la-interconexion-de-la-vida-en-una-presentacion-especial-junto-a-su-realizador-daniel-casado\/#breadcrumb"},"inLanguage":"en-US","potentialAction":[{"@type":"ReadAction","target":["https:\/\/www.filantropiacortessolari.cl\/te-invitamos-a-ver-patagonia-azul-la-interconexion-de-la-vida-en-una-presentacion-especial-junto-a-su-realizador-daniel-casado\/"]}]},{"@type":"ImageObject","inLanguage":"en-US","@id":"https:\/\/www.filantropiacortessolari.cl\/te-invitamos-a-ver-patagonia-azul-la-interconexion-de-la-vida-en-una-presentacion-especial-junto-a-su-realizador-daniel-casado\/#primaryimage","url":"https:\/\/www.filantropiacortessolari.cl\/wp-content\/uploads\/2025\/04\/banner.jpeg","contentUrl":"https:\/\/www.filantropiacortessolari.cl\/wp-content\/uploads\/2025\/04\/banner.jpeg","width":1280,"height":853},{"@type":"BreadcrumbList","@id":"https:\/\/www.filantropiacortessolari.cl\/te-invitamos-a-ver-patagonia-azul-la-interconexion-de-la-vida-en-una-presentacion-especial-junto-a-su-realizador-daniel-casado\/#breadcrumb","itemListElement":[{"@type":"ListItem","position":1,"name":"Portada","item":"https:\/\/www.filantropiacortessolari.cl\/"},{"@type":"ListItem","position":2,"name":"Te invitamos a ver &#8220;Patagonia Azul, la interconexi\u00f3n de la vida&#8221; en una presentaci\u00f3n especial junto a su realizador, Daniel Casado"}]},{"@type":"WebSite","@id":"https:\/\/www.filantropiacortessolari.cl\/#website","url":"https:\/\/www.filantropiacortessolari.cl\/","name":"Filantrop\u00eda Cort\u00e9s Solari","description":"Sitio web Filantrop\u00eda Cort\u00e9s Solari","potentialAction":[{"@type":"SearchAction","target":{"@type":"EntryPoint","urlTemplate":"https:\/\/www.filantropiacortessolari.cl\/?s={search_term_string}"},"query-input":{"@type":"PropertyValueSpecification","valueRequired":true,"valueName":"search_term_string"}}],"inLanguage":"en-US"},{"@type":"Person","@id":"https:\/\/www.filantropiacortessolari.cl\/#\/schema\/person\/e099cf1046922f4f5892172332dc86c0","name":"Filantrop\u00eda Cort\u00e9s Solari","image":{"@type":"ImageObject","inLanguage":"en-US","@id":"https:\/\/secure.gravatar.com\/avatar\/9d17bfe24074ed7576e70cbeb8e010cdd7d01fae9f2047bd96cccbe629ec3c11?s=96&d=mm&r=g","url":"https:\/\/secure.gravatar.com\/avatar\/9d17bfe24074ed7576e70cbeb8e010cdd7d01fae9f2047bd96cccbe629ec3c11?s=96&d=mm&r=g","contentUrl":"https:\/\/secure.gravatar.com\/avatar\/9d17bfe24074ed7576e70cbeb8e010cdd7d01fae9f2047bd96cccbe629ec3c11?s=96&d=mm&r=g","caption":"Filantrop\u00eda Cort\u00e9s Solari"},"url":"https:\/\/www.filantropiacortessolari.cl\/en\/author\/filantropia-cortes-solari\/"}]}},"_links":{"self":[{"href":"https:\/\/www.filantropiacortessolari.cl\/en\/wp-json\/wp\/v2\/posts\/12063","targetHints":{"allow":["GET"]}}],"collection":[{"href":"https:\/\/www.filantropiacortessolari.cl\/en\/wp-json\/wp\/v2\/posts"}],"about":[{"href":"https:\/\/www.filantropiacortessolari.cl\/en\/wp-json\/wp\/v2\/types\/post"}],"author":[{"embeddable":true,"href":"https:\/\/www.filantropiacortessolari.cl\/en\/wp-json\/wp\/v2\/users\/1"}],"replies":[{"embeddable":true,"href":"https:\/\/www.filantropiacortessolari.cl\/en\/wp-json\/wp\/v2\/comments?post=12063"}],"version-history":[{"count":1,"href":"https:\/\/www.filantropiacortessolari.cl\/en\/wp-json\/wp\/v2\/posts\/12063\/revisions"}],"predecessor-version":[{"id":12064,"href":"https:\/\/www.filantropiacortessolari.cl\/en\/wp-json\/wp\/v2\/posts\/12063\/revisions\/12064"}],"wp:featuredmedia":[{"embeddable":true,"href":"https:\/\/www.filantropiacortessolari.cl\/en\/wp-json\/wp\/v2\/media\/12065"}],"wp:attachment":[{"href":"https:\/\/www.filantropiacortessolari.cl\/en\/wp-json\/wp\/v2\/media?parent=12063"}],"wp:term":[{"taxonomy":"category","embeddable":true,"href":"https:\/\/www.filantropiacortessolari.cl\/en\/wp-json\/wp\/v2\/categories?post=12063"},{"taxonomy":"post_tag","embeddable":true,"href":"https:\/\/www.filantropiacortessolari.cl\/en\/wp-json\/wp\/v2\/tags?post=12063"}],"curies":[{"name":"wp","href":"https:\/\/api.w.org\/{rel}","templated":true}]}}