{"id":12071,"date":"2025-05-15T12:24:07","date_gmt":"2025-05-15T15:24:07","guid":{"rendered":"https:\/\/www.filantropiacortessolari.cl\/?p=12071"},"modified":"2025-05-22T12:43:11","modified_gmt":"2025-05-22T15:43:11","slug":"documentales-zifio-el-ultimo-viaje-y-patagonia-azul-la-interconexion-de-la-vida","status":"publish","type":"post","link":"https:\/\/www.filantropiacortessolari.cl\/en\/documentales-zifio-el-ultimo-viaje-y-patagonia-azul-la-interconexion-de-la-vida\/","title":{"rendered":"[El Mostrador] Documentales \u201cZifio, el \u00faltimo viaje\u201d y \u201cPatagonia azul, la interconexi\u00f3n de la vida\u201d"},"content":{"rendered":"<style type=\"text\/css\"><\/style><p>Documentales \u201cZifio, el \u00faltimo viaje\u201d y \u201cPatagonia azul, la interconexi\u00f3n de la vida\u201d<\/p>\n<p>Centro de Arte Molino Machmar, Av. Gramado 1100, Puerto Varas.<br \/>\nViernes 16 de mayo \u2013 18:00 horas.<br \/>\nFilantrop\u00eda Cort\u00e9s Solari realizar\u00e1 la exhibici\u00f3n de estos documentales, que abordan la importancia de la conservaci\u00f3n de los oc\u00e9anos.<\/p>\n<p>La actividad es parte de la agenda cultural de Blue Week Los Lagos, evento que re\u00fane a actores del sector p\u00fablico, privado y a cient\u00edficos, en torno a la econom\u00eda azul y soluciones sostenibles.<\/p>\n<p>Los documentales que se exhibir\u00e1n son \u201cZifio, el \u00faltimo viaje\u201d y \u201cPatagonia azul, la interconexi\u00f3n de la vida\u201d, donde se hace un fuerte llamado a la protecci\u00f3n de los ecosistemas marinos.<\/p>\n<p><img loading=\"lazy\" decoding=\"async\" src=\"https:\/\/www.filantropiacortessolari.cl\/wp-content\/uploads\/2025\/05\/zifio-580x580.webp\" alt=\"\" width=\"500\" height=\"500\" class=\"aligncenter size-project-masonry-thumb wp-image-12076\" srcset=\"https:\/\/www.filantropiacortessolari.cl\/wp-content\/uploads\/2025\/05\/zifio-580x580.webp 580w, https:\/\/www.filantropiacortessolari.cl\/wp-content\/uploads\/2025\/05\/zifio-300x300.webp 300w, https:\/\/www.filantropiacortessolari.cl\/wp-content\/uploads\/2025\/05\/zifio-1024x1024.webp 1024w, https:\/\/www.filantropiacortessolari.cl\/wp-content\/uploads\/2025\/05\/zifio-150x150.webp 150w, https:\/\/www.filantropiacortessolari.cl\/wp-content\/uploads\/2025\/05\/zifio-768x768.webp 768w, https:\/\/www.filantropiacortessolari.cl\/wp-content\/uploads\/2025\/05\/zifio-55x55.webp 55w, https:\/\/www.filantropiacortessolari.cl\/wp-content\/uploads\/2025\/05\/zifio-250x250.webp 250w, https:\/\/www.filantropiacortessolari.cl\/wp-content\/uploads\/2025\/05\/zifio-820x820.webp 820w, https:\/\/www.filantropiacortessolari.cl\/wp-content\/uploads\/2025\/05\/zifio.webp 1080w\" sizes=\"auto, (max-width: 500px) 100vw, 500px\" \/><\/p>\n<p><img loading=\"lazy\" decoding=\"async\" src=\"https:\/\/www.filantropiacortessolari.cl\/wp-content\/uploads\/2025\/05\/patagoniaazul.webp\" alt=\"\" width=\"500\" height=\"500\" class=\"aligncenter size-full wp-image-12073\" srcset=\"https:\/\/www.filantropiacortessolari.cl\/wp-content\/uploads\/2025\/05\/patagoniaazul.webp 500w, https:\/\/www.filantropiacortessolari.cl\/wp-content\/uploads\/2025\/05\/patagoniaazul-300x300.webp 300w, https:\/\/www.filantropiacortessolari.cl\/wp-content\/uploads\/2025\/05\/patagoniaazul-150x150.webp 150w, https:\/\/www.filantropiacortessolari.cl\/wp-content\/uploads\/2025\/05\/patagoniaazul-55x55.webp 55w, https:\/\/www.filantropiacortessolari.cl\/wp-content\/uploads\/2025\/05\/patagoniaazul-250x250.webp 250w\" sizes=\"auto, (max-width: 500px) 100vw, 500px\" \/><\/p>\n<p>\u201cPara Filantrop\u00eda Cort\u00e9s Solari es relevante participar en Blue Week Los Lagos pues se trata de un encuentro entre el sector p\u00fablico-privado y cient\u00edfico, que contribuye a conservar los oc\u00e9anos. Adem\u00e1s de ser parte de los paneles, exhibiremos documentales que abogan por la protecci\u00f3n de los ecosistemas marinos, que es algo que hemos impulsado hace 25 a\u00f1os\u201d, se\u00f1alaron desde la instituci\u00f3n.<\/p>\n<p><a href=\"https:\/\/fcs.tv\/\" target=\"_blank\">Puedes ver ambos documentales en fcs.tv<\/a><\/p>\n<p>Fuente: <a href=\"https:\/\/www.elmostrador.cl\/cultura\/agenda\/2025\/05\/15\/documentales-zifio-el-ultimo-viaje-y-patagonia-azul-la-interconexion-de-la-vida\/\" target=\"_blank\">El Mostrador<\/a><\/p>\n","protected":false},"excerpt":{"rendered":"<p>Documentales \u201cZifio, el \u00faltimo viaje\u201d y \u201cPatagonia azul, la interconexi\u00f3n de la vida\u201d Centro de Arte Molino Machmar, Av. Gramado 1100, Puerto Varas. Viernes 16 de mayo \u2013 18:00 horas. Filantrop\u00eda Cort\u00e9s Solari realizar\u00e1 la exhibici\u00f3n de estos documentales, que abordan la importancia de la conservaci\u00f3n de los oc\u00e9anos. La actividad es parte de la&#8230;<\/p>\n","protected":false},"author":1,"featured_media":11355,"comment_status":"closed","ping_status":"closed","sticky":false,"template":"","format":"standard","meta":{"footnotes":""},"categories":[31,5,6],"tags":[],"class_list":["post-12071","post","type-post","status-publish","format-standard","has-post-thumbnail","hentry","category-noticias","category-prensa-escrita","category-fundacion-meri"],"translation":{"provider":"WPGlobus","version":"3.0.2","language":"en","enabled_languages":["es","en"],"languages":{"es":{"title":true,"content":true,"excerpt":false},"en":{"title":false,"content":false,"excerpt":false}}},"yoast_head":"<!-- This site is optimized with the Yoast SEO plugin v27.4 - https:\/\/yoast.com\/product\/yoast-seo-wordpress\/ -->\n<title>[El Mostrador] Documentales \u201cZifio, el \u00faltimo viaje\u201d y \u201cPatagonia azul, la interconexi\u00f3n de la vida\u201d<\/title>\n<meta name=\"robots\" content=\"index, follow, max-snippet:-1, max-image-preview:large, max-video-preview:-1\" \/>\n<link rel=\"canonical\" href=\"https:\/\/www.filantropiacortessolari.cl\/documentales-zifio-el-ultimo-viaje-y-patagonia-azul-la-interconexion-de-la-vida\/\" \/>\n<meta property=\"og:locale\" content=\"en_US\" \/>\n<meta property=\"og:type\" content=\"article\" \/>\n<meta property=\"og:title\" content=\"[El Mostrador] Documentales \u201cZifio, el \u00faltimo viaje\u201d y \u201cPatagonia azul, la interconexi\u00f3n de la vida\u201d\" \/>\n<meta property=\"og:url\" content=\"https:\/\/www.filantropiacortessolari.cl\/documentales-zifio-el-ultimo-viaje-y-patagonia-azul-la-interconexion-de-la-vida\/\" \/>\n<meta property=\"og:site_name\" content=\"Filantrop\u00eda Cort\u00e9s Solari\" \/>\n<meta property=\"article:published_time\" content=\"2025-05-15T15:24:07+00:00\" \/>\n<meta property=\"article:modified_time\" content=\"2025-05-22T15:43:11+00:00\" \/>\n<meta property=\"og:image\" content=\"https:\/\/www.filantropiacortessolari.cl\/wp-content\/uploads\/2023\/02\/ballena.jpg\" \/>\n\t<meta property=\"og:image:width\" content=\"1280\" \/>\n\t<meta property=\"og:image:height\" content=\"853\" \/>\n\t<meta property=\"og:image:type\" content=\"image\/jpeg\" \/>\n<meta name=\"author\" content=\"Filantrop\u00eda Cort\u00e9s Solari\" \/>\n<meta name=\"twitter:card\" content=\"summary_large_image\" \/>\n<meta name=\"twitter:label1\" content=\"Written by\" \/>\n\t<meta name=\"twitter:data1\" content=\"Filantrop\u00eda Cort\u00e9s Solari\" \/>\n\t<meta name=\"twitter:label2\" content=\"Est. reading time\" \/>\n\t<meta name=\"twitter:data2\" content=\"2 minutes\" \/>\n<script type=\"application\/ld+json\" class=\"yoast-schema-graph\">{\"@context\":\"https:\\\/\\\/schema.org\",\"@graph\":[{\"@type\":\"Article\",\"@id\":\"https:\\\/\\\/www.filantropiacortessolari.cl\\\/documentales-zifio-el-ultimo-viaje-y-patagonia-azul-la-interconexion-de-la-vida\\\/#article\",\"isPartOf\":{\"@id\":\"https:\\\/\\\/www.filantropiacortessolari.cl\\\/documentales-zifio-el-ultimo-viaje-y-patagonia-azul-la-interconexion-de-la-vida\\\/\"},\"author\":{\"name\":\"Filantrop\u00eda Cort\u00e9s Solari\",\"@id\":\"https:\\\/\\\/www.filantropiacortessolari.cl\\\/#\\\/schema\\\/person\\\/e099cf1046922f4f5892172332dc86c0\"},\"headline\":\"[El Mostrador] Documentales \u201cZifio, el \u00faltimo viaje\u201d y \u201cPatagonia azul, la interconexi\u00f3n de la vida\u201d\",\"datePublished\":\"2025-05-15T15:24:07+00:00\",\"dateModified\":\"2025-05-22T15:43:11+00:00\",\"mainEntityOfPage\":{\"@id\":\"https:\\\/\\\/www.filantropiacortessolari.cl\\\/documentales-zifio-el-ultimo-viaje-y-patagonia-azul-la-interconexion-de-la-vida\\\/\"},\"wordCount\":219,\"image\":{\"@id\":\"https:\\\/\\\/www.filantropiacortessolari.cl\\\/documentales-zifio-el-ultimo-viaje-y-patagonia-azul-la-interconexion-de-la-vida\\\/#primaryimage\"},\"thumbnailUrl\":\"https:\\\/\\\/www.filantropiacortessolari.cl\\\/wp-content\\\/uploads\\\/2023\\\/02\\\/ballena.jpg\",\"articleSection\":[\"Noticias\",\"Prensa Escrita\",\"Prensa MERI\"],\"inLanguage\":\"en-US\"},{\"@type\":\"WebPage\",\"@id\":\"https:\\\/\\\/www.filantropiacortessolari.cl\\\/documentales-zifio-el-ultimo-viaje-y-patagonia-azul-la-interconexion-de-la-vida\\\/\",\"url\":\"https:\\\/\\\/www.filantropiacortessolari.cl\\\/documentales-zifio-el-ultimo-viaje-y-patagonia-azul-la-interconexion-de-la-vida\\\/\",\"name\":\"[El Mostrador] Documentales \u201cZifio, el \u00faltimo viaje\u201d y \u201cPatagonia azul, la interconexi\u00f3n de la vida\u201d\",\"isPartOf\":{\"@id\":\"https:\\\/\\\/www.filantropiacortessolari.cl\\\/#website\"},\"primaryImageOfPage\":{\"@id\":\"https:\\\/\\\/www.filantropiacortessolari.cl\\\/documentales-zifio-el-ultimo-viaje-y-patagonia-azul-la-interconexion-de-la-vida\\\/#primaryimage\"},\"image\":{\"@id\":\"https:\\\/\\\/www.filantropiacortessolari.cl\\\/documentales-zifio-el-ultimo-viaje-y-patagonia-azul-la-interconexion-de-la-vida\\\/#primaryimage\"},\"thumbnailUrl\":\"https:\\\/\\\/www.filantropiacortessolari.cl\\\/wp-content\\\/uploads\\\/2023\\\/02\\\/ballena.jpg\",\"datePublished\":\"2025-05-15T15:24:07+00:00\",\"dateModified\":\"2025-05-22T15:43:11+00:00\",\"author\":{\"@id\":\"https:\\\/\\\/www.filantropiacortessolari.cl\\\/#\\\/schema\\\/person\\\/e099cf1046922f4f5892172332dc86c0\"},\"breadcrumb\":{\"@id\":\"https:\\\/\\\/www.filantropiacortessolari.cl\\\/documentales-zifio-el-ultimo-viaje-y-patagonia-azul-la-interconexion-de-la-vida\\\/#breadcrumb\"},\"inLanguage\":\"en-US\",\"potentialAction\":[{\"@type\":\"ReadAction\",\"target\":[\"https:\\\/\\\/www.filantropiacortessolari.cl\\\/documentales-zifio-el-ultimo-viaje-y-patagonia-azul-la-interconexion-de-la-vida\\\/\"]}]},{\"@type\":\"ImageObject\",\"inLanguage\":\"en-US\",\"@id\":\"https:\\\/\\\/www.filantropiacortessolari.cl\\\/documentales-zifio-el-ultimo-viaje-y-patagonia-azul-la-interconexion-de-la-vida\\\/#primaryimage\",\"url\":\"https:\\\/\\\/www.filantropiacortessolari.cl\\\/wp-content\\\/uploads\\\/2023\\\/02\\\/ballena.jpg\",\"contentUrl\":\"https:\\\/\\\/www.filantropiacortessolari.cl\\\/wp-content\\\/uploads\\\/2023\\\/02\\\/ballena.jpg\",\"width\":1280,\"height\":853},{\"@type\":\"BreadcrumbList\",\"@id\":\"https:\\\/\\\/www.filantropiacortessolari.cl\\\/documentales-zifio-el-ultimo-viaje-y-patagonia-azul-la-interconexion-de-la-vida\\\/#breadcrumb\",\"itemListElement\":[{\"@type\":\"ListItem\",\"position\":1,\"name\":\"Portada\",\"item\":\"https:\\\/\\\/www.filantropiacortessolari.cl\\\/\"},{\"@type\":\"ListItem\",\"position\":2,\"name\":\"[El Mostrador] Documentales \u201cZifio, el \u00faltimo viaje\u201d y \u201cPatagonia azul, la interconexi\u00f3n de la vida\u201d\"}]},{\"@type\":\"WebSite\",\"@id\":\"https:\\\/\\\/www.filantropiacortessolari.cl\\\/#website\",\"url\":\"https:\\\/\\\/www.filantropiacortessolari.cl\\\/\",\"name\":\"Filantrop\u00eda Cort\u00e9s Solari\",\"description\":\"Sitio web Filantrop\u00eda Cort\u00e9s Solari\",\"potentialAction\":[{\"@type\":\"SearchAction\",\"target\":{\"@type\":\"EntryPoint\",\"urlTemplate\":\"https:\\\/\\\/www.filantropiacortessolari.cl\\\/?s={search_term_string}\"},\"query-input\":{\"@type\":\"PropertyValueSpecification\",\"valueRequired\":true,\"valueName\":\"search_term_string\"}}],\"inLanguage\":\"en-US\"},{\"@type\":\"Person\",\"@id\":\"https:\\\/\\\/www.filantropiacortessolari.cl\\\/#\\\/schema\\\/person\\\/e099cf1046922f4f5892172332dc86c0\",\"name\":\"Filantrop\u00eda Cort\u00e9s Solari\",\"image\":{\"@type\":\"ImageObject\",\"inLanguage\":\"en-US\",\"@id\":\"https:\\\/\\\/secure.gravatar.com\\\/avatar\\\/9d17bfe24074ed7576e70cbeb8e010cdd7d01fae9f2047bd96cccbe629ec3c11?s=96&d=mm&r=g\",\"url\":\"https:\\\/\\\/secure.gravatar.com\\\/avatar\\\/9d17bfe24074ed7576e70cbeb8e010cdd7d01fae9f2047bd96cccbe629ec3c11?s=96&d=mm&r=g\",\"contentUrl\":\"https:\\\/\\\/secure.gravatar.com\\\/avatar\\\/9d17bfe24074ed7576e70cbeb8e010cdd7d01fae9f2047bd96cccbe629ec3c11?s=96&d=mm&r=g\",\"caption\":\"Filantrop\u00eda Cort\u00e9s Solari\"},\"url\":\"https:\\\/\\\/www.filantropiacortessolari.cl\\\/en\\\/author\\\/filantropia-cortes-solari\\\/\"}]}<\/script>\n<!-- \/ Yoast SEO plugin. -->","yoast_head_json":{"title":"[El Mostrador] Documentales \u201cZifio, el \u00faltimo viaje\u201d y \u201cPatagonia azul, la interconexi\u00f3n de la vida\u201d","robots":{"index":"index","follow":"follow","max-snippet":"max-snippet:-1","max-image-preview":"max-image-preview:large","max-video-preview":"max-video-preview:-1"},"canonical":"https:\/\/www.filantropiacortessolari.cl\/documentales-zifio-el-ultimo-viaje-y-patagonia-azul-la-interconexion-de-la-vida\/","og_locale":"en_US","og_type":"article","og_title":"[El Mostrador] Documentales \u201cZifio, el \u00faltimo viaje\u201d y \u201cPatagonia azul, la interconexi\u00f3n de la vida\u201d","og_url":"https:\/\/www.filantropiacortessolari.cl\/documentales-zifio-el-ultimo-viaje-y-patagonia-azul-la-interconexion-de-la-vida\/","og_site_name":"Filantrop\u00eda Cort\u00e9s Solari","article_published_time":"2025-05-15T15:24:07+00:00","article_modified_time":"2025-05-22T15:43:11+00:00","og_image":[{"width":1280,"height":853,"url":"https:\/\/www.filantropiacortessolari.cl\/wp-content\/uploads\/2023\/02\/ballena.jpg","type":"image\/jpeg"}],"author":"Filantrop\u00eda Cort\u00e9s Solari","twitter_card":"summary_large_image","twitter_misc":{"Written by":"Filantrop\u00eda Cort\u00e9s Solari","Est. reading time":"2 minutes"},"schema":{"@context":"https:\/\/schema.org","@graph":[{"@type":"Article","@id":"https:\/\/www.filantropiacortessolari.cl\/documentales-zifio-el-ultimo-viaje-y-patagonia-azul-la-interconexion-de-la-vida\/#article","isPartOf":{"@id":"https:\/\/www.filantropiacortessolari.cl\/documentales-zifio-el-ultimo-viaje-y-patagonia-azul-la-interconexion-de-la-vida\/"},"author":{"name":"Filantrop\u00eda Cort\u00e9s Solari","@id":"https:\/\/www.filantropiacortessolari.cl\/#\/schema\/person\/e099cf1046922f4f5892172332dc86c0"},"headline":"[El Mostrador] Documentales \u201cZifio, el \u00faltimo viaje\u201d y \u201cPatagonia azul, la interconexi\u00f3n de la vida\u201d","datePublished":"2025-05-15T15:24:07+00:00","dateModified":"2025-05-22T15:43:11+00:00","mainEntityOfPage":{"@id":"https:\/\/www.filantropiacortessolari.cl\/documentales-zifio-el-ultimo-viaje-y-patagonia-azul-la-interconexion-de-la-vida\/"},"wordCount":219,"image":{"@id":"https:\/\/www.filantropiacortessolari.cl\/documentales-zifio-el-ultimo-viaje-y-patagonia-azul-la-interconexion-de-la-vida\/#primaryimage"},"thumbnailUrl":"https:\/\/www.filantropiacortessolari.cl\/wp-content\/uploads\/2023\/02\/ballena.jpg","articleSection":["Noticias","Prensa Escrita","Prensa MERI"],"inLanguage":"en-US"},{"@type":"WebPage","@id":"https:\/\/www.filantropiacortessolari.cl\/documentales-zifio-el-ultimo-viaje-y-patagonia-azul-la-interconexion-de-la-vida\/","url":"https:\/\/www.filantropiacortessolari.cl\/documentales-zifio-el-ultimo-viaje-y-patagonia-azul-la-interconexion-de-la-vida\/","name":"[El Mostrador] Documentales \u201cZifio, el \u00faltimo viaje\u201d y \u201cPatagonia azul, la interconexi\u00f3n de la vida\u201d","isPartOf":{"@id":"https:\/\/www.filantropiacortessolari.cl\/#website"},"primaryImageOfPage":{"@id":"https:\/\/www.filantropiacortessolari.cl\/documentales-zifio-el-ultimo-viaje-y-patagonia-azul-la-interconexion-de-la-vida\/#primaryimage"},"image":{"@id":"https:\/\/www.filantropiacortessolari.cl\/documentales-zifio-el-ultimo-viaje-y-patagonia-azul-la-interconexion-de-la-vida\/#primaryimage"},"thumbnailUrl":"https:\/\/www.filantropiacortessolari.cl\/wp-content\/uploads\/2023\/02\/ballena.jpg","datePublished":"2025-05-15T15:24:07+00:00","dateModified":"2025-05-22T15:43:11+00:00","author":{"@id":"https:\/\/www.filantropiacortessolari.cl\/#\/schema\/person\/e099cf1046922f4f5892172332dc86c0"},"breadcrumb":{"@id":"https:\/\/www.filantropiacortessolari.cl\/documentales-zifio-el-ultimo-viaje-y-patagonia-azul-la-interconexion-de-la-vida\/#breadcrumb"},"inLanguage":"en-US","potentialAction":[{"@type":"ReadAction","target":["https:\/\/www.filantropiacortessolari.cl\/documentales-zifio-el-ultimo-viaje-y-patagonia-azul-la-interconexion-de-la-vida\/"]}]},{"@type":"ImageObject","inLanguage":"en-US","@id":"https:\/\/www.filantropiacortessolari.cl\/documentales-zifio-el-ultimo-viaje-y-patagonia-azul-la-interconexion-de-la-vida\/#primaryimage","url":"https:\/\/www.filantropiacortessolari.cl\/wp-content\/uploads\/2023\/02\/ballena.jpg","contentUrl":"https:\/\/www.filantropiacortessolari.cl\/wp-content\/uploads\/2023\/02\/ballena.jpg","width":1280,"height":853},{"@type":"BreadcrumbList","@id":"https:\/\/www.filantropiacortessolari.cl\/documentales-zifio-el-ultimo-viaje-y-patagonia-azul-la-interconexion-de-la-vida\/#breadcrumb","itemListElement":[{"@type":"ListItem","position":1,"name":"Portada","item":"https:\/\/www.filantropiacortessolari.cl\/"},{"@type":"ListItem","position":2,"name":"[El Mostrador] Documentales \u201cZifio, el \u00faltimo viaje\u201d y \u201cPatagonia azul, la interconexi\u00f3n de la vida\u201d"}]},{"@type":"WebSite","@id":"https:\/\/www.filantropiacortessolari.cl\/#website","url":"https:\/\/www.filantropiacortessolari.cl\/","name":"Filantrop\u00eda Cort\u00e9s Solari","description":"Sitio web Filantrop\u00eda Cort\u00e9s Solari","potentialAction":[{"@type":"SearchAction","target":{"@type":"EntryPoint","urlTemplate":"https:\/\/www.filantropiacortessolari.cl\/?s={search_term_string}"},"query-input":{"@type":"PropertyValueSpecification","valueRequired":true,"valueName":"search_term_string"}}],"inLanguage":"en-US"},{"@type":"Person","@id":"https:\/\/www.filantropiacortessolari.cl\/#\/schema\/person\/e099cf1046922f4f5892172332dc86c0","name":"Filantrop\u00eda Cort\u00e9s Solari","image":{"@type":"ImageObject","inLanguage":"en-US","@id":"https:\/\/secure.gravatar.com\/avatar\/9d17bfe24074ed7576e70cbeb8e010cdd7d01fae9f2047bd96cccbe629ec3c11?s=96&d=mm&r=g","url":"https:\/\/secure.gravatar.com\/avatar\/9d17bfe24074ed7576e70cbeb8e010cdd7d01fae9f2047bd96cccbe629ec3c11?s=96&d=mm&r=g","contentUrl":"https:\/\/secure.gravatar.com\/avatar\/9d17bfe24074ed7576e70cbeb8e010cdd7d01fae9f2047bd96cccbe629ec3c11?s=96&d=mm&r=g","caption":"Filantrop\u00eda Cort\u00e9s Solari"},"url":"https:\/\/www.filantropiacortessolari.cl\/en\/author\/filantropia-cortes-solari\/"}]}},"_links":{"self":[{"href":"https:\/\/www.filantropiacortessolari.cl\/en\/wp-json\/wp\/v2\/posts\/12071","targetHints":{"allow":["GET"]}}],"collection":[{"href":"https:\/\/www.filantropiacortessolari.cl\/en\/wp-json\/wp\/v2\/posts"}],"about":[{"href":"https:\/\/www.filantropiacortessolari.cl\/en\/wp-json\/wp\/v2\/types\/post"}],"author":[{"embeddable":true,"href":"https:\/\/www.filantropiacortessolari.cl\/en\/wp-json\/wp\/v2\/users\/1"}],"replies":[{"embeddable":true,"href":"https:\/\/www.filantropiacortessolari.cl\/en\/wp-json\/wp\/v2\/comments?post=12071"}],"version-history":[{"count":4,"href":"https:\/\/www.filantropiacortessolari.cl\/en\/wp-json\/wp\/v2\/posts\/12071\/revisions"}],"predecessor-version":[{"id":12078,"href":"https:\/\/www.filantropiacortessolari.cl\/en\/wp-json\/wp\/v2\/posts\/12071\/revisions\/12078"}],"wp:featuredmedia":[{"embeddable":true,"href":"https:\/\/www.filantropiacortessolari.cl\/en\/wp-json\/wp\/v2\/media\/11355"}],"wp:attachment":[{"href":"https:\/\/www.filantropiacortessolari.cl\/en\/wp-json\/wp\/v2\/media?parent=12071"}],"wp:term":[{"taxonomy":"category","embeddable":true,"href":"https:\/\/www.filantropiacortessolari.cl\/en\/wp-json\/wp\/v2\/categories?post=12071"},{"taxonomy":"post_tag","embeddable":true,"href":"https:\/\/www.filantropiacortessolari.cl\/en\/wp-json\/wp\/v2\/tags?post=12071"}],"curies":[{"name":"wp","href":"https:\/\/api.w.org\/{rel}","templated":true}]}}