{"id":12080,"date":"2025-06-02T13:16:03","date_gmt":"2025-06-02T16:16:03","guid":{"rendered":"https:\/\/www.filantropiacortessolari.cl\/?p=12080"},"modified":"2025-06-02T13:33:12","modified_gmt":"2025-06-02T16:33:12","slug":"el-mercurio-francisca-cortes-solari-aterriza-en-europa-con-extensa-agenda-de-sostenibilidad","status":"publish","type":"post","link":"https:\/\/www.filantropiacortessolari.cl\/en\/el-mercurio-francisca-cortes-solari-aterriza-en-europa-con-extensa-agenda-de-sostenibilidad\/","title":{"rendered":"[El Mercurio] Francisca Cort\u00e9s Solari aterriza en Europa con extensa agenda de sostenibilidad"},"content":{"rendered":"<style type=\"text\/css\"><\/style><p>\u201cDesde el hemisferio sur, no queremos ser v\u00edctimas del cambio clim\u00e1tico, sino protagonistas de la regeneraci\u00f3n. La protecci\u00f3n del oc\u00e9ano no es un tema rom\u00e1ntico: es una urgencia ecol\u00f3gica, geopol\u00edtica y econ\u00f3mica\u201d, asegura Francisca Cort\u00e9s Solari, fundadora y presidenta ejecutiva de Filantrop\u00eda Cort\u00e9s Solari y Fundaci\u00f3n MERI. La afirmaci\u00f3n no es casual y se enmarca en la serie de actividades a las que asistir\u00e1 la integrante de una de las ramas accionistas de Falabella en Francia y M\u00f3naco.<\/p>\n<p>En suelo galo, su agenda incluye la Tercera Conferencia de Naciones Unidas sobre los Oc\u00e9anos (UNOC3), centrada en proteger el 30% de los oc\u00e9anos del planeta para 2030. En Les Embiez, a su vez, participar\u00e1 en \u201cPatrons of Nature\u201d, donde se abocar\u00e1n a la elaboraci\u00f3n de un manifiesto que busca alinear la inversi\u00f3n filantr\u00f3pica con metas internacionales de conservaci\u00f3n.<\/p>\n<p>En M\u00f3naco, su presencia se har\u00e1 sentir en el Blue Economy and Finance Forum. Abordar\u00e1 modelos innovadores de conservaci\u00f3n en base a su experiencia en conservaci\u00f3n marina, como el barco cient\u00edfico sustentable Cachalote, construido 100% por astilleros chilenos. Tambi\u00e9n ser\u00e1 coanfitriona de un evento liderado por las fundaciones Pr\u00edncipe Alberto II y Rey Mohamed VI, sobre el rol de la filantrop\u00eda y la cooperaci\u00f3n clim\u00e1tica.<\/p>\n<p>Fuente: <a href=\"https:\/\/digital.elmercurio.com\/2025\/06\/02\/A\" target=\"_blank\">El Mercurio<\/a><\/p>\n","protected":false},"excerpt":{"rendered":"<p>\u201cDesde el hemisferio sur, no queremos ser v\u00edctimas del cambio clim\u00e1tico, sino protagonistas de la regeneraci\u00f3n. La protecci\u00f3n del oc\u00e9ano no es un tema rom\u00e1ntico: es una urgencia ecol\u00f3gica, geopol\u00edtica y econ\u00f3mica\u201d, asegura Francisca Cort\u00e9s Solari, fundadora y presidenta ejecutiva de Filantrop\u00eda Cort\u00e9s Solari y Fundaci\u00f3n MERI. La afirmaci\u00f3n no es casual y se enmarca&#8230;<\/p>\n","protected":false},"author":1,"featured_media":12082,"comment_status":"closed","ping_status":"closed","sticky":false,"template":"","format":"standard","meta":{"footnotes":""},"categories":[31],"tags":[],"class_list":["post-12080","post","type-post","status-publish","format-standard","has-post-thumbnail","hentry","category-noticias"],"translation":{"provider":"WPGlobus","version":"3.0.2","language":"en","enabled_languages":["es","en"],"languages":{"es":{"title":true,"content":true,"excerpt":false},"en":{"title":false,"content":false,"excerpt":false}}},"yoast_head":"<!-- This site is optimized with the Yoast SEO plugin v27.4 - https:\/\/yoast.com\/product\/yoast-seo-wordpress\/ -->\n<title>[El Mercurio] Francisca Cort\u00e9s Solari aterriza en Europa con extensa agenda de sostenibilidad<\/title>\n<meta name=\"robots\" content=\"index, follow, max-snippet:-1, max-image-preview:large, max-video-preview:-1\" \/>\n<link rel=\"canonical\" href=\"https:\/\/www.filantropiacortessolari.cl\/el-mercurio-francisca-cortes-solari-aterriza-en-europa-con-extensa-agenda-de-sostenibilidad\/\" \/>\n<meta property=\"og:locale\" content=\"en_US\" \/>\n<meta property=\"og:type\" content=\"article\" \/>\n<meta property=\"og:title\" content=\"[El Mercurio] Francisca Cort\u00e9s Solari aterriza en Europa con extensa agenda de sostenibilidad\" \/>\n<meta property=\"og:url\" content=\"https:\/\/www.filantropiacortessolari.cl\/el-mercurio-francisca-cortes-solari-aterriza-en-europa-con-extensa-agenda-de-sostenibilidad\/\" \/>\n<meta property=\"og:site_name\" content=\"Filantrop\u00eda Cort\u00e9s Solari\" \/>\n<meta property=\"article:published_time\" content=\"2025-06-02T16:16:03+00:00\" \/>\n<meta property=\"article:modified_time\" content=\"2025-06-02T16:33:12+00:00\" \/>\n<meta property=\"og:image\" content=\"https:\/\/www.filantropiacortessolari.cl\/wp-content\/uploads\/2025\/06\/fran-e1748881947199.jpeg\" \/>\n\t<meta property=\"og:image:width\" content=\"1280\" \/>\n\t<meta property=\"og:image:height\" content=\"853\" \/>\n\t<meta property=\"og:image:type\" content=\"image\/jpeg\" \/>\n<meta name=\"author\" content=\"Filantrop\u00eda Cort\u00e9s Solari\" \/>\n<meta name=\"twitter:card\" content=\"summary_large_image\" \/>\n<meta name=\"twitter:label1\" content=\"Written by\" \/>\n\t<meta name=\"twitter:data1\" content=\"Filantrop\u00eda Cort\u00e9s Solari\" \/>\n\t<meta name=\"twitter:label2\" content=\"Est. reading time\" \/>\n\t<meta name=\"twitter:data2\" content=\"2 minutes\" \/>\n<script type=\"application\/ld+json\" class=\"yoast-schema-graph\">{\"@context\":\"https:\\\/\\\/schema.org\",\"@graph\":[{\"@type\":\"Article\",\"@id\":\"https:\\\/\\\/www.filantropiacortessolari.cl\\\/el-mercurio-francisca-cortes-solari-aterriza-en-europa-con-extensa-agenda-de-sostenibilidad\\\/#article\",\"isPartOf\":{\"@id\":\"https:\\\/\\\/www.filantropiacortessolari.cl\\\/el-mercurio-francisca-cortes-solari-aterriza-en-europa-con-extensa-agenda-de-sostenibilidad\\\/\"},\"author\":{\"name\":\"Filantrop\u00eda Cort\u00e9s Solari\",\"@id\":\"https:\\\/\\\/www.filantropiacortessolari.cl\\\/#\\\/schema\\\/person\\\/e099cf1046922f4f5892172332dc86c0\"},\"headline\":\"[El Mercurio] Francisca Cort\u00e9s Solari aterriza en Europa con extensa agenda de sostenibilidad\",\"datePublished\":\"2025-06-02T16:16:03+00:00\",\"dateModified\":\"2025-06-02T16:33:12+00:00\",\"mainEntityOfPage\":{\"@id\":\"https:\\\/\\\/www.filantropiacortessolari.cl\\\/el-mercurio-francisca-cortes-solari-aterriza-en-europa-con-extensa-agenda-de-sostenibilidad\\\/\"},\"wordCount\":247,\"image\":{\"@id\":\"https:\\\/\\\/www.filantropiacortessolari.cl\\\/el-mercurio-francisca-cortes-solari-aterriza-en-europa-con-extensa-agenda-de-sostenibilidad\\\/#primaryimage\"},\"thumbnailUrl\":\"https:\\\/\\\/www.filantropiacortessolari.cl\\\/wp-content\\\/uploads\\\/2025\\\/06\\\/fran-e1748881947199.jpeg\",\"articleSection\":[\"Noticias\"],\"inLanguage\":\"en-US\"},{\"@type\":\"WebPage\",\"@id\":\"https:\\\/\\\/www.filantropiacortessolari.cl\\\/el-mercurio-francisca-cortes-solari-aterriza-en-europa-con-extensa-agenda-de-sostenibilidad\\\/\",\"url\":\"https:\\\/\\\/www.filantropiacortessolari.cl\\\/el-mercurio-francisca-cortes-solari-aterriza-en-europa-con-extensa-agenda-de-sostenibilidad\\\/\",\"name\":\"[El Mercurio] Francisca Cort\u00e9s Solari aterriza en Europa con extensa agenda de sostenibilidad\",\"isPartOf\":{\"@id\":\"https:\\\/\\\/www.filantropiacortessolari.cl\\\/#website\"},\"primaryImageOfPage\":{\"@id\":\"https:\\\/\\\/www.filantropiacortessolari.cl\\\/el-mercurio-francisca-cortes-solari-aterriza-en-europa-con-extensa-agenda-de-sostenibilidad\\\/#primaryimage\"},\"image\":{\"@id\":\"https:\\\/\\\/www.filantropiacortessolari.cl\\\/el-mercurio-francisca-cortes-solari-aterriza-en-europa-con-extensa-agenda-de-sostenibilidad\\\/#primaryimage\"},\"thumbnailUrl\":\"https:\\\/\\\/www.filantropiacortessolari.cl\\\/wp-content\\\/uploads\\\/2025\\\/06\\\/fran-e1748881947199.jpeg\",\"datePublished\":\"2025-06-02T16:16:03+00:00\",\"dateModified\":\"2025-06-02T16:33:12+00:00\",\"author\":{\"@id\":\"https:\\\/\\\/www.filantropiacortessolari.cl\\\/#\\\/schema\\\/person\\\/e099cf1046922f4f5892172332dc86c0\"},\"breadcrumb\":{\"@id\":\"https:\\\/\\\/www.filantropiacortessolari.cl\\\/el-mercurio-francisca-cortes-solari-aterriza-en-europa-con-extensa-agenda-de-sostenibilidad\\\/#breadcrumb\"},\"inLanguage\":\"en-US\",\"potentialAction\":[{\"@type\":\"ReadAction\",\"target\":[\"https:\\\/\\\/www.filantropiacortessolari.cl\\\/el-mercurio-francisca-cortes-solari-aterriza-en-europa-con-extensa-agenda-de-sostenibilidad\\\/\"]}]},{\"@type\":\"ImageObject\",\"inLanguage\":\"en-US\",\"@id\":\"https:\\\/\\\/www.filantropiacortessolari.cl\\\/el-mercurio-francisca-cortes-solari-aterriza-en-europa-con-extensa-agenda-de-sostenibilidad\\\/#primaryimage\",\"url\":\"https:\\\/\\\/www.filantropiacortessolari.cl\\\/wp-content\\\/uploads\\\/2025\\\/06\\\/fran-e1748881947199.jpeg\",\"contentUrl\":\"https:\\\/\\\/www.filantropiacortessolari.cl\\\/wp-content\\\/uploads\\\/2025\\\/06\\\/fran-e1748881947199.jpeg\",\"width\":1280,\"height\":853},{\"@type\":\"BreadcrumbList\",\"@id\":\"https:\\\/\\\/www.filantropiacortessolari.cl\\\/el-mercurio-francisca-cortes-solari-aterriza-en-europa-con-extensa-agenda-de-sostenibilidad\\\/#breadcrumb\",\"itemListElement\":[{\"@type\":\"ListItem\",\"position\":1,\"name\":\"Portada\",\"item\":\"https:\\\/\\\/www.filantropiacortessolari.cl\\\/\"},{\"@type\":\"ListItem\",\"position\":2,\"name\":\"[El Mercurio] Francisca Cort\u00e9s Solari aterriza en Europa con extensa agenda de sostenibilidad\"}]},{\"@type\":\"WebSite\",\"@id\":\"https:\\\/\\\/www.filantropiacortessolari.cl\\\/#website\",\"url\":\"https:\\\/\\\/www.filantropiacortessolari.cl\\\/\",\"name\":\"Filantrop\u00eda Cort\u00e9s Solari\",\"description\":\"Sitio web Filantrop\u00eda Cort\u00e9s Solari\",\"potentialAction\":[{\"@type\":\"SearchAction\",\"target\":{\"@type\":\"EntryPoint\",\"urlTemplate\":\"https:\\\/\\\/www.filantropiacortessolari.cl\\\/?s={search_term_string}\"},\"query-input\":{\"@type\":\"PropertyValueSpecification\",\"valueRequired\":true,\"valueName\":\"search_term_string\"}}],\"inLanguage\":\"en-US\"},{\"@type\":\"Person\",\"@id\":\"https:\\\/\\\/www.filantropiacortessolari.cl\\\/#\\\/schema\\\/person\\\/e099cf1046922f4f5892172332dc86c0\",\"name\":\"Filantrop\u00eda Cort\u00e9s Solari\",\"image\":{\"@type\":\"ImageObject\",\"inLanguage\":\"en-US\",\"@id\":\"https:\\\/\\\/secure.gravatar.com\\\/avatar\\\/9d17bfe24074ed7576e70cbeb8e010cdd7d01fae9f2047bd96cccbe629ec3c11?s=96&d=mm&r=g\",\"url\":\"https:\\\/\\\/secure.gravatar.com\\\/avatar\\\/9d17bfe24074ed7576e70cbeb8e010cdd7d01fae9f2047bd96cccbe629ec3c11?s=96&d=mm&r=g\",\"contentUrl\":\"https:\\\/\\\/secure.gravatar.com\\\/avatar\\\/9d17bfe24074ed7576e70cbeb8e010cdd7d01fae9f2047bd96cccbe629ec3c11?s=96&d=mm&r=g\",\"caption\":\"Filantrop\u00eda Cort\u00e9s Solari\"},\"url\":\"https:\\\/\\\/www.filantropiacortessolari.cl\\\/en\\\/author\\\/filantropia-cortes-solari\\\/\"}]}<\/script>\n<!-- \/ Yoast SEO plugin. -->","yoast_head_json":{"title":"[El Mercurio] Francisca Cort\u00e9s Solari aterriza en Europa con extensa agenda de sostenibilidad","robots":{"index":"index","follow":"follow","max-snippet":"max-snippet:-1","max-image-preview":"max-image-preview:large","max-video-preview":"max-video-preview:-1"},"canonical":"https:\/\/www.filantropiacortessolari.cl\/el-mercurio-francisca-cortes-solari-aterriza-en-europa-con-extensa-agenda-de-sostenibilidad\/","og_locale":"en_US","og_type":"article","og_title":"[El Mercurio] Francisca Cort\u00e9s Solari aterriza en Europa con extensa agenda de sostenibilidad","og_url":"https:\/\/www.filantropiacortessolari.cl\/el-mercurio-francisca-cortes-solari-aterriza-en-europa-con-extensa-agenda-de-sostenibilidad\/","og_site_name":"Filantrop\u00eda Cort\u00e9s Solari","article_published_time":"2025-06-02T16:16:03+00:00","article_modified_time":"2025-06-02T16:33:12+00:00","og_image":[{"width":1280,"height":853,"url":"https:\/\/www.filantropiacortessolari.cl\/wp-content\/uploads\/2025\/06\/fran-e1748881947199.jpeg","type":"image\/jpeg"}],"author":"Filantrop\u00eda Cort\u00e9s Solari","twitter_card":"summary_large_image","twitter_misc":{"Written by":"Filantrop\u00eda Cort\u00e9s Solari","Est. reading time":"2 minutes"},"schema":{"@context":"https:\/\/schema.org","@graph":[{"@type":"Article","@id":"https:\/\/www.filantropiacortessolari.cl\/el-mercurio-francisca-cortes-solari-aterriza-en-europa-con-extensa-agenda-de-sostenibilidad\/#article","isPartOf":{"@id":"https:\/\/www.filantropiacortessolari.cl\/el-mercurio-francisca-cortes-solari-aterriza-en-europa-con-extensa-agenda-de-sostenibilidad\/"},"author":{"name":"Filantrop\u00eda Cort\u00e9s Solari","@id":"https:\/\/www.filantropiacortessolari.cl\/#\/schema\/person\/e099cf1046922f4f5892172332dc86c0"},"headline":"[El Mercurio] Francisca Cort\u00e9s Solari aterriza en Europa con extensa agenda de sostenibilidad","datePublished":"2025-06-02T16:16:03+00:00","dateModified":"2025-06-02T16:33:12+00:00","mainEntityOfPage":{"@id":"https:\/\/www.filantropiacortessolari.cl\/el-mercurio-francisca-cortes-solari-aterriza-en-europa-con-extensa-agenda-de-sostenibilidad\/"},"wordCount":247,"image":{"@id":"https:\/\/www.filantropiacortessolari.cl\/el-mercurio-francisca-cortes-solari-aterriza-en-europa-con-extensa-agenda-de-sostenibilidad\/#primaryimage"},"thumbnailUrl":"https:\/\/www.filantropiacortessolari.cl\/wp-content\/uploads\/2025\/06\/fran-e1748881947199.jpeg","articleSection":["Noticias"],"inLanguage":"en-US"},{"@type":"WebPage","@id":"https:\/\/www.filantropiacortessolari.cl\/el-mercurio-francisca-cortes-solari-aterriza-en-europa-con-extensa-agenda-de-sostenibilidad\/","url":"https:\/\/www.filantropiacortessolari.cl\/el-mercurio-francisca-cortes-solari-aterriza-en-europa-con-extensa-agenda-de-sostenibilidad\/","name":"[El Mercurio] Francisca Cort\u00e9s Solari aterriza en Europa con extensa agenda de sostenibilidad","isPartOf":{"@id":"https:\/\/www.filantropiacortessolari.cl\/#website"},"primaryImageOfPage":{"@id":"https:\/\/www.filantropiacortessolari.cl\/el-mercurio-francisca-cortes-solari-aterriza-en-europa-con-extensa-agenda-de-sostenibilidad\/#primaryimage"},"image":{"@id":"https:\/\/www.filantropiacortessolari.cl\/el-mercurio-francisca-cortes-solari-aterriza-en-europa-con-extensa-agenda-de-sostenibilidad\/#primaryimage"},"thumbnailUrl":"https:\/\/www.filantropiacortessolari.cl\/wp-content\/uploads\/2025\/06\/fran-e1748881947199.jpeg","datePublished":"2025-06-02T16:16:03+00:00","dateModified":"2025-06-02T16:33:12+00:00","author":{"@id":"https:\/\/www.filantropiacortessolari.cl\/#\/schema\/person\/e099cf1046922f4f5892172332dc86c0"},"breadcrumb":{"@id":"https:\/\/www.filantropiacortessolari.cl\/el-mercurio-francisca-cortes-solari-aterriza-en-europa-con-extensa-agenda-de-sostenibilidad\/#breadcrumb"},"inLanguage":"en-US","potentialAction":[{"@type":"ReadAction","target":["https:\/\/www.filantropiacortessolari.cl\/el-mercurio-francisca-cortes-solari-aterriza-en-europa-con-extensa-agenda-de-sostenibilidad\/"]}]},{"@type":"ImageObject","inLanguage":"en-US","@id":"https:\/\/www.filantropiacortessolari.cl\/el-mercurio-francisca-cortes-solari-aterriza-en-europa-con-extensa-agenda-de-sostenibilidad\/#primaryimage","url":"https:\/\/www.filantropiacortessolari.cl\/wp-content\/uploads\/2025\/06\/fran-e1748881947199.jpeg","contentUrl":"https:\/\/www.filantropiacortessolari.cl\/wp-content\/uploads\/2025\/06\/fran-e1748881947199.jpeg","width":1280,"height":853},{"@type":"BreadcrumbList","@id":"https:\/\/www.filantropiacortessolari.cl\/el-mercurio-francisca-cortes-solari-aterriza-en-europa-con-extensa-agenda-de-sostenibilidad\/#breadcrumb","itemListElement":[{"@type":"ListItem","position":1,"name":"Portada","item":"https:\/\/www.filantropiacortessolari.cl\/"},{"@type":"ListItem","position":2,"name":"[El Mercurio] Francisca Cort\u00e9s Solari aterriza en Europa con extensa agenda de sostenibilidad"}]},{"@type":"WebSite","@id":"https:\/\/www.filantropiacortessolari.cl\/#website","url":"https:\/\/www.filantropiacortessolari.cl\/","name":"Filantrop\u00eda Cort\u00e9s Solari","description":"Sitio web Filantrop\u00eda Cort\u00e9s Solari","potentialAction":[{"@type":"SearchAction","target":{"@type":"EntryPoint","urlTemplate":"https:\/\/www.filantropiacortessolari.cl\/?s={search_term_string}"},"query-input":{"@type":"PropertyValueSpecification","valueRequired":true,"valueName":"search_term_string"}}],"inLanguage":"en-US"},{"@type":"Person","@id":"https:\/\/www.filantropiacortessolari.cl\/#\/schema\/person\/e099cf1046922f4f5892172332dc86c0","name":"Filantrop\u00eda Cort\u00e9s Solari","image":{"@type":"ImageObject","inLanguage":"en-US","@id":"https:\/\/secure.gravatar.com\/avatar\/9d17bfe24074ed7576e70cbeb8e010cdd7d01fae9f2047bd96cccbe629ec3c11?s=96&d=mm&r=g","url":"https:\/\/secure.gravatar.com\/avatar\/9d17bfe24074ed7576e70cbeb8e010cdd7d01fae9f2047bd96cccbe629ec3c11?s=96&d=mm&r=g","contentUrl":"https:\/\/secure.gravatar.com\/avatar\/9d17bfe24074ed7576e70cbeb8e010cdd7d01fae9f2047bd96cccbe629ec3c11?s=96&d=mm&r=g","caption":"Filantrop\u00eda Cort\u00e9s Solari"},"url":"https:\/\/www.filantropiacortessolari.cl\/en\/author\/filantropia-cortes-solari\/"}]}},"_links":{"self":[{"href":"https:\/\/www.filantropiacortessolari.cl\/en\/wp-json\/wp\/v2\/posts\/12080","targetHints":{"allow":["GET"]}}],"collection":[{"href":"https:\/\/www.filantropiacortessolari.cl\/en\/wp-json\/wp\/v2\/posts"}],"about":[{"href":"https:\/\/www.filantropiacortessolari.cl\/en\/wp-json\/wp\/v2\/types\/post"}],"author":[{"embeddable":true,"href":"https:\/\/www.filantropiacortessolari.cl\/en\/wp-json\/wp\/v2\/users\/1"}],"replies":[{"embeddable":true,"href":"https:\/\/www.filantropiacortessolari.cl\/en\/wp-json\/wp\/v2\/comments?post=12080"}],"version-history":[{"count":1,"href":"https:\/\/www.filantropiacortessolari.cl\/en\/wp-json\/wp\/v2\/posts\/12080\/revisions"}],"predecessor-version":[{"id":12081,"href":"https:\/\/www.filantropiacortessolari.cl\/en\/wp-json\/wp\/v2\/posts\/12080\/revisions\/12081"}],"wp:featuredmedia":[{"embeddable":true,"href":"https:\/\/www.filantropiacortessolari.cl\/en\/wp-json\/wp\/v2\/media\/12082"}],"wp:attachment":[{"href":"https:\/\/www.filantropiacortessolari.cl\/en\/wp-json\/wp\/v2\/media?parent=12080"}],"wp:term":[{"taxonomy":"category","embeddable":true,"href":"https:\/\/www.filantropiacortessolari.cl\/en\/wp-json\/wp\/v2\/categories?post=12080"},{"taxonomy":"post_tag","embeddable":true,"href":"https:\/\/www.filantropiacortessolari.cl\/en\/wp-json\/wp\/v2\/tags?post=12080"}],"curies":[{"name":"wp","href":"https:\/\/api.w.org\/{rel}","templated":true}]}}