{"id":12096,"date":"2025-06-13T11:58:30","date_gmt":"2025-06-13T14:58:30","guid":{"rendered":"https:\/\/www.filantropiacortessolari.cl\/?p=12096"},"modified":"2025-06-13T13:19:37","modified_gmt":"2025-06-13T16:19:37","slug":"la-tercera-francisca-cortes-solari-invertir-en-oceanos","status":"publish","type":"post","link":"https:\/\/www.filantropiacortessolari.cl\/en\/la-tercera-francisca-cortes-solari-invertir-en-oceanos\/","title":{"rendered":"[La Tercera] Francisca Cort\u00e9s Solari: Invertir en oc\u00e9anos"},"content":{"rendered":"<style type=\"text\/css\"><\/style><p>SE\u00d1OR DIRECTOR:<br \/>\nEn tiempos en que el cambio clim\u00e1tico es parte importante de las agendas globales, existe el riesgo de seguir postergando a un actor clave: los oc\u00e9anos. A pesar de su rol esencial en la regulaci\u00f3n del clima, el almacenamiento de carbono, la provisi\u00f3n de alimentos y la generaci\u00f3n de empleo, su protecci\u00f3n sigue siendo marginal. Hoy, apenas el 8% de los oc\u00e9anos cuenta con resguardo efectivo, y menos del 1% del financiamiento filantr\u00f3pico global se destina a su conservaci\u00f3n.<\/p>\n<p>Este a\u00f1o, la Conferencia de Naciones Unidas sobre los Oc\u00e9anos (<a href=\"https:\/\/fundacionmeri.cl\/tercera-conferencia-de-las-naciones-unidas-sobre-los-oceanos-unoc3\/\" target=\"_blank\" rel=\"noopener\">UNOC3<\/a>) ser\u00e1 una oportunidad hist\u00f3rica para corregir esta ceguera. El foco estar\u00e1 en acelerar el compromiso de proteger al menos el 30% del oc\u00e9ano global al 2030 y movilizar financiamiento \u2014especialmente privado\u2014 para lograrlo.<\/p>\n<p>Chile puede liderar esta conversaci\u00f3n, no solo por su geograf\u00eda o por sus modelos de conservaci\u00f3n, sino tambi\u00e9n por su madurez financiera y empresarial. Tenemos m\u00e1s de 6.000 kil\u00f3metros de costa, una red creciente de \u00e1reas marinas protegidas y experiencia en conservaci\u00f3n basada en ciencia y territorio. Adem\u00e1s, contamos con capacidades en inversi\u00f3n de impacto, y un sector privado que ha demostrado voluntad de avanzar hacia est\u00e1ndares m\u00e1s exigentes. Actualmente, nuestro pa\u00eds ya protege el 43% de sus aguas jurisdiccionales, superando su aporte en la meta global comprometida. Todo esto nos permite ser algo m\u00e1s que un caso exitoso: podemos ser un modelo a replicar.<\/p>\n<p>Es hora de entender el oc\u00e9ano como infraestructura cr\u00edtica para la vida en el planeta y su conservaci\u00f3n, como una inversi\u00f3n estrat\u00e9gica. Quiz\u00e1s la m\u00e1s urgente y eficaz de este siglo.<\/p>\n<p><a href=\"https:\/\/www.filantropiacortessolari.cl\/profile\/francisca-cortes-solari\/\" target=\"_blank\" rel=\"noopener\">Francisca Cort\u00e9s Solari<\/a> Presidenta ejecutiva de Filantrop\u00eda Cort\u00e9s Solari-<\/p>\n<p>Fuente: <a href=\"https:\/\/www.latercera.com\/\" target=\"_blank\" rel=\"noopener\">La Tercera<\/a><\/p>\n","protected":false},"excerpt":{"rendered":"<p>SE\u00d1OR DIRECTOR: En tiempos en que el cambio clim\u00e1tico es parte importante de las agendas globales, existe el riesgo de seguir postergando a un actor clave: los oc\u00e9anos. A pesar de su rol esencial en la regulaci\u00f3n del clima, el almacenamiento de carbono, la provisi\u00f3n de alimentos y la generaci\u00f3n de empleo, su protecci\u00f3n sigue&#8230;<\/p>\n","protected":false},"author":1,"featured_media":11795,"comment_status":"closed","ping_status":"closed","sticky":false,"template":"","format":"standard","meta":{"footnotes":""},"categories":[31],"tags":[],"class_list":["post-12096","post","type-post","status-publish","format-standard","has-post-thumbnail","hentry","category-noticias"],"translation":{"provider":"WPGlobus","version":"3.0.2","language":"en","enabled_languages":["es","en"],"languages":{"es":{"title":true,"content":true,"excerpt":false},"en":{"title":false,"content":false,"excerpt":false}}},"yoast_head":"<!-- This site is optimized with the Yoast SEO plugin v27.4 - https:\/\/yoast.com\/product\/yoast-seo-wordpress\/ -->\n<title>[La Tercera] Francisca Cort\u00e9s Solari: Invertir en oc\u00e9anos<\/title>\n<meta name=\"robots\" content=\"index, follow, max-snippet:-1, max-image-preview:large, max-video-preview:-1\" \/>\n<link rel=\"canonical\" href=\"https:\/\/www.filantropiacortessolari.cl\/la-tercera-francisca-cortes-solari-invertir-en-oceanos\/\" \/>\n<meta property=\"og:locale\" content=\"en_US\" \/>\n<meta property=\"og:type\" content=\"article\" \/>\n<meta property=\"og:title\" content=\"[La Tercera] Francisca Cort\u00e9s Solari: Invertir en oc\u00e9anos\" \/>\n<meta property=\"og:url\" content=\"https:\/\/www.filantropiacortessolari.cl\/la-tercera-francisca-cortes-solari-invertir-en-oceanos\/\" \/>\n<meta property=\"og:site_name\" content=\"Filantrop\u00eda Cort\u00e9s Solari\" \/>\n<meta property=\"article:published_time\" content=\"2025-06-13T14:58:30+00:00\" \/>\n<meta property=\"article:modified_time\" content=\"2025-06-13T16:19:37+00:00\" \/>\n<meta property=\"og:image\" content=\"https:\/\/www.filantropiacortessolari.cl\/wp-content\/uploads\/2024\/03\/fran.jpeg\" \/>\n\t<meta property=\"og:image:width\" content=\"1280\" \/>\n\t<meta property=\"og:image:height\" content=\"853\" \/>\n\t<meta property=\"og:image:type\" content=\"image\/jpeg\" \/>\n<meta name=\"author\" content=\"Filantrop\u00eda Cort\u00e9s Solari\" \/>\n<meta name=\"twitter:card\" content=\"summary_large_image\" \/>\n<meta name=\"twitter:label1\" content=\"Written by\" \/>\n\t<meta name=\"twitter:data1\" content=\"Filantrop\u00eda Cort\u00e9s Solari\" \/>\n\t<meta name=\"twitter:label2\" content=\"Est. reading time\" \/>\n\t<meta name=\"twitter:data2\" content=\"2 minutes\" \/>\n<script type=\"application\/ld+json\" class=\"yoast-schema-graph\">{\"@context\":\"https:\\\/\\\/schema.org\",\"@graph\":[{\"@type\":\"Article\",\"@id\":\"https:\\\/\\\/www.filantropiacortessolari.cl\\\/la-tercera-francisca-cortes-solari-invertir-en-oceanos\\\/#article\",\"isPartOf\":{\"@id\":\"https:\\\/\\\/www.filantropiacortessolari.cl\\\/la-tercera-francisca-cortes-solari-invertir-en-oceanos\\\/\"},\"author\":{\"name\":\"Filantrop\u00eda Cort\u00e9s Solari\",\"@id\":\"https:\\\/\\\/www.filantropiacortessolari.cl\\\/#\\\/schema\\\/person\\\/e099cf1046922f4f5892172332dc86c0\"},\"headline\":\"[La Tercera] Francisca Cort\u00e9s Solari: Invertir en oc\u00e9anos\",\"datePublished\":\"2025-06-13T14:58:30+00:00\",\"dateModified\":\"2025-06-13T16:19:37+00:00\",\"mainEntityOfPage\":{\"@id\":\"https:\\\/\\\/www.filantropiacortessolari.cl\\\/la-tercera-francisca-cortes-solari-invertir-en-oceanos\\\/\"},\"wordCount\":314,\"image\":{\"@id\":\"https:\\\/\\\/www.filantropiacortessolari.cl\\\/la-tercera-francisca-cortes-solari-invertir-en-oceanos\\\/#primaryimage\"},\"thumbnailUrl\":\"https:\\\/\\\/www.filantropiacortessolari.cl\\\/wp-content\\\/uploads\\\/2024\\\/03\\\/fran.jpeg\",\"articleSection\":[\"Noticias\"],\"inLanguage\":\"en-US\"},{\"@type\":\"WebPage\",\"@id\":\"https:\\\/\\\/www.filantropiacortessolari.cl\\\/la-tercera-francisca-cortes-solari-invertir-en-oceanos\\\/\",\"url\":\"https:\\\/\\\/www.filantropiacortessolari.cl\\\/la-tercera-francisca-cortes-solari-invertir-en-oceanos\\\/\",\"name\":\"[La Tercera] Francisca Cort\u00e9s Solari: Invertir en oc\u00e9anos\",\"isPartOf\":{\"@id\":\"https:\\\/\\\/www.filantropiacortessolari.cl\\\/#website\"},\"primaryImageOfPage\":{\"@id\":\"https:\\\/\\\/www.filantropiacortessolari.cl\\\/la-tercera-francisca-cortes-solari-invertir-en-oceanos\\\/#primaryimage\"},\"image\":{\"@id\":\"https:\\\/\\\/www.filantropiacortessolari.cl\\\/la-tercera-francisca-cortes-solari-invertir-en-oceanos\\\/#primaryimage\"},\"thumbnailUrl\":\"https:\\\/\\\/www.filantropiacortessolari.cl\\\/wp-content\\\/uploads\\\/2024\\\/03\\\/fran.jpeg\",\"datePublished\":\"2025-06-13T14:58:30+00:00\",\"dateModified\":\"2025-06-13T16:19:37+00:00\",\"author\":{\"@id\":\"https:\\\/\\\/www.filantropiacortessolari.cl\\\/#\\\/schema\\\/person\\\/e099cf1046922f4f5892172332dc86c0\"},\"breadcrumb\":{\"@id\":\"https:\\\/\\\/www.filantropiacortessolari.cl\\\/la-tercera-francisca-cortes-solari-invertir-en-oceanos\\\/#breadcrumb\"},\"inLanguage\":\"en-US\",\"potentialAction\":[{\"@type\":\"ReadAction\",\"target\":[\"https:\\\/\\\/www.filantropiacortessolari.cl\\\/la-tercera-francisca-cortes-solari-invertir-en-oceanos\\\/\"]}]},{\"@type\":\"ImageObject\",\"inLanguage\":\"en-US\",\"@id\":\"https:\\\/\\\/www.filantropiacortessolari.cl\\\/la-tercera-francisca-cortes-solari-invertir-en-oceanos\\\/#primaryimage\",\"url\":\"https:\\\/\\\/www.filantropiacortessolari.cl\\\/wp-content\\\/uploads\\\/2024\\\/03\\\/fran.jpeg\",\"contentUrl\":\"https:\\\/\\\/www.filantropiacortessolari.cl\\\/wp-content\\\/uploads\\\/2024\\\/03\\\/fran.jpeg\",\"width\":1280,\"height\":853},{\"@type\":\"BreadcrumbList\",\"@id\":\"https:\\\/\\\/www.filantropiacortessolari.cl\\\/la-tercera-francisca-cortes-solari-invertir-en-oceanos\\\/#breadcrumb\",\"itemListElement\":[{\"@type\":\"ListItem\",\"position\":1,\"name\":\"Portada\",\"item\":\"https:\\\/\\\/www.filantropiacortessolari.cl\\\/\"},{\"@type\":\"ListItem\",\"position\":2,\"name\":\"[La Tercera] Francisca Cort\u00e9s Solari: Invertir en oc\u00e9anos\"}]},{\"@type\":\"WebSite\",\"@id\":\"https:\\\/\\\/www.filantropiacortessolari.cl\\\/#website\",\"url\":\"https:\\\/\\\/www.filantropiacortessolari.cl\\\/\",\"name\":\"Filantrop\u00eda Cort\u00e9s Solari\",\"description\":\"Sitio web Filantrop\u00eda Cort\u00e9s Solari\",\"potentialAction\":[{\"@type\":\"SearchAction\",\"target\":{\"@type\":\"EntryPoint\",\"urlTemplate\":\"https:\\\/\\\/www.filantropiacortessolari.cl\\\/?s={search_term_string}\"},\"query-input\":{\"@type\":\"PropertyValueSpecification\",\"valueRequired\":true,\"valueName\":\"search_term_string\"}}],\"inLanguage\":\"en-US\"},{\"@type\":\"Person\",\"@id\":\"https:\\\/\\\/www.filantropiacortessolari.cl\\\/#\\\/schema\\\/person\\\/e099cf1046922f4f5892172332dc86c0\",\"name\":\"Filantrop\u00eda Cort\u00e9s Solari\",\"image\":{\"@type\":\"ImageObject\",\"inLanguage\":\"en-US\",\"@id\":\"https:\\\/\\\/secure.gravatar.com\\\/avatar\\\/9d17bfe24074ed7576e70cbeb8e010cdd7d01fae9f2047bd96cccbe629ec3c11?s=96&d=mm&r=g\",\"url\":\"https:\\\/\\\/secure.gravatar.com\\\/avatar\\\/9d17bfe24074ed7576e70cbeb8e010cdd7d01fae9f2047bd96cccbe629ec3c11?s=96&d=mm&r=g\",\"contentUrl\":\"https:\\\/\\\/secure.gravatar.com\\\/avatar\\\/9d17bfe24074ed7576e70cbeb8e010cdd7d01fae9f2047bd96cccbe629ec3c11?s=96&d=mm&r=g\",\"caption\":\"Filantrop\u00eda Cort\u00e9s Solari\"},\"url\":\"https:\\\/\\\/www.filantropiacortessolari.cl\\\/en\\\/author\\\/filantropia-cortes-solari\\\/\"}]}<\/script>\n<!-- \/ Yoast SEO plugin. -->","yoast_head_json":{"title":"[La Tercera] Francisca Cort\u00e9s Solari: Invertir en oc\u00e9anos","robots":{"index":"index","follow":"follow","max-snippet":"max-snippet:-1","max-image-preview":"max-image-preview:large","max-video-preview":"max-video-preview:-1"},"canonical":"https:\/\/www.filantropiacortessolari.cl\/la-tercera-francisca-cortes-solari-invertir-en-oceanos\/","og_locale":"en_US","og_type":"article","og_title":"[La Tercera] Francisca Cort\u00e9s Solari: Invertir en oc\u00e9anos","og_url":"https:\/\/www.filantropiacortessolari.cl\/la-tercera-francisca-cortes-solari-invertir-en-oceanos\/","og_site_name":"Filantrop\u00eda Cort\u00e9s Solari","article_published_time":"2025-06-13T14:58:30+00:00","article_modified_time":"2025-06-13T16:19:37+00:00","og_image":[{"width":1280,"height":853,"url":"https:\/\/www.filantropiacortessolari.cl\/wp-content\/uploads\/2024\/03\/fran.jpeg","type":"image\/jpeg"}],"author":"Filantrop\u00eda Cort\u00e9s Solari","twitter_card":"summary_large_image","twitter_misc":{"Written by":"Filantrop\u00eda Cort\u00e9s Solari","Est. reading time":"2 minutes"},"schema":{"@context":"https:\/\/schema.org","@graph":[{"@type":"Article","@id":"https:\/\/www.filantropiacortessolari.cl\/la-tercera-francisca-cortes-solari-invertir-en-oceanos\/#article","isPartOf":{"@id":"https:\/\/www.filantropiacortessolari.cl\/la-tercera-francisca-cortes-solari-invertir-en-oceanos\/"},"author":{"name":"Filantrop\u00eda Cort\u00e9s Solari","@id":"https:\/\/www.filantropiacortessolari.cl\/#\/schema\/person\/e099cf1046922f4f5892172332dc86c0"},"headline":"[La Tercera] Francisca Cort\u00e9s Solari: Invertir en oc\u00e9anos","datePublished":"2025-06-13T14:58:30+00:00","dateModified":"2025-06-13T16:19:37+00:00","mainEntityOfPage":{"@id":"https:\/\/www.filantropiacortessolari.cl\/la-tercera-francisca-cortes-solari-invertir-en-oceanos\/"},"wordCount":314,"image":{"@id":"https:\/\/www.filantropiacortessolari.cl\/la-tercera-francisca-cortes-solari-invertir-en-oceanos\/#primaryimage"},"thumbnailUrl":"https:\/\/www.filantropiacortessolari.cl\/wp-content\/uploads\/2024\/03\/fran.jpeg","articleSection":["Noticias"],"inLanguage":"en-US"},{"@type":"WebPage","@id":"https:\/\/www.filantropiacortessolari.cl\/la-tercera-francisca-cortes-solari-invertir-en-oceanos\/","url":"https:\/\/www.filantropiacortessolari.cl\/la-tercera-francisca-cortes-solari-invertir-en-oceanos\/","name":"[La Tercera] Francisca Cort\u00e9s Solari: Invertir en oc\u00e9anos","isPartOf":{"@id":"https:\/\/www.filantropiacortessolari.cl\/#website"},"primaryImageOfPage":{"@id":"https:\/\/www.filantropiacortessolari.cl\/la-tercera-francisca-cortes-solari-invertir-en-oceanos\/#primaryimage"},"image":{"@id":"https:\/\/www.filantropiacortessolari.cl\/la-tercera-francisca-cortes-solari-invertir-en-oceanos\/#primaryimage"},"thumbnailUrl":"https:\/\/www.filantropiacortessolari.cl\/wp-content\/uploads\/2024\/03\/fran.jpeg","datePublished":"2025-06-13T14:58:30+00:00","dateModified":"2025-06-13T16:19:37+00:00","author":{"@id":"https:\/\/www.filantropiacortessolari.cl\/#\/schema\/person\/e099cf1046922f4f5892172332dc86c0"},"breadcrumb":{"@id":"https:\/\/www.filantropiacortessolari.cl\/la-tercera-francisca-cortes-solari-invertir-en-oceanos\/#breadcrumb"},"inLanguage":"en-US","potentialAction":[{"@type":"ReadAction","target":["https:\/\/www.filantropiacortessolari.cl\/la-tercera-francisca-cortes-solari-invertir-en-oceanos\/"]}]},{"@type":"ImageObject","inLanguage":"en-US","@id":"https:\/\/www.filantropiacortessolari.cl\/la-tercera-francisca-cortes-solari-invertir-en-oceanos\/#primaryimage","url":"https:\/\/www.filantropiacortessolari.cl\/wp-content\/uploads\/2024\/03\/fran.jpeg","contentUrl":"https:\/\/www.filantropiacortessolari.cl\/wp-content\/uploads\/2024\/03\/fran.jpeg","width":1280,"height":853},{"@type":"BreadcrumbList","@id":"https:\/\/www.filantropiacortessolari.cl\/la-tercera-francisca-cortes-solari-invertir-en-oceanos\/#breadcrumb","itemListElement":[{"@type":"ListItem","position":1,"name":"Portada","item":"https:\/\/www.filantropiacortessolari.cl\/"},{"@type":"ListItem","position":2,"name":"[La Tercera] Francisca Cort\u00e9s Solari: Invertir en oc\u00e9anos"}]},{"@type":"WebSite","@id":"https:\/\/www.filantropiacortessolari.cl\/#website","url":"https:\/\/www.filantropiacortessolari.cl\/","name":"Filantrop\u00eda Cort\u00e9s Solari","description":"Sitio web Filantrop\u00eda Cort\u00e9s Solari","potentialAction":[{"@type":"SearchAction","target":{"@type":"EntryPoint","urlTemplate":"https:\/\/www.filantropiacortessolari.cl\/?s={search_term_string}"},"query-input":{"@type":"PropertyValueSpecification","valueRequired":true,"valueName":"search_term_string"}}],"inLanguage":"en-US"},{"@type":"Person","@id":"https:\/\/www.filantropiacortessolari.cl\/#\/schema\/person\/e099cf1046922f4f5892172332dc86c0","name":"Filantrop\u00eda Cort\u00e9s Solari","image":{"@type":"ImageObject","inLanguage":"en-US","@id":"https:\/\/secure.gravatar.com\/avatar\/9d17bfe24074ed7576e70cbeb8e010cdd7d01fae9f2047bd96cccbe629ec3c11?s=96&d=mm&r=g","url":"https:\/\/secure.gravatar.com\/avatar\/9d17bfe24074ed7576e70cbeb8e010cdd7d01fae9f2047bd96cccbe629ec3c11?s=96&d=mm&r=g","contentUrl":"https:\/\/secure.gravatar.com\/avatar\/9d17bfe24074ed7576e70cbeb8e010cdd7d01fae9f2047bd96cccbe629ec3c11?s=96&d=mm&r=g","caption":"Filantrop\u00eda Cort\u00e9s Solari"},"url":"https:\/\/www.filantropiacortessolari.cl\/en\/author\/filantropia-cortes-solari\/"}]}},"_links":{"self":[{"href":"https:\/\/www.filantropiacortessolari.cl\/en\/wp-json\/wp\/v2\/posts\/12096","targetHints":{"allow":["GET"]}}],"collection":[{"href":"https:\/\/www.filantropiacortessolari.cl\/en\/wp-json\/wp\/v2\/posts"}],"about":[{"href":"https:\/\/www.filantropiacortessolari.cl\/en\/wp-json\/wp\/v2\/types\/post"}],"author":[{"embeddable":true,"href":"https:\/\/www.filantropiacortessolari.cl\/en\/wp-json\/wp\/v2\/users\/1"}],"replies":[{"embeddable":true,"href":"https:\/\/www.filantropiacortessolari.cl\/en\/wp-json\/wp\/v2\/comments?post=12096"}],"version-history":[{"count":2,"href":"https:\/\/www.filantropiacortessolari.cl\/en\/wp-json\/wp\/v2\/posts\/12096\/revisions"}],"predecessor-version":[{"id":12098,"href":"https:\/\/www.filantropiacortessolari.cl\/en\/wp-json\/wp\/v2\/posts\/12096\/revisions\/12098"}],"wp:featuredmedia":[{"embeddable":true,"href":"https:\/\/www.filantropiacortessolari.cl\/en\/wp-json\/wp\/v2\/media\/11795"}],"wp:attachment":[{"href":"https:\/\/www.filantropiacortessolari.cl\/en\/wp-json\/wp\/v2\/media?parent=12096"}],"wp:term":[{"taxonomy":"category","embeddable":true,"href":"https:\/\/www.filantropiacortessolari.cl\/en\/wp-json\/wp\/v2\/categories?post=12096"},{"taxonomy":"post_tag","embeddable":true,"href":"https:\/\/www.filantropiacortessolari.cl\/en\/wp-json\/wp\/v2\/tags?post=12096"}],"curies":[{"name":"wp","href":"https:\/\/api.w.org\/{rel}","templated":true}]}}