{"id":12127,"date":"2025-08-13T14:09:26","date_gmt":"2025-08-13T17:09:26","guid":{"rendered":"https:\/\/www.filantropiacortessolari.cl\/?p=12127"},"modified":"2025-08-13T14:10:29","modified_gmt":"2025-08-13T17:10:29","slug":"memoria-ancestral-expo-muestra-la-vida-de-los-selknam-yamana-y-kawesqar-en-fotos","status":"publish","type":"post","link":"https:\/\/www.filantropiacortessolari.cl\/en\/memoria-ancestral-expo-muestra-la-vida-de-los-selknam-yamana-y-kawesqar-en-fotos\/","title":{"rendered":"&#8220;Memoria Ancestral&#8221;: expo muestra la vida de los Selk&#8217;nam, Y\u00e1mana y Kawesqar en fotos"},"content":{"rendered":"<style type=\"text\/css\"><\/style><p><a href=\"https:\/\/fcs.tv\/voces-de-la-patagonia-memoria-ancestral\/\" target=\"_blank\">PUEBLOS ORIGINARIOS<\/a>. Selecci\u00f3n itinerante se instala como plato fuerte del Encuentro de Fotograf\u00eda Enfoto 2025 en el Diego Rivera.<\/p>\n<p>Una selecci\u00f3n de 43 fotograf\u00edas del etn\u00f3logo Mart\u00edn Gusinde, que documentan a los pueblos Selk&#8217;nam, Y\u00e1mana y Kawesqar entre 1918 y 1924, se exhibe en la Casa del Arte Diego Rivera de Puerto Montt. La muestra, titulada &#8220;Voces de la Patagonia. Memoria Ancestral&#8221;, estar\u00e1 abierta al p\u00fablico hasta el 17 de septiembre como parte del Encuentro de Fotograf\u00eda de Los Lagos, Enfoto 2025.<\/p>\n<p>La expo busca proponer una relectura de los retratos realizados por el sacerdote a principios del siglo XX sobre la vida cotidiana y simb\u00f3lica de los pueblos originarios del extremo austral de Chile y Argentina. El fondo visual completo, compuesto por 151 fotograf\u00edas, fue adquirido en 2019 por Francisca Cort\u00e9s Solari mediante un acuerdo con el editor franc\u00e9s Xavier Barral, quien pose\u00eda los derechos de reproducci\u00f3n.<\/p>\n<p>El contrato permiti\u00f3 que una de las 12 ediciones certificadas del compendio fotogr\u00e1fico fuera trasladada al pa\u00eds para su exhibici\u00f3n. Esta iniciativa tiene como objetivo una restituci\u00f3n simb\u00f3lica para dar voz e identidad contempor\u00e1nea a los pueblos originarios del sur.<\/p>\n<h2>Un viaje al sur<\/h2>\n<p>Antes de su llegada a Puerto Montt, la exposici\u00f3n fue presentada en Santiago y posteriormente en Castro, Chilo\u00e9. Tras su paso por la Regi\u00f3n de Los Lagos, la muestra continuar\u00e1 su itinerancia hacia Punta Arenas. Esta versi\u00f3n es m\u00e1s acotada que la exhibida actualmente por Filantrop\u00eda Cort\u00e9s Solari (FCS) en PHotoEspa\u00f1a 2025 en Santander, Espa\u00f1a.<\/p>\n<p>Adem\u00e1s de las fotograf\u00edas, la exhibici\u00f3n incluye material etnogr\u00e1fico, registros sonoros, piezas audiovisuales y elementos sensoriales. Francisca Cort\u00e9s Solari, presidenta ejecutiva de FCS, se\u00f1al\u00f3 que &#8220;estas im\u00e1genes no s\u00f3lo tienen un valor hist\u00f3rico. Nos permiten conectar y reencontrarnos con nuestra identidad, lo que fuimos y aun somos. Pues hoy m\u00e1s que nunca, sabemos que la conservaci\u00f3n debe ser multidimensional y ello implica una dimensi\u00f3n cultural, que reconozca nuestros saberes ancestrales&#8221;.<\/p>\n<p>La Corporaci\u00f3n Cultural de Puerto Montt destac\u00f3 la inclusi\u00f3n de la muestra en la 11\u00aa edici\u00f3n de Enfoto. Mario Barrientos, director ejecutivo interino de la entidad, afirm\u00f3 que &#8220;la obra de Gusinde nos interpela desde el pasado y nos ofrece una ventana privilegiada a la memoria ancestral de los pueblos fueguinos. Creemos en la descentralizaci\u00f3n de la cultura y en el derecho de nuestra gente del sur a acceder a un patrimonio visual de esta magnitud&#8221;. La curadur\u00eda de la exposici\u00f3n pone \u00e9nfasis en la imagen como soporte de memoria y en la relaci\u00f3n entre cuerpo, territorio y espiritualidad, donde elementos como el mar o la luna son entendidos como fuerzas con agencia activa.<\/p>\n<p>Fuente: <a href=\"https:\/\/www.ellanquihue.cl\/impresa\/2025\/08\/13\/papel\/\" target=\"_blank\">El LLanquihue<\/a><br \/>\n<a href=\"https:\/\/fcs.tv\/voces-de-la-patagonia-memoria-ancestral\/\" target=\"_blank\">Revisa Voces de la Patagonia en fcs.tv<\/a><\/p>\n","protected":false},"excerpt":{"rendered":"<p>PUEBLOS ORIGINARIOS. Selecci\u00f3n itinerante se instala como plato fuerte del Encuentro de Fotograf\u00eda Enfoto 2025 en el Diego Rivera. Una selecci\u00f3n de 43 fotograf\u00edas del etn\u00f3logo Mart\u00edn Gusinde, que documentan a los pueblos Selk&#8217;nam, Y\u00e1mana y Kawesqar entre 1918 y 1924, se exhibe en la Casa del Arte Diego Rivera de Puerto Montt. La muestra,&#8230;<\/p>\n","protected":false},"author":1,"featured_media":12128,"comment_status":"closed","ping_status":"closed","sticky":false,"template":"","format":"standard","meta":{"footnotes":""},"categories":[31,5,6],"tags":[],"class_list":["post-12127","post","type-post","status-publish","format-standard","has-post-thumbnail","hentry","category-noticias","category-prensa-escrita","category-fundacion-meri"],"translation":{"provider":"WPGlobus","version":"3.0.2","language":"en","enabled_languages":["es","en"],"languages":{"es":{"title":true,"content":true,"excerpt":false},"en":{"title":false,"content":false,"excerpt":false}}},"yoast_head":"<!-- This site is optimized with the Yoast SEO plugin v27.4 - https:\/\/yoast.com\/product\/yoast-seo-wordpress\/ -->\n<title>&quot;Memoria Ancestral&quot;: expo muestra la vida de los Selk&#039;nam, Y\u00e1mana y Kawesqar en fotos<\/title>\n<meta name=\"robots\" content=\"index, follow, max-snippet:-1, max-image-preview:large, max-video-preview:-1\" \/>\n<link rel=\"canonical\" href=\"https:\/\/www.filantropiacortessolari.cl\/memoria-ancestral-expo-muestra-la-vida-de-los-selknam-yamana-y-kawesqar-en-fotos\/\" \/>\n<meta property=\"og:locale\" content=\"en_US\" \/>\n<meta property=\"og:type\" content=\"article\" \/>\n<meta property=\"og:title\" content=\"&quot;Memoria Ancestral&quot;: expo muestra la vida de los Selk&#039;nam, Y\u00e1mana y Kawesqar en fotos\" \/>\n<meta property=\"og:url\" content=\"https:\/\/www.filantropiacortessolari.cl\/memoria-ancestral-expo-muestra-la-vida-de-los-selknam-yamana-y-kawesqar-en-fotos\/\" \/>\n<meta property=\"og:site_name\" content=\"Filantrop\u00eda Cort\u00e9s Solari\" \/>\n<meta property=\"article:published_time\" content=\"2025-08-13T17:09:26+00:00\" \/>\n<meta property=\"article:modified_time\" content=\"2025-08-13T17:10:29+00:00\" \/>\n<meta property=\"og:image\" content=\"https:\/\/www.filantropiacortessolari.cl\/wp-content\/uploads\/2025\/08\/voces.jpeg\" \/>\n\t<meta property=\"og:image:width\" content=\"1280\" \/>\n\t<meta property=\"og:image:height\" content=\"853\" \/>\n\t<meta property=\"og:image:type\" content=\"image\/jpeg\" \/>\n<meta name=\"author\" content=\"Filantrop\u00eda Cort\u00e9s Solari\" \/>\n<meta name=\"twitter:card\" content=\"summary_large_image\" \/>\n<meta name=\"twitter:label1\" content=\"Written by\" \/>\n\t<meta name=\"twitter:data1\" content=\"Filantrop\u00eda Cort\u00e9s Solari\" \/>\n\t<meta name=\"twitter:label2\" content=\"Est. reading time\" \/>\n\t<meta name=\"twitter:data2\" content=\"3 minutes\" \/>\n<script type=\"application\/ld+json\" class=\"yoast-schema-graph\">{\"@context\":\"https:\\\/\\\/schema.org\",\"@graph\":[{\"@type\":\"Article\",\"@id\":\"https:\\\/\\\/www.filantropiacortessolari.cl\\\/memoria-ancestral-expo-muestra-la-vida-de-los-selknam-yamana-y-kawesqar-en-fotos\\\/#article\",\"isPartOf\":{\"@id\":\"https:\\\/\\\/www.filantropiacortessolari.cl\\\/memoria-ancestral-expo-muestra-la-vida-de-los-selknam-yamana-y-kawesqar-en-fotos\\\/\"},\"author\":{\"name\":\"Filantrop\u00eda Cort\u00e9s Solari\",\"@id\":\"https:\\\/\\\/www.filantropiacortessolari.cl\\\/#\\\/schema\\\/person\\\/e099cf1046922f4f5892172332dc86c0\"},\"headline\":\"&#8220;Memoria Ancestral&#8221;: expo muestra la vida de los Selk&#8217;nam, Y\u00e1mana y Kawesqar en fotos\",\"datePublished\":\"2025-08-13T17:09:26+00:00\",\"dateModified\":\"2025-08-13T17:10:29+00:00\",\"mainEntityOfPage\":{\"@id\":\"https:\\\/\\\/www.filantropiacortessolari.cl\\\/memoria-ancestral-expo-muestra-la-vida-de-los-selknam-yamana-y-kawesqar-en-fotos\\\/\"},\"wordCount\":494,\"image\":{\"@id\":\"https:\\\/\\\/www.filantropiacortessolari.cl\\\/memoria-ancestral-expo-muestra-la-vida-de-los-selknam-yamana-y-kawesqar-en-fotos\\\/#primaryimage\"},\"thumbnailUrl\":\"https:\\\/\\\/www.filantropiacortessolari.cl\\\/wp-content\\\/uploads\\\/2025\\\/08\\\/voces.jpeg\",\"articleSection\":[\"Noticias\",\"Prensa Escrita\",\"Prensa MERI\"],\"inLanguage\":\"en-US\"},{\"@type\":\"WebPage\",\"@id\":\"https:\\\/\\\/www.filantropiacortessolari.cl\\\/memoria-ancestral-expo-muestra-la-vida-de-los-selknam-yamana-y-kawesqar-en-fotos\\\/\",\"url\":\"https:\\\/\\\/www.filantropiacortessolari.cl\\\/memoria-ancestral-expo-muestra-la-vida-de-los-selknam-yamana-y-kawesqar-en-fotos\\\/\",\"name\":\"\\\"Memoria Ancestral\\\": expo muestra la vida de los Selk'nam, Y\u00e1mana y Kawesqar en fotos\",\"isPartOf\":{\"@id\":\"https:\\\/\\\/www.filantropiacortessolari.cl\\\/#website\"},\"primaryImageOfPage\":{\"@id\":\"https:\\\/\\\/www.filantropiacortessolari.cl\\\/memoria-ancestral-expo-muestra-la-vida-de-los-selknam-yamana-y-kawesqar-en-fotos\\\/#primaryimage\"},\"image\":{\"@id\":\"https:\\\/\\\/www.filantropiacortessolari.cl\\\/memoria-ancestral-expo-muestra-la-vida-de-los-selknam-yamana-y-kawesqar-en-fotos\\\/#primaryimage\"},\"thumbnailUrl\":\"https:\\\/\\\/www.filantropiacortessolari.cl\\\/wp-content\\\/uploads\\\/2025\\\/08\\\/voces.jpeg\",\"datePublished\":\"2025-08-13T17:09:26+00:00\",\"dateModified\":\"2025-08-13T17:10:29+00:00\",\"author\":{\"@id\":\"https:\\\/\\\/www.filantropiacortessolari.cl\\\/#\\\/schema\\\/person\\\/e099cf1046922f4f5892172332dc86c0\"},\"breadcrumb\":{\"@id\":\"https:\\\/\\\/www.filantropiacortessolari.cl\\\/memoria-ancestral-expo-muestra-la-vida-de-los-selknam-yamana-y-kawesqar-en-fotos\\\/#breadcrumb\"},\"inLanguage\":\"en-US\",\"potentialAction\":[{\"@type\":\"ReadAction\",\"target\":[\"https:\\\/\\\/www.filantropiacortessolari.cl\\\/memoria-ancestral-expo-muestra-la-vida-de-los-selknam-yamana-y-kawesqar-en-fotos\\\/\"]}]},{\"@type\":\"ImageObject\",\"inLanguage\":\"en-US\",\"@id\":\"https:\\\/\\\/www.filantropiacortessolari.cl\\\/memoria-ancestral-expo-muestra-la-vida-de-los-selknam-yamana-y-kawesqar-en-fotos\\\/#primaryimage\",\"url\":\"https:\\\/\\\/www.filantropiacortessolari.cl\\\/wp-content\\\/uploads\\\/2025\\\/08\\\/voces.jpeg\",\"contentUrl\":\"https:\\\/\\\/www.filantropiacortessolari.cl\\\/wp-content\\\/uploads\\\/2025\\\/08\\\/voces.jpeg\",\"width\":1280,\"height\":853},{\"@type\":\"BreadcrumbList\",\"@id\":\"https:\\\/\\\/www.filantropiacortessolari.cl\\\/memoria-ancestral-expo-muestra-la-vida-de-los-selknam-yamana-y-kawesqar-en-fotos\\\/#breadcrumb\",\"itemListElement\":[{\"@type\":\"ListItem\",\"position\":1,\"name\":\"Portada\",\"item\":\"https:\\\/\\\/www.filantropiacortessolari.cl\\\/\"},{\"@type\":\"ListItem\",\"position\":2,\"name\":\"&#8220;Memoria Ancestral&#8221;: expo muestra la vida de los Selk&#8217;nam, Y\u00e1mana y Kawesqar en fotos\"}]},{\"@type\":\"WebSite\",\"@id\":\"https:\\\/\\\/www.filantropiacortessolari.cl\\\/#website\",\"url\":\"https:\\\/\\\/www.filantropiacortessolari.cl\\\/\",\"name\":\"Filantrop\u00eda Cort\u00e9s Solari\",\"description\":\"Sitio web Filantrop\u00eda Cort\u00e9s Solari\",\"potentialAction\":[{\"@type\":\"SearchAction\",\"target\":{\"@type\":\"EntryPoint\",\"urlTemplate\":\"https:\\\/\\\/www.filantropiacortessolari.cl\\\/?s={search_term_string}\"},\"query-input\":{\"@type\":\"PropertyValueSpecification\",\"valueRequired\":true,\"valueName\":\"search_term_string\"}}],\"inLanguage\":\"en-US\"},{\"@type\":\"Person\",\"@id\":\"https:\\\/\\\/www.filantropiacortessolari.cl\\\/#\\\/schema\\\/person\\\/e099cf1046922f4f5892172332dc86c0\",\"name\":\"Filantrop\u00eda Cort\u00e9s Solari\",\"image\":{\"@type\":\"ImageObject\",\"inLanguage\":\"en-US\",\"@id\":\"https:\\\/\\\/secure.gravatar.com\\\/avatar\\\/9d17bfe24074ed7576e70cbeb8e010cdd7d01fae9f2047bd96cccbe629ec3c11?s=96&d=mm&r=g\",\"url\":\"https:\\\/\\\/secure.gravatar.com\\\/avatar\\\/9d17bfe24074ed7576e70cbeb8e010cdd7d01fae9f2047bd96cccbe629ec3c11?s=96&d=mm&r=g\",\"contentUrl\":\"https:\\\/\\\/secure.gravatar.com\\\/avatar\\\/9d17bfe24074ed7576e70cbeb8e010cdd7d01fae9f2047bd96cccbe629ec3c11?s=96&d=mm&r=g\",\"caption\":\"Filantrop\u00eda Cort\u00e9s Solari\"},\"url\":\"https:\\\/\\\/www.filantropiacortessolari.cl\\\/en\\\/author\\\/filantropia-cortes-solari\\\/\"}]}<\/script>\n<!-- \/ Yoast SEO plugin. -->","yoast_head_json":{"title":"\"Memoria Ancestral\": expo muestra la vida de los Selk'nam, Y\u00e1mana y Kawesqar en fotos","robots":{"index":"index","follow":"follow","max-snippet":"max-snippet:-1","max-image-preview":"max-image-preview:large","max-video-preview":"max-video-preview:-1"},"canonical":"https:\/\/www.filantropiacortessolari.cl\/memoria-ancestral-expo-muestra-la-vida-de-los-selknam-yamana-y-kawesqar-en-fotos\/","og_locale":"en_US","og_type":"article","og_title":"\"Memoria Ancestral\": expo muestra la vida de los Selk'nam, Y\u00e1mana y Kawesqar en fotos","og_url":"https:\/\/www.filantropiacortessolari.cl\/memoria-ancestral-expo-muestra-la-vida-de-los-selknam-yamana-y-kawesqar-en-fotos\/","og_site_name":"Filantrop\u00eda Cort\u00e9s Solari","article_published_time":"2025-08-13T17:09:26+00:00","article_modified_time":"2025-08-13T17:10:29+00:00","og_image":[{"width":1280,"height":853,"url":"https:\/\/www.filantropiacortessolari.cl\/wp-content\/uploads\/2025\/08\/voces.jpeg","type":"image\/jpeg"}],"author":"Filantrop\u00eda Cort\u00e9s Solari","twitter_card":"summary_large_image","twitter_misc":{"Written by":"Filantrop\u00eda Cort\u00e9s Solari","Est. reading time":"3 minutes"},"schema":{"@context":"https:\/\/schema.org","@graph":[{"@type":"Article","@id":"https:\/\/www.filantropiacortessolari.cl\/memoria-ancestral-expo-muestra-la-vida-de-los-selknam-yamana-y-kawesqar-en-fotos\/#article","isPartOf":{"@id":"https:\/\/www.filantropiacortessolari.cl\/memoria-ancestral-expo-muestra-la-vida-de-los-selknam-yamana-y-kawesqar-en-fotos\/"},"author":{"name":"Filantrop\u00eda Cort\u00e9s Solari","@id":"https:\/\/www.filantropiacortessolari.cl\/#\/schema\/person\/e099cf1046922f4f5892172332dc86c0"},"headline":"&#8220;Memoria Ancestral&#8221;: expo muestra la vida de los Selk&#8217;nam, Y\u00e1mana y Kawesqar en fotos","datePublished":"2025-08-13T17:09:26+00:00","dateModified":"2025-08-13T17:10:29+00:00","mainEntityOfPage":{"@id":"https:\/\/www.filantropiacortessolari.cl\/memoria-ancestral-expo-muestra-la-vida-de-los-selknam-yamana-y-kawesqar-en-fotos\/"},"wordCount":494,"image":{"@id":"https:\/\/www.filantropiacortessolari.cl\/memoria-ancestral-expo-muestra-la-vida-de-los-selknam-yamana-y-kawesqar-en-fotos\/#primaryimage"},"thumbnailUrl":"https:\/\/www.filantropiacortessolari.cl\/wp-content\/uploads\/2025\/08\/voces.jpeg","articleSection":["Noticias","Prensa Escrita","Prensa MERI"],"inLanguage":"en-US"},{"@type":"WebPage","@id":"https:\/\/www.filantropiacortessolari.cl\/memoria-ancestral-expo-muestra-la-vida-de-los-selknam-yamana-y-kawesqar-en-fotos\/","url":"https:\/\/www.filantropiacortessolari.cl\/memoria-ancestral-expo-muestra-la-vida-de-los-selknam-yamana-y-kawesqar-en-fotos\/","name":"\"Memoria Ancestral\": expo muestra la vida de los Selk'nam, Y\u00e1mana y Kawesqar en fotos","isPartOf":{"@id":"https:\/\/www.filantropiacortessolari.cl\/#website"},"primaryImageOfPage":{"@id":"https:\/\/www.filantropiacortessolari.cl\/memoria-ancestral-expo-muestra-la-vida-de-los-selknam-yamana-y-kawesqar-en-fotos\/#primaryimage"},"image":{"@id":"https:\/\/www.filantropiacortessolari.cl\/memoria-ancestral-expo-muestra-la-vida-de-los-selknam-yamana-y-kawesqar-en-fotos\/#primaryimage"},"thumbnailUrl":"https:\/\/www.filantropiacortessolari.cl\/wp-content\/uploads\/2025\/08\/voces.jpeg","datePublished":"2025-08-13T17:09:26+00:00","dateModified":"2025-08-13T17:10:29+00:00","author":{"@id":"https:\/\/www.filantropiacortessolari.cl\/#\/schema\/person\/e099cf1046922f4f5892172332dc86c0"},"breadcrumb":{"@id":"https:\/\/www.filantropiacortessolari.cl\/memoria-ancestral-expo-muestra-la-vida-de-los-selknam-yamana-y-kawesqar-en-fotos\/#breadcrumb"},"inLanguage":"en-US","potentialAction":[{"@type":"ReadAction","target":["https:\/\/www.filantropiacortessolari.cl\/memoria-ancestral-expo-muestra-la-vida-de-los-selknam-yamana-y-kawesqar-en-fotos\/"]}]},{"@type":"ImageObject","inLanguage":"en-US","@id":"https:\/\/www.filantropiacortessolari.cl\/memoria-ancestral-expo-muestra-la-vida-de-los-selknam-yamana-y-kawesqar-en-fotos\/#primaryimage","url":"https:\/\/www.filantropiacortessolari.cl\/wp-content\/uploads\/2025\/08\/voces.jpeg","contentUrl":"https:\/\/www.filantropiacortessolari.cl\/wp-content\/uploads\/2025\/08\/voces.jpeg","width":1280,"height":853},{"@type":"BreadcrumbList","@id":"https:\/\/www.filantropiacortessolari.cl\/memoria-ancestral-expo-muestra-la-vida-de-los-selknam-yamana-y-kawesqar-en-fotos\/#breadcrumb","itemListElement":[{"@type":"ListItem","position":1,"name":"Portada","item":"https:\/\/www.filantropiacortessolari.cl\/"},{"@type":"ListItem","position":2,"name":"&#8220;Memoria Ancestral&#8221;: expo muestra la vida de los Selk&#8217;nam, Y\u00e1mana y Kawesqar en fotos"}]},{"@type":"WebSite","@id":"https:\/\/www.filantropiacortessolari.cl\/#website","url":"https:\/\/www.filantropiacortessolari.cl\/","name":"Filantrop\u00eda Cort\u00e9s Solari","description":"Sitio web Filantrop\u00eda Cort\u00e9s Solari","potentialAction":[{"@type":"SearchAction","target":{"@type":"EntryPoint","urlTemplate":"https:\/\/www.filantropiacortessolari.cl\/?s={search_term_string}"},"query-input":{"@type":"PropertyValueSpecification","valueRequired":true,"valueName":"search_term_string"}}],"inLanguage":"en-US"},{"@type":"Person","@id":"https:\/\/www.filantropiacortessolari.cl\/#\/schema\/person\/e099cf1046922f4f5892172332dc86c0","name":"Filantrop\u00eda Cort\u00e9s Solari","image":{"@type":"ImageObject","inLanguage":"en-US","@id":"https:\/\/secure.gravatar.com\/avatar\/9d17bfe24074ed7576e70cbeb8e010cdd7d01fae9f2047bd96cccbe629ec3c11?s=96&d=mm&r=g","url":"https:\/\/secure.gravatar.com\/avatar\/9d17bfe24074ed7576e70cbeb8e010cdd7d01fae9f2047bd96cccbe629ec3c11?s=96&d=mm&r=g","contentUrl":"https:\/\/secure.gravatar.com\/avatar\/9d17bfe24074ed7576e70cbeb8e010cdd7d01fae9f2047bd96cccbe629ec3c11?s=96&d=mm&r=g","caption":"Filantrop\u00eda Cort\u00e9s Solari"},"url":"https:\/\/www.filantropiacortessolari.cl\/en\/author\/filantropia-cortes-solari\/"}]}},"_links":{"self":[{"href":"https:\/\/www.filantropiacortessolari.cl\/en\/wp-json\/wp\/v2\/posts\/12127","targetHints":{"allow":["GET"]}}],"collection":[{"href":"https:\/\/www.filantropiacortessolari.cl\/en\/wp-json\/wp\/v2\/posts"}],"about":[{"href":"https:\/\/www.filantropiacortessolari.cl\/en\/wp-json\/wp\/v2\/types\/post"}],"author":[{"embeddable":true,"href":"https:\/\/www.filantropiacortessolari.cl\/en\/wp-json\/wp\/v2\/users\/1"}],"replies":[{"embeddable":true,"href":"https:\/\/www.filantropiacortessolari.cl\/en\/wp-json\/wp\/v2\/comments?post=12127"}],"version-history":[{"count":1,"href":"https:\/\/www.filantropiacortessolari.cl\/en\/wp-json\/wp\/v2\/posts\/12127\/revisions"}],"predecessor-version":[{"id":12129,"href":"https:\/\/www.filantropiacortessolari.cl\/en\/wp-json\/wp\/v2\/posts\/12127\/revisions\/12129"}],"wp:featuredmedia":[{"embeddable":true,"href":"https:\/\/www.filantropiacortessolari.cl\/en\/wp-json\/wp\/v2\/media\/12128"}],"wp:attachment":[{"href":"https:\/\/www.filantropiacortessolari.cl\/en\/wp-json\/wp\/v2\/media?parent=12127"}],"wp:term":[{"taxonomy":"category","embeddable":true,"href":"https:\/\/www.filantropiacortessolari.cl\/en\/wp-json\/wp\/v2\/categories?post=12127"},{"taxonomy":"post_tag","embeddable":true,"href":"https:\/\/www.filantropiacortessolari.cl\/en\/wp-json\/wp\/v2\/tags?post=12127"}],"curies":[{"name":"wp","href":"https:\/\/api.w.org\/{rel}","templated":true}]}}