{"id":12134,"date":"2025-09-15T10:12:31","date_gmt":"2025-09-15T13:12:31","guid":{"rendered":"https:\/\/www.filantropiacortessolari.cl\/?p=12134"},"modified":"2025-09-15T16:08:34","modified_gmt":"2025-09-15T19:08:34","slug":"la-historia-tras-la-filantropia-conservacionista-de-francisca-cortes-solari-el-estado-no-puede-solo","status":"publish","type":"post","link":"https:\/\/www.filantropiacortessolari.cl\/en\/la-historia-tras-la-filantropia-conservacionista-de-francisca-cortes-solari-el-estado-no-puede-solo\/","title":{"rendered":"[El Mercurio] La historia tras la \u201cfilantrop\u00eda\u201d conservacionista de Francisca Cort\u00e9s Solari: \u201cEl Estado no puede solo\u201d"},"content":{"rendered":"<style type=\"text\/css\"><\/style><p>Todo comenz\u00f3 cuando muri\u00f3 su abuela Eliana Falabella y las hermanas Liliana, Mar\u00eda Luisa y Teresa, su madre, le encargaron instalar su legado. La actual &#8216;fil\u00e1ntropa&#8217;, por propia definici\u00f3n, arm\u00f3 una fundaci\u00f3n y un modelo &#8216;para educar en la naturaleza&#8217;, que la llev\u00f3 al conservacionismo natural y cultural, que hoy financia ella \u00edntegramente.<br \/>\n&#8216;De oveja negra pas\u00e9 a ser la oveja verde&#8217;, dice y agrega : &#8216;Siempre romp\u00ed esquemas&#8217;. <strong>Francisca Cort\u00e9s Solari<\/strong> es parte de la tercera generaci\u00f3n del grupo empresarial que fundaron sus abuelos Alberto Solari y Eliana Falabella, y se le nota la admiraci\u00f3n por estos &#8216;ancestros&#8217; que a partir de la sastrer\u00eda familiar, levantaron el principal retailer del pa\u00eds y uno de los m\u00e1s grandes del continente. Una historia que legaron a sus tres hijas \u2014Liliana, Mar\u00eda Luisa y Teresa\u2014, de la que ella se siente heredera y que la llev\u00f3 al conservacionismo ecol\u00f3gico y cultural. Comenz\u00f3 ese camino hace 25 a\u00f1os y lo lidera a trav\u00e9s de las fundaciones <strong>Caserta<\/strong>, <strong>MERI<\/strong> y sus tres reservas en San Pedro de Atacama, el Caj\u00f3n del Maipo y la Patagonia. &#8216;Fil\u00e1ntropa&#8217;, dice sin dudarlo, cuando le preguntamos c\u00f3mo se define la hija mayor de Teresa Solari, quien junto a su madre y hermano Juan Carlos controlan el 11,58% de Falabella, a trav\u00e9s de Inversiones Corso. Desde hace cinco a\u00f1os, cada uno tiene su Family Office, el suyo se llama Iscor \u2014por la fusi\u00f3n de su apellido con el de su marido, Claudio Israel\u2014 y est\u00e1 detr\u00e1s de sus 32 proyectos que buscan &#8216;romper con el paradigma de la educaci\u00f3n en la sala de clases&#8217;, con un modelo que integra cultura, ciencia y econom\u00eda, educaci\u00f3n y conservaci\u00f3n con pueblos originarios y actores locales. &#8216;Me cost\u00f3 asumir que ven\u00eda de una familia con patrimonio, pero me di cuenta del tremendo valor que hay ah\u00ed&#8217;, afirma, al tiempo que reconoce que siempre fue distinta, acelerada y hasta corri\u00f3 en la F\u00f3rmula 4. &#8216;Nac\u00ed en mi familia y eso no quiere decir que no pueda estar entre los caballos, tocando guitarra, danzando o trabajando con pueblos originarios&#8217;, dice la empresaria. Por estos d\u00edas viaja a Dub\u00e1i, es una de las 16 patronas mundiales de la Naturaleza distinguida por la Uni\u00f3n Internacional para la Conservaci\u00f3n de la Naturaleza (UICN), es la \u00fanica sudamericana. Todo comenz\u00f3 cuando muri\u00f3 su abuela Eliana. Las tres hermanas Solari Falabella, y los cinco primos Heller Solari, Karlezi Solari y Cort\u00e9s, la eligieron para continuar su legado. As\u00ed naci\u00f3 <strong>Caserta<\/strong>, por el nombre del stud de caballos de sus abuelos y del pueblo originario de los Falabella en Italia, y su foco fue la educaci\u00f3n. Primero con campamentos de verano en la naturaleza, y formaci\u00f3n para los hijos de los cuidadores de caballos en el Club H\u00edpico, lugar con el que su familia tiene un v\u00ednculo profundo.<\/p>\n<p>&#8216;Personas muy vulnerables no solo en lo econ\u00f3mico, tambi\u00e9n al medio, a la droga, a la deserci\u00f3n escolar&#8217;, explica <strong>Francisca Cort\u00e9s<\/strong>. Luego sum\u00f3 un colegio en Casablanca, donde su t\u00eda Liliana y sus primos Heller Solari tienen tierras. M\u00e1s tarde sum\u00f3 otros tres en La Pintana en Santiago. &#8216;Un salto cu\u00e1ntico&#8217;, recuerda, que abarc\u00f3 a los profesores, la alimentaci\u00f3n saludable y, al final, el &#8216;bienestar&#8217; de toda la organizaci\u00f3n. &#8216;As\u00ed como yo he trabajado muchas cosas personales, sanado historias, esto fue como trabajar con el alma de los alumnos, de los profesores&#8217;, explica de su modelo de &#8216;educaci\u00f3n transformadora en la naturaleza&#8217; que &#8216;rompi\u00f3 el paradigma de educar dentro de la sala de clases&#8217;. A la fecha, <strong>Caserta<\/strong> ha formado a m\u00e1s de 30.000 estudiantes y 10.000 docentes. Al principio, el escenario natural fue el cerro San Crist\u00f3bal y Pe\u00f1alol\u00e9n, pero a corto andar surgi\u00f3 la necesidad de contar con algo propio y la fundaci\u00f3n adquiri\u00f3 tres reservas: Puribeter (San Pedro de Atacama), Likandes (Caj\u00f3n del Maipo) y Melimoyu (Patagonia). &#8216;Naci\u00f3 el sue\u00f1o&#8217;, dice, y se complet\u00f3 porque sus lazos se extendieron a los agricultores y comunidades locales, y el proyecto gir\u00f3 hacia la conservaci\u00f3n. Tambi\u00e9n marca el giro que tom\u00f3 la fundaci\u00f3n al partir sus dos t\u00edas, y luego en 2016, cuando la familia Cort\u00e9s Solari estructur\u00f3 todos sus aportes en un endowment y, a contar de 2020, <strong>Francisca Cort\u00e9s<\/strong> decide asumir sola su gesti\u00f3n. &#8216;Necesitaba ir m\u00e1s r\u00e1pido, era dif\u00edcil ponernos todos de acuerdo, empec\u00e9 a abarcar educaci\u00f3n, conservaci\u00f3n, pueblos originarios, las ballenas\u2026 fue m\u00e1s f\u00e1cil, tomar mi independencia&#8217;, explica la empresaria, que hoy financia la operaci\u00f3n de sus fundaciones y el personal que trabaja en las reservas. &#8216;Cuando decid\u00ed independizarme tambi\u00e9n fue para hablar y decidir con libertad. S\u00e9 que hay muchos chilenos que hacen cosas valiosas y ojal\u00e1 las mostraran m\u00e1s&#8217;, explica, sobre los motivos para dar esta entrevista.<\/p>\n<p>\u2014Algunos creen que los empresarios no deben participar de la vida p\u00fablica, \u00bfest\u00e1 de acuerdo? &#8216;La empresa tiene un rol social, uno p\u00fablico y otro privado, y esas tres cosas deben conversar. Cu\u00e1nto trabajo da una empresa como Falabella, cu\u00e1ntas familias hay detr\u00e1s de esa organizaci\u00f3n, cu\u00e1nta inversi\u00f3n, cu\u00e1nto esfuerzo en mejorar la calidad de vida de las personas. Necesitamos recuperar las confianzas, mirarnos a los ojos, no poner l\u00edmites, que soy de ac\u00e1 y t\u00fa de all\u00e1. Los l\u00edmites, los juicios personales han causado muchos problemas&#8217;.<\/p>\n<h2>Un estallido que cambi\u00f3 el destino de Caserta<\/h2>\n<p>Su primer &#8216;debut&#8217; p\u00fablico fue con Andes Show en la Bienal de Venecia, que dirigi\u00f3 el arquitecto Alejandro Aravena en 2016. El segundo fue m\u00e1s inesperado. Para la COP25 que Chile liderar\u00eda en 2019, la <strong>Fundaci\u00f3n Caserta<\/strong> \u2014junto a otras organizaciones\u2014 sustentar\u00eda el pabell\u00f3n principal de ciencias y cambio clim\u00e1tico, pero el estallido de octubre cambi\u00f3 los planes. La muestra debi\u00f3 trasladarse a Espa\u00f1a, y aunque los costos se triplicaron, no lo dud\u00f3. &#8216;Dije, ya hemos trabajado tanto en esto, \u00a1v\u00e1monos a Espa\u00f1a!&#8217;, recuerda. Y cree que vali\u00f3 la pena; sus proyectos se conocieron a nivel mundial y la &#8216;cosa explot\u00f3&#8217;. Desde entonces crearon un &#8220;fondo verde&#8221; con un banco internacional y perfeccionaron un modelo para medir el valor econ\u00f3mico de la naturalreza, tambi\u00e9n el de las ballenas para su ecosistema -una de sus causas preferidas-, a prop\u00f3sito de los enormes cet\u00e1ceos que nadan en las aguas del Corcovado, cerca de su reserva en la Patagonia.<\/p>\n<p>\u2014\u00bfPor qu\u00e9 dedicarse al conservacionismo ecol\u00f3gico, involucrarse con los pueblos originarios, viniendo de la empresa? &#8216;El Estado no puede solo. Si seguimos invirtiendo menos del 0,09% del PIB en biodiversidad \u2014como en Chile\u2014, no llegaremos a tiempo. Necesitamos que las empresas entiendan que el compromiso con la naturaleza no es solo Responsabilidad Social Empresarial o m\u00e1rketing verde, sino gesti\u00f3n de riesgo, legitimidad social y oportunidad de innovaci\u00f3n. Necesitamos ampliar la mirada con visi\u00f3n de progreso a futuro&#8217;.<\/p>\n<p>\u2014 &#8216;Salir&#8217;, debatir en seminarios, tener figuraci\u00f3n p\u00fablica, es algo que los empresarios reh\u00fayen, \u00bfusted es distinta? &#8216;Fue una decisi\u00f3n, siento que ten\u00eda que romper con eso, porque mostrar lo que uno hace aqu\u00ed, en Chile, es tremendamente \u00fatil para los chilenos, pero tambi\u00e9n para el mundo. En muchas cosas, nosotros vamos en la vanguardia y el mundo nos mira. El costo de no actuar ser\u00e1 siempre mayor. Hoy, la reputaci\u00f3n, la sostenibilidad y la innovaci\u00f3n est\u00e1n del lado de quienes se atreven a liderar este cambio. Conservar no es frenar el desarrollo, significa garantizar que ese desarrollo sea viable en el largo plazo&#8217;.<\/p>\n<p>\u2014Muchos consideran que el conservacionismo, los pueblos originarios, tensionan los intereses empresariales, \u00bfno lo cree? &#8216;La conservaci\u00f3n no es un negocio para nadie y, en ese sentido, quiz\u00e1s haya ignorancia. Pero creo que en Chile, en general, hay buenas pr\u00e1cticas, la empresa ha tomado conciencia, se rige por una legislaci\u00f3n que ha avanzado y de la que me siento orgullosa. Siento que los empresarios han ido valorando la importancia de la generaci\u00f3n de carbono que generan sus procesos. \u00bfPodr\u00edamos estar mucho m\u00e1s adelantados? A lo mejor, pero hemos avanzado como pa\u00eds en pol\u00edticas p\u00fablicas y conciencia&#8217;.<\/p>\n<p>\u2014El tema comenz\u00f3 como responsabilidad social y evolucion\u00f3 a la filantrop\u00eda, \u00bfen que se diferencian? &#8216;Toda empresa debe ser responsable socialmente, porque en la medida que sus trabajadores est\u00e9n bien, va a ser m\u00e1s productiva. \u00bfCu\u00e1l es la diferencia con la filantrop\u00eda? Que la filantrop\u00eda no piensa en el retorno econ\u00f3mico, es una donaci\u00f3n \u2014despu\u00e9s de pagar todos mis impuestos\u2014, sin esperar nada a cambio. Es mi gratificaci\u00f3n personal, mi amor profundo por mis antepasados que no tuvieron la misma suerte, pasaron muchas necesidades y trabajaron para que yo hoy est\u00e9 aqu\u00ed&#8217;.<\/p>\n<blockquote><p>Necesitamos que las empresas entiendan que el compromiso con la naturaleza no es solo Responsabilidad Social Empresarial o m\u00e1rketing verde&#8217;.<\/p><\/blockquote>\n<p>Futuro de Falabella: &#8216;No creo que vayamos a tener cambios dr\u00e1sticos&#8217;<\/p>\n<p>Atrav\u00e9s de inversiones Corso y participaciones individuales, Teresa Solari y sus dos hijos tienen el 11,58% de Falabella, empresa de la que Juan Carlos Cort\u00e9s Solari es vicepresidente. Hoy, adem\u00e1s, cada uno tiene su family office. &#8216;Fue una tremenda oportunidad de tom\u00e1rmelo muy en serio, armar equipo, velar por que las inversiones sean sostenibles y ya lo hemos logrado en 50% y queremos llegar al 100%&#8217;, agrega <strong>Francisca Cort\u00e9s<\/strong>, que hace unos a\u00f1os se radic\u00f3 en Uruguay, donde tiene su campo y sus caballos. Viene mucho a Chile, y tambi\u00e9n pasa tiempo en Estados Unidos y Europa. Recalca el &#8216;tremendo apoyo&#8217; que ha sido su hermano Juan Carlos, &#8216;me ha permitido dedicarme a esto&#8217;. Y agrega: &#8216;Lo que caracteriza a Falabella es que todav\u00eda hay una continuidad de la familia fundadora, y los accionistas relevantes tambi\u00e9n son una familia, eso aporta un valor que la hace distinta, es una empresa familiar&#8217;.<\/p>\n<p>\u2014\u00bfY se mantiene esa unidad familiar, luego de los cambios en la administraci\u00f3n en 2023? &#8216;En los directorios siempre se van a discutir distintas posiciones, pero se ha llegado a un consenso que se ve en los resultados de Falabella. El desaf\u00edo es la uni\u00f3n, fortalecer ese consenso&#8217;.<\/p>\n<p>\u2014\u00bfUsted estuvo de acuerdo con esos cambios, que signific\u00f3 la salida de su primo Carlos Solari de la presidencia?, quedaron heridas\u2026 &#8216;S\u00ed, estoy de acuerdo, me gusten o no, a veces los cambios son positivos y los resultados hablan por s\u00ed solos. Puede haber heridas, pero ese aprendizaje tiene un por qu\u00e9 y hoy miramos al futuro. La administraci\u00f3n son personas tremendamente confiables, estoy s\u00faper satisfecha y creo que tambi\u00e9n mi hermano de c\u00f3mo se ha gestionado la empresa. Obviamente pas\u00f3 por un momento dif\u00edcil, pero tambi\u00e9n fue una coyuntura muy particular que afect\u00f3 a todos los actores del retail y el comercio. Esto no es un tema de unos u otros. Si se salv\u00f3 esta dif\u00edcil coyuntura es por la resiliencia familiar, que est\u00e1 dispuesta a que las cosas avancen por el bienestar de la empresa, de ese legado. Siempre vamos a tratar de llegar a acuerdos&#8217;.<\/p>\n<p>\u2014Analistas anticipan nuevos cambios en abril, cuando se elija directorio, tras la participaci\u00f3n que tom\u00f3 Tom\u00e1s M\u00fcller y la familia F\u00fcrst. \u00bfTambi\u00e9n est\u00e1 de acuerdo? &#8216;La actual administraci\u00f3n lo ha hecho bien, no creo que vayamos a tener cambios dr\u00e1sticos y los que haya ser\u00e1n de mutuo acuerdo, porque lo m\u00e1s importante es que el directorio est\u00e9 alineado, act\u00fae por consenso y no por intereses personales&#8217;.<\/p>\n","protected":false},"excerpt":{"rendered":"<p>Todo comenz\u00f3 cuando muri\u00f3 su abuela Eliana Falabella y las hermanas Liliana, Mar\u00eda Luisa y Teresa, su madre, le encargaron instalar su legado. La actual &#8216;fil\u00e1ntropa&#8217;, por propia definici\u00f3n, arm\u00f3 una fundaci\u00f3n y un modelo &#8216;para educar en la naturaleza&#8217;, que la llev\u00f3 al conservacionismo natural y cultural, que hoy financia ella \u00edntegramente. &#8216;De oveja&#8230;<\/p>\n","protected":false},"author":1,"featured_media":12139,"comment_status":"closed","ping_status":"closed","sticky":false,"template":"","format":"standard","meta":{"footnotes":""},"categories":[31,7,5],"tags":[],"class_list":["post-12134","post","type-post","status-publish","format-standard","has-post-thumbnail","hentry","category-noticias","category-fundacion-caserta","category-prensa-escrita"],"translation":{"provider":"WPGlobus","version":"3.0.2","language":"en","enabled_languages":["es","en"],"languages":{"es":{"title":true,"content":true,"excerpt":false},"en":{"title":false,"content":false,"excerpt":false}}},"yoast_head":"<!-- This site is optimized with the Yoast SEO plugin v27.4 - https:\/\/yoast.com\/product\/yoast-seo-wordpress\/ -->\n<title>[El Mercurio] La historia tras la \u201cfilantrop\u00eda\u201d conservacionista de Francisca Cort\u00e9s Solari: \u201cEl Estado no puede solo\u201d<\/title>\n<meta name=\"robots\" content=\"index, follow, max-snippet:-1, max-image-preview:large, max-video-preview:-1\" \/>\n<link rel=\"canonical\" href=\"https:\/\/www.filantropiacortessolari.cl\/la-historia-tras-la-filantropia-conservacionista-de-francisca-cortes-solari-el-estado-no-puede-solo\/\" \/>\n<meta property=\"og:locale\" content=\"en_US\" \/>\n<meta property=\"og:type\" content=\"article\" \/>\n<meta property=\"og:title\" content=\"[El Mercurio] La historia tras la \u201cfilantrop\u00eda\u201d conservacionista de Francisca Cort\u00e9s Solari: \u201cEl Estado no puede solo\u201d\" \/>\n<meta property=\"og:url\" content=\"https:\/\/www.filantropiacortessolari.cl\/la-historia-tras-la-filantropia-conservacionista-de-francisca-cortes-solari-el-estado-no-puede-solo\/\" \/>\n<meta property=\"og:site_name\" content=\"Filantrop\u00eda Cort\u00e9s Solari\" \/>\n<meta property=\"article:published_time\" content=\"2025-09-15T13:12:31+00:00\" \/>\n<meta property=\"article:modified_time\" content=\"2025-09-15T19:08:34+00:00\" \/>\n<meta property=\"og:image\" content=\"https:\/\/www.filantropiacortessolari.cl\/wp-content\/uploads\/2025\/09\/fran.jpeg\" \/>\n\t<meta property=\"og:image:width\" content=\"1280\" \/>\n\t<meta property=\"og:image:height\" content=\"853\" \/>\n\t<meta property=\"og:image:type\" content=\"image\/jpeg\" \/>\n<meta name=\"author\" content=\"Filantrop\u00eda Cort\u00e9s Solari\" \/>\n<meta name=\"twitter:card\" content=\"summary_large_image\" \/>\n<meta name=\"twitter:label1\" content=\"Written by\" \/>\n\t<meta name=\"twitter:data1\" content=\"Filantrop\u00eda Cort\u00e9s Solari\" \/>\n\t<meta name=\"twitter:label2\" content=\"Est. reading time\" \/>\n\t<meta name=\"twitter:data2\" content=\"9 minutes\" \/>\n<script type=\"application\/ld+json\" class=\"yoast-schema-graph\">{\"@context\":\"https:\\\/\\\/schema.org\",\"@graph\":[{\"@type\":\"Article\",\"@id\":\"https:\\\/\\\/www.filantropiacortessolari.cl\\\/la-historia-tras-la-filantropia-conservacionista-de-francisca-cortes-solari-el-estado-no-puede-solo\\\/#article\",\"isPartOf\":{\"@id\":\"https:\\\/\\\/www.filantropiacortessolari.cl\\\/la-historia-tras-la-filantropia-conservacionista-de-francisca-cortes-solari-el-estado-no-puede-solo\\\/\"},\"author\":{\"name\":\"Filantrop\u00eda Cort\u00e9s Solari\",\"@id\":\"https:\\\/\\\/www.filantropiacortessolari.cl\\\/#\\\/schema\\\/person\\\/e099cf1046922f4f5892172332dc86c0\"},\"headline\":\"[El Mercurio] La historia tras la \u201cfilantrop\u00eda\u201d conservacionista de Francisca Cort\u00e9s Solari: \u201cEl Estado no puede solo\u201d\",\"datePublished\":\"2025-09-15T13:12:31+00:00\",\"dateModified\":\"2025-09-15T19:08:34+00:00\",\"mainEntityOfPage\":{\"@id\":\"https:\\\/\\\/www.filantropiacortessolari.cl\\\/la-historia-tras-la-filantropia-conservacionista-de-francisca-cortes-solari-el-estado-no-puede-solo\\\/\"},\"wordCount\":2010,\"image\":{\"@id\":\"https:\\\/\\\/www.filantropiacortessolari.cl\\\/la-historia-tras-la-filantropia-conservacionista-de-francisca-cortes-solari-el-estado-no-puede-solo\\\/#primaryimage\"},\"thumbnailUrl\":\"https:\\\/\\\/www.filantropiacortessolari.cl\\\/wp-content\\\/uploads\\\/2025\\\/09\\\/fran.jpeg\",\"articleSection\":[\"Noticias\",\"Prensa Caserta\",\"Prensa Escrita\"],\"inLanguage\":\"en-US\"},{\"@type\":\"WebPage\",\"@id\":\"https:\\\/\\\/www.filantropiacortessolari.cl\\\/la-historia-tras-la-filantropia-conservacionista-de-francisca-cortes-solari-el-estado-no-puede-solo\\\/\",\"url\":\"https:\\\/\\\/www.filantropiacortessolari.cl\\\/la-historia-tras-la-filantropia-conservacionista-de-francisca-cortes-solari-el-estado-no-puede-solo\\\/\",\"name\":\"[El Mercurio] La historia tras la \u201cfilantrop\u00eda\u201d conservacionista de Francisca Cort\u00e9s Solari: \u201cEl Estado no puede solo\u201d\",\"isPartOf\":{\"@id\":\"https:\\\/\\\/www.filantropiacortessolari.cl\\\/#website\"},\"primaryImageOfPage\":{\"@id\":\"https:\\\/\\\/www.filantropiacortessolari.cl\\\/la-historia-tras-la-filantropia-conservacionista-de-francisca-cortes-solari-el-estado-no-puede-solo\\\/#primaryimage\"},\"image\":{\"@id\":\"https:\\\/\\\/www.filantropiacortessolari.cl\\\/la-historia-tras-la-filantropia-conservacionista-de-francisca-cortes-solari-el-estado-no-puede-solo\\\/#primaryimage\"},\"thumbnailUrl\":\"https:\\\/\\\/www.filantropiacortessolari.cl\\\/wp-content\\\/uploads\\\/2025\\\/09\\\/fran.jpeg\",\"datePublished\":\"2025-09-15T13:12:31+00:00\",\"dateModified\":\"2025-09-15T19:08:34+00:00\",\"author\":{\"@id\":\"https:\\\/\\\/www.filantropiacortessolari.cl\\\/#\\\/schema\\\/person\\\/e099cf1046922f4f5892172332dc86c0\"},\"breadcrumb\":{\"@id\":\"https:\\\/\\\/www.filantropiacortessolari.cl\\\/la-historia-tras-la-filantropia-conservacionista-de-francisca-cortes-solari-el-estado-no-puede-solo\\\/#breadcrumb\"},\"inLanguage\":\"en-US\",\"potentialAction\":[{\"@type\":\"ReadAction\",\"target\":[\"https:\\\/\\\/www.filantropiacortessolari.cl\\\/la-historia-tras-la-filantropia-conservacionista-de-francisca-cortes-solari-el-estado-no-puede-solo\\\/\"]}]},{\"@type\":\"ImageObject\",\"inLanguage\":\"en-US\",\"@id\":\"https:\\\/\\\/www.filantropiacortessolari.cl\\\/la-historia-tras-la-filantropia-conservacionista-de-francisca-cortes-solari-el-estado-no-puede-solo\\\/#primaryimage\",\"url\":\"https:\\\/\\\/www.filantropiacortessolari.cl\\\/wp-content\\\/uploads\\\/2025\\\/09\\\/fran.jpeg\",\"contentUrl\":\"https:\\\/\\\/www.filantropiacortessolari.cl\\\/wp-content\\\/uploads\\\/2025\\\/09\\\/fran.jpeg\",\"width\":1280,\"height\":853},{\"@type\":\"BreadcrumbList\",\"@id\":\"https:\\\/\\\/www.filantropiacortessolari.cl\\\/la-historia-tras-la-filantropia-conservacionista-de-francisca-cortes-solari-el-estado-no-puede-solo\\\/#breadcrumb\",\"itemListElement\":[{\"@type\":\"ListItem\",\"position\":1,\"name\":\"Portada\",\"item\":\"https:\\\/\\\/www.filantropiacortessolari.cl\\\/\"},{\"@type\":\"ListItem\",\"position\":2,\"name\":\"[El Mercurio] La historia tras la \u201cfilantrop\u00eda\u201d conservacionista de Francisca Cort\u00e9s Solari: \u201cEl Estado no puede solo\u201d\"}]},{\"@type\":\"WebSite\",\"@id\":\"https:\\\/\\\/www.filantropiacortessolari.cl\\\/#website\",\"url\":\"https:\\\/\\\/www.filantropiacortessolari.cl\\\/\",\"name\":\"Filantrop\u00eda Cort\u00e9s Solari\",\"description\":\"Sitio web Filantrop\u00eda Cort\u00e9s Solari\",\"potentialAction\":[{\"@type\":\"SearchAction\",\"target\":{\"@type\":\"EntryPoint\",\"urlTemplate\":\"https:\\\/\\\/www.filantropiacortessolari.cl\\\/?s={search_term_string}\"},\"query-input\":{\"@type\":\"PropertyValueSpecification\",\"valueRequired\":true,\"valueName\":\"search_term_string\"}}],\"inLanguage\":\"en-US\"},{\"@type\":\"Person\",\"@id\":\"https:\\\/\\\/www.filantropiacortessolari.cl\\\/#\\\/schema\\\/person\\\/e099cf1046922f4f5892172332dc86c0\",\"name\":\"Filantrop\u00eda Cort\u00e9s Solari\",\"image\":{\"@type\":\"ImageObject\",\"inLanguage\":\"en-US\",\"@id\":\"https:\\\/\\\/secure.gravatar.com\\\/avatar\\\/9d17bfe24074ed7576e70cbeb8e010cdd7d01fae9f2047bd96cccbe629ec3c11?s=96&d=mm&r=g\",\"url\":\"https:\\\/\\\/secure.gravatar.com\\\/avatar\\\/9d17bfe24074ed7576e70cbeb8e010cdd7d01fae9f2047bd96cccbe629ec3c11?s=96&d=mm&r=g\",\"contentUrl\":\"https:\\\/\\\/secure.gravatar.com\\\/avatar\\\/9d17bfe24074ed7576e70cbeb8e010cdd7d01fae9f2047bd96cccbe629ec3c11?s=96&d=mm&r=g\",\"caption\":\"Filantrop\u00eda Cort\u00e9s Solari\"},\"url\":\"https:\\\/\\\/www.filantropiacortessolari.cl\\\/en\\\/author\\\/filantropia-cortes-solari\\\/\"}]}<\/script>\n<!-- \/ Yoast SEO plugin. -->","yoast_head_json":{"title":"[El Mercurio] La historia tras la \u201cfilantrop\u00eda\u201d conservacionista de Francisca Cort\u00e9s Solari: \u201cEl Estado no puede solo\u201d","robots":{"index":"index","follow":"follow","max-snippet":"max-snippet:-1","max-image-preview":"max-image-preview:large","max-video-preview":"max-video-preview:-1"},"canonical":"https:\/\/www.filantropiacortessolari.cl\/la-historia-tras-la-filantropia-conservacionista-de-francisca-cortes-solari-el-estado-no-puede-solo\/","og_locale":"en_US","og_type":"article","og_title":"[El Mercurio] La historia tras la \u201cfilantrop\u00eda\u201d conservacionista de Francisca Cort\u00e9s Solari: \u201cEl Estado no puede solo\u201d","og_url":"https:\/\/www.filantropiacortessolari.cl\/la-historia-tras-la-filantropia-conservacionista-de-francisca-cortes-solari-el-estado-no-puede-solo\/","og_site_name":"Filantrop\u00eda Cort\u00e9s Solari","article_published_time":"2025-09-15T13:12:31+00:00","article_modified_time":"2025-09-15T19:08:34+00:00","og_image":[{"width":1280,"height":853,"url":"https:\/\/www.filantropiacortessolari.cl\/wp-content\/uploads\/2025\/09\/fran.jpeg","type":"image\/jpeg"}],"author":"Filantrop\u00eda Cort\u00e9s Solari","twitter_card":"summary_large_image","twitter_misc":{"Written by":"Filantrop\u00eda Cort\u00e9s Solari","Est. reading time":"9 minutes"},"schema":{"@context":"https:\/\/schema.org","@graph":[{"@type":"Article","@id":"https:\/\/www.filantropiacortessolari.cl\/la-historia-tras-la-filantropia-conservacionista-de-francisca-cortes-solari-el-estado-no-puede-solo\/#article","isPartOf":{"@id":"https:\/\/www.filantropiacortessolari.cl\/la-historia-tras-la-filantropia-conservacionista-de-francisca-cortes-solari-el-estado-no-puede-solo\/"},"author":{"name":"Filantrop\u00eda Cort\u00e9s Solari","@id":"https:\/\/www.filantropiacortessolari.cl\/#\/schema\/person\/e099cf1046922f4f5892172332dc86c0"},"headline":"[El Mercurio] La historia tras la \u201cfilantrop\u00eda\u201d conservacionista de Francisca Cort\u00e9s Solari: \u201cEl Estado no puede solo\u201d","datePublished":"2025-09-15T13:12:31+00:00","dateModified":"2025-09-15T19:08:34+00:00","mainEntityOfPage":{"@id":"https:\/\/www.filantropiacortessolari.cl\/la-historia-tras-la-filantropia-conservacionista-de-francisca-cortes-solari-el-estado-no-puede-solo\/"},"wordCount":2010,"image":{"@id":"https:\/\/www.filantropiacortessolari.cl\/la-historia-tras-la-filantropia-conservacionista-de-francisca-cortes-solari-el-estado-no-puede-solo\/#primaryimage"},"thumbnailUrl":"https:\/\/www.filantropiacortessolari.cl\/wp-content\/uploads\/2025\/09\/fran.jpeg","articleSection":["Noticias","Prensa Caserta","Prensa Escrita"],"inLanguage":"en-US"},{"@type":"WebPage","@id":"https:\/\/www.filantropiacortessolari.cl\/la-historia-tras-la-filantropia-conservacionista-de-francisca-cortes-solari-el-estado-no-puede-solo\/","url":"https:\/\/www.filantropiacortessolari.cl\/la-historia-tras-la-filantropia-conservacionista-de-francisca-cortes-solari-el-estado-no-puede-solo\/","name":"[El Mercurio] La historia tras la \u201cfilantrop\u00eda\u201d conservacionista de Francisca Cort\u00e9s Solari: \u201cEl Estado no puede solo\u201d","isPartOf":{"@id":"https:\/\/www.filantropiacortessolari.cl\/#website"},"primaryImageOfPage":{"@id":"https:\/\/www.filantropiacortessolari.cl\/la-historia-tras-la-filantropia-conservacionista-de-francisca-cortes-solari-el-estado-no-puede-solo\/#primaryimage"},"image":{"@id":"https:\/\/www.filantropiacortessolari.cl\/la-historia-tras-la-filantropia-conservacionista-de-francisca-cortes-solari-el-estado-no-puede-solo\/#primaryimage"},"thumbnailUrl":"https:\/\/www.filantropiacortessolari.cl\/wp-content\/uploads\/2025\/09\/fran.jpeg","datePublished":"2025-09-15T13:12:31+00:00","dateModified":"2025-09-15T19:08:34+00:00","author":{"@id":"https:\/\/www.filantropiacortessolari.cl\/#\/schema\/person\/e099cf1046922f4f5892172332dc86c0"},"breadcrumb":{"@id":"https:\/\/www.filantropiacortessolari.cl\/la-historia-tras-la-filantropia-conservacionista-de-francisca-cortes-solari-el-estado-no-puede-solo\/#breadcrumb"},"inLanguage":"en-US","potentialAction":[{"@type":"ReadAction","target":["https:\/\/www.filantropiacortessolari.cl\/la-historia-tras-la-filantropia-conservacionista-de-francisca-cortes-solari-el-estado-no-puede-solo\/"]}]},{"@type":"ImageObject","inLanguage":"en-US","@id":"https:\/\/www.filantropiacortessolari.cl\/la-historia-tras-la-filantropia-conservacionista-de-francisca-cortes-solari-el-estado-no-puede-solo\/#primaryimage","url":"https:\/\/www.filantropiacortessolari.cl\/wp-content\/uploads\/2025\/09\/fran.jpeg","contentUrl":"https:\/\/www.filantropiacortessolari.cl\/wp-content\/uploads\/2025\/09\/fran.jpeg","width":1280,"height":853},{"@type":"BreadcrumbList","@id":"https:\/\/www.filantropiacortessolari.cl\/la-historia-tras-la-filantropia-conservacionista-de-francisca-cortes-solari-el-estado-no-puede-solo\/#breadcrumb","itemListElement":[{"@type":"ListItem","position":1,"name":"Portada","item":"https:\/\/www.filantropiacortessolari.cl\/"},{"@type":"ListItem","position":2,"name":"[El Mercurio] La historia tras la \u201cfilantrop\u00eda\u201d conservacionista de Francisca Cort\u00e9s Solari: \u201cEl Estado no puede solo\u201d"}]},{"@type":"WebSite","@id":"https:\/\/www.filantropiacortessolari.cl\/#website","url":"https:\/\/www.filantropiacortessolari.cl\/","name":"Filantrop\u00eda Cort\u00e9s Solari","description":"Sitio web Filantrop\u00eda Cort\u00e9s Solari","potentialAction":[{"@type":"SearchAction","target":{"@type":"EntryPoint","urlTemplate":"https:\/\/www.filantropiacortessolari.cl\/?s={search_term_string}"},"query-input":{"@type":"PropertyValueSpecification","valueRequired":true,"valueName":"search_term_string"}}],"inLanguage":"en-US"},{"@type":"Person","@id":"https:\/\/www.filantropiacortessolari.cl\/#\/schema\/person\/e099cf1046922f4f5892172332dc86c0","name":"Filantrop\u00eda Cort\u00e9s Solari","image":{"@type":"ImageObject","inLanguage":"en-US","@id":"https:\/\/secure.gravatar.com\/avatar\/9d17bfe24074ed7576e70cbeb8e010cdd7d01fae9f2047bd96cccbe629ec3c11?s=96&d=mm&r=g","url":"https:\/\/secure.gravatar.com\/avatar\/9d17bfe24074ed7576e70cbeb8e010cdd7d01fae9f2047bd96cccbe629ec3c11?s=96&d=mm&r=g","contentUrl":"https:\/\/secure.gravatar.com\/avatar\/9d17bfe24074ed7576e70cbeb8e010cdd7d01fae9f2047bd96cccbe629ec3c11?s=96&d=mm&r=g","caption":"Filantrop\u00eda Cort\u00e9s Solari"},"url":"https:\/\/www.filantropiacortessolari.cl\/en\/author\/filantropia-cortes-solari\/"}]}},"_links":{"self":[{"href":"https:\/\/www.filantropiacortessolari.cl\/en\/wp-json\/wp\/v2\/posts\/12134","targetHints":{"allow":["GET"]}}],"collection":[{"href":"https:\/\/www.filantropiacortessolari.cl\/en\/wp-json\/wp\/v2\/posts"}],"about":[{"href":"https:\/\/www.filantropiacortessolari.cl\/en\/wp-json\/wp\/v2\/types\/post"}],"author":[{"embeddable":true,"href":"https:\/\/www.filantropiacortessolari.cl\/en\/wp-json\/wp\/v2\/users\/1"}],"replies":[{"embeddable":true,"href":"https:\/\/www.filantropiacortessolari.cl\/en\/wp-json\/wp\/v2\/comments?post=12134"}],"version-history":[{"count":15,"href":"https:\/\/www.filantropiacortessolari.cl\/en\/wp-json\/wp\/v2\/posts\/12134\/revisions"}],"predecessor-version":[{"id":12150,"href":"https:\/\/www.filantropiacortessolari.cl\/en\/wp-json\/wp\/v2\/posts\/12134\/revisions\/12150"}],"wp:featuredmedia":[{"embeddable":true,"href":"https:\/\/www.filantropiacortessolari.cl\/en\/wp-json\/wp\/v2\/media\/12139"}],"wp:attachment":[{"href":"https:\/\/www.filantropiacortessolari.cl\/en\/wp-json\/wp\/v2\/media?parent=12134"}],"wp:term":[{"taxonomy":"category","embeddable":true,"href":"https:\/\/www.filantropiacortessolari.cl\/en\/wp-json\/wp\/v2\/categories?post=12134"},{"taxonomy":"post_tag","embeddable":true,"href":"https:\/\/www.filantropiacortessolari.cl\/en\/wp-json\/wp\/v2\/tags?post=12134"}],"curies":[{"name":"wp","href":"https:\/\/api.w.org\/{rel}","templated":true}]}}