{"id":12153,"date":"2025-10-06T17:32:52","date_gmt":"2025-10-06T20:32:52","guid":{"rendered":"https:\/\/www.filantropiacortessolari.cl\/?p=12153"},"modified":"2025-10-06T17:32:52","modified_gmt":"2025-10-06T20:32:52","slug":"la-tercera-el-legado-de-jane-goodall-que-inspira-a-organizaciones-ambientales-y-a-nuevas-generaciones","status":"publish","type":"post","link":"https:\/\/www.filantropiacortessolari.cl\/en\/la-tercera-el-legado-de-jane-goodall-que-inspira-a-organizaciones-ambientales-y-a-nuevas-generaciones\/","title":{"rendered":"[La Tercera] El legado de Jane Goodall que inspira a organizaciones ambientales y a nuevas generaciones"},"content":{"rendered":"<style type=\"text\/css\"><\/style><p>Tras una vida dedicada a entender, proteger y ense\u00f1ar que el futuro del planeta depende de nuestra relaci\u00f3n con la naturaleza, la primat\u00f3loga y cient\u00edfica, Jane Goodall, muere a los 91 a\u00f1os dejando un legado en organizaciones de todo el mundo y futuras generaciones.<\/p>\n<p>La muerte de Jane Goodall deja una huella en la ciencia, la conservaci\u00f3n y la relaci\u00f3n de la naturaleza con la humanidad. La primat\u00f3loga brit\u00e1nica, reconocida por su trabajo pionero con chimpanc\u00e9s en Gombe, transform\u00f3 para siempre la manera en que entendemos a los otros seres vivos, inspirando una nueva conciencia ambiental que hoy gu\u00eda el trabajo de cient\u00edficos, l\u00edderes, empresas y comunidades en todo el mundo. Seg\u00fan expertas, su legado es m\u00e1s que un aporte acad\u00e9mico, sino una invitaci\u00f3n \u00e9tica a vivir con empat\u00eda, respeto y responsabilidad hacia el planeta y el medio ambiente.<\/p>\n<p>Goodall tuvo la oportunidad de visitar tres veces nuestro pa\u00eds, la \u00faltima en agosto de 2024, cuando recibi\u00f3 la Medalla Pablo Neruda del Gobierno y el Doctor Honoris Causa de la Universidad de Chile. En esa instancia, emocion\u00f3 al p\u00fablico con su charla \u201cRazones para la esperanza\u201d, recordando que \u201cpodemos restaurar lo que hemos destruido, pero debemos actuar ahora\u201d. Sus palabras fueron un eco de su mensaje de siempre: la esperanza activa es el motor del cambio.<\/p>\n<h2>La mujer que cambi\u00f3 nuestra mirada sobre la naturaleza<\/h2>\n<p>Seg\u00fan cuentan las expertas, Jane Goodall fue mucho m\u00e1s que una cient\u00edfica, fue una exploradora del comportamiento de los animales y de la relaci\u00f3n entre la humanidad y la naturaleza. A inicios de los a\u00f1os 60, revolucion\u00f3 la ciencia al descubrir que los chimpanc\u00e9s fabricaban y usaban herramientas, desafiando la visi\u00f3n tradicional que separaba a los humanos del resto de los seres vivos.<\/p>\n<figure id=\"attachment_12155\" aria-describedby=\"caption-attachment-12155\" style=\"width: 1024px\" class=\"wp-caption aligncenter\"><img loading=\"lazy\" decoding=\"async\" src=\"https:\/\/www.filantropiacortessolari.cl\/wp-content\/uploads\/2025\/10\/francisca.jpeg\" alt=\"\" width=\"1024\" height=\"683\" class=\"size-full wp-image-12155\" srcset=\"https:\/\/www.filantropiacortessolari.cl\/wp-content\/uploads\/2025\/10\/francisca.jpeg 1024w, https:\/\/www.filantropiacortessolari.cl\/wp-content\/uploads\/2025\/10\/francisca-300x200.jpeg 300w, https:\/\/www.filantropiacortessolari.cl\/wp-content\/uploads\/2025\/10\/francisca-768x512.jpeg 768w, https:\/\/www.filantropiacortessolari.cl\/wp-content\/uploads\/2025\/10\/francisca-580x387.jpeg 580w, https:\/\/www.filantropiacortessolari.cl\/wp-content\/uploads\/2025\/10\/francisca-820x547.jpeg 820w\" sizes=\"auto, (max-width: 1024px) 100vw, 1024px\" \/><figcaption id=\"caption-attachment-12155\" class=\"wp-caption-text\">Francisca Cort\u00e9s Solari<\/figcaption><\/figure>\n<p>\u201cEl mundo pierde a una mujer extraordinaria\u201d, se\u00f1al\u00f3 Francisca Cort\u00e9s Solari, presidenta de Filantrop\u00eda Cort\u00e9s Solari y Patron of Nature de la UICN. \u201cJane Goodall no solo fue pionera en la defensa de los chimpanc\u00e9s, fue tambi\u00e9n un faro de esperanza y valent\u00eda para quienes creemos que la vida, en todas sus formas, merece ser protegida. Su vida nos ense\u00f1\u00f3 que el amor y la compasi\u00f3n nacen del entendimiento profundo, y que cuidar de la naturaleza es tambi\u00e9n cuidar de nuestra propia humanidad\u201d.<\/p>\n<p>Para Cort\u00e9s Solari, quien en 2024 fue nombrada \u201cGuardiana de la Naturaleza\u201d (Patrons of Nature), por la Uni\u00f3n Internacional para la Conservaci\u00f3n de la Naturaleza IUCN, la influencia de Goodall trascendi\u00f3 en la investigaci\u00f3n cient\u00edfica, tras su \u201ccontribuci\u00f3n en el terreno, junto a comunidades, y tambi\u00e9n en la gobernanza global, guiando con sabidur\u00eda el trabajo de los Patrons of Nature. Hoy su voz seguir\u00e1 inspir\u00e1ndonos a actuar con determinaci\u00f3n, porque su coraje \u2014ese que tanto admiramos\u2014 est\u00e1 m\u00e1s vigente que nunca\u201d.<\/p>\n<h2>Inspirando a generaciones y nuevos liderazgos<\/h2>\n<p>Goodall entendi\u00f3 que la verdadera transformaci\u00f3n deb\u00eda surgir desde la educaci\u00f3n y la acci\u00f3n colectiva. Por eso fund\u00f3 el programa Roots &#038; Shoots, presente en m\u00e1s de 60 pa\u00edses, que promueve la formaci\u00f3n de j\u00f3venes l\u00edderes comprometidos con la sostenibilidad. En Chile, si mensaje moviliz\u00f3 a cientos de ni\u00f1as, ni\u00f1os y adolescentes durante su \u00faltima visita, cuando realiz\u00f3 una charla en el Museo Interactivo Mirador (MIM).<\/p>\n<p>\u201cJane ha sido una inspiraci\u00f3n para muchas personas\u201d,asegur\u00f3 Ismaela Magliotto, cofundadora de Uno Punto Cinco, organizaci\u00f3n que impulsa la acci\u00f3n clim\u00e1tica y la transici\u00f3n energ\u00e9tica en la toma de decisiones a trav\u00e9s de la educaci\u00f3n, la incidencia y la comunidad. \u201cSu legado y pasi\u00f3n nos demuestran c\u00f3mo es posible movilizar y sensibilizar en base al amor por la naturaleza y su biodiversidad. Adem\u00e1s destacar su pasi\u00f3n por incentivar a que nuevas generaciones de j\u00f3venes que seguimos movilicen por esta causa, desarrollando desde su fundaci\u00f3n iniciativas alineadas por este prop\u00f3sito&#8221;, indic\u00f3.<\/p>\n<p>En esta l\u00ednea, Magliotto subraya que \u201cla formaci\u00f3n de nuevos liderazgos es clave para que la acci\u00f3n clim\u00e1tica y los avances que dejaron personas como Jane Goodall perduren y se potencien\u201d. En efecto, miles de organizaciones y empresas han adoptado sus principios, integrando en sus estrategias la idea de que el desarrollo y la protecci\u00f3n ambiental no son caminos opuestos, sino complementarios.<\/p>\n<h2>Tomar acci\u00f3n por la sostenibilidad y el medio ambiente<\/h2>\n<p>El trabajo de Jane Goodall marc\u00f3 a las organizaciones ambientalistas de todo el mundo y expertas en diversas \u00e1reas, como las dedicadas a la conservaci\u00f3n de los oc\u00e9anos. \u201cPara nosotros, como organizaci\u00f3n de conservaci\u00f3n basada en ciencia, se trata de un personaje que se destac\u00f3 no solo por sus descubrimientos cient\u00edficos, sino tambi\u00e9n por ser fuente de inspiraci\u00f3n para las nuevas generaciones\u201d, indic\u00f3 Tania Rheinen, subdirectora ejecutiva de Oceana.<\/p>\n<p>Fuente: <a href=\"https:\/\/www.latercera.com\/sustentabilidad\/noticia\/el-legado-de-jane-goodall-que-inspira-a-organizaciones-ambientales-y-a-nuevas-generaciones\/\" target=\"_blank\">La Tercera<\/a><\/p>\n","protected":false},"excerpt":{"rendered":"<p>Tras una vida dedicada a entender, proteger y ense\u00f1ar que el futuro del planeta depende de nuestra relaci\u00f3n con la naturaleza, la primat\u00f3loga y cient\u00edfica, Jane Goodall, muere a los 91 a\u00f1os dejando un legado en organizaciones de todo el mundo y futuras generaciones. La muerte de Jane Goodall deja una huella en la ciencia,&#8230;<\/p>\n","protected":false},"author":1,"featured_media":12156,"comment_status":"closed","ping_status":"closed","sticky":false,"template":"","format":"standard","meta":{"footnotes":""},"categories":[31,5,6],"tags":[],"class_list":["post-12153","post","type-post","status-publish","format-standard","has-post-thumbnail","hentry","category-noticias","category-prensa-escrita","category-fundacion-meri"],"translation":{"provider":"WPGlobus","version":"3.0.2","language":"en","enabled_languages":["es","en"],"languages":{"es":{"title":true,"content":true,"excerpt":false},"en":{"title":false,"content":false,"excerpt":false}}},"yoast_head":"<!-- This site is optimized with the Yoast SEO plugin v27.4 - https:\/\/yoast.com\/product\/yoast-seo-wordpress\/ -->\n<title>[La Tercera] El legado de Jane Goodall que inspira a organizaciones ambientales y a nuevas generaciones<\/title>\n<meta name=\"robots\" content=\"index, follow, max-snippet:-1, max-image-preview:large, max-video-preview:-1\" \/>\n<link rel=\"canonical\" href=\"https:\/\/www.filantropiacortessolari.cl\/la-tercera-el-legado-de-jane-goodall-que-inspira-a-organizaciones-ambientales-y-a-nuevas-generaciones\/\" \/>\n<meta property=\"og:locale\" content=\"en_US\" \/>\n<meta property=\"og:type\" content=\"article\" \/>\n<meta property=\"og:title\" content=\"[La Tercera] El legado de Jane Goodall que inspira a organizaciones ambientales y a nuevas generaciones\" \/>\n<meta property=\"og:url\" content=\"https:\/\/www.filantropiacortessolari.cl\/la-tercera-el-legado-de-jane-goodall-que-inspira-a-organizaciones-ambientales-y-a-nuevas-generaciones\/\" \/>\n<meta property=\"og:site_name\" content=\"Filantrop\u00eda Cort\u00e9s Solari\" \/>\n<meta property=\"article:published_time\" content=\"2025-10-06T20:32:52+00:00\" \/>\n<meta name=\"author\" content=\"Filantrop\u00eda Cort\u00e9s Solari\" \/>\n<meta name=\"twitter:card\" content=\"summary_large_image\" \/>\n<meta name=\"twitter:label1\" content=\"Written by\" \/>\n\t<meta name=\"twitter:data1\" content=\"Filantrop\u00eda Cort\u00e9s Solari\" \/>\n\t<meta name=\"twitter:label2\" content=\"Est. reading time\" \/>\n\t<meta name=\"twitter:data2\" content=\"1 minute\" \/>\n<script type=\"application\/ld+json\" class=\"yoast-schema-graph\">{\"@context\":\"https:\\\/\\\/schema.org\",\"@graph\":[{\"@type\":\"Article\",\"@id\":\"https:\\\/\\\/www.filantropiacortessolari.cl\\\/la-tercera-el-legado-de-jane-goodall-que-inspira-a-organizaciones-ambientales-y-a-nuevas-generaciones\\\/#article\",\"isPartOf\":{\"@id\":\"https:\\\/\\\/www.filantropiacortessolari.cl\\\/la-tercera-el-legado-de-jane-goodall-que-inspira-a-organizaciones-ambientales-y-a-nuevas-generaciones\\\/\"},\"author\":{\"name\":\"Filantrop\u00eda Cort\u00e9s Solari\",\"@id\":\"https:\\\/\\\/www.filantropiacortessolari.cl\\\/#\\\/schema\\\/person\\\/e099cf1046922f4f5892172332dc86c0\"},\"headline\":\"[La Tercera] El legado de Jane Goodall que inspira a organizaciones ambientales y a nuevas generaciones\",\"datePublished\":\"2025-10-06T20:32:52+00:00\",\"mainEntityOfPage\":{\"@id\":\"https:\\\/\\\/www.filantropiacortessolari.cl\\\/la-tercera-el-legado-de-jane-goodall-que-inspira-a-organizaciones-ambientales-y-a-nuevas-generaciones\\\/\"},\"wordCount\":865,\"image\":{\"@id\":\"https:\\\/\\\/www.filantropiacortessolari.cl\\\/la-tercera-el-legado-de-jane-goodall-que-inspira-a-organizaciones-ambientales-y-a-nuevas-generaciones\\\/#primaryimage\"},\"thumbnailUrl\":\"https:\\\/\\\/www.filantropiacortessolari.cl\\\/wp-content\\\/uploads\\\/2025\\\/10\\\/YQMLR6LZDJFAZGRDRQIF2GSRDY.avif\",\"articleSection\":[\"Noticias\",\"Prensa Escrita\",\"Prensa MERI\"],\"inLanguage\":\"en-US\"},{\"@type\":\"WebPage\",\"@id\":\"https:\\\/\\\/www.filantropiacortessolari.cl\\\/la-tercera-el-legado-de-jane-goodall-que-inspira-a-organizaciones-ambientales-y-a-nuevas-generaciones\\\/\",\"url\":\"https:\\\/\\\/www.filantropiacortessolari.cl\\\/la-tercera-el-legado-de-jane-goodall-que-inspira-a-organizaciones-ambientales-y-a-nuevas-generaciones\\\/\",\"name\":\"[La Tercera] El legado de Jane Goodall que inspira a organizaciones ambientales y a nuevas generaciones\",\"isPartOf\":{\"@id\":\"https:\\\/\\\/www.filantropiacortessolari.cl\\\/#website\"},\"primaryImageOfPage\":{\"@id\":\"https:\\\/\\\/www.filantropiacortessolari.cl\\\/la-tercera-el-legado-de-jane-goodall-que-inspira-a-organizaciones-ambientales-y-a-nuevas-generaciones\\\/#primaryimage\"},\"image\":{\"@id\":\"https:\\\/\\\/www.filantropiacortessolari.cl\\\/la-tercera-el-legado-de-jane-goodall-que-inspira-a-organizaciones-ambientales-y-a-nuevas-generaciones\\\/#primaryimage\"},\"thumbnailUrl\":\"https:\\\/\\\/www.filantropiacortessolari.cl\\\/wp-content\\\/uploads\\\/2025\\\/10\\\/YQMLR6LZDJFAZGRDRQIF2GSRDY.avif\",\"datePublished\":\"2025-10-06T20:32:52+00:00\",\"author\":{\"@id\":\"https:\\\/\\\/www.filantropiacortessolari.cl\\\/#\\\/schema\\\/person\\\/e099cf1046922f4f5892172332dc86c0\"},\"breadcrumb\":{\"@id\":\"https:\\\/\\\/www.filantropiacortessolari.cl\\\/la-tercera-el-legado-de-jane-goodall-que-inspira-a-organizaciones-ambientales-y-a-nuevas-generaciones\\\/#breadcrumb\"},\"inLanguage\":\"en-US\",\"potentialAction\":[{\"@type\":\"ReadAction\",\"target\":[\"https:\\\/\\\/www.filantropiacortessolari.cl\\\/la-tercera-el-legado-de-jane-goodall-que-inspira-a-organizaciones-ambientales-y-a-nuevas-generaciones\\\/\"]}]},{\"@type\":\"ImageObject\",\"inLanguage\":\"en-US\",\"@id\":\"https:\\\/\\\/www.filantropiacortessolari.cl\\\/la-tercera-el-legado-de-jane-goodall-que-inspira-a-organizaciones-ambientales-y-a-nuevas-generaciones\\\/#primaryimage\",\"url\":\"https:\\\/\\\/www.filantropiacortessolari.cl\\\/wp-content\\\/uploads\\\/2025\\\/10\\\/YQMLR6LZDJFAZGRDRQIF2GSRDY.avif\",\"contentUrl\":\"https:\\\/\\\/www.filantropiacortessolari.cl\\\/wp-content\\\/uploads\\\/2025\\\/10\\\/YQMLR6LZDJFAZGRDRQIF2GSRDY.avif\",\"width\":990,\"height\":557},{\"@type\":\"BreadcrumbList\",\"@id\":\"https:\\\/\\\/www.filantropiacortessolari.cl\\\/la-tercera-el-legado-de-jane-goodall-que-inspira-a-organizaciones-ambientales-y-a-nuevas-generaciones\\\/#breadcrumb\",\"itemListElement\":[{\"@type\":\"ListItem\",\"position\":1,\"name\":\"Portada\",\"item\":\"https:\\\/\\\/www.filantropiacortessolari.cl\\\/\"},{\"@type\":\"ListItem\",\"position\":2,\"name\":\"[La Tercera] El legado de Jane Goodall que inspira a organizaciones ambientales y a nuevas generaciones\"}]},{\"@type\":\"WebSite\",\"@id\":\"https:\\\/\\\/www.filantropiacortessolari.cl\\\/#website\",\"url\":\"https:\\\/\\\/www.filantropiacortessolari.cl\\\/\",\"name\":\"Filantrop\u00eda Cort\u00e9s Solari\",\"description\":\"Sitio web Filantrop\u00eda Cort\u00e9s Solari\",\"potentialAction\":[{\"@type\":\"SearchAction\",\"target\":{\"@type\":\"EntryPoint\",\"urlTemplate\":\"https:\\\/\\\/www.filantropiacortessolari.cl\\\/?s={search_term_string}\"},\"query-input\":{\"@type\":\"PropertyValueSpecification\",\"valueRequired\":true,\"valueName\":\"search_term_string\"}}],\"inLanguage\":\"en-US\"},{\"@type\":\"Person\",\"@id\":\"https:\\\/\\\/www.filantropiacortessolari.cl\\\/#\\\/schema\\\/person\\\/e099cf1046922f4f5892172332dc86c0\",\"name\":\"Filantrop\u00eda Cort\u00e9s Solari\",\"image\":{\"@type\":\"ImageObject\",\"inLanguage\":\"en-US\",\"@id\":\"https:\\\/\\\/secure.gravatar.com\\\/avatar\\\/9d17bfe24074ed7576e70cbeb8e010cdd7d01fae9f2047bd96cccbe629ec3c11?s=96&d=mm&r=g\",\"url\":\"https:\\\/\\\/secure.gravatar.com\\\/avatar\\\/9d17bfe24074ed7576e70cbeb8e010cdd7d01fae9f2047bd96cccbe629ec3c11?s=96&d=mm&r=g\",\"contentUrl\":\"https:\\\/\\\/secure.gravatar.com\\\/avatar\\\/9d17bfe24074ed7576e70cbeb8e010cdd7d01fae9f2047bd96cccbe629ec3c11?s=96&d=mm&r=g\",\"caption\":\"Filantrop\u00eda Cort\u00e9s Solari\"},\"url\":\"https:\\\/\\\/www.filantropiacortessolari.cl\\\/en\\\/author\\\/filantropia-cortes-solari\\\/\"}]}<\/script>\n<!-- \/ Yoast SEO plugin. -->","yoast_head_json":{"title":"[La Tercera] El legado de Jane Goodall que inspira a organizaciones ambientales y a nuevas generaciones","robots":{"index":"index","follow":"follow","max-snippet":"max-snippet:-1","max-image-preview":"max-image-preview:large","max-video-preview":"max-video-preview:-1"},"canonical":"https:\/\/www.filantropiacortessolari.cl\/la-tercera-el-legado-de-jane-goodall-que-inspira-a-organizaciones-ambientales-y-a-nuevas-generaciones\/","og_locale":"en_US","og_type":"article","og_title":"[La Tercera] El legado de Jane Goodall que inspira a organizaciones ambientales y a nuevas generaciones","og_url":"https:\/\/www.filantropiacortessolari.cl\/la-tercera-el-legado-de-jane-goodall-que-inspira-a-organizaciones-ambientales-y-a-nuevas-generaciones\/","og_site_name":"Filantrop\u00eda Cort\u00e9s Solari","article_published_time":"2025-10-06T20:32:52+00:00","author":"Filantrop\u00eda Cort\u00e9s Solari","twitter_card":"summary_large_image","twitter_misc":{"Written by":"Filantrop\u00eda Cort\u00e9s Solari","Est. reading time":"1 minute"},"schema":{"@context":"https:\/\/schema.org","@graph":[{"@type":"Article","@id":"https:\/\/www.filantropiacortessolari.cl\/la-tercera-el-legado-de-jane-goodall-que-inspira-a-organizaciones-ambientales-y-a-nuevas-generaciones\/#article","isPartOf":{"@id":"https:\/\/www.filantropiacortessolari.cl\/la-tercera-el-legado-de-jane-goodall-que-inspira-a-organizaciones-ambientales-y-a-nuevas-generaciones\/"},"author":{"name":"Filantrop\u00eda Cort\u00e9s Solari","@id":"https:\/\/www.filantropiacortessolari.cl\/#\/schema\/person\/e099cf1046922f4f5892172332dc86c0"},"headline":"[La Tercera] El legado de Jane Goodall que inspira a organizaciones ambientales y a nuevas generaciones","datePublished":"2025-10-06T20:32:52+00:00","mainEntityOfPage":{"@id":"https:\/\/www.filantropiacortessolari.cl\/la-tercera-el-legado-de-jane-goodall-que-inspira-a-organizaciones-ambientales-y-a-nuevas-generaciones\/"},"wordCount":865,"image":{"@id":"https:\/\/www.filantropiacortessolari.cl\/la-tercera-el-legado-de-jane-goodall-que-inspira-a-organizaciones-ambientales-y-a-nuevas-generaciones\/#primaryimage"},"thumbnailUrl":"https:\/\/www.filantropiacortessolari.cl\/wp-content\/uploads\/2025\/10\/YQMLR6LZDJFAZGRDRQIF2GSRDY.avif","articleSection":["Noticias","Prensa Escrita","Prensa MERI"],"inLanguage":"en-US"},{"@type":"WebPage","@id":"https:\/\/www.filantropiacortessolari.cl\/la-tercera-el-legado-de-jane-goodall-que-inspira-a-organizaciones-ambientales-y-a-nuevas-generaciones\/","url":"https:\/\/www.filantropiacortessolari.cl\/la-tercera-el-legado-de-jane-goodall-que-inspira-a-organizaciones-ambientales-y-a-nuevas-generaciones\/","name":"[La Tercera] El legado de Jane Goodall que inspira a organizaciones ambientales y a nuevas generaciones","isPartOf":{"@id":"https:\/\/www.filantropiacortessolari.cl\/#website"},"primaryImageOfPage":{"@id":"https:\/\/www.filantropiacortessolari.cl\/la-tercera-el-legado-de-jane-goodall-que-inspira-a-organizaciones-ambientales-y-a-nuevas-generaciones\/#primaryimage"},"image":{"@id":"https:\/\/www.filantropiacortessolari.cl\/la-tercera-el-legado-de-jane-goodall-que-inspira-a-organizaciones-ambientales-y-a-nuevas-generaciones\/#primaryimage"},"thumbnailUrl":"https:\/\/www.filantropiacortessolari.cl\/wp-content\/uploads\/2025\/10\/YQMLR6LZDJFAZGRDRQIF2GSRDY.avif","datePublished":"2025-10-06T20:32:52+00:00","author":{"@id":"https:\/\/www.filantropiacortessolari.cl\/#\/schema\/person\/e099cf1046922f4f5892172332dc86c0"},"breadcrumb":{"@id":"https:\/\/www.filantropiacortessolari.cl\/la-tercera-el-legado-de-jane-goodall-que-inspira-a-organizaciones-ambientales-y-a-nuevas-generaciones\/#breadcrumb"},"inLanguage":"en-US","potentialAction":[{"@type":"ReadAction","target":["https:\/\/www.filantropiacortessolari.cl\/la-tercera-el-legado-de-jane-goodall-que-inspira-a-organizaciones-ambientales-y-a-nuevas-generaciones\/"]}]},{"@type":"ImageObject","inLanguage":"en-US","@id":"https:\/\/www.filantropiacortessolari.cl\/la-tercera-el-legado-de-jane-goodall-que-inspira-a-organizaciones-ambientales-y-a-nuevas-generaciones\/#primaryimage","url":"https:\/\/www.filantropiacortessolari.cl\/wp-content\/uploads\/2025\/10\/YQMLR6LZDJFAZGRDRQIF2GSRDY.avif","contentUrl":"https:\/\/www.filantropiacortessolari.cl\/wp-content\/uploads\/2025\/10\/YQMLR6LZDJFAZGRDRQIF2GSRDY.avif","width":990,"height":557},{"@type":"BreadcrumbList","@id":"https:\/\/www.filantropiacortessolari.cl\/la-tercera-el-legado-de-jane-goodall-que-inspira-a-organizaciones-ambientales-y-a-nuevas-generaciones\/#breadcrumb","itemListElement":[{"@type":"ListItem","position":1,"name":"Portada","item":"https:\/\/www.filantropiacortessolari.cl\/"},{"@type":"ListItem","position":2,"name":"[La Tercera] El legado de Jane Goodall que inspira a organizaciones ambientales y a nuevas generaciones"}]},{"@type":"WebSite","@id":"https:\/\/www.filantropiacortessolari.cl\/#website","url":"https:\/\/www.filantropiacortessolari.cl\/","name":"Filantrop\u00eda Cort\u00e9s Solari","description":"Sitio web Filantrop\u00eda Cort\u00e9s Solari","potentialAction":[{"@type":"SearchAction","target":{"@type":"EntryPoint","urlTemplate":"https:\/\/www.filantropiacortessolari.cl\/?s={search_term_string}"},"query-input":{"@type":"PropertyValueSpecification","valueRequired":true,"valueName":"search_term_string"}}],"inLanguage":"en-US"},{"@type":"Person","@id":"https:\/\/www.filantropiacortessolari.cl\/#\/schema\/person\/e099cf1046922f4f5892172332dc86c0","name":"Filantrop\u00eda Cort\u00e9s Solari","image":{"@type":"ImageObject","inLanguage":"en-US","@id":"https:\/\/secure.gravatar.com\/avatar\/9d17bfe24074ed7576e70cbeb8e010cdd7d01fae9f2047bd96cccbe629ec3c11?s=96&d=mm&r=g","url":"https:\/\/secure.gravatar.com\/avatar\/9d17bfe24074ed7576e70cbeb8e010cdd7d01fae9f2047bd96cccbe629ec3c11?s=96&d=mm&r=g","contentUrl":"https:\/\/secure.gravatar.com\/avatar\/9d17bfe24074ed7576e70cbeb8e010cdd7d01fae9f2047bd96cccbe629ec3c11?s=96&d=mm&r=g","caption":"Filantrop\u00eda Cort\u00e9s Solari"},"url":"https:\/\/www.filantropiacortessolari.cl\/en\/author\/filantropia-cortes-solari\/"}]}},"_links":{"self":[{"href":"https:\/\/www.filantropiacortessolari.cl\/en\/wp-json\/wp\/v2\/posts\/12153","targetHints":{"allow":["GET"]}}],"collection":[{"href":"https:\/\/www.filantropiacortessolari.cl\/en\/wp-json\/wp\/v2\/posts"}],"about":[{"href":"https:\/\/www.filantropiacortessolari.cl\/en\/wp-json\/wp\/v2\/types\/post"}],"author":[{"embeddable":true,"href":"https:\/\/www.filantropiacortessolari.cl\/en\/wp-json\/wp\/v2\/users\/1"}],"replies":[{"embeddable":true,"href":"https:\/\/www.filantropiacortessolari.cl\/en\/wp-json\/wp\/v2\/comments?post=12153"}],"version-history":[{"count":2,"href":"https:\/\/www.filantropiacortessolari.cl\/en\/wp-json\/wp\/v2\/posts\/12153\/revisions"}],"predecessor-version":[{"id":12157,"href":"https:\/\/www.filantropiacortessolari.cl\/en\/wp-json\/wp\/v2\/posts\/12153\/revisions\/12157"}],"wp:featuredmedia":[{"embeddable":true,"href":"https:\/\/www.filantropiacortessolari.cl\/en\/wp-json\/wp\/v2\/media\/12156"}],"wp:attachment":[{"href":"https:\/\/www.filantropiacortessolari.cl\/en\/wp-json\/wp\/v2\/media?parent=12153"}],"wp:term":[{"taxonomy":"category","embeddable":true,"href":"https:\/\/www.filantropiacortessolari.cl\/en\/wp-json\/wp\/v2\/categories?post=12153"},{"taxonomy":"post_tag","embeddable":true,"href":"https:\/\/www.filantropiacortessolari.cl\/en\/wp-json\/wp\/v2\/tags?post=12153"}],"curies":[{"name":"wp","href":"https:\/\/api.w.org\/{rel}","templated":true}]}}