{"id":12158,"date":"2025-10-08T17:09:50","date_gmt":"2025-10-08T20:09:50","guid":{"rendered":"https:\/\/www.filantropiacortessolari.cl\/?p=12158"},"modified":"2025-10-08T17:10:52","modified_gmt":"2025-10-08T20:10:52","slug":"uicn-congress-2025-la-cumbre-inaugural-de-filantropia-para-la-naturaleza-destaca-su-papel-en-la-conservacion-de-hoy","status":"publish","type":"post","link":"https:\/\/www.filantropiacortessolari.cl\/en\/uicn-congress-2025-la-cumbre-inaugural-de-filantropia-para-la-naturaleza-destaca-su-papel-en-la-conservacion-de-hoy\/","title":{"rendered":"[UICN Congress 2025] La Cumbre Inaugural de Filantrop\u00eda para la Naturaleza destaca su papel en la conservaci\u00f3n de hoy"},"content":{"rendered":"<style type=\"text\/css\"><\/style><p>La primera Cumbre de Filantrop\u00eda para la Naturaleza de la UICN tuvo lugar hoy en v\u00edsperas del Congreso Mundial de la Naturaleza, ofreciendo una plataforma \u00fanica para movilizar capital filantr\u00f3pico para un futuro positivo para la naturaleza. <\/p>\n<p>La Cumbre de Filantrop\u00eda fue organizada conjuntamente por la UICN y Erth Zayed Philanthropies, en asociaci\u00f3n con la Agencia para el Medio Ambiente de Abu Dabi, bajo el patrocinio de <strong>Su Alteza el Jeque Theyab bin Mohamed bin Zayed Al Nahyan, Presidente del Consejo Internacional Humanitario y Filantr\u00f3pico y Presidente de Erth Zayed Philanthropies<\/strong>.<\/p>\n<p>A medida que la p\u00e9rdida de biodiversidad, el cambio clim\u00e1tico y la contaminaci\u00f3n se aceleran a escala mundial, la filantrop\u00eda tiene un papel vital que jugar para apoyar y acelerar la transici\u00f3n hacia una sociedad justa y positiva para la naturaleza.<\/p>\n<p>\u201cLa Cumbre inaugural de Filantrop\u00eda para la Naturaleza durante el Congreso Mundial de la UICN ha sentado las bases para una colaboraci\u00f3n m\u00e1s profunda y nuevas alianzas entre fil\u00e1ntropos de ideas afines. Esto marca el comienzo de un nuevo cap\u00edtulo, en el que la filantrop\u00eda ayuda a dar forma al futuro de la conservaci\u00f3n y fomenta un mundo positivo para la naturaleza y resistente al clima para las generaciones venideras\u201d, dijo la <strong>Dra. Grethel Aguilar, Directora General de la UICN<\/strong>.<\/p>\n<p>La Cumbre explor\u00f3 el valor de las asociaciones intersectoriales, involucrando a gobiernos, el sector privado, comunidades locales, j\u00f3venes y poseedores de conocimientos ind\u00edgenas de todo el mundo. Destac\u00f3 c\u00f3mo la filantrop\u00eda puede acelerar la colaboraci\u00f3n entre diversos actores.<\/p>\n<p>Los participantes discutieron el potencial de la filantrop\u00eda para proporcionar soluciones financieras innovadoras al ofrecer una financiaci\u00f3n flexible. Analizaron las mejores pr\u00e1cticas, incluido el papel de la pr\u00f3xima generaci\u00f3n de l\u00edderes y el valor de los centros regionales para fomentar un intercambio de conocimientos adaptado a los contextos locales.<\/p>\n<p>Un panel discuti\u00f3 el hecho de que se espera cada vez m\u00e1s que las corporaciones vayan m\u00e1s all\u00e1 del cumplimiento y alineen sus valores comerciales centrales con sus ambiciones filantr\u00f3picas. La filantrop\u00eda corporativa no s\u00f3lo puede permitir cerrar brechas en materia de financiaci\u00f3n de la conservaci\u00f3n, sino que tambi\u00e9n ayuda a redefinir los modelos comerciales y, en \u00faltima instancia, lo que significa para las empresas crear valor compartido para la sociedad, el medio ambiente y sus partes interesadas.<\/p>\n<p>La Cumbre tambi\u00e9n destac\u00f3 el poder de la filantrop\u00eda para ayudar a intensificar la conservaci\u00f3n. Al permitir el pilotaje de nuevas tecnolog\u00edas, la filantrop\u00eda respalda su potencial transformador para escalar los esfuerzos de manera \u00e9tica e inclusiva, desde un monitoreo impulsado por la IA hasta plataformas de datos abiertas que empoderan a las comunidades y mejoran la transparencia.<\/p>\n<p>Una mesa redonda de la Cumbre subray\u00f3 la importancia de una filantrop\u00eda basada en la confianza para la conservaci\u00f3n. Al pasar del control a una asociaci\u00f3n entre donantes y beneficiarios, \u00e9sta fomenta proyectos a largo plazo, informes simplificados y relaciones basadas en el respeto mutuo. La filantrop\u00eda basada en la confianza tiene un gran potencial para promover la entrega efectiva y enfocada de proyectos, con una gobernanza \u00e1gil y resultados resilientes. <\/p>\n<p>Fuente: <a href=\"https:\/\/iucncongress2025.org\/es\/noticias\/todos-noticias\/la-cumbre-inaugural-de-filantropia-para-la-naturaleza-destaca-su-papel-en\" target=\"_blank\">UICN Congress 2025<\/a><\/p>\n","protected":false},"excerpt":{"rendered":"<p>La primera Cumbre de Filantrop\u00eda para la Naturaleza de la UICN tuvo lugar hoy en v\u00edsperas del Congreso Mundial de la Naturaleza, ofreciendo una plataforma \u00fanica para movilizar capital filantr\u00f3pico para un futuro positivo para la naturaleza. La Cumbre de Filantrop\u00eda fue organizada conjuntamente por la UICN y Erth Zayed Philanthropies, en asociaci\u00f3n con la&#8230;<\/p>\n","protected":false},"author":1,"featured_media":12159,"comment_status":"closed","ping_status":"closed","sticky":false,"template":"","format":"standard","meta":{"footnotes":""},"categories":[5,6],"tags":[],"class_list":["post-12158","post","type-post","status-publish","format-standard","has-post-thumbnail","hentry","category-prensa-escrita","category-fundacion-meri"],"translation":{"provider":"WPGlobus","version":"3.0.2","language":"en","enabled_languages":["es","en"],"languages":{"es":{"title":true,"content":true,"excerpt":false},"en":{"title":false,"content":false,"excerpt":false}}},"yoast_head":"<!-- This site is optimized with the Yoast SEO plugin v27.4 - https:\/\/yoast.com\/product\/yoast-seo-wordpress\/ -->\n<title>[UICN Congress 2025] La Cumbre Inaugural de Filantrop\u00eda para la Naturaleza destaca su papel en la conservaci\u00f3n de hoy<\/title>\n<meta name=\"robots\" content=\"index, follow, max-snippet:-1, max-image-preview:large, max-video-preview:-1\" \/>\n<link rel=\"canonical\" href=\"https:\/\/www.filantropiacortessolari.cl\/uicn-congress-2025-la-cumbre-inaugural-de-filantropia-para-la-naturaleza-destaca-su-papel-en-la-conservacion-de-hoy\/\" \/>\n<meta property=\"og:locale\" content=\"en_US\" \/>\n<meta property=\"og:type\" content=\"article\" \/>\n<meta property=\"og:title\" content=\"[UICN Congress 2025] La Cumbre Inaugural de Filantrop\u00eda para la Naturaleza destaca su papel en la conservaci\u00f3n de hoy\" \/>\n<meta property=\"og:url\" content=\"https:\/\/www.filantropiacortessolari.cl\/uicn-congress-2025-la-cumbre-inaugural-de-filantropia-para-la-naturaleza-destaca-su-papel-en-la-conservacion-de-hoy\/\" \/>\n<meta property=\"og:site_name\" content=\"Filantrop\u00eda Cort\u00e9s Solari\" \/>\n<meta property=\"article:published_time\" content=\"2025-10-08T20:09:50+00:00\" \/>\n<meta property=\"article:modified_time\" content=\"2025-10-08T20:10:52+00:00\" \/>\n<meta property=\"og:image\" content=\"https:\/\/www.filantropiacortessolari.cl\/wp-content\/uploads\/2025\/10\/uicn.jpg\" \/>\n\t<meta property=\"og:image:width\" content=\"1836\" \/>\n\t<meta property=\"og:image:height\" content=\"1026\" \/>\n\t<meta property=\"og:image:type\" content=\"image\/jpeg\" \/>\n<meta name=\"author\" content=\"Filantrop\u00eda Cort\u00e9s Solari\" \/>\n<meta name=\"twitter:card\" content=\"summary_large_image\" \/>\n<meta name=\"twitter:label1\" content=\"Written by\" \/>\n\t<meta name=\"twitter:data1\" content=\"Filantrop\u00eda Cort\u00e9s Solari\" \/>\n\t<meta name=\"twitter:label2\" content=\"Est. reading time\" \/>\n\t<meta name=\"twitter:data2\" content=\"3 minutes\" \/>\n<script type=\"application\/ld+json\" class=\"yoast-schema-graph\">{\"@context\":\"https:\\\/\\\/schema.org\",\"@graph\":[{\"@type\":\"Article\",\"@id\":\"https:\\\/\\\/www.filantropiacortessolari.cl\\\/uicn-congress-2025-la-cumbre-inaugural-de-filantropia-para-la-naturaleza-destaca-su-papel-en-la-conservacion-de-hoy\\\/#article\",\"isPartOf\":{\"@id\":\"https:\\\/\\\/www.filantropiacortessolari.cl\\\/uicn-congress-2025-la-cumbre-inaugural-de-filantropia-para-la-naturaleza-destaca-su-papel-en-la-conservacion-de-hoy\\\/\"},\"author\":{\"name\":\"Filantrop\u00eda Cort\u00e9s Solari\",\"@id\":\"https:\\\/\\\/www.filantropiacortessolari.cl\\\/#\\\/schema\\\/person\\\/e099cf1046922f4f5892172332dc86c0\"},\"headline\":\"[UICN Congress 2025] La Cumbre Inaugural de Filantrop\u00eda para la Naturaleza destaca su papel en la conservaci\u00f3n de hoy\",\"datePublished\":\"2025-10-08T20:09:50+00:00\",\"dateModified\":\"2025-10-08T20:10:52+00:00\",\"mainEntityOfPage\":{\"@id\":\"https:\\\/\\\/www.filantropiacortessolari.cl\\\/uicn-congress-2025-la-cumbre-inaugural-de-filantropia-para-la-naturaleza-destaca-su-papel-en-la-conservacion-de-hoy\\\/\"},\"wordCount\":575,\"image\":{\"@id\":\"https:\\\/\\\/www.filantropiacortessolari.cl\\\/uicn-congress-2025-la-cumbre-inaugural-de-filantropia-para-la-naturaleza-destaca-su-papel-en-la-conservacion-de-hoy\\\/#primaryimage\"},\"thumbnailUrl\":\"https:\\\/\\\/www.filantropiacortessolari.cl\\\/wp-content\\\/uploads\\\/2025\\\/10\\\/uicn.jpg\",\"articleSection\":[\"Prensa Escrita\",\"Prensa MERI\"],\"inLanguage\":\"en-US\"},{\"@type\":\"WebPage\",\"@id\":\"https:\\\/\\\/www.filantropiacortessolari.cl\\\/uicn-congress-2025-la-cumbre-inaugural-de-filantropia-para-la-naturaleza-destaca-su-papel-en-la-conservacion-de-hoy\\\/\",\"url\":\"https:\\\/\\\/www.filantropiacortessolari.cl\\\/uicn-congress-2025-la-cumbre-inaugural-de-filantropia-para-la-naturaleza-destaca-su-papel-en-la-conservacion-de-hoy\\\/\",\"name\":\"[UICN Congress 2025] La Cumbre Inaugural de Filantrop\u00eda para la Naturaleza destaca su papel en la conservaci\u00f3n de hoy\",\"isPartOf\":{\"@id\":\"https:\\\/\\\/www.filantropiacortessolari.cl\\\/#website\"},\"primaryImageOfPage\":{\"@id\":\"https:\\\/\\\/www.filantropiacortessolari.cl\\\/uicn-congress-2025-la-cumbre-inaugural-de-filantropia-para-la-naturaleza-destaca-su-papel-en-la-conservacion-de-hoy\\\/#primaryimage\"},\"image\":{\"@id\":\"https:\\\/\\\/www.filantropiacortessolari.cl\\\/uicn-congress-2025-la-cumbre-inaugural-de-filantropia-para-la-naturaleza-destaca-su-papel-en-la-conservacion-de-hoy\\\/#primaryimage\"},\"thumbnailUrl\":\"https:\\\/\\\/www.filantropiacortessolari.cl\\\/wp-content\\\/uploads\\\/2025\\\/10\\\/uicn.jpg\",\"datePublished\":\"2025-10-08T20:09:50+00:00\",\"dateModified\":\"2025-10-08T20:10:52+00:00\",\"author\":{\"@id\":\"https:\\\/\\\/www.filantropiacortessolari.cl\\\/#\\\/schema\\\/person\\\/e099cf1046922f4f5892172332dc86c0\"},\"breadcrumb\":{\"@id\":\"https:\\\/\\\/www.filantropiacortessolari.cl\\\/uicn-congress-2025-la-cumbre-inaugural-de-filantropia-para-la-naturaleza-destaca-su-papel-en-la-conservacion-de-hoy\\\/#breadcrumb\"},\"inLanguage\":\"en-US\",\"potentialAction\":[{\"@type\":\"ReadAction\",\"target\":[\"https:\\\/\\\/www.filantropiacortessolari.cl\\\/uicn-congress-2025-la-cumbre-inaugural-de-filantropia-para-la-naturaleza-destaca-su-papel-en-la-conservacion-de-hoy\\\/\"]}]},{\"@type\":\"ImageObject\",\"inLanguage\":\"en-US\",\"@id\":\"https:\\\/\\\/www.filantropiacortessolari.cl\\\/uicn-congress-2025-la-cumbre-inaugural-de-filantropia-para-la-naturaleza-destaca-su-papel-en-la-conservacion-de-hoy\\\/#primaryimage\",\"url\":\"https:\\\/\\\/www.filantropiacortessolari.cl\\\/wp-content\\\/uploads\\\/2025\\\/10\\\/uicn.jpg\",\"contentUrl\":\"https:\\\/\\\/www.filantropiacortessolari.cl\\\/wp-content\\\/uploads\\\/2025\\\/10\\\/uicn.jpg\",\"width\":1836,\"height\":1026,\"caption\":\"Screenshot\"},{\"@type\":\"BreadcrumbList\",\"@id\":\"https:\\\/\\\/www.filantropiacortessolari.cl\\\/uicn-congress-2025-la-cumbre-inaugural-de-filantropia-para-la-naturaleza-destaca-su-papel-en-la-conservacion-de-hoy\\\/#breadcrumb\",\"itemListElement\":[{\"@type\":\"ListItem\",\"position\":1,\"name\":\"Portada\",\"item\":\"https:\\\/\\\/www.filantropiacortessolari.cl\\\/\"},{\"@type\":\"ListItem\",\"position\":2,\"name\":\"[UICN Congress 2025] La Cumbre Inaugural de Filantrop\u00eda para la Naturaleza destaca su papel en la conservaci\u00f3n de hoy\"}]},{\"@type\":\"WebSite\",\"@id\":\"https:\\\/\\\/www.filantropiacortessolari.cl\\\/#website\",\"url\":\"https:\\\/\\\/www.filantropiacortessolari.cl\\\/\",\"name\":\"Filantrop\u00eda Cort\u00e9s Solari\",\"description\":\"Sitio web Filantrop\u00eda Cort\u00e9s Solari\",\"potentialAction\":[{\"@type\":\"SearchAction\",\"target\":{\"@type\":\"EntryPoint\",\"urlTemplate\":\"https:\\\/\\\/www.filantropiacortessolari.cl\\\/?s={search_term_string}\"},\"query-input\":{\"@type\":\"PropertyValueSpecification\",\"valueRequired\":true,\"valueName\":\"search_term_string\"}}],\"inLanguage\":\"en-US\"},{\"@type\":\"Person\",\"@id\":\"https:\\\/\\\/www.filantropiacortessolari.cl\\\/#\\\/schema\\\/person\\\/e099cf1046922f4f5892172332dc86c0\",\"name\":\"Filantrop\u00eda Cort\u00e9s Solari\",\"image\":{\"@type\":\"ImageObject\",\"inLanguage\":\"en-US\",\"@id\":\"https:\\\/\\\/secure.gravatar.com\\\/avatar\\\/9d17bfe24074ed7576e70cbeb8e010cdd7d01fae9f2047bd96cccbe629ec3c11?s=96&d=mm&r=g\",\"url\":\"https:\\\/\\\/secure.gravatar.com\\\/avatar\\\/9d17bfe24074ed7576e70cbeb8e010cdd7d01fae9f2047bd96cccbe629ec3c11?s=96&d=mm&r=g\",\"contentUrl\":\"https:\\\/\\\/secure.gravatar.com\\\/avatar\\\/9d17bfe24074ed7576e70cbeb8e010cdd7d01fae9f2047bd96cccbe629ec3c11?s=96&d=mm&r=g\",\"caption\":\"Filantrop\u00eda Cort\u00e9s Solari\"},\"url\":\"https:\\\/\\\/www.filantropiacortessolari.cl\\\/en\\\/author\\\/filantropia-cortes-solari\\\/\"}]}<\/script>\n<!-- \/ Yoast SEO plugin. -->","yoast_head_json":{"title":"[UICN Congress 2025] La Cumbre Inaugural de Filantrop\u00eda para la Naturaleza destaca su papel en la conservaci\u00f3n de hoy","robots":{"index":"index","follow":"follow","max-snippet":"max-snippet:-1","max-image-preview":"max-image-preview:large","max-video-preview":"max-video-preview:-1"},"canonical":"https:\/\/www.filantropiacortessolari.cl\/uicn-congress-2025-la-cumbre-inaugural-de-filantropia-para-la-naturaleza-destaca-su-papel-en-la-conservacion-de-hoy\/","og_locale":"en_US","og_type":"article","og_title":"[UICN Congress 2025] La Cumbre Inaugural de Filantrop\u00eda para la Naturaleza destaca su papel en la conservaci\u00f3n de hoy","og_url":"https:\/\/www.filantropiacortessolari.cl\/uicn-congress-2025-la-cumbre-inaugural-de-filantropia-para-la-naturaleza-destaca-su-papel-en-la-conservacion-de-hoy\/","og_site_name":"Filantrop\u00eda Cort\u00e9s Solari","article_published_time":"2025-10-08T20:09:50+00:00","article_modified_time":"2025-10-08T20:10:52+00:00","og_image":[{"width":1836,"height":1026,"url":"https:\/\/www.filantropiacortessolari.cl\/wp-content\/uploads\/2025\/10\/uicn.jpg","type":"image\/jpeg"}],"author":"Filantrop\u00eda Cort\u00e9s Solari","twitter_card":"summary_large_image","twitter_misc":{"Written by":"Filantrop\u00eda Cort\u00e9s Solari","Est. reading time":"3 minutes"},"schema":{"@context":"https:\/\/schema.org","@graph":[{"@type":"Article","@id":"https:\/\/www.filantropiacortessolari.cl\/uicn-congress-2025-la-cumbre-inaugural-de-filantropia-para-la-naturaleza-destaca-su-papel-en-la-conservacion-de-hoy\/#article","isPartOf":{"@id":"https:\/\/www.filantropiacortessolari.cl\/uicn-congress-2025-la-cumbre-inaugural-de-filantropia-para-la-naturaleza-destaca-su-papel-en-la-conservacion-de-hoy\/"},"author":{"name":"Filantrop\u00eda Cort\u00e9s Solari","@id":"https:\/\/www.filantropiacortessolari.cl\/#\/schema\/person\/e099cf1046922f4f5892172332dc86c0"},"headline":"[UICN Congress 2025] La Cumbre Inaugural de Filantrop\u00eda para la Naturaleza destaca su papel en la conservaci\u00f3n de hoy","datePublished":"2025-10-08T20:09:50+00:00","dateModified":"2025-10-08T20:10:52+00:00","mainEntityOfPage":{"@id":"https:\/\/www.filantropiacortessolari.cl\/uicn-congress-2025-la-cumbre-inaugural-de-filantropia-para-la-naturaleza-destaca-su-papel-en-la-conservacion-de-hoy\/"},"wordCount":575,"image":{"@id":"https:\/\/www.filantropiacortessolari.cl\/uicn-congress-2025-la-cumbre-inaugural-de-filantropia-para-la-naturaleza-destaca-su-papel-en-la-conservacion-de-hoy\/#primaryimage"},"thumbnailUrl":"https:\/\/www.filantropiacortessolari.cl\/wp-content\/uploads\/2025\/10\/uicn.jpg","articleSection":["Prensa Escrita","Prensa MERI"],"inLanguage":"en-US"},{"@type":"WebPage","@id":"https:\/\/www.filantropiacortessolari.cl\/uicn-congress-2025-la-cumbre-inaugural-de-filantropia-para-la-naturaleza-destaca-su-papel-en-la-conservacion-de-hoy\/","url":"https:\/\/www.filantropiacortessolari.cl\/uicn-congress-2025-la-cumbre-inaugural-de-filantropia-para-la-naturaleza-destaca-su-papel-en-la-conservacion-de-hoy\/","name":"[UICN Congress 2025] La Cumbre Inaugural de Filantrop\u00eda para la Naturaleza destaca su papel en la conservaci\u00f3n de hoy","isPartOf":{"@id":"https:\/\/www.filantropiacortessolari.cl\/#website"},"primaryImageOfPage":{"@id":"https:\/\/www.filantropiacortessolari.cl\/uicn-congress-2025-la-cumbre-inaugural-de-filantropia-para-la-naturaleza-destaca-su-papel-en-la-conservacion-de-hoy\/#primaryimage"},"image":{"@id":"https:\/\/www.filantropiacortessolari.cl\/uicn-congress-2025-la-cumbre-inaugural-de-filantropia-para-la-naturaleza-destaca-su-papel-en-la-conservacion-de-hoy\/#primaryimage"},"thumbnailUrl":"https:\/\/www.filantropiacortessolari.cl\/wp-content\/uploads\/2025\/10\/uicn.jpg","datePublished":"2025-10-08T20:09:50+00:00","dateModified":"2025-10-08T20:10:52+00:00","author":{"@id":"https:\/\/www.filantropiacortessolari.cl\/#\/schema\/person\/e099cf1046922f4f5892172332dc86c0"},"breadcrumb":{"@id":"https:\/\/www.filantropiacortessolari.cl\/uicn-congress-2025-la-cumbre-inaugural-de-filantropia-para-la-naturaleza-destaca-su-papel-en-la-conservacion-de-hoy\/#breadcrumb"},"inLanguage":"en-US","potentialAction":[{"@type":"ReadAction","target":["https:\/\/www.filantropiacortessolari.cl\/uicn-congress-2025-la-cumbre-inaugural-de-filantropia-para-la-naturaleza-destaca-su-papel-en-la-conservacion-de-hoy\/"]}]},{"@type":"ImageObject","inLanguage":"en-US","@id":"https:\/\/www.filantropiacortessolari.cl\/uicn-congress-2025-la-cumbre-inaugural-de-filantropia-para-la-naturaleza-destaca-su-papel-en-la-conservacion-de-hoy\/#primaryimage","url":"https:\/\/www.filantropiacortessolari.cl\/wp-content\/uploads\/2025\/10\/uicn.jpg","contentUrl":"https:\/\/www.filantropiacortessolari.cl\/wp-content\/uploads\/2025\/10\/uicn.jpg","width":1836,"height":1026,"caption":"Screenshot"},{"@type":"BreadcrumbList","@id":"https:\/\/www.filantropiacortessolari.cl\/uicn-congress-2025-la-cumbre-inaugural-de-filantropia-para-la-naturaleza-destaca-su-papel-en-la-conservacion-de-hoy\/#breadcrumb","itemListElement":[{"@type":"ListItem","position":1,"name":"Portada","item":"https:\/\/www.filantropiacortessolari.cl\/"},{"@type":"ListItem","position":2,"name":"[UICN Congress 2025] La Cumbre Inaugural de Filantrop\u00eda para la Naturaleza destaca su papel en la conservaci\u00f3n de hoy"}]},{"@type":"WebSite","@id":"https:\/\/www.filantropiacortessolari.cl\/#website","url":"https:\/\/www.filantropiacortessolari.cl\/","name":"Filantrop\u00eda Cort\u00e9s Solari","description":"Sitio web Filantrop\u00eda Cort\u00e9s Solari","potentialAction":[{"@type":"SearchAction","target":{"@type":"EntryPoint","urlTemplate":"https:\/\/www.filantropiacortessolari.cl\/?s={search_term_string}"},"query-input":{"@type":"PropertyValueSpecification","valueRequired":true,"valueName":"search_term_string"}}],"inLanguage":"en-US"},{"@type":"Person","@id":"https:\/\/www.filantropiacortessolari.cl\/#\/schema\/person\/e099cf1046922f4f5892172332dc86c0","name":"Filantrop\u00eda Cort\u00e9s Solari","image":{"@type":"ImageObject","inLanguage":"en-US","@id":"https:\/\/secure.gravatar.com\/avatar\/9d17bfe24074ed7576e70cbeb8e010cdd7d01fae9f2047bd96cccbe629ec3c11?s=96&d=mm&r=g","url":"https:\/\/secure.gravatar.com\/avatar\/9d17bfe24074ed7576e70cbeb8e010cdd7d01fae9f2047bd96cccbe629ec3c11?s=96&d=mm&r=g","contentUrl":"https:\/\/secure.gravatar.com\/avatar\/9d17bfe24074ed7576e70cbeb8e010cdd7d01fae9f2047bd96cccbe629ec3c11?s=96&d=mm&r=g","caption":"Filantrop\u00eda Cort\u00e9s Solari"},"url":"https:\/\/www.filantropiacortessolari.cl\/en\/author\/filantropia-cortes-solari\/"}]}},"_links":{"self":[{"href":"https:\/\/www.filantropiacortessolari.cl\/en\/wp-json\/wp\/v2\/posts\/12158","targetHints":{"allow":["GET"]}}],"collection":[{"href":"https:\/\/www.filantropiacortessolari.cl\/en\/wp-json\/wp\/v2\/posts"}],"about":[{"href":"https:\/\/www.filantropiacortessolari.cl\/en\/wp-json\/wp\/v2\/types\/post"}],"author":[{"embeddable":true,"href":"https:\/\/www.filantropiacortessolari.cl\/en\/wp-json\/wp\/v2\/users\/1"}],"replies":[{"embeddable":true,"href":"https:\/\/www.filantropiacortessolari.cl\/en\/wp-json\/wp\/v2\/comments?post=12158"}],"version-history":[{"count":1,"href":"https:\/\/www.filantropiacortessolari.cl\/en\/wp-json\/wp\/v2\/posts\/12158\/revisions"}],"predecessor-version":[{"id":12160,"href":"https:\/\/www.filantropiacortessolari.cl\/en\/wp-json\/wp\/v2\/posts\/12158\/revisions\/12160"}],"wp:featuredmedia":[{"embeddable":true,"href":"https:\/\/www.filantropiacortessolari.cl\/en\/wp-json\/wp\/v2\/media\/12159"}],"wp:attachment":[{"href":"https:\/\/www.filantropiacortessolari.cl\/en\/wp-json\/wp\/v2\/media?parent=12158"}],"wp:term":[{"taxonomy":"category","embeddable":true,"href":"https:\/\/www.filantropiacortessolari.cl\/en\/wp-json\/wp\/v2\/categories?post=12158"},{"taxonomy":"post_tag","embeddable":true,"href":"https:\/\/www.filantropiacortessolari.cl\/en\/wp-json\/wp\/v2\/tags?post=12158"}],"curies":[{"name":"wp","href":"https:\/\/api.w.org\/{rel}","templated":true}]}}