{"id":12180,"date":"2025-11-11T16:01:47","date_gmt":"2025-11-11T19:01:47","guid":{"rendered":"https:\/\/www.filantropiacortessolari.cl\/?p=12180"},"modified":"2025-11-11T16:03:27","modified_gmt":"2025-11-11T19:03:27","slug":"columna-francisca-cortes-solari-periodismo-conciencia-y-accion-el-rol-clave-de-la-prensa-en-la-emergencia-climatica","status":"publish","type":"post","link":"https:\/\/www.filantropiacortessolari.cl\/en\/columna-francisca-cortes-solari-periodismo-conciencia-y-accion-el-rol-clave-de-la-prensa-en-la-emergencia-climatica\/","title":{"rendered":"[Columna Francisca Cort\u00e9s Solari] Periodismo, conciencia y acci\u00f3n: el rol clave de la prensa en la emergencia clim\u00e1tica"},"content":{"rendered":"<style type=\"text\/css\"><\/style><p>Por primera vez en la historia de las conferencias clim\u00e1ticas de Naciones Unidas, la COP30 incorpor\u00f3 un panel dedicado exclusivamente al papel del periodismo en la acci\u00f3n clim\u00e1tica. En el Pabell\u00f3n Ciencia para la Acci\u00f3n Clim\u00e1tica, se realiz\u00f3 el encuentro \u201cMoldeando la Narrativa: Periodismo, Ciencia y Cambio Clim\u00e1tico\u201d, que destac\u00f3 el rol estrat\u00e9gico de los medios en la sensibilizaci\u00f3n frente a la triple crisis global (clima, biodiversidad y contaminaci\u00f3n). El panel subray\u00f3 tambi\u00e9n la necesidad de transformar la manera en que comunicamos: reconocer que los seres humanos somos parte de la naturaleza y que, por lo tanto, toda acci\u00f3n de conservaci\u00f3n debe abordarse de forma integral, articulando dimensiones cient\u00edficas, comunitarias, econ\u00f3micas y culturales.<\/p>\n<p>El periodismo tiene un papel decisivo en este tr\u00e1nsito. Un estudio del Reuters Institute de la Universidad de Oxford (2023) demostr\u00f3 que una cobertura rigurosa y contextualizada del cambio clim\u00e1tico incrementa el apoyo p\u00fablico a las pol\u00edticas ambientales, incluso entre audiencias tradicionalmente esc\u00e9pticas.<\/p>\n<p>Si los medios de comunicaci\u00f3n influyen directamente en el nivel de conocimiento, la actitud y la conciencia p\u00fablica frente a la crisis clim\u00e1tica, una comunicaci\u00f3n precisa y accesible puede transformar la percepci\u00f3n social del riesgo ambiental. Porque lo que no se comunica, no se comprende; y lo que no se comprende, no se transforma.<\/p>\n<p>El desaf\u00edo del periodismo ambiental no consiste solo en informar, sino en interpretar, contextualizar y traducir la evidencia cient\u00edfica en narrativas significativas. Un an\u00e1lisis realizado por la Universidad Nacional Aut\u00f3noma de M\u00e9xico (2022) mostr\u00f3 que el uso responsable de redes sociales y la verificaci\u00f3n de informaci\u00f3n cient\u00edfica aumentan la conciencia ambiental entre los j\u00f3venes latinoamericanos, evidenciando que la calidad del mensaje es tan decisiva como su alcance.<\/p>\n<p>La alianza entre ciencia, educaci\u00f3n y comunicaci\u00f3n es clave para avanzar en sostenibilidad. Primero, la ciencia genera conocimiento riguroso sobre la crisis clim\u00e1tica y sus impactos; sin esa base, no hay diagn\u00f3stico ni soluciones posibles. Segundo, la educaci\u00f3n permite que ese conocimiento se vuelva comprensi\u00f3n social, formando una ciudadan\u00eda capaz de leer la realidad, vincularla con su vida cotidiana y desarrollar criterio para exigir pol\u00edticas y comportamientos distintos. Tercero, la prensa tiene la capacidad de amplificar y traducir ese conocimiento y esa educaci\u00f3n al espacio p\u00fablico, especialmente en un contexto de alta desconfianza. Para ello, la comunicaci\u00f3n clim\u00e1tica debe arraigarse en los territorios y mostrar los efectos concretos del cambio clim\u00e1tico no solo en los ecosistemas, sino tambi\u00e9n en la econom\u00eda familiar, la salud, la vivienda y la calidad de vida de las comunidades. Comunicar con sentido, contexto y esperanza resulta esencial para movilizar acci\u00f3n, en lugar de limitarse a generar alarma.<\/p>\n<p>El panel \u201cMoldeando la Narrativa\u201d reafirm\u00f3 que el periodismo tiene un deber fundamental a la hora de generar noticias basadas en evidencia. Por lo mismo requiere formaci\u00f3n especializada, independencia editorial y un compromiso \u00e9tico con la verdad.<\/p>\n<p>Como advierte la Royal Meteorological Society (Reino Unido), la calidad de la cobertura medi\u00e1tica sobre fen\u00f3menos clim\u00e1ticos determina en gran medida la respuesta social y pol\u00edtica frente a ellos.<\/p>\n<p>En un contexto global marcado por la desinformaci\u00f3n y la fatiga informativa, el periodismo de calidad se convierte en una herramienta de confianza p\u00fablica.<\/p>\n<p>El futuro de la acci\u00f3n clim\u00e1tica depender\u00e1 no solo de la capacidad tecnol\u00f3gica o de las decisiones pol\u00edticas, sino tambi\u00e9n de la forma en que construyamos los relatos colectivos sobre el planeta que habitamos. La prensa, en ese sentido, no es un observador externo, sino un actor fundamental en la configuraci\u00f3n de una cultura de conservaci\u00f3n.<\/p>\n<p>Porque el cambio clim\u00e1tico no solo se enfrenta con ciencia y pol\u00edticas p\u00fablicas: tambi\u00e9n con palabras. Y las palabras, cuando son verdaderas y movilizadoras, pueden cambiar el curso de la historia.<\/p>\n<p><strong>Por Francisca Cort\u00e9s Solari<\/strong>, presidenta ejecutiva de Filantrop\u00eda Cort\u00e9s Solari<\/p>\n<p>Fuente: <a href=\"https:\/\/www.latercera.com\/sustentabilidad\/noticia\/periodismo-conciencia-y-accion-el-rol-clave-de-la-prensa-en-la-emergencia-climatica\/\" target=\"_blank\">La Tercera<\/a><\/p>\n","protected":false},"excerpt":{"rendered":"<p>Por primera vez en la historia de las conferencias clim\u00e1ticas de Naciones Unidas, la COP30 incorpor\u00f3 un panel dedicado exclusivamente al papel del periodismo en la acci\u00f3n clim\u00e1tica. En el Pabell\u00f3n Ciencia para la Acci\u00f3n Clim\u00e1tica, se realiz\u00f3 el encuentro \u201cMoldeando la Narrativa: Periodismo, Ciencia y Cambio Clim\u00e1tico\u201d, que destac\u00f3 el rol estrat\u00e9gico de los&#8230;<\/p>\n","protected":false},"author":1,"featured_media":12181,"comment_status":"closed","ping_status":"closed","sticky":false,"template":"","format":"standard","meta":{"footnotes":""},"categories":[31,5],"tags":[],"class_list":["post-12180","post","type-post","status-publish","format-standard","has-post-thumbnail","hentry","category-noticias","category-prensa-escrita"],"translation":{"provider":"WPGlobus","version":"3.0.2","language":"en","enabled_languages":["es","en"],"languages":{"es":{"title":true,"content":true,"excerpt":false},"en":{"title":false,"content":false,"excerpt":false}}},"yoast_head":"<!-- This site is optimized with the Yoast SEO plugin v27.4 - https:\/\/yoast.com\/product\/yoast-seo-wordpress\/ -->\n<title>[Columna Francisca Cort\u00e9s Solari] Periodismo, conciencia y acci\u00f3n: el rol clave de la prensa en la emergencia clim\u00e1tica<\/title>\n<meta name=\"robots\" content=\"index, follow, max-snippet:-1, max-image-preview:large, max-video-preview:-1\" \/>\n<link rel=\"canonical\" href=\"https:\/\/www.filantropiacortessolari.cl\/columna-francisca-cortes-solari-periodismo-conciencia-y-accion-el-rol-clave-de-la-prensa-en-la-emergencia-climatica\/\" \/>\n<meta property=\"og:locale\" content=\"en_US\" \/>\n<meta property=\"og:type\" content=\"article\" \/>\n<meta property=\"og:title\" content=\"[Columna Francisca Cort\u00e9s Solari] Periodismo, conciencia y acci\u00f3n: el rol clave de la prensa en la emergencia clim\u00e1tica\" \/>\n<meta property=\"og:url\" content=\"https:\/\/www.filantropiacortessolari.cl\/columna-francisca-cortes-solari-periodismo-conciencia-y-accion-el-rol-clave-de-la-prensa-en-la-emergencia-climatica\/\" \/>\n<meta property=\"og:site_name\" content=\"Filantrop\u00eda Cort\u00e9s Solari\" \/>\n<meta property=\"article:published_time\" content=\"2025-11-11T19:01:47+00:00\" \/>\n<meta property=\"article:modified_time\" content=\"2025-11-11T19:03:27+00:00\" \/>\n<meta name=\"author\" content=\"Filantrop\u00eda Cort\u00e9s Solari\" \/>\n<meta name=\"twitter:card\" content=\"summary_large_image\" \/>\n<meta name=\"twitter:label1\" content=\"Written by\" \/>\n\t<meta name=\"twitter:data1\" content=\"Filantrop\u00eda Cort\u00e9s Solari\" \/>\n\t<meta name=\"twitter:label2\" content=\"Est. reading time\" \/>\n\t<meta name=\"twitter:data2\" content=\"4 minutes\" \/>\n<script type=\"application\/ld+json\" class=\"yoast-schema-graph\">{\"@context\":\"https:\\\/\\\/schema.org\",\"@graph\":[{\"@type\":\"Article\",\"@id\":\"https:\\\/\\\/www.filantropiacortessolari.cl\\\/columna-francisca-cortes-solari-periodismo-conciencia-y-accion-el-rol-clave-de-la-prensa-en-la-emergencia-climatica\\\/#article\",\"isPartOf\":{\"@id\":\"https:\\\/\\\/www.filantropiacortessolari.cl\\\/columna-francisca-cortes-solari-periodismo-conciencia-y-accion-el-rol-clave-de-la-prensa-en-la-emergencia-climatica\\\/\"},\"author\":{\"name\":\"Filantrop\u00eda Cort\u00e9s Solari\",\"@id\":\"https:\\\/\\\/www.filantropiacortessolari.cl\\\/#\\\/schema\\\/person\\\/e099cf1046922f4f5892172332dc86c0\"},\"headline\":\"[Columna Francisca Cort\u00e9s Solari] Periodismo, conciencia y acci\u00f3n: el rol clave de la prensa en la emergencia clim\u00e1tica\",\"datePublished\":\"2025-11-11T19:01:47+00:00\",\"dateModified\":\"2025-11-11T19:03:27+00:00\",\"mainEntityOfPage\":{\"@id\":\"https:\\\/\\\/www.filantropiacortessolari.cl\\\/columna-francisca-cortes-solari-periodismo-conciencia-y-accion-el-rol-clave-de-la-prensa-en-la-emergencia-climatica\\\/\"},\"wordCount\":709,\"image\":{\"@id\":\"https:\\\/\\\/www.filantropiacortessolari.cl\\\/columna-francisca-cortes-solari-periodismo-conciencia-y-accion-el-rol-clave-de-la-prensa-en-la-emergencia-climatica\\\/#primaryimage\"},\"thumbnailUrl\":\"https:\\\/\\\/www.filantropiacortessolari.cl\\\/wp-content\\\/uploads\\\/2025\\\/11\\\/DRCADLM5TRD4NFNFC6YQSHVAIU-1.avif\",\"articleSection\":[\"Noticias\",\"Prensa Escrita\"],\"inLanguage\":\"en-US\"},{\"@type\":\"WebPage\",\"@id\":\"https:\\\/\\\/www.filantropiacortessolari.cl\\\/columna-francisca-cortes-solari-periodismo-conciencia-y-accion-el-rol-clave-de-la-prensa-en-la-emergencia-climatica\\\/\",\"url\":\"https:\\\/\\\/www.filantropiacortessolari.cl\\\/columna-francisca-cortes-solari-periodismo-conciencia-y-accion-el-rol-clave-de-la-prensa-en-la-emergencia-climatica\\\/\",\"name\":\"[Columna Francisca Cort\u00e9s Solari] Periodismo, conciencia y acci\u00f3n: el rol clave de la prensa en la emergencia clim\u00e1tica\",\"isPartOf\":{\"@id\":\"https:\\\/\\\/www.filantropiacortessolari.cl\\\/#website\"},\"primaryImageOfPage\":{\"@id\":\"https:\\\/\\\/www.filantropiacortessolari.cl\\\/columna-francisca-cortes-solari-periodismo-conciencia-y-accion-el-rol-clave-de-la-prensa-en-la-emergencia-climatica\\\/#primaryimage\"},\"image\":{\"@id\":\"https:\\\/\\\/www.filantropiacortessolari.cl\\\/columna-francisca-cortes-solari-periodismo-conciencia-y-accion-el-rol-clave-de-la-prensa-en-la-emergencia-climatica\\\/#primaryimage\"},\"thumbnailUrl\":\"https:\\\/\\\/www.filantropiacortessolari.cl\\\/wp-content\\\/uploads\\\/2025\\\/11\\\/DRCADLM5TRD4NFNFC6YQSHVAIU-1.avif\",\"datePublished\":\"2025-11-11T19:01:47+00:00\",\"dateModified\":\"2025-11-11T19:03:27+00:00\",\"author\":{\"@id\":\"https:\\\/\\\/www.filantropiacortessolari.cl\\\/#\\\/schema\\\/person\\\/e099cf1046922f4f5892172332dc86c0\"},\"breadcrumb\":{\"@id\":\"https:\\\/\\\/www.filantropiacortessolari.cl\\\/columna-francisca-cortes-solari-periodismo-conciencia-y-accion-el-rol-clave-de-la-prensa-en-la-emergencia-climatica\\\/#breadcrumb\"},\"inLanguage\":\"en-US\",\"potentialAction\":[{\"@type\":\"ReadAction\",\"target\":[\"https:\\\/\\\/www.filantropiacortessolari.cl\\\/columna-francisca-cortes-solari-periodismo-conciencia-y-accion-el-rol-clave-de-la-prensa-en-la-emergencia-climatica\\\/\"]}]},{\"@type\":\"ImageObject\",\"inLanguage\":\"en-US\",\"@id\":\"https:\\\/\\\/www.filantropiacortessolari.cl\\\/columna-francisca-cortes-solari-periodismo-conciencia-y-accion-el-rol-clave-de-la-prensa-en-la-emergencia-climatica\\\/#primaryimage\",\"url\":\"https:\\\/\\\/www.filantropiacortessolari.cl\\\/wp-content\\\/uploads\\\/2025\\\/11\\\/DRCADLM5TRD4NFNFC6YQSHVAIU-1.avif\",\"contentUrl\":\"https:\\\/\\\/www.filantropiacortessolari.cl\\\/wp-content\\\/uploads\\\/2025\\\/11\\\/DRCADLM5TRD4NFNFC6YQSHVAIU-1.avif\",\"width\":990,\"height\":557},{\"@type\":\"BreadcrumbList\",\"@id\":\"https:\\\/\\\/www.filantropiacortessolari.cl\\\/columna-francisca-cortes-solari-periodismo-conciencia-y-accion-el-rol-clave-de-la-prensa-en-la-emergencia-climatica\\\/#breadcrumb\",\"itemListElement\":[{\"@type\":\"ListItem\",\"position\":1,\"name\":\"Portada\",\"item\":\"https:\\\/\\\/www.filantropiacortessolari.cl\\\/\"},{\"@type\":\"ListItem\",\"position\":2,\"name\":\"[Columna Francisca Cort\u00e9s Solari] Periodismo, conciencia y acci\u00f3n: el rol clave de la prensa en la emergencia clim\u00e1tica\"}]},{\"@type\":\"WebSite\",\"@id\":\"https:\\\/\\\/www.filantropiacortessolari.cl\\\/#website\",\"url\":\"https:\\\/\\\/www.filantropiacortessolari.cl\\\/\",\"name\":\"Filantrop\u00eda Cort\u00e9s Solari\",\"description\":\"Sitio web Filantrop\u00eda Cort\u00e9s Solari\",\"potentialAction\":[{\"@type\":\"SearchAction\",\"target\":{\"@type\":\"EntryPoint\",\"urlTemplate\":\"https:\\\/\\\/www.filantropiacortessolari.cl\\\/?s={search_term_string}\"},\"query-input\":{\"@type\":\"PropertyValueSpecification\",\"valueRequired\":true,\"valueName\":\"search_term_string\"}}],\"inLanguage\":\"en-US\"},{\"@type\":\"Person\",\"@id\":\"https:\\\/\\\/www.filantropiacortessolari.cl\\\/#\\\/schema\\\/person\\\/e099cf1046922f4f5892172332dc86c0\",\"name\":\"Filantrop\u00eda Cort\u00e9s Solari\",\"image\":{\"@type\":\"ImageObject\",\"inLanguage\":\"en-US\",\"@id\":\"https:\\\/\\\/secure.gravatar.com\\\/avatar\\\/9d17bfe24074ed7576e70cbeb8e010cdd7d01fae9f2047bd96cccbe629ec3c11?s=96&d=mm&r=g\",\"url\":\"https:\\\/\\\/secure.gravatar.com\\\/avatar\\\/9d17bfe24074ed7576e70cbeb8e010cdd7d01fae9f2047bd96cccbe629ec3c11?s=96&d=mm&r=g\",\"contentUrl\":\"https:\\\/\\\/secure.gravatar.com\\\/avatar\\\/9d17bfe24074ed7576e70cbeb8e010cdd7d01fae9f2047bd96cccbe629ec3c11?s=96&d=mm&r=g\",\"caption\":\"Filantrop\u00eda Cort\u00e9s Solari\"},\"url\":\"https:\\\/\\\/www.filantropiacortessolari.cl\\\/en\\\/author\\\/filantropia-cortes-solari\\\/\"}]}<\/script>\n<!-- \/ Yoast SEO plugin. -->","yoast_head_json":{"title":"[Columna Francisca Cort\u00e9s Solari] Periodismo, conciencia y acci\u00f3n: el rol clave de la prensa en la emergencia clim\u00e1tica","robots":{"index":"index","follow":"follow","max-snippet":"max-snippet:-1","max-image-preview":"max-image-preview:large","max-video-preview":"max-video-preview:-1"},"canonical":"https:\/\/www.filantropiacortessolari.cl\/columna-francisca-cortes-solari-periodismo-conciencia-y-accion-el-rol-clave-de-la-prensa-en-la-emergencia-climatica\/","og_locale":"en_US","og_type":"article","og_title":"[Columna Francisca Cort\u00e9s Solari] Periodismo, conciencia y acci\u00f3n: el rol clave de la prensa en la emergencia clim\u00e1tica","og_url":"https:\/\/www.filantropiacortessolari.cl\/columna-francisca-cortes-solari-periodismo-conciencia-y-accion-el-rol-clave-de-la-prensa-en-la-emergencia-climatica\/","og_site_name":"Filantrop\u00eda Cort\u00e9s Solari","article_published_time":"2025-11-11T19:01:47+00:00","article_modified_time":"2025-11-11T19:03:27+00:00","author":"Filantrop\u00eda Cort\u00e9s Solari","twitter_card":"summary_large_image","twitter_misc":{"Written by":"Filantrop\u00eda Cort\u00e9s Solari","Est. reading time":"4 minutes"},"schema":{"@context":"https:\/\/schema.org","@graph":[{"@type":"Article","@id":"https:\/\/www.filantropiacortessolari.cl\/columna-francisca-cortes-solari-periodismo-conciencia-y-accion-el-rol-clave-de-la-prensa-en-la-emergencia-climatica\/#article","isPartOf":{"@id":"https:\/\/www.filantropiacortessolari.cl\/columna-francisca-cortes-solari-periodismo-conciencia-y-accion-el-rol-clave-de-la-prensa-en-la-emergencia-climatica\/"},"author":{"name":"Filantrop\u00eda Cort\u00e9s Solari","@id":"https:\/\/www.filantropiacortessolari.cl\/#\/schema\/person\/e099cf1046922f4f5892172332dc86c0"},"headline":"[Columna Francisca Cort\u00e9s Solari] Periodismo, conciencia y acci\u00f3n: el rol clave de la prensa en la emergencia clim\u00e1tica","datePublished":"2025-11-11T19:01:47+00:00","dateModified":"2025-11-11T19:03:27+00:00","mainEntityOfPage":{"@id":"https:\/\/www.filantropiacortessolari.cl\/columna-francisca-cortes-solari-periodismo-conciencia-y-accion-el-rol-clave-de-la-prensa-en-la-emergencia-climatica\/"},"wordCount":709,"image":{"@id":"https:\/\/www.filantropiacortessolari.cl\/columna-francisca-cortes-solari-periodismo-conciencia-y-accion-el-rol-clave-de-la-prensa-en-la-emergencia-climatica\/#primaryimage"},"thumbnailUrl":"https:\/\/www.filantropiacortessolari.cl\/wp-content\/uploads\/2025\/11\/DRCADLM5TRD4NFNFC6YQSHVAIU-1.avif","articleSection":["Noticias","Prensa Escrita"],"inLanguage":"en-US"},{"@type":"WebPage","@id":"https:\/\/www.filantropiacortessolari.cl\/columna-francisca-cortes-solari-periodismo-conciencia-y-accion-el-rol-clave-de-la-prensa-en-la-emergencia-climatica\/","url":"https:\/\/www.filantropiacortessolari.cl\/columna-francisca-cortes-solari-periodismo-conciencia-y-accion-el-rol-clave-de-la-prensa-en-la-emergencia-climatica\/","name":"[Columna Francisca Cort\u00e9s Solari] Periodismo, conciencia y acci\u00f3n: el rol clave de la prensa en la emergencia clim\u00e1tica","isPartOf":{"@id":"https:\/\/www.filantropiacortessolari.cl\/#website"},"primaryImageOfPage":{"@id":"https:\/\/www.filantropiacortessolari.cl\/columna-francisca-cortes-solari-periodismo-conciencia-y-accion-el-rol-clave-de-la-prensa-en-la-emergencia-climatica\/#primaryimage"},"image":{"@id":"https:\/\/www.filantropiacortessolari.cl\/columna-francisca-cortes-solari-periodismo-conciencia-y-accion-el-rol-clave-de-la-prensa-en-la-emergencia-climatica\/#primaryimage"},"thumbnailUrl":"https:\/\/www.filantropiacortessolari.cl\/wp-content\/uploads\/2025\/11\/DRCADLM5TRD4NFNFC6YQSHVAIU-1.avif","datePublished":"2025-11-11T19:01:47+00:00","dateModified":"2025-11-11T19:03:27+00:00","author":{"@id":"https:\/\/www.filantropiacortessolari.cl\/#\/schema\/person\/e099cf1046922f4f5892172332dc86c0"},"breadcrumb":{"@id":"https:\/\/www.filantropiacortessolari.cl\/columna-francisca-cortes-solari-periodismo-conciencia-y-accion-el-rol-clave-de-la-prensa-en-la-emergencia-climatica\/#breadcrumb"},"inLanguage":"en-US","potentialAction":[{"@type":"ReadAction","target":["https:\/\/www.filantropiacortessolari.cl\/columna-francisca-cortes-solari-periodismo-conciencia-y-accion-el-rol-clave-de-la-prensa-en-la-emergencia-climatica\/"]}]},{"@type":"ImageObject","inLanguage":"en-US","@id":"https:\/\/www.filantropiacortessolari.cl\/columna-francisca-cortes-solari-periodismo-conciencia-y-accion-el-rol-clave-de-la-prensa-en-la-emergencia-climatica\/#primaryimage","url":"https:\/\/www.filantropiacortessolari.cl\/wp-content\/uploads\/2025\/11\/DRCADLM5TRD4NFNFC6YQSHVAIU-1.avif","contentUrl":"https:\/\/www.filantropiacortessolari.cl\/wp-content\/uploads\/2025\/11\/DRCADLM5TRD4NFNFC6YQSHVAIU-1.avif","width":990,"height":557},{"@type":"BreadcrumbList","@id":"https:\/\/www.filantropiacortessolari.cl\/columna-francisca-cortes-solari-periodismo-conciencia-y-accion-el-rol-clave-de-la-prensa-en-la-emergencia-climatica\/#breadcrumb","itemListElement":[{"@type":"ListItem","position":1,"name":"Portada","item":"https:\/\/www.filantropiacortessolari.cl\/"},{"@type":"ListItem","position":2,"name":"[Columna Francisca Cort\u00e9s Solari] Periodismo, conciencia y acci\u00f3n: el rol clave de la prensa en la emergencia clim\u00e1tica"}]},{"@type":"WebSite","@id":"https:\/\/www.filantropiacortessolari.cl\/#website","url":"https:\/\/www.filantropiacortessolari.cl\/","name":"Filantrop\u00eda Cort\u00e9s Solari","description":"Sitio web Filantrop\u00eda Cort\u00e9s Solari","potentialAction":[{"@type":"SearchAction","target":{"@type":"EntryPoint","urlTemplate":"https:\/\/www.filantropiacortessolari.cl\/?s={search_term_string}"},"query-input":{"@type":"PropertyValueSpecification","valueRequired":true,"valueName":"search_term_string"}}],"inLanguage":"en-US"},{"@type":"Person","@id":"https:\/\/www.filantropiacortessolari.cl\/#\/schema\/person\/e099cf1046922f4f5892172332dc86c0","name":"Filantrop\u00eda Cort\u00e9s Solari","image":{"@type":"ImageObject","inLanguage":"en-US","@id":"https:\/\/secure.gravatar.com\/avatar\/9d17bfe24074ed7576e70cbeb8e010cdd7d01fae9f2047bd96cccbe629ec3c11?s=96&d=mm&r=g","url":"https:\/\/secure.gravatar.com\/avatar\/9d17bfe24074ed7576e70cbeb8e010cdd7d01fae9f2047bd96cccbe629ec3c11?s=96&d=mm&r=g","contentUrl":"https:\/\/secure.gravatar.com\/avatar\/9d17bfe24074ed7576e70cbeb8e010cdd7d01fae9f2047bd96cccbe629ec3c11?s=96&d=mm&r=g","caption":"Filantrop\u00eda Cort\u00e9s Solari"},"url":"https:\/\/www.filantropiacortessolari.cl\/en\/author\/filantropia-cortes-solari\/"}]}},"_links":{"self":[{"href":"https:\/\/www.filantropiacortessolari.cl\/en\/wp-json\/wp\/v2\/posts\/12180","targetHints":{"allow":["GET"]}}],"collection":[{"href":"https:\/\/www.filantropiacortessolari.cl\/en\/wp-json\/wp\/v2\/posts"}],"about":[{"href":"https:\/\/www.filantropiacortessolari.cl\/en\/wp-json\/wp\/v2\/types\/post"}],"author":[{"embeddable":true,"href":"https:\/\/www.filantropiacortessolari.cl\/en\/wp-json\/wp\/v2\/users\/1"}],"replies":[{"embeddable":true,"href":"https:\/\/www.filantropiacortessolari.cl\/en\/wp-json\/wp\/v2\/comments?post=12180"}],"version-history":[{"count":3,"href":"https:\/\/www.filantropiacortessolari.cl\/en\/wp-json\/wp\/v2\/posts\/12180\/revisions"}],"predecessor-version":[{"id":12184,"href":"https:\/\/www.filantropiacortessolari.cl\/en\/wp-json\/wp\/v2\/posts\/12180\/revisions\/12184"}],"wp:featuredmedia":[{"embeddable":true,"href":"https:\/\/www.filantropiacortessolari.cl\/en\/wp-json\/wp\/v2\/media\/12181"}],"wp:attachment":[{"href":"https:\/\/www.filantropiacortessolari.cl\/en\/wp-json\/wp\/v2\/media?parent=12180"}],"wp:term":[{"taxonomy":"category","embeddable":true,"href":"https:\/\/www.filantropiacortessolari.cl\/en\/wp-json\/wp\/v2\/categories?post=12180"},{"taxonomy":"post_tag","embeddable":true,"href":"https:\/\/www.filantropiacortessolari.cl\/en\/wp-json\/wp\/v2\/tags?post=12180"}],"curies":[{"name":"wp","href":"https:\/\/api.w.org\/{rel}","templated":true}]}}