{"id":12190,"date":"2025-11-22T14:50:39","date_gmt":"2025-11-22T17:50:39","guid":{"rendered":"https:\/\/www.filantropiacortessolari.cl\/?p=12190"},"modified":"2025-12-12T16:22:28","modified_gmt":"2025-12-12T19:22:28","slug":"gracias-por-ser-parte-de-esta-cop30-en-comunidad","status":"publish","type":"post","link":"https:\/\/www.filantropiacortessolari.cl\/en\/gracias-por-ser-parte-de-esta-cop30-en-comunidad\/","title":{"rendered":"\u00a1Gracias por ser parte de esta COP30 en comunidad!"},"content":{"rendered":"<style type=\"text\/css\"><\/style><p>M\u00e1s de 6.800 visitas en la web y 3.800 personas conectadas desde la app se sumaron a <a href=\"https:\/\/scienceforclimateaction.org\/\" target=\"_blank\" rel=\"noopener\">Science for Climate Action<\/a> para seguir la COP30 en l\u00ednea. Su participaci\u00f3n demuestra que la ciencia, la colaboraci\u00f3n y la acci\u00f3n clim\u00e1tica s\u00ed movilizan a miles.<\/p>\n<p>La COP30 nos recuerda por qu\u00e9 estamos aqu\u00ed: para impulsar decisiones globales que enfrenten la crisis clim\u00e1tica, proteger la biodiversidad y asegurar un futuro sostenible para las pr\u00f3ximas generaciones. Su prop\u00f3sito es claro: unir a gobiernos, ciencia, comunidades y sociedad civil para avanzar en soluciones reales, guiadas por la evidencia.<\/p>\n<p>Desde el coraz\u00f3n de la Amazon\u00eda, el Science for Climate Action Pavilion reuni\u00f3 a investigadores, l\u00edderes, innovadores y comunidades de m\u00e1s de 20 pa\u00edses.<br \/>\nEl mensaje fue contundente: es momento de actuar basados en evidencia. Convirtamos los datos en decisiones y el conocimiento en impacto real.<\/p>\n<p>\u00a9 45 sesiones | 180+ panelistas | Una conversaci\u00f3n global<br \/>\nZona Azul \u2014 Pabell\u00f3n D118, Bel\u00e9m, Brasil.<\/p>\n<p>Revive las conversaciones y toda la informaci\u00f3n en:<br \/>\n<a href=\"https:\/\/scienceforclimateaction.org\/\" target=\"_blank\" rel=\"noopener\">www.scienceforclimateaction.org<\/a><\/p>\n<p>Una iniciativa coorganizada por la <a href=\"https:\/\/wmo.int\/es\" target=\"_blank\" rel=\"noopener\">OMM<\/a> y el <a href=\"https:\/\/www.ipcc.ch\/\" target=\"_blank\" rel=\"noopener\">IPCC<\/a>, en colaboraci\u00f3n con Fundaci\u00f3n MERI y <a href=\"https:\/\/univ-cotedazur.eu\/\" target=\"_blank\" rel=\"noopener\">Universit\u00e9 C\u00f4te d\u2019Azur<\/a>.<\/p>\n","protected":false},"excerpt":{"rendered":"<p>M\u00e1s de 6.800 visitas en la web y 3.800 personas conectadas desde la app se sumaron a Science for Climate Action para seguir la COP30 en l\u00ednea. Su participaci\u00f3n demuestra que la ciencia, la colaboraci\u00f3n y la acci\u00f3n clim\u00e1tica s\u00ed movilizan a miles. La COP30 nos recuerda por qu\u00e9 estamos aqu\u00ed: para impulsar decisiones globales&#8230;<\/p>\n","protected":false},"author":1,"featured_media":12191,"comment_status":"closed","ping_status":"closed","sticky":false,"template":"","format":"standard","meta":{"footnotes":""},"categories":[31],"tags":[],"class_list":["post-12190","post","type-post","status-publish","format-standard","has-post-thumbnail","hentry","category-noticias"],"translation":{"provider":"WPGlobus","version":"3.0.2","language":"en","enabled_languages":["es","en"],"languages":{"es":{"title":true,"content":true,"excerpt":false},"en":{"title":false,"content":false,"excerpt":false}}},"yoast_head":"<!-- This site is optimized with the Yoast SEO plugin v27.4 - https:\/\/yoast.com\/product\/yoast-seo-wordpress\/ -->\n<title>\u00a1Gracias por ser parte de esta COP30 en comunidad!<\/title>\n<meta name=\"robots\" content=\"index, follow, max-snippet:-1, max-image-preview:large, max-video-preview:-1\" \/>\n<link rel=\"canonical\" href=\"https:\/\/www.filantropiacortessolari.cl\/gracias-por-ser-parte-de-esta-cop30-en-comunidad\/\" \/>\n<meta property=\"og:locale\" content=\"en_US\" \/>\n<meta property=\"og:type\" content=\"article\" \/>\n<meta property=\"og:title\" content=\"\u00a1Gracias por ser parte de esta COP30 en comunidad!\" \/>\n<meta property=\"og:url\" content=\"https:\/\/www.filantropiacortessolari.cl\/gracias-por-ser-parte-de-esta-cop30-en-comunidad\/\" \/>\n<meta property=\"og:site_name\" content=\"Filantrop\u00eda Cort\u00e9s Solari\" \/>\n<meta property=\"article:published_time\" content=\"2025-11-22T17:50:39+00:00\" \/>\n<meta property=\"article:modified_time\" content=\"2025-12-12T19:22:28+00:00\" \/>\n<meta property=\"og:image\" content=\"https:\/\/www.filantropiacortessolari.cl\/wp-content\/uploads\/2025\/12\/Noticia-Cop30.jpg\" \/>\n\t<meta property=\"og:image:width\" content=\"1280\" \/>\n\t<meta property=\"og:image:height\" content=\"853\" \/>\n\t<meta property=\"og:image:type\" content=\"image\/jpeg\" \/>\n<meta name=\"author\" content=\"Filantrop\u00eda Cort\u00e9s Solari\" \/>\n<meta name=\"twitter:card\" content=\"summary_large_image\" \/>\n<meta name=\"twitter:label1\" content=\"Written by\" \/>\n\t<meta name=\"twitter:data1\" content=\"Filantrop\u00eda Cort\u00e9s Solari\" \/>\n\t<meta name=\"twitter:label2\" content=\"Est. reading time\" \/>\n\t<meta name=\"twitter:data2\" content=\"2 minutes\" \/>\n<script type=\"application\/ld+json\" class=\"yoast-schema-graph\">{\"@context\":\"https:\\\/\\\/schema.org\",\"@graph\":[{\"@type\":\"Article\",\"@id\":\"https:\\\/\\\/www.filantropiacortessolari.cl\\\/gracias-por-ser-parte-de-esta-cop30-en-comunidad\\\/#article\",\"isPartOf\":{\"@id\":\"https:\\\/\\\/www.filantropiacortessolari.cl\\\/gracias-por-ser-parte-de-esta-cop30-en-comunidad\\\/\"},\"author\":{\"name\":\"Filantrop\u00eda Cort\u00e9s Solari\",\"@id\":\"https:\\\/\\\/www.filantropiacortessolari.cl\\\/#\\\/schema\\\/person\\\/e099cf1046922f4f5892172332dc86c0\"},\"headline\":\"\u00a1Gracias por ser parte de esta COP30 en comunidad!\",\"datePublished\":\"2025-11-22T17:50:39+00:00\",\"dateModified\":\"2025-12-12T19:22:28+00:00\",\"mainEntityOfPage\":{\"@id\":\"https:\\\/\\\/www.filantropiacortessolari.cl\\\/gracias-por-ser-parte-de-esta-cop30-en-comunidad\\\/\"},\"wordCount\":207,\"image\":{\"@id\":\"https:\\\/\\\/www.filantropiacortessolari.cl\\\/gracias-por-ser-parte-de-esta-cop30-en-comunidad\\\/#primaryimage\"},\"thumbnailUrl\":\"https:\\\/\\\/www.filantropiacortessolari.cl\\\/wp-content\\\/uploads\\\/2025\\\/12\\\/Noticia-Cop30.jpg\",\"articleSection\":[\"Noticias\"],\"inLanguage\":\"en-US\"},{\"@type\":\"WebPage\",\"@id\":\"https:\\\/\\\/www.filantropiacortessolari.cl\\\/gracias-por-ser-parte-de-esta-cop30-en-comunidad\\\/\",\"url\":\"https:\\\/\\\/www.filantropiacortessolari.cl\\\/gracias-por-ser-parte-de-esta-cop30-en-comunidad\\\/\",\"name\":\"\u00a1Gracias por ser parte de esta COP30 en comunidad!\",\"isPartOf\":{\"@id\":\"https:\\\/\\\/www.filantropiacortessolari.cl\\\/#website\"},\"primaryImageOfPage\":{\"@id\":\"https:\\\/\\\/www.filantropiacortessolari.cl\\\/gracias-por-ser-parte-de-esta-cop30-en-comunidad\\\/#primaryimage\"},\"image\":{\"@id\":\"https:\\\/\\\/www.filantropiacortessolari.cl\\\/gracias-por-ser-parte-de-esta-cop30-en-comunidad\\\/#primaryimage\"},\"thumbnailUrl\":\"https:\\\/\\\/www.filantropiacortessolari.cl\\\/wp-content\\\/uploads\\\/2025\\\/12\\\/Noticia-Cop30.jpg\",\"datePublished\":\"2025-11-22T17:50:39+00:00\",\"dateModified\":\"2025-12-12T19:22:28+00:00\",\"author\":{\"@id\":\"https:\\\/\\\/www.filantropiacortessolari.cl\\\/#\\\/schema\\\/person\\\/e099cf1046922f4f5892172332dc86c0\"},\"breadcrumb\":{\"@id\":\"https:\\\/\\\/www.filantropiacortessolari.cl\\\/gracias-por-ser-parte-de-esta-cop30-en-comunidad\\\/#breadcrumb\"},\"inLanguage\":\"en-US\",\"potentialAction\":[{\"@type\":\"ReadAction\",\"target\":[\"https:\\\/\\\/www.filantropiacortessolari.cl\\\/gracias-por-ser-parte-de-esta-cop30-en-comunidad\\\/\"]}]},{\"@type\":\"ImageObject\",\"inLanguage\":\"en-US\",\"@id\":\"https:\\\/\\\/www.filantropiacortessolari.cl\\\/gracias-por-ser-parte-de-esta-cop30-en-comunidad\\\/#primaryimage\",\"url\":\"https:\\\/\\\/www.filantropiacortessolari.cl\\\/wp-content\\\/uploads\\\/2025\\\/12\\\/Noticia-Cop30.jpg\",\"contentUrl\":\"https:\\\/\\\/www.filantropiacortessolari.cl\\\/wp-content\\\/uploads\\\/2025\\\/12\\\/Noticia-Cop30.jpg\",\"width\":1280,\"height\":853},{\"@type\":\"BreadcrumbList\",\"@id\":\"https:\\\/\\\/www.filantropiacortessolari.cl\\\/gracias-por-ser-parte-de-esta-cop30-en-comunidad\\\/#breadcrumb\",\"itemListElement\":[{\"@type\":\"ListItem\",\"position\":1,\"name\":\"Portada\",\"item\":\"https:\\\/\\\/www.filantropiacortessolari.cl\\\/\"},{\"@type\":\"ListItem\",\"position\":2,\"name\":\"\u00a1Gracias por ser parte de esta COP30 en comunidad!\"}]},{\"@type\":\"WebSite\",\"@id\":\"https:\\\/\\\/www.filantropiacortessolari.cl\\\/#website\",\"url\":\"https:\\\/\\\/www.filantropiacortessolari.cl\\\/\",\"name\":\"Filantrop\u00eda Cort\u00e9s Solari\",\"description\":\"Sitio web Filantrop\u00eda Cort\u00e9s Solari\",\"potentialAction\":[{\"@type\":\"SearchAction\",\"target\":{\"@type\":\"EntryPoint\",\"urlTemplate\":\"https:\\\/\\\/www.filantropiacortessolari.cl\\\/?s={search_term_string}\"},\"query-input\":{\"@type\":\"PropertyValueSpecification\",\"valueRequired\":true,\"valueName\":\"search_term_string\"}}],\"inLanguage\":\"en-US\"},{\"@type\":\"Person\",\"@id\":\"https:\\\/\\\/www.filantropiacortessolari.cl\\\/#\\\/schema\\\/person\\\/e099cf1046922f4f5892172332dc86c0\",\"name\":\"Filantrop\u00eda Cort\u00e9s Solari\",\"image\":{\"@type\":\"ImageObject\",\"inLanguage\":\"en-US\",\"@id\":\"https:\\\/\\\/secure.gravatar.com\\\/avatar\\\/9d17bfe24074ed7576e70cbeb8e010cdd7d01fae9f2047bd96cccbe629ec3c11?s=96&d=mm&r=g\",\"url\":\"https:\\\/\\\/secure.gravatar.com\\\/avatar\\\/9d17bfe24074ed7576e70cbeb8e010cdd7d01fae9f2047bd96cccbe629ec3c11?s=96&d=mm&r=g\",\"contentUrl\":\"https:\\\/\\\/secure.gravatar.com\\\/avatar\\\/9d17bfe24074ed7576e70cbeb8e010cdd7d01fae9f2047bd96cccbe629ec3c11?s=96&d=mm&r=g\",\"caption\":\"Filantrop\u00eda Cort\u00e9s Solari\"},\"url\":\"https:\\\/\\\/www.filantropiacortessolari.cl\\\/en\\\/author\\\/filantropia-cortes-solari\\\/\"}]}<\/script>\n<!-- \/ Yoast SEO plugin. -->","yoast_head_json":{"title":"\u00a1Gracias por ser parte de esta COP30 en comunidad!","robots":{"index":"index","follow":"follow","max-snippet":"max-snippet:-1","max-image-preview":"max-image-preview:large","max-video-preview":"max-video-preview:-1"},"canonical":"https:\/\/www.filantropiacortessolari.cl\/gracias-por-ser-parte-de-esta-cop30-en-comunidad\/","og_locale":"en_US","og_type":"article","og_title":"\u00a1Gracias por ser parte de esta COP30 en comunidad!","og_url":"https:\/\/www.filantropiacortessolari.cl\/gracias-por-ser-parte-de-esta-cop30-en-comunidad\/","og_site_name":"Filantrop\u00eda Cort\u00e9s Solari","article_published_time":"2025-11-22T17:50:39+00:00","article_modified_time":"2025-12-12T19:22:28+00:00","og_image":[{"width":1280,"height":853,"url":"https:\/\/www.filantropiacortessolari.cl\/wp-content\/uploads\/2025\/12\/Noticia-Cop30.jpg","type":"image\/jpeg"}],"author":"Filantrop\u00eda Cort\u00e9s Solari","twitter_card":"summary_large_image","twitter_misc":{"Written by":"Filantrop\u00eda Cort\u00e9s Solari","Est. reading time":"2 minutes"},"schema":{"@context":"https:\/\/schema.org","@graph":[{"@type":"Article","@id":"https:\/\/www.filantropiacortessolari.cl\/gracias-por-ser-parte-de-esta-cop30-en-comunidad\/#article","isPartOf":{"@id":"https:\/\/www.filantropiacortessolari.cl\/gracias-por-ser-parte-de-esta-cop30-en-comunidad\/"},"author":{"name":"Filantrop\u00eda Cort\u00e9s Solari","@id":"https:\/\/www.filantropiacortessolari.cl\/#\/schema\/person\/e099cf1046922f4f5892172332dc86c0"},"headline":"\u00a1Gracias por ser parte de esta COP30 en comunidad!","datePublished":"2025-11-22T17:50:39+00:00","dateModified":"2025-12-12T19:22:28+00:00","mainEntityOfPage":{"@id":"https:\/\/www.filantropiacortessolari.cl\/gracias-por-ser-parte-de-esta-cop30-en-comunidad\/"},"wordCount":207,"image":{"@id":"https:\/\/www.filantropiacortessolari.cl\/gracias-por-ser-parte-de-esta-cop30-en-comunidad\/#primaryimage"},"thumbnailUrl":"https:\/\/www.filantropiacortessolari.cl\/wp-content\/uploads\/2025\/12\/Noticia-Cop30.jpg","articleSection":["Noticias"],"inLanguage":"en-US"},{"@type":"WebPage","@id":"https:\/\/www.filantropiacortessolari.cl\/gracias-por-ser-parte-de-esta-cop30-en-comunidad\/","url":"https:\/\/www.filantropiacortessolari.cl\/gracias-por-ser-parte-de-esta-cop30-en-comunidad\/","name":"\u00a1Gracias por ser parte de esta COP30 en comunidad!","isPartOf":{"@id":"https:\/\/www.filantropiacortessolari.cl\/#website"},"primaryImageOfPage":{"@id":"https:\/\/www.filantropiacortessolari.cl\/gracias-por-ser-parte-de-esta-cop30-en-comunidad\/#primaryimage"},"image":{"@id":"https:\/\/www.filantropiacortessolari.cl\/gracias-por-ser-parte-de-esta-cop30-en-comunidad\/#primaryimage"},"thumbnailUrl":"https:\/\/www.filantropiacortessolari.cl\/wp-content\/uploads\/2025\/12\/Noticia-Cop30.jpg","datePublished":"2025-11-22T17:50:39+00:00","dateModified":"2025-12-12T19:22:28+00:00","author":{"@id":"https:\/\/www.filantropiacortessolari.cl\/#\/schema\/person\/e099cf1046922f4f5892172332dc86c0"},"breadcrumb":{"@id":"https:\/\/www.filantropiacortessolari.cl\/gracias-por-ser-parte-de-esta-cop30-en-comunidad\/#breadcrumb"},"inLanguage":"en-US","potentialAction":[{"@type":"ReadAction","target":["https:\/\/www.filantropiacortessolari.cl\/gracias-por-ser-parte-de-esta-cop30-en-comunidad\/"]}]},{"@type":"ImageObject","inLanguage":"en-US","@id":"https:\/\/www.filantropiacortessolari.cl\/gracias-por-ser-parte-de-esta-cop30-en-comunidad\/#primaryimage","url":"https:\/\/www.filantropiacortessolari.cl\/wp-content\/uploads\/2025\/12\/Noticia-Cop30.jpg","contentUrl":"https:\/\/www.filantropiacortessolari.cl\/wp-content\/uploads\/2025\/12\/Noticia-Cop30.jpg","width":1280,"height":853},{"@type":"BreadcrumbList","@id":"https:\/\/www.filantropiacortessolari.cl\/gracias-por-ser-parte-de-esta-cop30-en-comunidad\/#breadcrumb","itemListElement":[{"@type":"ListItem","position":1,"name":"Portada","item":"https:\/\/www.filantropiacortessolari.cl\/"},{"@type":"ListItem","position":2,"name":"\u00a1Gracias por ser parte de esta COP30 en comunidad!"}]},{"@type":"WebSite","@id":"https:\/\/www.filantropiacortessolari.cl\/#website","url":"https:\/\/www.filantropiacortessolari.cl\/","name":"Filantrop\u00eda Cort\u00e9s Solari","description":"Sitio web Filantrop\u00eda Cort\u00e9s Solari","potentialAction":[{"@type":"SearchAction","target":{"@type":"EntryPoint","urlTemplate":"https:\/\/www.filantropiacortessolari.cl\/?s={search_term_string}"},"query-input":{"@type":"PropertyValueSpecification","valueRequired":true,"valueName":"search_term_string"}}],"inLanguage":"en-US"},{"@type":"Person","@id":"https:\/\/www.filantropiacortessolari.cl\/#\/schema\/person\/e099cf1046922f4f5892172332dc86c0","name":"Filantrop\u00eda Cort\u00e9s Solari","image":{"@type":"ImageObject","inLanguage":"en-US","@id":"https:\/\/secure.gravatar.com\/avatar\/9d17bfe24074ed7576e70cbeb8e010cdd7d01fae9f2047bd96cccbe629ec3c11?s=96&d=mm&r=g","url":"https:\/\/secure.gravatar.com\/avatar\/9d17bfe24074ed7576e70cbeb8e010cdd7d01fae9f2047bd96cccbe629ec3c11?s=96&d=mm&r=g","contentUrl":"https:\/\/secure.gravatar.com\/avatar\/9d17bfe24074ed7576e70cbeb8e010cdd7d01fae9f2047bd96cccbe629ec3c11?s=96&d=mm&r=g","caption":"Filantrop\u00eda Cort\u00e9s Solari"},"url":"https:\/\/www.filantropiacortessolari.cl\/en\/author\/filantropia-cortes-solari\/"}]}},"_links":{"self":[{"href":"https:\/\/www.filantropiacortessolari.cl\/en\/wp-json\/wp\/v2\/posts\/12190","targetHints":{"allow":["GET"]}}],"collection":[{"href":"https:\/\/www.filantropiacortessolari.cl\/en\/wp-json\/wp\/v2\/posts"}],"about":[{"href":"https:\/\/www.filantropiacortessolari.cl\/en\/wp-json\/wp\/v2\/types\/post"}],"author":[{"embeddable":true,"href":"https:\/\/www.filantropiacortessolari.cl\/en\/wp-json\/wp\/v2\/users\/1"}],"replies":[{"embeddable":true,"href":"https:\/\/www.filantropiacortessolari.cl\/en\/wp-json\/wp\/v2\/comments?post=12190"}],"version-history":[{"count":2,"href":"https:\/\/www.filantropiacortessolari.cl\/en\/wp-json\/wp\/v2\/posts\/12190\/revisions"}],"predecessor-version":[{"id":12199,"href":"https:\/\/www.filantropiacortessolari.cl\/en\/wp-json\/wp\/v2\/posts\/12190\/revisions\/12199"}],"wp:featuredmedia":[{"embeddable":true,"href":"https:\/\/www.filantropiacortessolari.cl\/en\/wp-json\/wp\/v2\/media\/12191"}],"wp:attachment":[{"href":"https:\/\/www.filantropiacortessolari.cl\/en\/wp-json\/wp\/v2\/media?parent=12190"}],"wp:term":[{"taxonomy":"category","embeddable":true,"href":"https:\/\/www.filantropiacortessolari.cl\/en\/wp-json\/wp\/v2\/categories?post=12190"},{"taxonomy":"post_tag","embeddable":true,"href":"https:\/\/www.filantropiacortessolari.cl\/en\/wp-json\/wp\/v2\/tags?post=12190"}],"curies":[{"name":"wp","href":"https:\/\/api.w.org\/{rel}","templated":true}]}}