{"id":12193,"date":"2025-12-08T15:32:14","date_gmt":"2025-12-08T18:32:14","guid":{"rendered":"https:\/\/www.filantropiacortessolari.cl\/?p=12193"},"modified":"2025-12-12T16:21:42","modified_gmt":"2025-12-12T19:21:42","slug":"festival-ladera-sur-un-fin-de-semana-inolvidable","status":"publish","type":"post","link":"https:\/\/www.filantropiacortessolari.cl\/en\/festival-ladera-sur-un-fin-de-semana-inolvidable\/","title":{"rendered":"Festival Ladera Sur, un fin de semana inolvidable"},"content":{"rendered":"<style type=\"text\/css\"><\/style><p><img loading=\"lazy\" decoding=\"async\" src=\"https:\/\/www.filantropiacortessolari.cl\/wp-content\/uploads\/2025\/12\/ladera1-225x300.jpeg\" alt=\"\" width=\"225\" height=\"300\" class=\"alignleft size-medium wp-image-12197\" srcset=\"https:\/\/www.filantropiacortessolari.cl\/wp-content\/uploads\/2025\/12\/ladera1-225x300.jpeg 225w, https:\/\/www.filantropiacortessolari.cl\/wp-content\/uploads\/2025\/12\/ladera1-768x1024.jpeg 768w, https:\/\/www.filantropiacortessolari.cl\/wp-content\/uploads\/2025\/12\/ladera1-1152x1536.jpeg 1152w, https:\/\/www.filantropiacortessolari.cl\/wp-content\/uploads\/2025\/12\/ladera1-580x773.jpeg 580w, https:\/\/www.filantropiacortessolari.cl\/wp-content\/uploads\/2025\/12\/ladera1-820x1093.jpeg 820w, https:\/\/www.filantropiacortessolari.cl\/wp-content\/uploads\/2025\/12\/ladera1-1160x1547.jpeg 1160w, https:\/\/www.filantropiacortessolari.cl\/wp-content\/uploads\/2025\/12\/ladera1.jpeg 1200w\" sizes=\"auto, (max-width: 225px) 100vw, 225px\" \/>Estamos profundamente agradecidos por la maravillosa experiencia que vivimos en nuestro stand de <a href=\"https:\/\/www.filantropiacortessolari.cl\/\" target=\"_blank\">Filantrop\u00eda Cort\u00e9s Solari<\/a> y <a href=\"http:\/\/territoriar.cl\/\" target=\"_blank\">TerritoriAR<\/a>. Fue un honor reencontrarnos con la comunidad, compartir nuestro trabajo y relanzar nuestra app <a href=\"http:\/\/territoriar.cl\/\" target=\"_blank\">TerritoriAR<\/a>, una herramienta que une tecnolog\u00eda, naturaleza y educaci\u00f3n.<\/p>\n<p>A trav\u00e9s de esta innovaci\u00f3n, cientos de personas pudieron descubrir y reconocer la flora y fauna de nuestros territorios, guiadas por nuestros monitores y colaboradores que tambi\u00e9n vibraron con la experiencia.<\/p>\n<p>\ud83c\udf3f \u00a1Estamos felices y orgullosos de anunciar que alcanzamos m\u00e1s de 7.000 descargas!<br \/>\nUn hito que nos impulsa a seguir creando, conectando y acercando la naturaleza a todos.<\/p>\n<p>Y esto reci\u00e9n comienza\u2026<br \/>\nSe vienen nuevas sorpresas, nuevas rutas y nuevas formas de aprender juntos.<\/p>\n<p>Porque hoy celebramos la naturaleza.<br \/>\nPorque ella nos inspira.<br \/>\nPorque somos TerritoriAR. Somos naturaleza.<\/p>\n","protected":false},"excerpt":{"rendered":"<p>Estamos profundamente agradecidos por la maravillosa experiencia que vivimos en nuestro stand de Filantrop\u00eda Cort\u00e9s Solari y TerritoriAR. Fue un honor reencontrarnos con la comunidad, compartir nuestro trabajo y relanzar nuestra app TerritoriAR, una herramienta que une tecnolog\u00eda, naturaleza y educaci\u00f3n. A trav\u00e9s de esta innovaci\u00f3n, cientos de personas pudieron descubrir y reconocer la flora&#8230;<\/p>\n","protected":false},"author":1,"featured_media":12194,"comment_status":"closed","ping_status":"closed","sticky":false,"template":"","format":"standard","meta":{"footnotes":""},"categories":[31],"tags":[],"class_list":["post-12193","post","type-post","status-publish","format-standard","has-post-thumbnail","hentry","category-noticias"],"translation":{"provider":"WPGlobus","version":"3.0.2","language":"en","enabled_languages":["es","en"],"languages":{"es":{"title":true,"content":true,"excerpt":false},"en":{"title":false,"content":false,"excerpt":false}}},"yoast_head":"<!-- This site is optimized with the Yoast SEO plugin v27.4 - https:\/\/yoast.com\/product\/yoast-seo-wordpress\/ -->\n<title>Festival Ladera Sur, un fin de semana inolvidable<\/title>\n<meta name=\"robots\" content=\"index, follow, max-snippet:-1, max-image-preview:large, max-video-preview:-1\" \/>\n<link rel=\"canonical\" href=\"https:\/\/www.filantropiacortessolari.cl\/festival-ladera-sur-un-fin-de-semana-inolvidable\/\" \/>\n<meta property=\"og:locale\" content=\"en_US\" \/>\n<meta property=\"og:type\" content=\"article\" \/>\n<meta property=\"og:title\" content=\"Festival Ladera Sur, un fin de semana inolvidable\" \/>\n<meta property=\"og:url\" content=\"https:\/\/www.filantropiacortessolari.cl\/festival-ladera-sur-un-fin-de-semana-inolvidable\/\" \/>\n<meta property=\"og:site_name\" content=\"Filantrop\u00eda Cort\u00e9s Solari\" \/>\n<meta property=\"article:published_time\" content=\"2025-12-08T18:32:14+00:00\" \/>\n<meta property=\"article:modified_time\" content=\"2025-12-12T19:21:42+00:00\" \/>\n<meta property=\"og:image\" content=\"https:\/\/www.filantropiacortessolari.cl\/wp-content\/uploads\/2025\/12\/Noticia-LaderaSur.jpg\" \/>\n\t<meta property=\"og:image:width\" content=\"1280\" \/>\n\t<meta property=\"og:image:height\" content=\"853\" \/>\n\t<meta property=\"og:image:type\" content=\"image\/jpeg\" \/>\n<meta name=\"author\" content=\"Filantrop\u00eda Cort\u00e9s Solari\" \/>\n<meta name=\"twitter:card\" content=\"summary_large_image\" \/>\n<meta name=\"twitter:label1\" content=\"Written by\" \/>\n\t<meta name=\"twitter:data1\" content=\"Filantrop\u00eda Cort\u00e9s Solari\" \/>\n\t<meta name=\"twitter:label2\" content=\"Est. reading time\" \/>\n\t<meta name=\"twitter:data2\" content=\"1 minute\" \/>\n<script type=\"application\/ld+json\" class=\"yoast-schema-graph\">{\"@context\":\"https:\\\/\\\/schema.org\",\"@graph\":[{\"@type\":\"Article\",\"@id\":\"https:\\\/\\\/www.filantropiacortessolari.cl\\\/festival-ladera-sur-un-fin-de-semana-inolvidable\\\/#article\",\"isPartOf\":{\"@id\":\"https:\\\/\\\/www.filantropiacortessolari.cl\\\/festival-ladera-sur-un-fin-de-semana-inolvidable\\\/\"},\"author\":{\"name\":\"Filantrop\u00eda Cort\u00e9s Solari\",\"@id\":\"https:\\\/\\\/www.filantropiacortessolari.cl\\\/#\\\/schema\\\/person\\\/e099cf1046922f4f5892172332dc86c0\"},\"headline\":\"Festival Ladera Sur, un fin de semana inolvidable\",\"datePublished\":\"2025-12-08T18:32:14+00:00\",\"dateModified\":\"2025-12-12T19:21:42+00:00\",\"mainEntityOfPage\":{\"@id\":\"https:\\\/\\\/www.filantropiacortessolari.cl\\\/festival-ladera-sur-un-fin-de-semana-inolvidable\\\/\"},\"wordCount\":145,\"image\":{\"@id\":\"https:\\\/\\\/www.filantropiacortessolari.cl\\\/festival-ladera-sur-un-fin-de-semana-inolvidable\\\/#primaryimage\"},\"thumbnailUrl\":\"https:\\\/\\\/www.filantropiacortessolari.cl\\\/wp-content\\\/uploads\\\/2025\\\/12\\\/Noticia-LaderaSur.jpg\",\"articleSection\":[\"Noticias\"],\"inLanguage\":\"en-US\"},{\"@type\":\"WebPage\",\"@id\":\"https:\\\/\\\/www.filantropiacortessolari.cl\\\/festival-ladera-sur-un-fin-de-semana-inolvidable\\\/\",\"url\":\"https:\\\/\\\/www.filantropiacortessolari.cl\\\/festival-ladera-sur-un-fin-de-semana-inolvidable\\\/\",\"name\":\"Festival Ladera Sur, un fin de semana inolvidable\",\"isPartOf\":{\"@id\":\"https:\\\/\\\/www.filantropiacortessolari.cl\\\/#website\"},\"primaryImageOfPage\":{\"@id\":\"https:\\\/\\\/www.filantropiacortessolari.cl\\\/festival-ladera-sur-un-fin-de-semana-inolvidable\\\/#primaryimage\"},\"image\":{\"@id\":\"https:\\\/\\\/www.filantropiacortessolari.cl\\\/festival-ladera-sur-un-fin-de-semana-inolvidable\\\/#primaryimage\"},\"thumbnailUrl\":\"https:\\\/\\\/www.filantropiacortessolari.cl\\\/wp-content\\\/uploads\\\/2025\\\/12\\\/Noticia-LaderaSur.jpg\",\"datePublished\":\"2025-12-08T18:32:14+00:00\",\"dateModified\":\"2025-12-12T19:21:42+00:00\",\"author\":{\"@id\":\"https:\\\/\\\/www.filantropiacortessolari.cl\\\/#\\\/schema\\\/person\\\/e099cf1046922f4f5892172332dc86c0\"},\"breadcrumb\":{\"@id\":\"https:\\\/\\\/www.filantropiacortessolari.cl\\\/festival-ladera-sur-un-fin-de-semana-inolvidable\\\/#breadcrumb\"},\"inLanguage\":\"en-US\",\"potentialAction\":[{\"@type\":\"ReadAction\",\"target\":[\"https:\\\/\\\/www.filantropiacortessolari.cl\\\/festival-ladera-sur-un-fin-de-semana-inolvidable\\\/\"]}]},{\"@type\":\"ImageObject\",\"inLanguage\":\"en-US\",\"@id\":\"https:\\\/\\\/www.filantropiacortessolari.cl\\\/festival-ladera-sur-un-fin-de-semana-inolvidable\\\/#primaryimage\",\"url\":\"https:\\\/\\\/www.filantropiacortessolari.cl\\\/wp-content\\\/uploads\\\/2025\\\/12\\\/Noticia-LaderaSur.jpg\",\"contentUrl\":\"https:\\\/\\\/www.filantropiacortessolari.cl\\\/wp-content\\\/uploads\\\/2025\\\/12\\\/Noticia-LaderaSur.jpg\",\"width\":1280,\"height\":853},{\"@type\":\"BreadcrumbList\",\"@id\":\"https:\\\/\\\/www.filantropiacortessolari.cl\\\/festival-ladera-sur-un-fin-de-semana-inolvidable\\\/#breadcrumb\",\"itemListElement\":[{\"@type\":\"ListItem\",\"position\":1,\"name\":\"Portada\",\"item\":\"https:\\\/\\\/www.filantropiacortessolari.cl\\\/\"},{\"@type\":\"ListItem\",\"position\":2,\"name\":\"Festival Ladera Sur, un fin de semana inolvidable\"}]},{\"@type\":\"WebSite\",\"@id\":\"https:\\\/\\\/www.filantropiacortessolari.cl\\\/#website\",\"url\":\"https:\\\/\\\/www.filantropiacortessolari.cl\\\/\",\"name\":\"Filantrop\u00eda Cort\u00e9s Solari\",\"description\":\"Sitio web Filantrop\u00eda Cort\u00e9s Solari\",\"potentialAction\":[{\"@type\":\"SearchAction\",\"target\":{\"@type\":\"EntryPoint\",\"urlTemplate\":\"https:\\\/\\\/www.filantropiacortessolari.cl\\\/?s={search_term_string}\"},\"query-input\":{\"@type\":\"PropertyValueSpecification\",\"valueRequired\":true,\"valueName\":\"search_term_string\"}}],\"inLanguage\":\"en-US\"},{\"@type\":\"Person\",\"@id\":\"https:\\\/\\\/www.filantropiacortessolari.cl\\\/#\\\/schema\\\/person\\\/e099cf1046922f4f5892172332dc86c0\",\"name\":\"Filantrop\u00eda Cort\u00e9s Solari\",\"image\":{\"@type\":\"ImageObject\",\"inLanguage\":\"en-US\",\"@id\":\"https:\\\/\\\/secure.gravatar.com\\\/avatar\\\/9d17bfe24074ed7576e70cbeb8e010cdd7d01fae9f2047bd96cccbe629ec3c11?s=96&d=mm&r=g\",\"url\":\"https:\\\/\\\/secure.gravatar.com\\\/avatar\\\/9d17bfe24074ed7576e70cbeb8e010cdd7d01fae9f2047bd96cccbe629ec3c11?s=96&d=mm&r=g\",\"contentUrl\":\"https:\\\/\\\/secure.gravatar.com\\\/avatar\\\/9d17bfe24074ed7576e70cbeb8e010cdd7d01fae9f2047bd96cccbe629ec3c11?s=96&d=mm&r=g\",\"caption\":\"Filantrop\u00eda Cort\u00e9s Solari\"},\"url\":\"https:\\\/\\\/www.filantropiacortessolari.cl\\\/en\\\/author\\\/filantropia-cortes-solari\\\/\"}]}<\/script>\n<!-- \/ Yoast SEO plugin. -->","yoast_head_json":{"title":"Festival Ladera Sur, un fin de semana inolvidable","robots":{"index":"index","follow":"follow","max-snippet":"max-snippet:-1","max-image-preview":"max-image-preview:large","max-video-preview":"max-video-preview:-1"},"canonical":"https:\/\/www.filantropiacortessolari.cl\/festival-ladera-sur-un-fin-de-semana-inolvidable\/","og_locale":"en_US","og_type":"article","og_title":"Festival Ladera Sur, un fin de semana inolvidable","og_url":"https:\/\/www.filantropiacortessolari.cl\/festival-ladera-sur-un-fin-de-semana-inolvidable\/","og_site_name":"Filantrop\u00eda Cort\u00e9s Solari","article_published_time":"2025-12-08T18:32:14+00:00","article_modified_time":"2025-12-12T19:21:42+00:00","og_image":[{"width":1280,"height":853,"url":"https:\/\/www.filantropiacortessolari.cl\/wp-content\/uploads\/2025\/12\/Noticia-LaderaSur.jpg","type":"image\/jpeg"}],"author":"Filantrop\u00eda Cort\u00e9s Solari","twitter_card":"summary_large_image","twitter_misc":{"Written by":"Filantrop\u00eda Cort\u00e9s Solari","Est. reading time":"1 minute"},"schema":{"@context":"https:\/\/schema.org","@graph":[{"@type":"Article","@id":"https:\/\/www.filantropiacortessolari.cl\/festival-ladera-sur-un-fin-de-semana-inolvidable\/#article","isPartOf":{"@id":"https:\/\/www.filantropiacortessolari.cl\/festival-ladera-sur-un-fin-de-semana-inolvidable\/"},"author":{"name":"Filantrop\u00eda Cort\u00e9s Solari","@id":"https:\/\/www.filantropiacortessolari.cl\/#\/schema\/person\/e099cf1046922f4f5892172332dc86c0"},"headline":"Festival Ladera Sur, un fin de semana inolvidable","datePublished":"2025-12-08T18:32:14+00:00","dateModified":"2025-12-12T19:21:42+00:00","mainEntityOfPage":{"@id":"https:\/\/www.filantropiacortessolari.cl\/festival-ladera-sur-un-fin-de-semana-inolvidable\/"},"wordCount":145,"image":{"@id":"https:\/\/www.filantropiacortessolari.cl\/festival-ladera-sur-un-fin-de-semana-inolvidable\/#primaryimage"},"thumbnailUrl":"https:\/\/www.filantropiacortessolari.cl\/wp-content\/uploads\/2025\/12\/Noticia-LaderaSur.jpg","articleSection":["Noticias"],"inLanguage":"en-US"},{"@type":"WebPage","@id":"https:\/\/www.filantropiacortessolari.cl\/festival-ladera-sur-un-fin-de-semana-inolvidable\/","url":"https:\/\/www.filantropiacortessolari.cl\/festival-ladera-sur-un-fin-de-semana-inolvidable\/","name":"Festival Ladera Sur, un fin de semana inolvidable","isPartOf":{"@id":"https:\/\/www.filantropiacortessolari.cl\/#website"},"primaryImageOfPage":{"@id":"https:\/\/www.filantropiacortessolari.cl\/festival-ladera-sur-un-fin-de-semana-inolvidable\/#primaryimage"},"image":{"@id":"https:\/\/www.filantropiacortessolari.cl\/festival-ladera-sur-un-fin-de-semana-inolvidable\/#primaryimage"},"thumbnailUrl":"https:\/\/www.filantropiacortessolari.cl\/wp-content\/uploads\/2025\/12\/Noticia-LaderaSur.jpg","datePublished":"2025-12-08T18:32:14+00:00","dateModified":"2025-12-12T19:21:42+00:00","author":{"@id":"https:\/\/www.filantropiacortessolari.cl\/#\/schema\/person\/e099cf1046922f4f5892172332dc86c0"},"breadcrumb":{"@id":"https:\/\/www.filantropiacortessolari.cl\/festival-ladera-sur-un-fin-de-semana-inolvidable\/#breadcrumb"},"inLanguage":"en-US","potentialAction":[{"@type":"ReadAction","target":["https:\/\/www.filantropiacortessolari.cl\/festival-ladera-sur-un-fin-de-semana-inolvidable\/"]}]},{"@type":"ImageObject","inLanguage":"en-US","@id":"https:\/\/www.filantropiacortessolari.cl\/festival-ladera-sur-un-fin-de-semana-inolvidable\/#primaryimage","url":"https:\/\/www.filantropiacortessolari.cl\/wp-content\/uploads\/2025\/12\/Noticia-LaderaSur.jpg","contentUrl":"https:\/\/www.filantropiacortessolari.cl\/wp-content\/uploads\/2025\/12\/Noticia-LaderaSur.jpg","width":1280,"height":853},{"@type":"BreadcrumbList","@id":"https:\/\/www.filantropiacortessolari.cl\/festival-ladera-sur-un-fin-de-semana-inolvidable\/#breadcrumb","itemListElement":[{"@type":"ListItem","position":1,"name":"Portada","item":"https:\/\/www.filantropiacortessolari.cl\/"},{"@type":"ListItem","position":2,"name":"Festival Ladera Sur, un fin de semana inolvidable"}]},{"@type":"WebSite","@id":"https:\/\/www.filantropiacortessolari.cl\/#website","url":"https:\/\/www.filantropiacortessolari.cl\/","name":"Filantrop\u00eda Cort\u00e9s Solari","description":"Sitio web Filantrop\u00eda Cort\u00e9s Solari","potentialAction":[{"@type":"SearchAction","target":{"@type":"EntryPoint","urlTemplate":"https:\/\/www.filantropiacortessolari.cl\/?s={search_term_string}"},"query-input":{"@type":"PropertyValueSpecification","valueRequired":true,"valueName":"search_term_string"}}],"inLanguage":"en-US"},{"@type":"Person","@id":"https:\/\/www.filantropiacortessolari.cl\/#\/schema\/person\/e099cf1046922f4f5892172332dc86c0","name":"Filantrop\u00eda Cort\u00e9s Solari","image":{"@type":"ImageObject","inLanguage":"en-US","@id":"https:\/\/secure.gravatar.com\/avatar\/9d17bfe24074ed7576e70cbeb8e010cdd7d01fae9f2047bd96cccbe629ec3c11?s=96&d=mm&r=g","url":"https:\/\/secure.gravatar.com\/avatar\/9d17bfe24074ed7576e70cbeb8e010cdd7d01fae9f2047bd96cccbe629ec3c11?s=96&d=mm&r=g","contentUrl":"https:\/\/secure.gravatar.com\/avatar\/9d17bfe24074ed7576e70cbeb8e010cdd7d01fae9f2047bd96cccbe629ec3c11?s=96&d=mm&r=g","caption":"Filantrop\u00eda Cort\u00e9s Solari"},"url":"https:\/\/www.filantropiacortessolari.cl\/en\/author\/filantropia-cortes-solari\/"}]}},"_links":{"self":[{"href":"https:\/\/www.filantropiacortessolari.cl\/en\/wp-json\/wp\/v2\/posts\/12193","targetHints":{"allow":["GET"]}}],"collection":[{"href":"https:\/\/www.filantropiacortessolari.cl\/en\/wp-json\/wp\/v2\/posts"}],"about":[{"href":"https:\/\/www.filantropiacortessolari.cl\/en\/wp-json\/wp\/v2\/types\/post"}],"author":[{"embeddable":true,"href":"https:\/\/www.filantropiacortessolari.cl\/en\/wp-json\/wp\/v2\/users\/1"}],"replies":[{"embeddable":true,"href":"https:\/\/www.filantropiacortessolari.cl\/en\/wp-json\/wp\/v2\/comments?post=12193"}],"version-history":[{"count":3,"href":"https:\/\/www.filantropiacortessolari.cl\/en\/wp-json\/wp\/v2\/posts\/12193\/revisions"}],"predecessor-version":[{"id":12198,"href":"https:\/\/www.filantropiacortessolari.cl\/en\/wp-json\/wp\/v2\/posts\/12193\/revisions\/12198"}],"wp:featuredmedia":[{"embeddable":true,"href":"https:\/\/www.filantropiacortessolari.cl\/en\/wp-json\/wp\/v2\/media\/12194"}],"wp:attachment":[{"href":"https:\/\/www.filantropiacortessolari.cl\/en\/wp-json\/wp\/v2\/media?parent=12193"}],"wp:term":[{"taxonomy":"category","embeddable":true,"href":"https:\/\/www.filantropiacortessolari.cl\/en\/wp-json\/wp\/v2\/categories?post=12193"},{"taxonomy":"post_tag","embeddable":true,"href":"https:\/\/www.filantropiacortessolari.cl\/en\/wp-json\/wp\/v2\/tags?post=12193"}],"curies":[{"name":"wp","href":"https:\/\/api.w.org\/{rel}","templated":true}]}}