{"id":12216,"date":"2026-01-15T23:28:07","date_gmt":"2026-01-16T02:28:07","guid":{"rendered":"https:\/\/www.filantropiacortessolari.cl\/?p=12216"},"modified":"2026-01-15T23:28:07","modified_gmt":"2026-01-16T02:28:07","slug":"asi-se-vivio-el-seminario-de-prevencion-de-incendios-forestales-en-la-reserva-elemental-likandes","status":"publish","type":"post","link":"https:\/\/www.filantropiacortessolari.cl\/en\/asi-se-vivio-el-seminario-de-prevencion-de-incendios-forestales-en-la-reserva-elemental-likandes\/","title":{"rendered":"As\u00ed se vivi\u00f3 el Seminario de Prevenci\u00f3n de Incendios Forestales en la Reserva Elemental Likandes"},"content":{"rendered":"<style type=\"text\/css\"><\/style><p>M\u00e1s que nunca necesitamos educarnos, informarnos y estar atentos a c\u00f3mo prevenir los incendios forestales y fortalecer la respuesta temprana en nuestros territorios.<\/p>\n<p>El fuego no aparece de un momento a otro: anticiparnos es clave.<\/p>\n<p>Este seminario en la Reserva Elemental Likandes es una tremenda oportunidad de aprendizaje y encuentro, con la participaci\u00f3n de expositores internacionales que compartir\u00e1n su experiencia y conocimientos para actuar a tiempo y cuidar lo que habitamos.<\/p>\n<p><a href=\"https:\/\/fcs.tv\/seminario-de-prevencion-de-incendios-forestales\/\" target=\"_blank\">Ver el Seminario completo FCS.TV<\/a><\/p>\n","protected":false},"excerpt":{"rendered":"<p>M\u00e1s que nunca necesitamos educarnos, informarnos y estar atentos a c\u00f3mo prevenir los incendios forestales y fortalecer la respuesta temprana en nuestros territorios. El fuego no aparece de un momento a otro: anticiparnos es clave. Este seminario en la Reserva Elemental Likandes es una tremenda oportunidad de aprendizaje y encuentro, con la participaci\u00f3n de expositores&#8230;<\/p>\n","protected":false},"author":1,"featured_media":12217,"comment_status":"closed","ping_status":"closed","sticky":false,"template":"","format":"standard","meta":{"footnotes":""},"categories":[31],"tags":[],"class_list":["post-12216","post","type-post","status-publish","format-standard","has-post-thumbnail","hentry","category-noticias"],"translation":{"provider":"WPGlobus","version":"3.0.2","language":"en","enabled_languages":["es","en"],"languages":{"es":{"title":true,"content":true,"excerpt":false},"en":{"title":false,"content":false,"excerpt":false}}},"yoast_head":"<!-- This site is optimized with the Yoast SEO plugin v27.4 - https:\/\/yoast.com\/product\/yoast-seo-wordpress\/ -->\n<title>As\u00ed se vivi\u00f3 el Seminario de Prevenci\u00f3n de Incendios Forestales en la Reserva Elemental Likandes<\/title>\n<meta name=\"robots\" content=\"index, follow, max-snippet:-1, max-image-preview:large, max-video-preview:-1\" \/>\n<link rel=\"canonical\" href=\"https:\/\/www.filantropiacortessolari.cl\/asi-se-vivio-el-seminario-de-prevencion-de-incendios-forestales-en-la-reserva-elemental-likandes\/\" \/>\n<meta property=\"og:locale\" content=\"en_US\" \/>\n<meta property=\"og:type\" content=\"article\" \/>\n<meta property=\"og:title\" content=\"As\u00ed se vivi\u00f3 el Seminario de Prevenci\u00f3n de Incendios Forestales en la Reserva Elemental Likandes\" \/>\n<meta property=\"og:url\" content=\"https:\/\/www.filantropiacortessolari.cl\/asi-se-vivio-el-seminario-de-prevencion-de-incendios-forestales-en-la-reserva-elemental-likandes\/\" \/>\n<meta property=\"og:site_name\" content=\"Filantrop\u00eda Cort\u00e9s Solari\" \/>\n<meta property=\"article:published_time\" content=\"2026-01-16T02:28:07+00:00\" \/>\n<meta property=\"og:image\" content=\"https:\/\/www.filantropiacortessolari.cl\/wp-content\/uploads\/2026\/01\/fcs_portada_incendios_evento_web_noticias.jpg\" \/>\n\t<meta property=\"og:image:width\" content=\"1280\" \/>\n\t<meta property=\"og:image:height\" content=\"853\" \/>\n\t<meta property=\"og:image:type\" content=\"image\/jpeg\" \/>\n<meta name=\"author\" content=\"Filantrop\u00eda Cort\u00e9s Solari\" \/>\n<meta name=\"twitter:card\" content=\"summary_large_image\" \/>\n<meta name=\"twitter:label1\" content=\"Written by\" \/>\n\t<meta name=\"twitter:data1\" content=\"Filantrop\u00eda Cort\u00e9s Solari\" \/>\n\t<meta name=\"twitter:label2\" content=\"Est. reading time\" \/>\n\t<meta name=\"twitter:data2\" content=\"1 minute\" \/>\n<script type=\"application\/ld+json\" class=\"yoast-schema-graph\">{\"@context\":\"https:\\\/\\\/schema.org\",\"@graph\":[{\"@type\":\"Article\",\"@id\":\"https:\\\/\\\/www.filantropiacortessolari.cl\\\/asi-se-vivio-el-seminario-de-prevencion-de-incendios-forestales-en-la-reserva-elemental-likandes\\\/#article\",\"isPartOf\":{\"@id\":\"https:\\\/\\\/www.filantropiacortessolari.cl\\\/asi-se-vivio-el-seminario-de-prevencion-de-incendios-forestales-en-la-reserva-elemental-likandes\\\/\"},\"author\":{\"name\":\"Filantrop\u00eda Cort\u00e9s Solari\",\"@id\":\"https:\\\/\\\/www.filantropiacortessolari.cl\\\/#\\\/schema\\\/person\\\/e099cf1046922f4f5892172332dc86c0\"},\"headline\":\"As\u00ed se vivi\u00f3 el Seminario de Prevenci\u00f3n de Incendios Forestales en la Reserva Elemental Likandes\",\"datePublished\":\"2026-01-16T02:28:07+00:00\",\"mainEntityOfPage\":{\"@id\":\"https:\\\/\\\/www.filantropiacortessolari.cl\\\/asi-se-vivio-el-seminario-de-prevencion-de-incendios-forestales-en-la-reserva-elemental-likandes\\\/\"},\"wordCount\":97,\"image\":{\"@id\":\"https:\\\/\\\/www.filantropiacortessolari.cl\\\/asi-se-vivio-el-seminario-de-prevencion-de-incendios-forestales-en-la-reserva-elemental-likandes\\\/#primaryimage\"},\"thumbnailUrl\":\"https:\\\/\\\/www.filantropiacortessolari.cl\\\/wp-content\\\/uploads\\\/2026\\\/01\\\/fcs_portada_incendios_evento_web_noticias.jpg\",\"articleSection\":[\"Noticias\"],\"inLanguage\":\"en-US\"},{\"@type\":\"WebPage\",\"@id\":\"https:\\\/\\\/www.filantropiacortessolari.cl\\\/asi-se-vivio-el-seminario-de-prevencion-de-incendios-forestales-en-la-reserva-elemental-likandes\\\/\",\"url\":\"https:\\\/\\\/www.filantropiacortessolari.cl\\\/asi-se-vivio-el-seminario-de-prevencion-de-incendios-forestales-en-la-reserva-elemental-likandes\\\/\",\"name\":\"As\u00ed se vivi\u00f3 el Seminario de Prevenci\u00f3n de Incendios Forestales en la Reserva Elemental Likandes\",\"isPartOf\":{\"@id\":\"https:\\\/\\\/www.filantropiacortessolari.cl\\\/#website\"},\"primaryImageOfPage\":{\"@id\":\"https:\\\/\\\/www.filantropiacortessolari.cl\\\/asi-se-vivio-el-seminario-de-prevencion-de-incendios-forestales-en-la-reserva-elemental-likandes\\\/#primaryimage\"},\"image\":{\"@id\":\"https:\\\/\\\/www.filantropiacortessolari.cl\\\/asi-se-vivio-el-seminario-de-prevencion-de-incendios-forestales-en-la-reserva-elemental-likandes\\\/#primaryimage\"},\"thumbnailUrl\":\"https:\\\/\\\/www.filantropiacortessolari.cl\\\/wp-content\\\/uploads\\\/2026\\\/01\\\/fcs_portada_incendios_evento_web_noticias.jpg\",\"datePublished\":\"2026-01-16T02:28:07+00:00\",\"author\":{\"@id\":\"https:\\\/\\\/www.filantropiacortessolari.cl\\\/#\\\/schema\\\/person\\\/e099cf1046922f4f5892172332dc86c0\"},\"breadcrumb\":{\"@id\":\"https:\\\/\\\/www.filantropiacortessolari.cl\\\/asi-se-vivio-el-seminario-de-prevencion-de-incendios-forestales-en-la-reserva-elemental-likandes\\\/#breadcrumb\"},\"inLanguage\":\"en-US\",\"potentialAction\":[{\"@type\":\"ReadAction\",\"target\":[\"https:\\\/\\\/www.filantropiacortessolari.cl\\\/asi-se-vivio-el-seminario-de-prevencion-de-incendios-forestales-en-la-reserva-elemental-likandes\\\/\"]}]},{\"@type\":\"ImageObject\",\"inLanguage\":\"en-US\",\"@id\":\"https:\\\/\\\/www.filantropiacortessolari.cl\\\/asi-se-vivio-el-seminario-de-prevencion-de-incendios-forestales-en-la-reserva-elemental-likandes\\\/#primaryimage\",\"url\":\"https:\\\/\\\/www.filantropiacortessolari.cl\\\/wp-content\\\/uploads\\\/2026\\\/01\\\/fcs_portada_incendios_evento_web_noticias.jpg\",\"contentUrl\":\"https:\\\/\\\/www.filantropiacortessolari.cl\\\/wp-content\\\/uploads\\\/2026\\\/01\\\/fcs_portada_incendios_evento_web_noticias.jpg\",\"width\":1280,\"height\":853},{\"@type\":\"BreadcrumbList\",\"@id\":\"https:\\\/\\\/www.filantropiacortessolari.cl\\\/asi-se-vivio-el-seminario-de-prevencion-de-incendios-forestales-en-la-reserva-elemental-likandes\\\/#breadcrumb\",\"itemListElement\":[{\"@type\":\"ListItem\",\"position\":1,\"name\":\"Portada\",\"item\":\"https:\\\/\\\/www.filantropiacortessolari.cl\\\/\"},{\"@type\":\"ListItem\",\"position\":2,\"name\":\"As\u00ed se vivi\u00f3 el Seminario de Prevenci\u00f3n de Incendios Forestales en la Reserva Elemental Likandes\"}]},{\"@type\":\"WebSite\",\"@id\":\"https:\\\/\\\/www.filantropiacortessolari.cl\\\/#website\",\"url\":\"https:\\\/\\\/www.filantropiacortessolari.cl\\\/\",\"name\":\"Filantrop\u00eda Cort\u00e9s Solari\",\"description\":\"Sitio web Filantrop\u00eda Cort\u00e9s Solari\",\"potentialAction\":[{\"@type\":\"SearchAction\",\"target\":{\"@type\":\"EntryPoint\",\"urlTemplate\":\"https:\\\/\\\/www.filantropiacortessolari.cl\\\/?s={search_term_string}\"},\"query-input\":{\"@type\":\"PropertyValueSpecification\",\"valueRequired\":true,\"valueName\":\"search_term_string\"}}],\"inLanguage\":\"en-US\"},{\"@type\":\"Person\",\"@id\":\"https:\\\/\\\/www.filantropiacortessolari.cl\\\/#\\\/schema\\\/person\\\/e099cf1046922f4f5892172332dc86c0\",\"name\":\"Filantrop\u00eda Cort\u00e9s Solari\",\"image\":{\"@type\":\"ImageObject\",\"inLanguage\":\"en-US\",\"@id\":\"https:\\\/\\\/secure.gravatar.com\\\/avatar\\\/9d17bfe24074ed7576e70cbeb8e010cdd7d01fae9f2047bd96cccbe629ec3c11?s=96&d=mm&r=g\",\"url\":\"https:\\\/\\\/secure.gravatar.com\\\/avatar\\\/9d17bfe24074ed7576e70cbeb8e010cdd7d01fae9f2047bd96cccbe629ec3c11?s=96&d=mm&r=g\",\"contentUrl\":\"https:\\\/\\\/secure.gravatar.com\\\/avatar\\\/9d17bfe24074ed7576e70cbeb8e010cdd7d01fae9f2047bd96cccbe629ec3c11?s=96&d=mm&r=g\",\"caption\":\"Filantrop\u00eda Cort\u00e9s Solari\"},\"url\":\"https:\\\/\\\/www.filantropiacortessolari.cl\\\/en\\\/author\\\/filantropia-cortes-solari\\\/\"}]}<\/script>\n<!-- \/ Yoast SEO plugin. -->","yoast_head_json":{"title":"As\u00ed se vivi\u00f3 el Seminario de Prevenci\u00f3n de Incendios Forestales en la Reserva Elemental Likandes","robots":{"index":"index","follow":"follow","max-snippet":"max-snippet:-1","max-image-preview":"max-image-preview:large","max-video-preview":"max-video-preview:-1"},"canonical":"https:\/\/www.filantropiacortessolari.cl\/asi-se-vivio-el-seminario-de-prevencion-de-incendios-forestales-en-la-reserva-elemental-likandes\/","og_locale":"en_US","og_type":"article","og_title":"As\u00ed se vivi\u00f3 el Seminario de Prevenci\u00f3n de Incendios Forestales en la Reserva Elemental Likandes","og_url":"https:\/\/www.filantropiacortessolari.cl\/asi-se-vivio-el-seminario-de-prevencion-de-incendios-forestales-en-la-reserva-elemental-likandes\/","og_site_name":"Filantrop\u00eda Cort\u00e9s Solari","article_published_time":"2026-01-16T02:28:07+00:00","og_image":[{"width":1280,"height":853,"url":"https:\/\/www.filantropiacortessolari.cl\/wp-content\/uploads\/2026\/01\/fcs_portada_incendios_evento_web_noticias.jpg","type":"image\/jpeg"}],"author":"Filantrop\u00eda Cort\u00e9s Solari","twitter_card":"summary_large_image","twitter_misc":{"Written by":"Filantrop\u00eda Cort\u00e9s Solari","Est. reading time":"1 minute"},"schema":{"@context":"https:\/\/schema.org","@graph":[{"@type":"Article","@id":"https:\/\/www.filantropiacortessolari.cl\/asi-se-vivio-el-seminario-de-prevencion-de-incendios-forestales-en-la-reserva-elemental-likandes\/#article","isPartOf":{"@id":"https:\/\/www.filantropiacortessolari.cl\/asi-se-vivio-el-seminario-de-prevencion-de-incendios-forestales-en-la-reserva-elemental-likandes\/"},"author":{"name":"Filantrop\u00eda Cort\u00e9s Solari","@id":"https:\/\/www.filantropiacortessolari.cl\/#\/schema\/person\/e099cf1046922f4f5892172332dc86c0"},"headline":"As\u00ed se vivi\u00f3 el Seminario de Prevenci\u00f3n de Incendios Forestales en la Reserva Elemental Likandes","datePublished":"2026-01-16T02:28:07+00:00","mainEntityOfPage":{"@id":"https:\/\/www.filantropiacortessolari.cl\/asi-se-vivio-el-seminario-de-prevencion-de-incendios-forestales-en-la-reserva-elemental-likandes\/"},"wordCount":97,"image":{"@id":"https:\/\/www.filantropiacortessolari.cl\/asi-se-vivio-el-seminario-de-prevencion-de-incendios-forestales-en-la-reserva-elemental-likandes\/#primaryimage"},"thumbnailUrl":"https:\/\/www.filantropiacortessolari.cl\/wp-content\/uploads\/2026\/01\/fcs_portada_incendios_evento_web_noticias.jpg","articleSection":["Noticias"],"inLanguage":"en-US"},{"@type":"WebPage","@id":"https:\/\/www.filantropiacortessolari.cl\/asi-se-vivio-el-seminario-de-prevencion-de-incendios-forestales-en-la-reserva-elemental-likandes\/","url":"https:\/\/www.filantropiacortessolari.cl\/asi-se-vivio-el-seminario-de-prevencion-de-incendios-forestales-en-la-reserva-elemental-likandes\/","name":"As\u00ed se vivi\u00f3 el Seminario de Prevenci\u00f3n de Incendios Forestales en la Reserva Elemental Likandes","isPartOf":{"@id":"https:\/\/www.filantropiacortessolari.cl\/#website"},"primaryImageOfPage":{"@id":"https:\/\/www.filantropiacortessolari.cl\/asi-se-vivio-el-seminario-de-prevencion-de-incendios-forestales-en-la-reserva-elemental-likandes\/#primaryimage"},"image":{"@id":"https:\/\/www.filantropiacortessolari.cl\/asi-se-vivio-el-seminario-de-prevencion-de-incendios-forestales-en-la-reserva-elemental-likandes\/#primaryimage"},"thumbnailUrl":"https:\/\/www.filantropiacortessolari.cl\/wp-content\/uploads\/2026\/01\/fcs_portada_incendios_evento_web_noticias.jpg","datePublished":"2026-01-16T02:28:07+00:00","author":{"@id":"https:\/\/www.filantropiacortessolari.cl\/#\/schema\/person\/e099cf1046922f4f5892172332dc86c0"},"breadcrumb":{"@id":"https:\/\/www.filantropiacortessolari.cl\/asi-se-vivio-el-seminario-de-prevencion-de-incendios-forestales-en-la-reserva-elemental-likandes\/#breadcrumb"},"inLanguage":"en-US","potentialAction":[{"@type":"ReadAction","target":["https:\/\/www.filantropiacortessolari.cl\/asi-se-vivio-el-seminario-de-prevencion-de-incendios-forestales-en-la-reserva-elemental-likandes\/"]}]},{"@type":"ImageObject","inLanguage":"en-US","@id":"https:\/\/www.filantropiacortessolari.cl\/asi-se-vivio-el-seminario-de-prevencion-de-incendios-forestales-en-la-reserva-elemental-likandes\/#primaryimage","url":"https:\/\/www.filantropiacortessolari.cl\/wp-content\/uploads\/2026\/01\/fcs_portada_incendios_evento_web_noticias.jpg","contentUrl":"https:\/\/www.filantropiacortessolari.cl\/wp-content\/uploads\/2026\/01\/fcs_portada_incendios_evento_web_noticias.jpg","width":1280,"height":853},{"@type":"BreadcrumbList","@id":"https:\/\/www.filantropiacortessolari.cl\/asi-se-vivio-el-seminario-de-prevencion-de-incendios-forestales-en-la-reserva-elemental-likandes\/#breadcrumb","itemListElement":[{"@type":"ListItem","position":1,"name":"Portada","item":"https:\/\/www.filantropiacortessolari.cl\/"},{"@type":"ListItem","position":2,"name":"As\u00ed se vivi\u00f3 el Seminario de Prevenci\u00f3n de Incendios Forestales en la Reserva Elemental Likandes"}]},{"@type":"WebSite","@id":"https:\/\/www.filantropiacortessolari.cl\/#website","url":"https:\/\/www.filantropiacortessolari.cl\/","name":"Filantrop\u00eda Cort\u00e9s Solari","description":"Sitio web Filantrop\u00eda Cort\u00e9s Solari","potentialAction":[{"@type":"SearchAction","target":{"@type":"EntryPoint","urlTemplate":"https:\/\/www.filantropiacortessolari.cl\/?s={search_term_string}"},"query-input":{"@type":"PropertyValueSpecification","valueRequired":true,"valueName":"search_term_string"}}],"inLanguage":"en-US"},{"@type":"Person","@id":"https:\/\/www.filantropiacortessolari.cl\/#\/schema\/person\/e099cf1046922f4f5892172332dc86c0","name":"Filantrop\u00eda Cort\u00e9s Solari","image":{"@type":"ImageObject","inLanguage":"en-US","@id":"https:\/\/secure.gravatar.com\/avatar\/9d17bfe24074ed7576e70cbeb8e010cdd7d01fae9f2047bd96cccbe629ec3c11?s=96&d=mm&r=g","url":"https:\/\/secure.gravatar.com\/avatar\/9d17bfe24074ed7576e70cbeb8e010cdd7d01fae9f2047bd96cccbe629ec3c11?s=96&d=mm&r=g","contentUrl":"https:\/\/secure.gravatar.com\/avatar\/9d17bfe24074ed7576e70cbeb8e010cdd7d01fae9f2047bd96cccbe629ec3c11?s=96&d=mm&r=g","caption":"Filantrop\u00eda Cort\u00e9s Solari"},"url":"https:\/\/www.filantropiacortessolari.cl\/en\/author\/filantropia-cortes-solari\/"}]}},"_links":{"self":[{"href":"https:\/\/www.filantropiacortessolari.cl\/en\/wp-json\/wp\/v2\/posts\/12216","targetHints":{"allow":["GET"]}}],"collection":[{"href":"https:\/\/www.filantropiacortessolari.cl\/en\/wp-json\/wp\/v2\/posts"}],"about":[{"href":"https:\/\/www.filantropiacortessolari.cl\/en\/wp-json\/wp\/v2\/types\/post"}],"author":[{"embeddable":true,"href":"https:\/\/www.filantropiacortessolari.cl\/en\/wp-json\/wp\/v2\/users\/1"}],"replies":[{"embeddable":true,"href":"https:\/\/www.filantropiacortessolari.cl\/en\/wp-json\/wp\/v2\/comments?post=12216"}],"version-history":[{"count":1,"href":"https:\/\/www.filantropiacortessolari.cl\/en\/wp-json\/wp\/v2\/posts\/12216\/revisions"}],"predecessor-version":[{"id":12218,"href":"https:\/\/www.filantropiacortessolari.cl\/en\/wp-json\/wp\/v2\/posts\/12216\/revisions\/12218"}],"wp:featuredmedia":[{"embeddable":true,"href":"https:\/\/www.filantropiacortessolari.cl\/en\/wp-json\/wp\/v2\/media\/12217"}],"wp:attachment":[{"href":"https:\/\/www.filantropiacortessolari.cl\/en\/wp-json\/wp\/v2\/media?parent=12216"}],"wp:term":[{"taxonomy":"category","embeddable":true,"href":"https:\/\/www.filantropiacortessolari.cl\/en\/wp-json\/wp\/v2\/categories?post=12216"},{"taxonomy":"post_tag","embeddable":true,"href":"https:\/\/www.filantropiacortessolari.cl\/en\/wp-json\/wp\/v2\/tags?post=12216"}],"curies":[{"name":"wp","href":"https:\/\/api.w.org\/{rel}","templated":true}]}}