{"id":12316,"date":"2026-03-17T11:22:27","date_gmt":"2026-03-17T14:22:27","guid":{"rendered":"https:\/\/www.filantropiacortessolari.cl\/?p=12316"},"modified":"2026-03-17T11:26:15","modified_gmt":"2026-03-17T14:26:15","slug":"adn-cientificos-detectan-preocupante-expansion-de-especie-invasora-en-el-fondo-marino-de-chile","status":"publish","type":"post","link":"https:\/\/www.filantropiacortessolari.cl\/en\/adn-cientificos-detectan-preocupante-expansion-de-especie-invasora-en-el-fondo-marino-de-chile\/","title":{"rendered":"[ADN] Cient\u00edficos detectan preocupante expansi\u00f3n de especie invasora en el fondo marino de Chile"},"content":{"rendered":"<style type=\"text\/css\"><\/style><p>Una expedici\u00f3n cient\u00edfica realizada en la regi\u00f3n de Ays\u00e9n detect\u00f3 una expansi\u00f3n significativa de la an\u00e9mona invasora Metridium senile en el fondo marino de la Patagonia Norte.<\/p>\n<p>Este hallazgo encendi\u00f3 las alertas entre investigadores por su potencial impacto en uno de los ecosistemas marinos m\u00e1s pr\u00edstinos del pa\u00eds.<\/p>\n<p>El descubrimiento se produjo durante la segunda Expedici\u00f3n Fondo Marino, iniciativa liderada por <a href=\"https:\/\/fundacionmeri.cl\/\" target=\"_blank\">Fundaci\u00f3n MERI<\/a> de Filantrop\u00eda Cort\u00e9s Solari, que en enero de este a\u00f1o realiz\u00f3 una nueva campa\u00f1a cient\u00edfica en la bah\u00eda de Melimoyu, en la regi\u00f3n de Ays\u00e9n.<\/p>\n<p>El objetivo del trabajo fue continuar el monitoreo iniciado en 2024 para comprender mejor los cambios en las comunidades que habitan el fondo marino del fiordo.<\/p>\n<p>Los resultados mostraron que la presencia de esta especie no nativa ya no es aislada, como se hab\u00eda observado anteriormente, sino que ahora aparece en la mayor\u00eda de los sitios estudiados en zonas someras del ecosistema.<\/p>\n<h2>Cient\u00edficos alertan sobre el avance de la especie invasora<\/h2>\n<p>El director de la expedici\u00f3n, Alejandro P\u00e9rez Matus, explic\u00f3 que los datos muestran una expansi\u00f3n clara de la an\u00e9mona invasora en sectores superficiales del fondo marino. Seg\u00fan detall\u00f3 el investigador, \u201cen la expedici\u00f3n pasada observamos una distribuci\u00f3n fragmentada de esta an\u00e9mona invasora. En esta segunda campa\u00f1a vemos que su presencia ya no es puntual: aparece en pr\u00e1cticamente casi todos los sitios muestreados en el fondo marino somero\u201d.<\/p>\n<p>El especialista agreg\u00f3 que la presencia de la especie se concentra principalmente en zonas de hasta 20 metros de profundidad, lo que abre nuevas interrogantes cient\u00edficas sobre los factores ambientales que estar\u00edan favoreciendo su expansi\u00f3n. En ese sentido, indic\u00f3 que \u201cesto abre preguntas cient\u00edficas relevantes sobre los l\u00edmites ambientales del sistema y sobre qu\u00e9 condiciones del fiordo podr\u00edan estar condicionando la expansi\u00f3n de esta especie\u201d.<\/p>\n<p>El fondo marino patag\u00f3nico alberga complejas comunidades bent\u00f3nicas, donde habitan corales de aguas fr\u00edas, invertebrados y numerosas especies asociadas que cumplen un rol clave en el equilibrio de los ecosistemas marinos.<\/p>\n<p>La presidenta ejecutiva de Filantrop\u00eda Cort\u00e9s Solari, Francisca Cort\u00e9s Solari, destac\u00f3 la importancia de monitorear estos ecosistemas para anticipar posibles impactos ambientales. La investigadora se\u00f1al\u00f3 que \u201cmonitorear su estado, entender su din\u00e1mica y detectar a tiempo el avance de especies invasoras es fundamental\u201d para proteger el patrimonio natural del pa\u00eds.<\/p>\n<p>Durante la expedici\u00f3n, el equipo utiliz\u00f3 diversas tecnolog\u00edas de investigaci\u00f3n marina, incluyendo censos visuales, c\u00e1maras submarinas remotas, sensores ambientales y estructuras de monitoreo especializadas para estudiar la biodiversidad del fondo marino con mayor precisi\u00f3n.<\/p>\n<p>Los resultados del estudio permitir\u00e1n seguir profundizando el conocimiento sobre los ecosistemas marinos de la Patagonia Norte y apoyar futuras decisiones de conservaci\u00f3n en una de las zonas menos exploradas del oc\u00e9ano chileno.<\/p>\n<p>Fuente: <a href=\"https:\/\/www.adnradio.cl\/2026\/03\/15\/cientificos-detectan-preocupante-expansion-de-especie-invasora-en-el-fondo-marino-de-chile\/\" target=\"_blank\">ADN<\/a><\/p>\n","protected":false},"excerpt":{"rendered":"<p>Una expedici\u00f3n cient\u00edfica realizada en la regi\u00f3n de Ays\u00e9n detect\u00f3 una expansi\u00f3n significativa de la an\u00e9mona invasora Metridium senile en el fondo marino de la Patagonia Norte. Este hallazgo encendi\u00f3 las alertas entre investigadores por su potencial impacto en uno de los ecosistemas marinos m\u00e1s pr\u00edstinos del pa\u00eds. El descubrimiento se produjo durante la segunda&#8230;<\/p>\n","protected":false},"author":1,"featured_media":12317,"comment_status":"closed","ping_status":"closed","sticky":false,"template":"","format":"standard","meta":{"footnotes":""},"categories":[31],"tags":[],"class_list":["post-12316","post","type-post","status-publish","format-standard","has-post-thumbnail","hentry","category-noticias"],"translation":{"provider":"WPGlobus","version":"3.0.2","language":"en","enabled_languages":["es","en"],"languages":{"es":{"title":true,"content":true,"excerpt":false},"en":{"title":false,"content":false,"excerpt":false}}},"yoast_head":"<!-- This site is optimized with the Yoast SEO plugin v27.4 - https:\/\/yoast.com\/product\/yoast-seo-wordpress\/ -->\n<title>[ADN] Cient\u00edficos detectan preocupante expansi\u00f3n de especie invasora en el fondo marino de Chile<\/title>\n<meta name=\"robots\" content=\"index, follow, max-snippet:-1, max-image-preview:large, max-video-preview:-1\" \/>\n<link rel=\"canonical\" href=\"https:\/\/www.filantropiacortessolari.cl\/adn-cientificos-detectan-preocupante-expansion-de-especie-invasora-en-el-fondo-marino-de-chile\/\" \/>\n<meta property=\"og:locale\" content=\"en_US\" \/>\n<meta property=\"og:type\" content=\"article\" \/>\n<meta property=\"og:title\" content=\"[ADN] Cient\u00edficos detectan preocupante expansi\u00f3n de especie invasora en el fondo marino de Chile\" \/>\n<meta property=\"og:url\" content=\"https:\/\/www.filantropiacortessolari.cl\/adn-cientificos-detectan-preocupante-expansion-de-especie-invasora-en-el-fondo-marino-de-chile\/\" \/>\n<meta property=\"og:site_name\" content=\"Filantrop\u00eda Cort\u00e9s Solari\" \/>\n<meta property=\"article:published_time\" content=\"2026-03-17T14:22:27+00:00\" \/>\n<meta property=\"article:modified_time\" content=\"2026-03-17T14:26:15+00:00\" \/>\n<meta name=\"author\" content=\"Filantrop\u00eda Cort\u00e9s Solari\" \/>\n<meta name=\"twitter:card\" content=\"summary_large_image\" \/>\n<meta name=\"twitter:label1\" content=\"Written by\" \/>\n\t<meta name=\"twitter:data1\" content=\"Filantrop\u00eda Cort\u00e9s Solari\" \/>\n\t<meta name=\"twitter:label2\" content=\"Est. reading time\" \/>\n\t<meta name=\"twitter:data2\" content=\"3 minutes\" \/>\n<script type=\"application\/ld+json\" class=\"yoast-schema-graph\">{\"@context\":\"https:\\\/\\\/schema.org\",\"@graph\":[{\"@type\":\"Article\",\"@id\":\"https:\\\/\\\/www.filantropiacortessolari.cl\\\/adn-cientificos-detectan-preocupante-expansion-de-especie-invasora-en-el-fondo-marino-de-chile\\\/#article\",\"isPartOf\":{\"@id\":\"https:\\\/\\\/www.filantropiacortessolari.cl\\\/adn-cientificos-detectan-preocupante-expansion-de-especie-invasora-en-el-fondo-marino-de-chile\\\/\"},\"author\":{\"name\":\"Filantrop\u00eda Cort\u00e9s Solari\",\"@id\":\"https:\\\/\\\/www.filantropiacortessolari.cl\\\/#\\\/schema\\\/person\\\/e099cf1046922f4f5892172332dc86c0\"},\"headline\":\"[ADN] Cient\u00edficos detectan preocupante expansi\u00f3n de especie invasora en el fondo marino de Chile\",\"datePublished\":\"2026-03-17T14:22:27+00:00\",\"dateModified\":\"2026-03-17T14:26:15+00:00\",\"mainEntityOfPage\":{\"@id\":\"https:\\\/\\\/www.filantropiacortessolari.cl\\\/adn-cientificos-detectan-preocupante-expansion-de-especie-invasora-en-el-fondo-marino-de-chile\\\/\"},\"wordCount\":511,\"image\":{\"@id\":\"https:\\\/\\\/www.filantropiacortessolari.cl\\\/adn-cientificos-detectan-preocupante-expansion-de-especie-invasora-en-el-fondo-marino-de-chile\\\/#primaryimage\"},\"thumbnailUrl\":\"https:\\\/\\\/www.filantropiacortessolari.cl\\\/wp-content\\\/uploads\\\/2026\\\/03\\\/PYWJWW3ZANGFVMRCNQZSDI6WWU-1.avif\",\"articleSection\":[\"Noticias\"],\"inLanguage\":\"en-US\"},{\"@type\":\"WebPage\",\"@id\":\"https:\\\/\\\/www.filantropiacortessolari.cl\\\/adn-cientificos-detectan-preocupante-expansion-de-especie-invasora-en-el-fondo-marino-de-chile\\\/\",\"url\":\"https:\\\/\\\/www.filantropiacortessolari.cl\\\/adn-cientificos-detectan-preocupante-expansion-de-especie-invasora-en-el-fondo-marino-de-chile\\\/\",\"name\":\"[ADN] Cient\u00edficos detectan preocupante expansi\u00f3n de especie invasora en el fondo marino de Chile\",\"isPartOf\":{\"@id\":\"https:\\\/\\\/www.filantropiacortessolari.cl\\\/#website\"},\"primaryImageOfPage\":{\"@id\":\"https:\\\/\\\/www.filantropiacortessolari.cl\\\/adn-cientificos-detectan-preocupante-expansion-de-especie-invasora-en-el-fondo-marino-de-chile\\\/#primaryimage\"},\"image\":{\"@id\":\"https:\\\/\\\/www.filantropiacortessolari.cl\\\/adn-cientificos-detectan-preocupante-expansion-de-especie-invasora-en-el-fondo-marino-de-chile\\\/#primaryimage\"},\"thumbnailUrl\":\"https:\\\/\\\/www.filantropiacortessolari.cl\\\/wp-content\\\/uploads\\\/2026\\\/03\\\/PYWJWW3ZANGFVMRCNQZSDI6WWU-1.avif\",\"datePublished\":\"2026-03-17T14:22:27+00:00\",\"dateModified\":\"2026-03-17T14:26:15+00:00\",\"author\":{\"@id\":\"https:\\\/\\\/www.filantropiacortessolari.cl\\\/#\\\/schema\\\/person\\\/e099cf1046922f4f5892172332dc86c0\"},\"breadcrumb\":{\"@id\":\"https:\\\/\\\/www.filantropiacortessolari.cl\\\/adn-cientificos-detectan-preocupante-expansion-de-especie-invasora-en-el-fondo-marino-de-chile\\\/#breadcrumb\"},\"inLanguage\":\"en-US\",\"potentialAction\":[{\"@type\":\"ReadAction\",\"target\":[\"https:\\\/\\\/www.filantropiacortessolari.cl\\\/adn-cientificos-detectan-preocupante-expansion-de-especie-invasora-en-el-fondo-marino-de-chile\\\/\"]}]},{\"@type\":\"ImageObject\",\"inLanguage\":\"en-US\",\"@id\":\"https:\\\/\\\/www.filantropiacortessolari.cl\\\/adn-cientificos-detectan-preocupante-expansion-de-especie-invasora-en-el-fondo-marino-de-chile\\\/#primaryimage\",\"url\":\"https:\\\/\\\/www.filantropiacortessolari.cl\\\/wp-content\\\/uploads\\\/2026\\\/03\\\/PYWJWW3ZANGFVMRCNQZSDI6WWU-1.avif\",\"contentUrl\":\"https:\\\/\\\/www.filantropiacortessolari.cl\\\/wp-content\\\/uploads\\\/2026\\\/03\\\/PYWJWW3ZANGFVMRCNQZSDI6WWU-1.avif\",\"width\":760,\"height\":570},{\"@type\":\"BreadcrumbList\",\"@id\":\"https:\\\/\\\/www.filantropiacortessolari.cl\\\/adn-cientificos-detectan-preocupante-expansion-de-especie-invasora-en-el-fondo-marino-de-chile\\\/#breadcrumb\",\"itemListElement\":[{\"@type\":\"ListItem\",\"position\":1,\"name\":\"Portada\",\"item\":\"https:\\\/\\\/www.filantropiacortessolari.cl\\\/\"},{\"@type\":\"ListItem\",\"position\":2,\"name\":\"[ADN] Cient\u00edficos detectan preocupante expansi\u00f3n de especie invasora en el fondo marino de Chile\"}]},{\"@type\":\"WebSite\",\"@id\":\"https:\\\/\\\/www.filantropiacortessolari.cl\\\/#website\",\"url\":\"https:\\\/\\\/www.filantropiacortessolari.cl\\\/\",\"name\":\"Filantrop\u00eda Cort\u00e9s Solari\",\"description\":\"Sitio web Filantrop\u00eda Cort\u00e9s Solari\",\"potentialAction\":[{\"@type\":\"SearchAction\",\"target\":{\"@type\":\"EntryPoint\",\"urlTemplate\":\"https:\\\/\\\/www.filantropiacortessolari.cl\\\/?s={search_term_string}\"},\"query-input\":{\"@type\":\"PropertyValueSpecification\",\"valueRequired\":true,\"valueName\":\"search_term_string\"}}],\"inLanguage\":\"en-US\"},{\"@type\":\"Person\",\"@id\":\"https:\\\/\\\/www.filantropiacortessolari.cl\\\/#\\\/schema\\\/person\\\/e099cf1046922f4f5892172332dc86c0\",\"name\":\"Filantrop\u00eda Cort\u00e9s Solari\",\"image\":{\"@type\":\"ImageObject\",\"inLanguage\":\"en-US\",\"@id\":\"https:\\\/\\\/secure.gravatar.com\\\/avatar\\\/9d17bfe24074ed7576e70cbeb8e010cdd7d01fae9f2047bd96cccbe629ec3c11?s=96&d=mm&r=g\",\"url\":\"https:\\\/\\\/secure.gravatar.com\\\/avatar\\\/9d17bfe24074ed7576e70cbeb8e010cdd7d01fae9f2047bd96cccbe629ec3c11?s=96&d=mm&r=g\",\"contentUrl\":\"https:\\\/\\\/secure.gravatar.com\\\/avatar\\\/9d17bfe24074ed7576e70cbeb8e010cdd7d01fae9f2047bd96cccbe629ec3c11?s=96&d=mm&r=g\",\"caption\":\"Filantrop\u00eda Cort\u00e9s Solari\"},\"url\":\"https:\\\/\\\/www.filantropiacortessolari.cl\\\/en\\\/author\\\/filantropia-cortes-solari\\\/\"}]}<\/script>\n<!-- \/ Yoast SEO plugin. -->","yoast_head_json":{"title":"[ADN] Cient\u00edficos detectan preocupante expansi\u00f3n de especie invasora en el fondo marino de Chile","robots":{"index":"index","follow":"follow","max-snippet":"max-snippet:-1","max-image-preview":"max-image-preview:large","max-video-preview":"max-video-preview:-1"},"canonical":"https:\/\/www.filantropiacortessolari.cl\/adn-cientificos-detectan-preocupante-expansion-de-especie-invasora-en-el-fondo-marino-de-chile\/","og_locale":"en_US","og_type":"article","og_title":"[ADN] Cient\u00edficos detectan preocupante expansi\u00f3n de especie invasora en el fondo marino de Chile","og_url":"https:\/\/www.filantropiacortessolari.cl\/adn-cientificos-detectan-preocupante-expansion-de-especie-invasora-en-el-fondo-marino-de-chile\/","og_site_name":"Filantrop\u00eda Cort\u00e9s Solari","article_published_time":"2026-03-17T14:22:27+00:00","article_modified_time":"2026-03-17T14:26:15+00:00","author":"Filantrop\u00eda Cort\u00e9s Solari","twitter_card":"summary_large_image","twitter_misc":{"Written by":"Filantrop\u00eda Cort\u00e9s Solari","Est. reading time":"3 minutes"},"schema":{"@context":"https:\/\/schema.org","@graph":[{"@type":"Article","@id":"https:\/\/www.filantropiacortessolari.cl\/adn-cientificos-detectan-preocupante-expansion-de-especie-invasora-en-el-fondo-marino-de-chile\/#article","isPartOf":{"@id":"https:\/\/www.filantropiacortessolari.cl\/adn-cientificos-detectan-preocupante-expansion-de-especie-invasora-en-el-fondo-marino-de-chile\/"},"author":{"name":"Filantrop\u00eda Cort\u00e9s Solari","@id":"https:\/\/www.filantropiacortessolari.cl\/#\/schema\/person\/e099cf1046922f4f5892172332dc86c0"},"headline":"[ADN] Cient\u00edficos detectan preocupante expansi\u00f3n de especie invasora en el fondo marino de Chile","datePublished":"2026-03-17T14:22:27+00:00","dateModified":"2026-03-17T14:26:15+00:00","mainEntityOfPage":{"@id":"https:\/\/www.filantropiacortessolari.cl\/adn-cientificos-detectan-preocupante-expansion-de-especie-invasora-en-el-fondo-marino-de-chile\/"},"wordCount":511,"image":{"@id":"https:\/\/www.filantropiacortessolari.cl\/adn-cientificos-detectan-preocupante-expansion-de-especie-invasora-en-el-fondo-marino-de-chile\/#primaryimage"},"thumbnailUrl":"https:\/\/www.filantropiacortessolari.cl\/wp-content\/uploads\/2026\/03\/PYWJWW3ZANGFVMRCNQZSDI6WWU-1.avif","articleSection":["Noticias"],"inLanguage":"en-US"},{"@type":"WebPage","@id":"https:\/\/www.filantropiacortessolari.cl\/adn-cientificos-detectan-preocupante-expansion-de-especie-invasora-en-el-fondo-marino-de-chile\/","url":"https:\/\/www.filantropiacortessolari.cl\/adn-cientificos-detectan-preocupante-expansion-de-especie-invasora-en-el-fondo-marino-de-chile\/","name":"[ADN] Cient\u00edficos detectan preocupante expansi\u00f3n de especie invasora en el fondo marino de Chile","isPartOf":{"@id":"https:\/\/www.filantropiacortessolari.cl\/#website"},"primaryImageOfPage":{"@id":"https:\/\/www.filantropiacortessolari.cl\/adn-cientificos-detectan-preocupante-expansion-de-especie-invasora-en-el-fondo-marino-de-chile\/#primaryimage"},"image":{"@id":"https:\/\/www.filantropiacortessolari.cl\/adn-cientificos-detectan-preocupante-expansion-de-especie-invasora-en-el-fondo-marino-de-chile\/#primaryimage"},"thumbnailUrl":"https:\/\/www.filantropiacortessolari.cl\/wp-content\/uploads\/2026\/03\/PYWJWW3ZANGFVMRCNQZSDI6WWU-1.avif","datePublished":"2026-03-17T14:22:27+00:00","dateModified":"2026-03-17T14:26:15+00:00","author":{"@id":"https:\/\/www.filantropiacortessolari.cl\/#\/schema\/person\/e099cf1046922f4f5892172332dc86c0"},"breadcrumb":{"@id":"https:\/\/www.filantropiacortessolari.cl\/adn-cientificos-detectan-preocupante-expansion-de-especie-invasora-en-el-fondo-marino-de-chile\/#breadcrumb"},"inLanguage":"en-US","potentialAction":[{"@type":"ReadAction","target":["https:\/\/www.filantropiacortessolari.cl\/adn-cientificos-detectan-preocupante-expansion-de-especie-invasora-en-el-fondo-marino-de-chile\/"]}]},{"@type":"ImageObject","inLanguage":"en-US","@id":"https:\/\/www.filantropiacortessolari.cl\/adn-cientificos-detectan-preocupante-expansion-de-especie-invasora-en-el-fondo-marino-de-chile\/#primaryimage","url":"https:\/\/www.filantropiacortessolari.cl\/wp-content\/uploads\/2026\/03\/PYWJWW3ZANGFVMRCNQZSDI6WWU-1.avif","contentUrl":"https:\/\/www.filantropiacortessolari.cl\/wp-content\/uploads\/2026\/03\/PYWJWW3ZANGFVMRCNQZSDI6WWU-1.avif","width":760,"height":570},{"@type":"BreadcrumbList","@id":"https:\/\/www.filantropiacortessolari.cl\/adn-cientificos-detectan-preocupante-expansion-de-especie-invasora-en-el-fondo-marino-de-chile\/#breadcrumb","itemListElement":[{"@type":"ListItem","position":1,"name":"Portada","item":"https:\/\/www.filantropiacortessolari.cl\/"},{"@type":"ListItem","position":2,"name":"[ADN] Cient\u00edficos detectan preocupante expansi\u00f3n de especie invasora en el fondo marino de Chile"}]},{"@type":"WebSite","@id":"https:\/\/www.filantropiacortessolari.cl\/#website","url":"https:\/\/www.filantropiacortessolari.cl\/","name":"Filantrop\u00eda Cort\u00e9s Solari","description":"Sitio web Filantrop\u00eda Cort\u00e9s Solari","potentialAction":[{"@type":"SearchAction","target":{"@type":"EntryPoint","urlTemplate":"https:\/\/www.filantropiacortessolari.cl\/?s={search_term_string}"},"query-input":{"@type":"PropertyValueSpecification","valueRequired":true,"valueName":"search_term_string"}}],"inLanguage":"en-US"},{"@type":"Person","@id":"https:\/\/www.filantropiacortessolari.cl\/#\/schema\/person\/e099cf1046922f4f5892172332dc86c0","name":"Filantrop\u00eda Cort\u00e9s Solari","image":{"@type":"ImageObject","inLanguage":"en-US","@id":"https:\/\/secure.gravatar.com\/avatar\/9d17bfe24074ed7576e70cbeb8e010cdd7d01fae9f2047bd96cccbe629ec3c11?s=96&d=mm&r=g","url":"https:\/\/secure.gravatar.com\/avatar\/9d17bfe24074ed7576e70cbeb8e010cdd7d01fae9f2047bd96cccbe629ec3c11?s=96&d=mm&r=g","contentUrl":"https:\/\/secure.gravatar.com\/avatar\/9d17bfe24074ed7576e70cbeb8e010cdd7d01fae9f2047bd96cccbe629ec3c11?s=96&d=mm&r=g","caption":"Filantrop\u00eda Cort\u00e9s Solari"},"url":"https:\/\/www.filantropiacortessolari.cl\/en\/author\/filantropia-cortes-solari\/"}]}},"_links":{"self":[{"href":"https:\/\/www.filantropiacortessolari.cl\/en\/wp-json\/wp\/v2\/posts\/12316","targetHints":{"allow":["GET"]}}],"collection":[{"href":"https:\/\/www.filantropiacortessolari.cl\/en\/wp-json\/wp\/v2\/posts"}],"about":[{"href":"https:\/\/www.filantropiacortessolari.cl\/en\/wp-json\/wp\/v2\/types\/post"}],"author":[{"embeddable":true,"href":"https:\/\/www.filantropiacortessolari.cl\/en\/wp-json\/wp\/v2\/users\/1"}],"replies":[{"embeddable":true,"href":"https:\/\/www.filantropiacortessolari.cl\/en\/wp-json\/wp\/v2\/comments?post=12316"}],"version-history":[{"count":3,"href":"https:\/\/www.filantropiacortessolari.cl\/en\/wp-json\/wp\/v2\/posts\/12316\/revisions"}],"predecessor-version":[{"id":12320,"href":"https:\/\/www.filantropiacortessolari.cl\/en\/wp-json\/wp\/v2\/posts\/12316\/revisions\/12320"}],"wp:featuredmedia":[{"embeddable":true,"href":"https:\/\/www.filantropiacortessolari.cl\/en\/wp-json\/wp\/v2\/media\/12317"}],"wp:attachment":[{"href":"https:\/\/www.filantropiacortessolari.cl\/en\/wp-json\/wp\/v2\/media?parent=12316"}],"wp:term":[{"taxonomy":"category","embeddable":true,"href":"https:\/\/www.filantropiacortessolari.cl\/en\/wp-json\/wp\/v2\/categories?post=12316"},{"taxonomy":"post_tag","embeddable":true,"href":"https:\/\/www.filantropiacortessolari.cl\/en\/wp-json\/wp\/v2\/tags?post=12316"}],"curies":[{"name":"wp","href":"https:\/\/api.w.org\/{rel}","templated":true}]}}