{"id":333,"date":"2019-06-29T19:21:39","date_gmt":"2019-06-29T22:21:39","guid":{"rendered":"http:\/\/intranet.filantropiacortessolari.cl\/?p=333"},"modified":"2019-08-13T19:46:51","modified_gmt":"2019-08-13T22:46:51","slug":"filantropia-cortes-solari-y-la-american-universities-incorporated-acercaran-el-cielo-a-los-escolares","status":"publish","type":"post","link":"https:\/\/www.filantropiacortessolari.cl\/en\/filantropia-cortes-solari-y-la-american-universities-incorporated-acercaran-el-cielo-a-los-escolares\/","title":{"rendered":"Filantrop\u00eda Cort\u00e9s Solari y la American Universities Incorporated acercar\u00e1n el cielo a los escolares"},"content":{"rendered":"<style type=\"text\/css\"><\/style><p>Este 28 de Junio, Filantrop\u00eda Cort\u00e9s Solari (FCS) y la\u00a0<a href=\"https:\/\/www.aui.edu\/\">American Universities Incorporated\u00a0<\/a>(AUI) firmaron un Convenio para promover la investigaci\u00f3n cient\u00edfica y la educaci\u00f3n ambiental enfocada en los escolares de Chile.<\/p>\n<p>Luego de todo un a\u00f1o de trabajo, la Presidenta de FCS, Francisca Cort\u00e9s\u2069 y el Presidente de la AUI, el Dr. Adam Cohen firmaron un convenio para acercar la Educaci\u00f3n Astron\u00f3mica al pa\u00eds. La gerenta general de FCS, Patricia Morales, se\u00f1al\u00f3:\u00a0 \u201cEs la primera vez que la AUI tiene una alianza para el desarrollo cient\u00edfico y la educaci\u00f3n ambiental con una fundaci\u00f3n privada para la conservaci\u00f3n\u201d<\/p>\n<p>Esta alianza se llevar\u00e1 a cabo aplicando distintos programas que se realizar\u00e1n en las tres Reservas Elementales de Fundaci\u00f3n Cort\u00e9s Solari: Puribeter, Likandes y Melimoyu. Cada una de est\u00e1s se encuentra ubicadas en puntos estrat\u00e9gicos para llevar a cabo los programas.<\/p>\n<p>El Dr. Tim Spuck, director en educaci\u00f3n de AUI, aprovecho este momento para hablar del eclipse solar que ocurrir\u00e1 este 2 de julio \u201cLos eclipses son una gran oportunidad para que la gente entienda que la astronom\u00eda es mucho m\u00e1s que el cielo de noche. Es todo lo que podamos hacer para que la gente vea hacia arriba,explorando y asombr\u00e1ndose por las maravillas del universo.\u201d<\/p>\n<p>Associated Universities, Inc. AUI es una importantes corporaci\u00f3n americana sin fines de lucro establecida en Washington D.C. Desde 1946 nueve universidades de Estados Unidos decidieron fundar esta instituci\u00f3n con el prop\u00f3sito de administrar instalaciones cient\u00edficas de gran envergadura.<\/p>\n<div id=\"gallery-2\" class=\"gallery galleryid-8789 gallery-columns-1 gallery-size-large\">\n<div id='gallery-1' class='gallery galleryid-333 gallery-columns-1 gallery-size-full'><figure class='gallery-item'>\n\t\t\t<div class='gallery-icon landscape'>\n\t\t\t\t<a href='https:\/\/www.filantropiacortessolari.cl\/wp-content\/uploads\/2019\/08\/filantropia3.jpeg'><img loading=\"lazy\" decoding=\"async\" width=\"1280\" height=\"853\" src=\"https:\/\/www.filantropiacortessolari.cl\/wp-content\/uploads\/2019\/08\/filantropia3.jpeg\" class=\"attachment-full size-full\" alt=\"\" srcset=\"https:\/\/www.filantropiacortessolari.cl\/wp-content\/uploads\/2019\/08\/filantropia3.jpeg 1280w, https:\/\/www.filantropiacortessolari.cl\/wp-content\/uploads\/2019\/08\/filantropia3-300x200.jpeg 300w, https:\/\/www.filantropiacortessolari.cl\/wp-content\/uploads\/2019\/08\/filantropia3-768x512.jpeg 768w, https:\/\/www.filantropiacortessolari.cl\/wp-content\/uploads\/2019\/08\/filantropia3-1024x682.jpeg 1024w, https:\/\/www.filantropiacortessolari.cl\/wp-content\/uploads\/2019\/08\/filantropia3-580x387.jpeg 580w, https:\/\/www.filantropiacortessolari.cl\/wp-content\/uploads\/2019\/08\/filantropia3-820x546.jpeg 820w, https:\/\/www.filantropiacortessolari.cl\/wp-content\/uploads\/2019\/08\/filantropia3-1160x773.jpeg 1160w\" sizes=\"auto, (max-width: 1280px) 100vw, 1280px\" \/><\/a>\n\t\t\t<\/div><\/figure><figure class='gallery-item'>\n\t\t\t<div class='gallery-icon landscape'>\n\t\t\t\t<a href='https:\/\/www.filantropiacortessolari.cl\/wp-content\/uploads\/2019\/08\/filantropia2.jpeg'><img loading=\"lazy\" decoding=\"async\" width=\"1280\" height=\"853\" src=\"https:\/\/www.filantropiacortessolari.cl\/wp-content\/uploads\/2019\/08\/filantropia2.jpeg\" class=\"attachment-full size-full\" alt=\"\" srcset=\"https:\/\/www.filantropiacortessolari.cl\/wp-content\/uploads\/2019\/08\/filantropia2.jpeg 1280w, https:\/\/www.filantropiacortessolari.cl\/wp-content\/uploads\/2019\/08\/filantropia2-300x200.jpeg 300w, https:\/\/www.filantropiacortessolari.cl\/wp-content\/uploads\/2019\/08\/filantropia2-768x512.jpeg 768w, https:\/\/www.filantropiacortessolari.cl\/wp-content\/uploads\/2019\/08\/filantropia2-1024x682.jpeg 1024w, https:\/\/www.filantropiacortessolari.cl\/wp-content\/uploads\/2019\/08\/filantropia2-580x387.jpeg 580w, https:\/\/www.filantropiacortessolari.cl\/wp-content\/uploads\/2019\/08\/filantropia2-820x546.jpeg 820w, https:\/\/www.filantropiacortessolari.cl\/wp-content\/uploads\/2019\/08\/filantropia2-1160x773.jpeg 1160w\" sizes=\"auto, (max-width: 1280px) 100vw, 1280px\" \/><\/a>\n\t\t\t<\/div><\/figure><figure class='gallery-item'>\n\t\t\t<div class='gallery-icon landscape'>\n\t\t\t\t<a href='https:\/\/www.filantropiacortessolari.cl\/wp-content\/uploads\/2019\/08\/filantropia1.jpeg'><img loading=\"lazy\" decoding=\"async\" width=\"1280\" height=\"853\" src=\"https:\/\/www.filantropiacortessolari.cl\/wp-content\/uploads\/2019\/08\/filantropia1.jpeg\" class=\"attachment-full size-full\" alt=\"\" srcset=\"https:\/\/www.filantropiacortessolari.cl\/wp-content\/uploads\/2019\/08\/filantropia1.jpeg 1280w, https:\/\/www.filantropiacortessolari.cl\/wp-content\/uploads\/2019\/08\/filantropia1-300x200.jpeg 300w, https:\/\/www.filantropiacortessolari.cl\/wp-content\/uploads\/2019\/08\/filantropia1-768x512.jpeg 768w, https:\/\/www.filantropiacortessolari.cl\/wp-content\/uploads\/2019\/08\/filantropia1-1024x682.jpeg 1024w, https:\/\/www.filantropiacortessolari.cl\/wp-content\/uploads\/2019\/08\/filantropia1-580x387.jpeg 580w, https:\/\/www.filantropiacortessolari.cl\/wp-content\/uploads\/2019\/08\/filantropia1-820x546.jpeg 820w, https:\/\/www.filantropiacortessolari.cl\/wp-content\/uploads\/2019\/08\/filantropia1-1160x773.jpeg 1160w\" sizes=\"auto, (max-width: 1280px) 100vw, 1280px\" \/><\/a>\n\t\t\t<\/div><\/figure>\n\t\t<\/div>\n\n<\/div>\n","protected":false},"excerpt":{"rendered":"<p>Este 28 de Junio, Filantrop\u00eda Cort\u00e9s Solari (FCS) y la\u00a0American Universities Incorporated\u00a0(AUI) firmaron un Convenio para promover la investigaci\u00f3n cient\u00edfica y la educaci\u00f3n ambiental enfocada en los escolares de Chile. Luego de todo un a\u00f1o de trabajo, la Presidenta de FCS, Francisca Cort\u00e9s\u2069 y el Presidente de la AUI, el Dr. Adam Cohen firmaron un&#8230;<\/p>\n","protected":false},"author":1,"featured_media":334,"comment_status":"open","ping_status":"open","sticky":false,"template":"","format":"standard","meta":{"footnotes":""},"categories":[5],"tags":[],"class_list":["post-333","post","type-post","status-publish","format-standard","has-post-thumbnail","hentry","category-prensa-escrita"],"translation":{"provider":"WPGlobus","version":"3.0.2","language":"en","enabled_languages":["es","en"],"languages":{"es":{"title":true,"content":true,"excerpt":false},"en":{"title":false,"content":false,"excerpt":false}}},"yoast_head":"<!-- This site is optimized with the Yoast SEO plugin v27.4 - https:\/\/yoast.com\/product\/yoast-seo-wordpress\/ -->\n<title>Filantrop\u00eda Cort\u00e9s Solari y la American Universities Incorporated acercar\u00e1n el cielo a los escolares<\/title>\n<meta name=\"robots\" content=\"index, follow, max-snippet:-1, max-image-preview:large, max-video-preview:-1\" \/>\n<link rel=\"canonical\" href=\"https:\/\/www.filantropiacortessolari.cl\/filantropia-cortes-solari-y-la-american-universities-incorporated-acercaran-el-cielo-a-los-escolares\/\" \/>\n<meta property=\"og:locale\" content=\"en_US\" \/>\n<meta property=\"og:type\" content=\"article\" \/>\n<meta property=\"og:title\" content=\"Filantrop\u00eda Cort\u00e9s Solari y la American Universities Incorporated acercar\u00e1n el cielo a los escolares\" \/>\n<meta property=\"og:url\" content=\"https:\/\/www.filantropiacortessolari.cl\/filantropia-cortes-solari-y-la-american-universities-incorporated-acercaran-el-cielo-a-los-escolares\/\" \/>\n<meta property=\"og:site_name\" content=\"Filantrop\u00eda Cort\u00e9s Solari\" \/>\n<meta property=\"article:published_time\" content=\"2019-06-29T22:21:39+00:00\" \/>\n<meta property=\"article:modified_time\" content=\"2019-08-13T22:46:51+00:00\" \/>\n<meta property=\"og:image\" content=\"https:\/\/www.filantropiacortessolari.cl\/wp-content\/uploads\/2019\/08\/filantropia1.jpeg\" \/>\n\t<meta property=\"og:image:width\" content=\"1280\" \/>\n\t<meta property=\"og:image:height\" content=\"853\" \/>\n\t<meta property=\"og:image:type\" content=\"image\/jpeg\" \/>\n<meta name=\"author\" content=\"Filantrop\u00eda Cort\u00e9s Solari\" \/>\n<meta name=\"twitter:card\" content=\"summary_large_image\" \/>\n<meta name=\"twitter:label1\" content=\"Written by\" \/>\n\t<meta name=\"twitter:data1\" content=\"Filantrop\u00eda Cort\u00e9s Solari\" \/>\n\t<meta name=\"twitter:label2\" content=\"Est. reading time\" \/>\n\t<meta name=\"twitter:data2\" content=\"1 minute\" \/>\n<script type=\"application\/ld+json\" class=\"yoast-schema-graph\">{\"@context\":\"https:\\\/\\\/schema.org\",\"@graph\":[{\"@type\":\"Article\",\"@id\":\"https:\\\/\\\/www.filantropiacortessolari.cl\\\/filantropia-cortes-solari-y-la-american-universities-incorporated-acercaran-el-cielo-a-los-escolares\\\/#article\",\"isPartOf\":{\"@id\":\"https:\\\/\\\/www.filantropiacortessolari.cl\\\/filantropia-cortes-solari-y-la-american-universities-incorporated-acercaran-el-cielo-a-los-escolares\\\/\"},\"author\":{\"name\":\"Filantrop\u00eda Cort\u00e9s Solari\",\"@id\":\"https:\\\/\\\/www.filantropiacortessolari.cl\\\/#\\\/schema\\\/person\\\/e099cf1046922f4f5892172332dc86c0\"},\"headline\":\"Filantrop\u00eda Cort\u00e9s Solari y la American Universities Incorporated acercar\u00e1n el cielo a los escolares\",\"datePublished\":\"2019-06-29T22:21:39+00:00\",\"dateModified\":\"2019-08-13T22:46:51+00:00\",\"mainEntityOfPage\":{\"@id\":\"https:\\\/\\\/www.filantropiacortessolari.cl\\\/filantropia-cortes-solari-y-la-american-universities-incorporated-acercaran-el-cielo-a-los-escolares\\\/\"},\"wordCount\":293,\"commentCount\":0,\"image\":{\"@id\":\"https:\\\/\\\/www.filantropiacortessolari.cl\\\/filantropia-cortes-solari-y-la-american-universities-incorporated-acercaran-el-cielo-a-los-escolares\\\/#primaryimage\"},\"thumbnailUrl\":\"https:\\\/\\\/www.filantropiacortessolari.cl\\\/wp-content\\\/uploads\\\/2019\\\/08\\\/filantropia1.jpeg\",\"articleSection\":[\"Prensa Escrita\"],\"inLanguage\":\"en-US\",\"potentialAction\":[{\"@type\":\"CommentAction\",\"name\":\"Comment\",\"target\":[\"https:\\\/\\\/www.filantropiacortessolari.cl\\\/filantropia-cortes-solari-y-la-american-universities-incorporated-acercaran-el-cielo-a-los-escolares\\\/#respond\"]}]},{\"@type\":\"WebPage\",\"@id\":\"https:\\\/\\\/www.filantropiacortessolari.cl\\\/filantropia-cortes-solari-y-la-american-universities-incorporated-acercaran-el-cielo-a-los-escolares\\\/\",\"url\":\"https:\\\/\\\/www.filantropiacortessolari.cl\\\/filantropia-cortes-solari-y-la-american-universities-incorporated-acercaran-el-cielo-a-los-escolares\\\/\",\"name\":\"Filantrop\u00eda Cort\u00e9s Solari y la American Universities Incorporated acercar\u00e1n el cielo a los escolares\",\"isPartOf\":{\"@id\":\"https:\\\/\\\/www.filantropiacortessolari.cl\\\/#website\"},\"primaryImageOfPage\":{\"@id\":\"https:\\\/\\\/www.filantropiacortessolari.cl\\\/filantropia-cortes-solari-y-la-american-universities-incorporated-acercaran-el-cielo-a-los-escolares\\\/#primaryimage\"},\"image\":{\"@id\":\"https:\\\/\\\/www.filantropiacortessolari.cl\\\/filantropia-cortes-solari-y-la-american-universities-incorporated-acercaran-el-cielo-a-los-escolares\\\/#primaryimage\"},\"thumbnailUrl\":\"https:\\\/\\\/www.filantropiacortessolari.cl\\\/wp-content\\\/uploads\\\/2019\\\/08\\\/filantropia1.jpeg\",\"datePublished\":\"2019-06-29T22:21:39+00:00\",\"dateModified\":\"2019-08-13T22:46:51+00:00\",\"author\":{\"@id\":\"https:\\\/\\\/www.filantropiacortessolari.cl\\\/#\\\/schema\\\/person\\\/e099cf1046922f4f5892172332dc86c0\"},\"breadcrumb\":{\"@id\":\"https:\\\/\\\/www.filantropiacortessolari.cl\\\/filantropia-cortes-solari-y-la-american-universities-incorporated-acercaran-el-cielo-a-los-escolares\\\/#breadcrumb\"},\"inLanguage\":\"en-US\",\"potentialAction\":[{\"@type\":\"ReadAction\",\"target\":[\"https:\\\/\\\/www.filantropiacortessolari.cl\\\/filantropia-cortes-solari-y-la-american-universities-incorporated-acercaran-el-cielo-a-los-escolares\\\/\"]}]},{\"@type\":\"ImageObject\",\"inLanguage\":\"en-US\",\"@id\":\"https:\\\/\\\/www.filantropiacortessolari.cl\\\/filantropia-cortes-solari-y-la-american-universities-incorporated-acercaran-el-cielo-a-los-escolares\\\/#primaryimage\",\"url\":\"https:\\\/\\\/www.filantropiacortessolari.cl\\\/wp-content\\\/uploads\\\/2019\\\/08\\\/filantropia1.jpeg\",\"contentUrl\":\"https:\\\/\\\/www.filantropiacortessolari.cl\\\/wp-content\\\/uploads\\\/2019\\\/08\\\/filantropia1.jpeg\",\"width\":1280,\"height\":853},{\"@type\":\"BreadcrumbList\",\"@id\":\"https:\\\/\\\/www.filantropiacortessolari.cl\\\/filantropia-cortes-solari-y-la-american-universities-incorporated-acercaran-el-cielo-a-los-escolares\\\/#breadcrumb\",\"itemListElement\":[{\"@type\":\"ListItem\",\"position\":1,\"name\":\"Portada\",\"item\":\"https:\\\/\\\/www.filantropiacortessolari.cl\\\/\"},{\"@type\":\"ListItem\",\"position\":2,\"name\":\"Filantrop\u00eda Cort\u00e9s Solari y la American Universities Incorporated acercar\u00e1n el cielo a los escolares\"}]},{\"@type\":\"WebSite\",\"@id\":\"https:\\\/\\\/www.filantropiacortessolari.cl\\\/#website\",\"url\":\"https:\\\/\\\/www.filantropiacortessolari.cl\\\/\",\"name\":\"Filantrop\u00eda Cort\u00e9s Solari\",\"description\":\"Sitio web Filantrop\u00eda Cort\u00e9s Solari\",\"potentialAction\":[{\"@type\":\"SearchAction\",\"target\":{\"@type\":\"EntryPoint\",\"urlTemplate\":\"https:\\\/\\\/www.filantropiacortessolari.cl\\\/?s={search_term_string}\"},\"query-input\":{\"@type\":\"PropertyValueSpecification\",\"valueRequired\":true,\"valueName\":\"search_term_string\"}}],\"inLanguage\":\"en-US\"},{\"@type\":\"Person\",\"@id\":\"https:\\\/\\\/www.filantropiacortessolari.cl\\\/#\\\/schema\\\/person\\\/e099cf1046922f4f5892172332dc86c0\",\"name\":\"Filantrop\u00eda Cort\u00e9s Solari\",\"image\":{\"@type\":\"ImageObject\",\"inLanguage\":\"en-US\",\"@id\":\"https:\\\/\\\/secure.gravatar.com\\\/avatar\\\/9d17bfe24074ed7576e70cbeb8e010cdd7d01fae9f2047bd96cccbe629ec3c11?s=96&d=mm&r=g\",\"url\":\"https:\\\/\\\/secure.gravatar.com\\\/avatar\\\/9d17bfe24074ed7576e70cbeb8e010cdd7d01fae9f2047bd96cccbe629ec3c11?s=96&d=mm&r=g\",\"contentUrl\":\"https:\\\/\\\/secure.gravatar.com\\\/avatar\\\/9d17bfe24074ed7576e70cbeb8e010cdd7d01fae9f2047bd96cccbe629ec3c11?s=96&d=mm&r=g\",\"caption\":\"Filantrop\u00eda Cort\u00e9s Solari\"},\"url\":\"https:\\\/\\\/www.filantropiacortessolari.cl\\\/en\\\/author\\\/filantropia-cortes-solari\\\/\"}]}<\/script>\n<!-- \/ Yoast SEO plugin. -->","yoast_head_json":{"title":"Filantrop\u00eda Cort\u00e9s Solari y la American Universities Incorporated acercar\u00e1n el cielo a los escolares","robots":{"index":"index","follow":"follow","max-snippet":"max-snippet:-1","max-image-preview":"max-image-preview:large","max-video-preview":"max-video-preview:-1"},"canonical":"https:\/\/www.filantropiacortessolari.cl\/filantropia-cortes-solari-y-la-american-universities-incorporated-acercaran-el-cielo-a-los-escolares\/","og_locale":"en_US","og_type":"article","og_title":"Filantrop\u00eda Cort\u00e9s Solari y la American Universities Incorporated acercar\u00e1n el cielo a los escolares","og_url":"https:\/\/www.filantropiacortessolari.cl\/filantropia-cortes-solari-y-la-american-universities-incorporated-acercaran-el-cielo-a-los-escolares\/","og_site_name":"Filantrop\u00eda Cort\u00e9s Solari","article_published_time":"2019-06-29T22:21:39+00:00","article_modified_time":"2019-08-13T22:46:51+00:00","og_image":[{"width":1280,"height":853,"url":"https:\/\/www.filantropiacortessolari.cl\/wp-content\/uploads\/2019\/08\/filantropia1.jpeg","type":"image\/jpeg"}],"author":"Filantrop\u00eda Cort\u00e9s Solari","twitter_card":"summary_large_image","twitter_misc":{"Written by":"Filantrop\u00eda Cort\u00e9s Solari","Est. reading time":"1 minute"},"schema":{"@context":"https:\/\/schema.org","@graph":[{"@type":"Article","@id":"https:\/\/www.filantropiacortessolari.cl\/filantropia-cortes-solari-y-la-american-universities-incorporated-acercaran-el-cielo-a-los-escolares\/#article","isPartOf":{"@id":"https:\/\/www.filantropiacortessolari.cl\/filantropia-cortes-solari-y-la-american-universities-incorporated-acercaran-el-cielo-a-los-escolares\/"},"author":{"name":"Filantrop\u00eda Cort\u00e9s Solari","@id":"https:\/\/www.filantropiacortessolari.cl\/#\/schema\/person\/e099cf1046922f4f5892172332dc86c0"},"headline":"Filantrop\u00eda Cort\u00e9s Solari y la American Universities Incorporated acercar\u00e1n el cielo a los escolares","datePublished":"2019-06-29T22:21:39+00:00","dateModified":"2019-08-13T22:46:51+00:00","mainEntityOfPage":{"@id":"https:\/\/www.filantropiacortessolari.cl\/filantropia-cortes-solari-y-la-american-universities-incorporated-acercaran-el-cielo-a-los-escolares\/"},"wordCount":293,"commentCount":0,"image":{"@id":"https:\/\/www.filantropiacortessolari.cl\/filantropia-cortes-solari-y-la-american-universities-incorporated-acercaran-el-cielo-a-los-escolares\/#primaryimage"},"thumbnailUrl":"https:\/\/www.filantropiacortessolari.cl\/wp-content\/uploads\/2019\/08\/filantropia1.jpeg","articleSection":["Prensa Escrita"],"inLanguage":"en-US","potentialAction":[{"@type":"CommentAction","name":"Comment","target":["https:\/\/www.filantropiacortessolari.cl\/filantropia-cortes-solari-y-la-american-universities-incorporated-acercaran-el-cielo-a-los-escolares\/#respond"]}]},{"@type":"WebPage","@id":"https:\/\/www.filantropiacortessolari.cl\/filantropia-cortes-solari-y-la-american-universities-incorporated-acercaran-el-cielo-a-los-escolares\/","url":"https:\/\/www.filantropiacortessolari.cl\/filantropia-cortes-solari-y-la-american-universities-incorporated-acercaran-el-cielo-a-los-escolares\/","name":"Filantrop\u00eda Cort\u00e9s Solari y la American Universities Incorporated acercar\u00e1n el cielo a los escolares","isPartOf":{"@id":"https:\/\/www.filantropiacortessolari.cl\/#website"},"primaryImageOfPage":{"@id":"https:\/\/www.filantropiacortessolari.cl\/filantropia-cortes-solari-y-la-american-universities-incorporated-acercaran-el-cielo-a-los-escolares\/#primaryimage"},"image":{"@id":"https:\/\/www.filantropiacortessolari.cl\/filantropia-cortes-solari-y-la-american-universities-incorporated-acercaran-el-cielo-a-los-escolares\/#primaryimage"},"thumbnailUrl":"https:\/\/www.filantropiacortessolari.cl\/wp-content\/uploads\/2019\/08\/filantropia1.jpeg","datePublished":"2019-06-29T22:21:39+00:00","dateModified":"2019-08-13T22:46:51+00:00","author":{"@id":"https:\/\/www.filantropiacortessolari.cl\/#\/schema\/person\/e099cf1046922f4f5892172332dc86c0"},"breadcrumb":{"@id":"https:\/\/www.filantropiacortessolari.cl\/filantropia-cortes-solari-y-la-american-universities-incorporated-acercaran-el-cielo-a-los-escolares\/#breadcrumb"},"inLanguage":"en-US","potentialAction":[{"@type":"ReadAction","target":["https:\/\/www.filantropiacortessolari.cl\/filantropia-cortes-solari-y-la-american-universities-incorporated-acercaran-el-cielo-a-los-escolares\/"]}]},{"@type":"ImageObject","inLanguage":"en-US","@id":"https:\/\/www.filantropiacortessolari.cl\/filantropia-cortes-solari-y-la-american-universities-incorporated-acercaran-el-cielo-a-los-escolares\/#primaryimage","url":"https:\/\/www.filantropiacortessolari.cl\/wp-content\/uploads\/2019\/08\/filantropia1.jpeg","contentUrl":"https:\/\/www.filantropiacortessolari.cl\/wp-content\/uploads\/2019\/08\/filantropia1.jpeg","width":1280,"height":853},{"@type":"BreadcrumbList","@id":"https:\/\/www.filantropiacortessolari.cl\/filantropia-cortes-solari-y-la-american-universities-incorporated-acercaran-el-cielo-a-los-escolares\/#breadcrumb","itemListElement":[{"@type":"ListItem","position":1,"name":"Portada","item":"https:\/\/www.filantropiacortessolari.cl\/"},{"@type":"ListItem","position":2,"name":"Filantrop\u00eda Cort\u00e9s Solari y la American Universities Incorporated acercar\u00e1n el cielo a los escolares"}]},{"@type":"WebSite","@id":"https:\/\/www.filantropiacortessolari.cl\/#website","url":"https:\/\/www.filantropiacortessolari.cl\/","name":"Filantrop\u00eda Cort\u00e9s Solari","description":"Sitio web Filantrop\u00eda Cort\u00e9s Solari","potentialAction":[{"@type":"SearchAction","target":{"@type":"EntryPoint","urlTemplate":"https:\/\/www.filantropiacortessolari.cl\/?s={search_term_string}"},"query-input":{"@type":"PropertyValueSpecification","valueRequired":true,"valueName":"search_term_string"}}],"inLanguage":"en-US"},{"@type":"Person","@id":"https:\/\/www.filantropiacortessolari.cl\/#\/schema\/person\/e099cf1046922f4f5892172332dc86c0","name":"Filantrop\u00eda Cort\u00e9s Solari","image":{"@type":"ImageObject","inLanguage":"en-US","@id":"https:\/\/secure.gravatar.com\/avatar\/9d17bfe24074ed7576e70cbeb8e010cdd7d01fae9f2047bd96cccbe629ec3c11?s=96&d=mm&r=g","url":"https:\/\/secure.gravatar.com\/avatar\/9d17bfe24074ed7576e70cbeb8e010cdd7d01fae9f2047bd96cccbe629ec3c11?s=96&d=mm&r=g","contentUrl":"https:\/\/secure.gravatar.com\/avatar\/9d17bfe24074ed7576e70cbeb8e010cdd7d01fae9f2047bd96cccbe629ec3c11?s=96&d=mm&r=g","caption":"Filantrop\u00eda Cort\u00e9s Solari"},"url":"https:\/\/www.filantropiacortessolari.cl\/en\/author\/filantropia-cortes-solari\/"}]}},"_links":{"self":[{"href":"https:\/\/www.filantropiacortessolari.cl\/en\/wp-json\/wp\/v2\/posts\/333","targetHints":{"allow":["GET"]}}],"collection":[{"href":"https:\/\/www.filantropiacortessolari.cl\/en\/wp-json\/wp\/v2\/posts"}],"about":[{"href":"https:\/\/www.filantropiacortessolari.cl\/en\/wp-json\/wp\/v2\/types\/post"}],"author":[{"embeddable":true,"href":"https:\/\/www.filantropiacortessolari.cl\/en\/wp-json\/wp\/v2\/users\/1"}],"replies":[{"embeddable":true,"href":"https:\/\/www.filantropiacortessolari.cl\/en\/wp-json\/wp\/v2\/comments?post=333"}],"version-history":[{"count":8,"href":"https:\/\/www.filantropiacortessolari.cl\/en\/wp-json\/wp\/v2\/posts\/333\/revisions"}],"predecessor-version":[{"id":483,"href":"https:\/\/www.filantropiacortessolari.cl\/en\/wp-json\/wp\/v2\/posts\/333\/revisions\/483"}],"wp:featuredmedia":[{"embeddable":true,"href":"https:\/\/www.filantropiacortessolari.cl\/en\/wp-json\/wp\/v2\/media\/334"}],"wp:attachment":[{"href":"https:\/\/www.filantropiacortessolari.cl\/en\/wp-json\/wp\/v2\/media?parent=333"}],"wp:term":[{"taxonomy":"category","embeddable":true,"href":"https:\/\/www.filantropiacortessolari.cl\/en\/wp-json\/wp\/v2\/categories?post=333"},{"taxonomy":"post_tag","embeddable":true,"href":"https:\/\/www.filantropiacortessolari.cl\/en\/wp-json\/wp\/v2\/tags?post=333"}],"curies":[{"name":"wp","href":"https:\/\/api.w.org\/{rel}","templated":true}]}}