{"id":356,"date":"2019-05-30T20:15:02","date_gmt":"2019-05-30T23:15:02","guid":{"rendered":"http:\/\/intranet.filantropiacortessolari.cl\/?p=356"},"modified":"2019-08-13T19:47:05","modified_gmt":"2019-08-13T22:47:05","slug":"filantropia-cortes-solari-colabora-con-ministerio-de-las-culturas-en-innovador-programa-educativo-en-cecrea-castro","status":"publish","type":"post","link":"https:\/\/www.filantropiacortessolari.cl\/en\/filantropia-cortes-solari-colabora-con-ministerio-de-las-culturas-en-innovador-programa-educativo-en-cecrea-castro\/","title":{"rendered":"Filantrop\u00eda Cort\u00e9s Solari colabora con Ministerio de las Culturas en innovador programa educativo en Cecrea Castro"},"content":{"rendered":"<style type=\"text\/css\"><\/style><p>Esta ma\u00f1ana, Fundaci\u00f3n MERI y Fundaci\u00f3n Caserta participaron de la inauguraci\u00f3n del Centro de Creaci\u00f3n (Cecrea) de Castro, dependiente del Ministerio de las Culturas y las Artes.<\/p>\n<p>El evento presidido por la Ministra de la Cultura, Consuelo Vald\u00e9s, y al cual asisti\u00f3 la Presidenta Ejecutiva de Filantrop\u00eda FCS, Francisca Cort\u00e9s Solari, marca un hito en la historia de la colaboraci\u00f3n p\u00fablico-privada en el \u00e1mbito de la Ciencia-Educaci\u00f3n-Arte y Cultura.<\/p>\n<p>En este caso, se trata de la primera vez en que los programas de CeCrea en Chile estar\u00e1n dise\u00f1ados en base al material did\u00e1ctico cient\u00edfico de Fundaci\u00f3n MERI, para promover la Conservaci\u00f3n, y con una metodolog\u00eda mixta, que combinar\u00e1 la experiencia de los CeCrea con la metodolog\u00eda de Fundaci\u00f3n Caserta, que promueve un proceso formativo experiencial, al aire libre.<\/p>\n<p>Al respecto, la Presidenta Ejecutiva, Francisca Cort\u00e9s Solari, se\u00f1al\u00f3 que: \u201cEstamos muy orgullosos de poder participar de esta instancia, \u00fanica en Chile, que entiende el proceso formativo desde una perspectiva multidimensional e integral. Desde Fundaci\u00f3n Caserta y Fundaci\u00f3n MERI, seguiremos trabajando por un desarrollo integral y sustentable, al servicio de la comunidad y territorio\u201d.<\/p>\n<h5><strong>[Actualizaci\u00f3n]<\/strong><\/h5>\n<p>Actualmente se est\u00e1 llevando a cabo la Exposici\u00f3n itinerante \u201cCetacea, ecos del mar\u201d. Te invitamos a que la descubras en\u00a0<a href=\"https:\/\/www.fundacionmeri.cl\/cetacea-voces-del-mar\/\">la siguiente nota<\/a>.<\/p>\n<div id='gallery-1' class='gallery galleryid-356 gallery-columns-2 gallery-size-square-thumb'><figure class='gallery-item'>\n\t\t\t<div class='gallery-icon portrait'>\n\t\t\t\t<a href='https:\/\/www.filantropiacortessolari.cl\/wp-content\/uploads\/2019\/08\/cecrea4.jpeg'><img loading=\"lazy\" decoding=\"async\" width=\"250\" height=\"250\" src=\"https:\/\/www.filantropiacortessolari.cl\/wp-content\/uploads\/2019\/08\/cecrea4-250x250.jpeg\" class=\"attachment-square-thumb size-square-thumb\" alt=\"\" srcset=\"https:\/\/www.filantropiacortessolari.cl\/wp-content\/uploads\/2019\/08\/cecrea4-250x250.jpeg 250w, https:\/\/www.filantropiacortessolari.cl\/wp-content\/uploads\/2019\/08\/cecrea4-150x150.jpeg 150w, https:\/\/www.filantropiacortessolari.cl\/wp-content\/uploads\/2019\/08\/cecrea4-55x55.jpeg 55w\" sizes=\"auto, (max-width: 250px) 100vw, 250px\" \/><\/a>\n\t\t\t<\/div><\/figure><figure class='gallery-item'>\n\t\t\t<div class='gallery-icon landscape'>\n\t\t\t\t<a href='https:\/\/www.filantropiacortessolari.cl\/wp-content\/uploads\/2019\/08\/cecrea3.jpeg'><img loading=\"lazy\" decoding=\"async\" width=\"250\" height=\"250\" src=\"https:\/\/www.filantropiacortessolari.cl\/wp-content\/uploads\/2019\/08\/cecrea3-250x250.jpeg\" class=\"attachment-square-thumb size-square-thumb\" alt=\"\" srcset=\"https:\/\/www.filantropiacortessolari.cl\/wp-content\/uploads\/2019\/08\/cecrea3-250x250.jpeg 250w, https:\/\/www.filantropiacortessolari.cl\/wp-content\/uploads\/2019\/08\/cecrea3-150x150.jpeg 150w, https:\/\/www.filantropiacortessolari.cl\/wp-content\/uploads\/2019\/08\/cecrea3-55x55.jpeg 55w\" sizes=\"auto, (max-width: 250px) 100vw, 250px\" \/><\/a>\n\t\t\t<\/div><\/figure><figure class='gallery-item'>\n\t\t\t<div class='gallery-icon landscape'>\n\t\t\t\t<a href='https:\/\/www.filantropiacortessolari.cl\/wp-content\/uploads\/2019\/08\/cecrea2.jpeg'><img loading=\"lazy\" decoding=\"async\" width=\"250\" height=\"250\" src=\"https:\/\/www.filantropiacortessolari.cl\/wp-content\/uploads\/2019\/08\/cecrea2-250x250.jpeg\" class=\"attachment-square-thumb size-square-thumb\" alt=\"\" srcset=\"https:\/\/www.filantropiacortessolari.cl\/wp-content\/uploads\/2019\/08\/cecrea2-250x250.jpeg 250w, https:\/\/www.filantropiacortessolari.cl\/wp-content\/uploads\/2019\/08\/cecrea2-150x150.jpeg 150w, https:\/\/www.filantropiacortessolari.cl\/wp-content\/uploads\/2019\/08\/cecrea2-55x55.jpeg 55w\" sizes=\"auto, (max-width: 250px) 100vw, 250px\" \/><\/a>\n\t\t\t<\/div><\/figure><figure class='gallery-item'>\n\t\t\t<div class='gallery-icon landscape'>\n\t\t\t\t<a href='https:\/\/www.filantropiacortessolari.cl\/wp-content\/uploads\/2019\/08\/cecrea1.jpeg'><img loading=\"lazy\" decoding=\"async\" width=\"250\" height=\"250\" src=\"https:\/\/www.filantropiacortessolari.cl\/wp-content\/uploads\/2019\/08\/cecrea1-250x250.jpeg\" class=\"attachment-square-thumb size-square-thumb\" alt=\"\" srcset=\"https:\/\/www.filantropiacortessolari.cl\/wp-content\/uploads\/2019\/08\/cecrea1-250x250.jpeg 250w, https:\/\/www.filantropiacortessolari.cl\/wp-content\/uploads\/2019\/08\/cecrea1-150x150.jpeg 150w, https:\/\/www.filantropiacortessolari.cl\/wp-content\/uploads\/2019\/08\/cecrea1-55x55.jpeg 55w\" sizes=\"auto, (max-width: 250px) 100vw, 250px\" \/><\/a>\n\t\t\t<\/div><\/figure>\n\t\t<\/div>\n\n","protected":false},"excerpt":{"rendered":"<p>Esta ma\u00f1ana, Fundaci\u00f3n MERI y Fundaci\u00f3n Caserta participaron de la inauguraci\u00f3n del Centro de Creaci\u00f3n (Cecrea) de Castro, dependiente del Ministerio de las Culturas y las Artes. El evento presidido por la Ministra de la Cultura, Consuelo Vald\u00e9s, y al cual asisti\u00f3 la Presidenta Ejecutiva de Filantrop\u00eda FCS, Francisca Cort\u00e9s Solari, marca un hito en&#8230;<\/p>\n","protected":false},"author":1,"featured_media":353,"comment_status":"open","ping_status":"open","sticky":false,"template":"","format":"standard","meta":{"footnotes":""},"categories":[5],"tags":[],"class_list":["post-356","post","type-post","status-publish","format-standard","has-post-thumbnail","hentry","category-prensa-escrita"],"translation":{"provider":"WPGlobus","version":"3.0.2","language":"en","enabled_languages":["es","en"],"languages":{"es":{"title":true,"content":true,"excerpt":false},"en":{"title":false,"content":false,"excerpt":false}}},"yoast_head":"<!-- This site is optimized with the Yoast SEO plugin v27.4 - https:\/\/yoast.com\/product\/yoast-seo-wordpress\/ -->\n<title>Filantrop\u00eda Cort\u00e9s Solari colabora con Ministerio de las Culturas en innovador programa educativo en Cecrea Castro<\/title>\n<meta name=\"robots\" content=\"index, follow, max-snippet:-1, max-image-preview:large, max-video-preview:-1\" \/>\n<link rel=\"canonical\" href=\"https:\/\/www.filantropiacortessolari.cl\/filantropia-cortes-solari-colabora-con-ministerio-de-las-culturas-en-innovador-programa-educativo-en-cecrea-castro\/\" \/>\n<meta property=\"og:locale\" content=\"en_US\" \/>\n<meta property=\"og:type\" content=\"article\" \/>\n<meta property=\"og:title\" content=\"Filantrop\u00eda Cort\u00e9s Solari colabora con Ministerio de las Culturas en innovador programa educativo en Cecrea Castro\" \/>\n<meta property=\"og:url\" content=\"https:\/\/www.filantropiacortessolari.cl\/filantropia-cortes-solari-colabora-con-ministerio-de-las-culturas-en-innovador-programa-educativo-en-cecrea-castro\/\" \/>\n<meta property=\"og:site_name\" content=\"Filantrop\u00eda Cort\u00e9s Solari\" \/>\n<meta property=\"article:published_time\" content=\"2019-05-30T23:15:02+00:00\" \/>\n<meta property=\"article:modified_time\" content=\"2019-08-13T22:47:05+00:00\" \/>\n<meta property=\"og:image\" content=\"https:\/\/www.filantropiacortessolari.cl\/wp-content\/uploads\/2019\/08\/cecrea3.jpeg\" \/>\n\t<meta property=\"og:image:width\" content=\"1280\" \/>\n\t<meta property=\"og:image:height\" content=\"960\" \/>\n\t<meta property=\"og:image:type\" content=\"image\/jpeg\" \/>\n<meta name=\"author\" content=\"Filantrop\u00eda Cort\u00e9s Solari\" \/>\n<meta name=\"twitter:card\" content=\"summary_large_image\" \/>\n<meta name=\"twitter:label1\" content=\"Written by\" \/>\n\t<meta name=\"twitter:data1\" content=\"Filantrop\u00eda Cort\u00e9s Solari\" \/>\n\t<meta name=\"twitter:label2\" content=\"Est. reading time\" \/>\n\t<meta name=\"twitter:data2\" content=\"1 minute\" \/>\n<script type=\"application\/ld+json\" class=\"yoast-schema-graph\">{\"@context\":\"https:\\\/\\\/schema.org\",\"@graph\":[{\"@type\":\"Article\",\"@id\":\"https:\\\/\\\/www.filantropiacortessolari.cl\\\/filantropia-cortes-solari-colabora-con-ministerio-de-las-culturas-en-innovador-programa-educativo-en-cecrea-castro\\\/#article\",\"isPartOf\":{\"@id\":\"https:\\\/\\\/www.filantropiacortessolari.cl\\\/filantropia-cortes-solari-colabora-con-ministerio-de-las-culturas-en-innovador-programa-educativo-en-cecrea-castro\\\/\"},\"author\":{\"name\":\"Filantrop\u00eda Cort\u00e9s Solari\",\"@id\":\"https:\\\/\\\/www.filantropiacortessolari.cl\\\/#\\\/schema\\\/person\\\/e099cf1046922f4f5892172332dc86c0\"},\"headline\":\"Filantrop\u00eda Cort\u00e9s Solari colabora con Ministerio de las Culturas en innovador programa educativo en Cecrea Castro\",\"datePublished\":\"2019-05-30T23:15:02+00:00\",\"dateModified\":\"2019-08-13T22:47:05+00:00\",\"mainEntityOfPage\":{\"@id\":\"https:\\\/\\\/www.filantropiacortessolari.cl\\\/filantropia-cortes-solari-colabora-con-ministerio-de-las-culturas-en-innovador-programa-educativo-en-cecrea-castro\\\/\"},\"wordCount\":257,\"commentCount\":0,\"image\":{\"@id\":\"https:\\\/\\\/www.filantropiacortessolari.cl\\\/filantropia-cortes-solari-colabora-con-ministerio-de-las-culturas-en-innovador-programa-educativo-en-cecrea-castro\\\/#primaryimage\"},\"thumbnailUrl\":\"https:\\\/\\\/www.filantropiacortessolari.cl\\\/wp-content\\\/uploads\\\/2019\\\/08\\\/cecrea3.jpeg\",\"articleSection\":[\"Prensa Escrita\"],\"inLanguage\":\"en-US\",\"potentialAction\":[{\"@type\":\"CommentAction\",\"name\":\"Comment\",\"target\":[\"https:\\\/\\\/www.filantropiacortessolari.cl\\\/filantropia-cortes-solari-colabora-con-ministerio-de-las-culturas-en-innovador-programa-educativo-en-cecrea-castro\\\/#respond\"]}]},{\"@type\":\"WebPage\",\"@id\":\"https:\\\/\\\/www.filantropiacortessolari.cl\\\/filantropia-cortes-solari-colabora-con-ministerio-de-las-culturas-en-innovador-programa-educativo-en-cecrea-castro\\\/\",\"url\":\"https:\\\/\\\/www.filantropiacortessolari.cl\\\/filantropia-cortes-solari-colabora-con-ministerio-de-las-culturas-en-innovador-programa-educativo-en-cecrea-castro\\\/\",\"name\":\"Filantrop\u00eda Cort\u00e9s Solari colabora con Ministerio de las Culturas en innovador programa educativo en Cecrea Castro\",\"isPartOf\":{\"@id\":\"https:\\\/\\\/www.filantropiacortessolari.cl\\\/#website\"},\"primaryImageOfPage\":{\"@id\":\"https:\\\/\\\/www.filantropiacortessolari.cl\\\/filantropia-cortes-solari-colabora-con-ministerio-de-las-culturas-en-innovador-programa-educativo-en-cecrea-castro\\\/#primaryimage\"},\"image\":{\"@id\":\"https:\\\/\\\/www.filantropiacortessolari.cl\\\/filantropia-cortes-solari-colabora-con-ministerio-de-las-culturas-en-innovador-programa-educativo-en-cecrea-castro\\\/#primaryimage\"},\"thumbnailUrl\":\"https:\\\/\\\/www.filantropiacortessolari.cl\\\/wp-content\\\/uploads\\\/2019\\\/08\\\/cecrea3.jpeg\",\"datePublished\":\"2019-05-30T23:15:02+00:00\",\"dateModified\":\"2019-08-13T22:47:05+00:00\",\"author\":{\"@id\":\"https:\\\/\\\/www.filantropiacortessolari.cl\\\/#\\\/schema\\\/person\\\/e099cf1046922f4f5892172332dc86c0\"},\"breadcrumb\":{\"@id\":\"https:\\\/\\\/www.filantropiacortessolari.cl\\\/filantropia-cortes-solari-colabora-con-ministerio-de-las-culturas-en-innovador-programa-educativo-en-cecrea-castro\\\/#breadcrumb\"},\"inLanguage\":\"en-US\",\"potentialAction\":[{\"@type\":\"ReadAction\",\"target\":[\"https:\\\/\\\/www.filantropiacortessolari.cl\\\/filantropia-cortes-solari-colabora-con-ministerio-de-las-culturas-en-innovador-programa-educativo-en-cecrea-castro\\\/\"]}]},{\"@type\":\"ImageObject\",\"inLanguage\":\"en-US\",\"@id\":\"https:\\\/\\\/www.filantropiacortessolari.cl\\\/filantropia-cortes-solari-colabora-con-ministerio-de-las-culturas-en-innovador-programa-educativo-en-cecrea-castro\\\/#primaryimage\",\"url\":\"https:\\\/\\\/www.filantropiacortessolari.cl\\\/wp-content\\\/uploads\\\/2019\\\/08\\\/cecrea3.jpeg\",\"contentUrl\":\"https:\\\/\\\/www.filantropiacortessolari.cl\\\/wp-content\\\/uploads\\\/2019\\\/08\\\/cecrea3.jpeg\",\"width\":1280,\"height\":960},{\"@type\":\"BreadcrumbList\",\"@id\":\"https:\\\/\\\/www.filantropiacortessolari.cl\\\/filantropia-cortes-solari-colabora-con-ministerio-de-las-culturas-en-innovador-programa-educativo-en-cecrea-castro\\\/#breadcrumb\",\"itemListElement\":[{\"@type\":\"ListItem\",\"position\":1,\"name\":\"Portada\",\"item\":\"https:\\\/\\\/www.filantropiacortessolari.cl\\\/\"},{\"@type\":\"ListItem\",\"position\":2,\"name\":\"Filantrop\u00eda Cort\u00e9s Solari colabora con Ministerio de las Culturas en innovador programa educativo en Cecrea Castro\"}]},{\"@type\":\"WebSite\",\"@id\":\"https:\\\/\\\/www.filantropiacortessolari.cl\\\/#website\",\"url\":\"https:\\\/\\\/www.filantropiacortessolari.cl\\\/\",\"name\":\"Filantrop\u00eda Cort\u00e9s Solari\",\"description\":\"Sitio web Filantrop\u00eda Cort\u00e9s Solari\",\"potentialAction\":[{\"@type\":\"SearchAction\",\"target\":{\"@type\":\"EntryPoint\",\"urlTemplate\":\"https:\\\/\\\/www.filantropiacortessolari.cl\\\/?s={search_term_string}\"},\"query-input\":{\"@type\":\"PropertyValueSpecification\",\"valueRequired\":true,\"valueName\":\"search_term_string\"}}],\"inLanguage\":\"en-US\"},{\"@type\":\"Person\",\"@id\":\"https:\\\/\\\/www.filantropiacortessolari.cl\\\/#\\\/schema\\\/person\\\/e099cf1046922f4f5892172332dc86c0\",\"name\":\"Filantrop\u00eda Cort\u00e9s Solari\",\"image\":{\"@type\":\"ImageObject\",\"inLanguage\":\"en-US\",\"@id\":\"https:\\\/\\\/secure.gravatar.com\\\/avatar\\\/9d17bfe24074ed7576e70cbeb8e010cdd7d01fae9f2047bd96cccbe629ec3c11?s=96&d=mm&r=g\",\"url\":\"https:\\\/\\\/secure.gravatar.com\\\/avatar\\\/9d17bfe24074ed7576e70cbeb8e010cdd7d01fae9f2047bd96cccbe629ec3c11?s=96&d=mm&r=g\",\"contentUrl\":\"https:\\\/\\\/secure.gravatar.com\\\/avatar\\\/9d17bfe24074ed7576e70cbeb8e010cdd7d01fae9f2047bd96cccbe629ec3c11?s=96&d=mm&r=g\",\"caption\":\"Filantrop\u00eda Cort\u00e9s Solari\"},\"url\":\"https:\\\/\\\/www.filantropiacortessolari.cl\\\/en\\\/author\\\/filantropia-cortes-solari\\\/\"}]}<\/script>\n<!-- \/ Yoast SEO plugin. -->","yoast_head_json":{"title":"Filantrop\u00eda Cort\u00e9s Solari colabora con Ministerio de las Culturas en innovador programa educativo en Cecrea Castro","robots":{"index":"index","follow":"follow","max-snippet":"max-snippet:-1","max-image-preview":"max-image-preview:large","max-video-preview":"max-video-preview:-1"},"canonical":"https:\/\/www.filantropiacortessolari.cl\/filantropia-cortes-solari-colabora-con-ministerio-de-las-culturas-en-innovador-programa-educativo-en-cecrea-castro\/","og_locale":"en_US","og_type":"article","og_title":"Filantrop\u00eda Cort\u00e9s Solari colabora con Ministerio de las Culturas en innovador programa educativo en Cecrea Castro","og_url":"https:\/\/www.filantropiacortessolari.cl\/filantropia-cortes-solari-colabora-con-ministerio-de-las-culturas-en-innovador-programa-educativo-en-cecrea-castro\/","og_site_name":"Filantrop\u00eda Cort\u00e9s Solari","article_published_time":"2019-05-30T23:15:02+00:00","article_modified_time":"2019-08-13T22:47:05+00:00","og_image":[{"width":1280,"height":960,"url":"https:\/\/www.filantropiacortessolari.cl\/wp-content\/uploads\/2019\/08\/cecrea3.jpeg","type":"image\/jpeg"}],"author":"Filantrop\u00eda Cort\u00e9s Solari","twitter_card":"summary_large_image","twitter_misc":{"Written by":"Filantrop\u00eda Cort\u00e9s Solari","Est. reading time":"1 minute"},"schema":{"@context":"https:\/\/schema.org","@graph":[{"@type":"Article","@id":"https:\/\/www.filantropiacortessolari.cl\/filantropia-cortes-solari-colabora-con-ministerio-de-las-culturas-en-innovador-programa-educativo-en-cecrea-castro\/#article","isPartOf":{"@id":"https:\/\/www.filantropiacortessolari.cl\/filantropia-cortes-solari-colabora-con-ministerio-de-las-culturas-en-innovador-programa-educativo-en-cecrea-castro\/"},"author":{"name":"Filantrop\u00eda Cort\u00e9s Solari","@id":"https:\/\/www.filantropiacortessolari.cl\/#\/schema\/person\/e099cf1046922f4f5892172332dc86c0"},"headline":"Filantrop\u00eda Cort\u00e9s Solari colabora con Ministerio de las Culturas en innovador programa educativo en Cecrea Castro","datePublished":"2019-05-30T23:15:02+00:00","dateModified":"2019-08-13T22:47:05+00:00","mainEntityOfPage":{"@id":"https:\/\/www.filantropiacortessolari.cl\/filantropia-cortes-solari-colabora-con-ministerio-de-las-culturas-en-innovador-programa-educativo-en-cecrea-castro\/"},"wordCount":257,"commentCount":0,"image":{"@id":"https:\/\/www.filantropiacortessolari.cl\/filantropia-cortes-solari-colabora-con-ministerio-de-las-culturas-en-innovador-programa-educativo-en-cecrea-castro\/#primaryimage"},"thumbnailUrl":"https:\/\/www.filantropiacortessolari.cl\/wp-content\/uploads\/2019\/08\/cecrea3.jpeg","articleSection":["Prensa Escrita"],"inLanguage":"en-US","potentialAction":[{"@type":"CommentAction","name":"Comment","target":["https:\/\/www.filantropiacortessolari.cl\/filantropia-cortes-solari-colabora-con-ministerio-de-las-culturas-en-innovador-programa-educativo-en-cecrea-castro\/#respond"]}]},{"@type":"WebPage","@id":"https:\/\/www.filantropiacortessolari.cl\/filantropia-cortes-solari-colabora-con-ministerio-de-las-culturas-en-innovador-programa-educativo-en-cecrea-castro\/","url":"https:\/\/www.filantropiacortessolari.cl\/filantropia-cortes-solari-colabora-con-ministerio-de-las-culturas-en-innovador-programa-educativo-en-cecrea-castro\/","name":"Filantrop\u00eda Cort\u00e9s Solari colabora con Ministerio de las Culturas en innovador programa educativo en Cecrea Castro","isPartOf":{"@id":"https:\/\/www.filantropiacortessolari.cl\/#website"},"primaryImageOfPage":{"@id":"https:\/\/www.filantropiacortessolari.cl\/filantropia-cortes-solari-colabora-con-ministerio-de-las-culturas-en-innovador-programa-educativo-en-cecrea-castro\/#primaryimage"},"image":{"@id":"https:\/\/www.filantropiacortessolari.cl\/filantropia-cortes-solari-colabora-con-ministerio-de-las-culturas-en-innovador-programa-educativo-en-cecrea-castro\/#primaryimage"},"thumbnailUrl":"https:\/\/www.filantropiacortessolari.cl\/wp-content\/uploads\/2019\/08\/cecrea3.jpeg","datePublished":"2019-05-30T23:15:02+00:00","dateModified":"2019-08-13T22:47:05+00:00","author":{"@id":"https:\/\/www.filantropiacortessolari.cl\/#\/schema\/person\/e099cf1046922f4f5892172332dc86c0"},"breadcrumb":{"@id":"https:\/\/www.filantropiacortessolari.cl\/filantropia-cortes-solari-colabora-con-ministerio-de-las-culturas-en-innovador-programa-educativo-en-cecrea-castro\/#breadcrumb"},"inLanguage":"en-US","potentialAction":[{"@type":"ReadAction","target":["https:\/\/www.filantropiacortessolari.cl\/filantropia-cortes-solari-colabora-con-ministerio-de-las-culturas-en-innovador-programa-educativo-en-cecrea-castro\/"]}]},{"@type":"ImageObject","inLanguage":"en-US","@id":"https:\/\/www.filantropiacortessolari.cl\/filantropia-cortes-solari-colabora-con-ministerio-de-las-culturas-en-innovador-programa-educativo-en-cecrea-castro\/#primaryimage","url":"https:\/\/www.filantropiacortessolari.cl\/wp-content\/uploads\/2019\/08\/cecrea3.jpeg","contentUrl":"https:\/\/www.filantropiacortessolari.cl\/wp-content\/uploads\/2019\/08\/cecrea3.jpeg","width":1280,"height":960},{"@type":"BreadcrumbList","@id":"https:\/\/www.filantropiacortessolari.cl\/filantropia-cortes-solari-colabora-con-ministerio-de-las-culturas-en-innovador-programa-educativo-en-cecrea-castro\/#breadcrumb","itemListElement":[{"@type":"ListItem","position":1,"name":"Portada","item":"https:\/\/www.filantropiacortessolari.cl\/"},{"@type":"ListItem","position":2,"name":"Filantrop\u00eda Cort\u00e9s Solari colabora con Ministerio de las Culturas en innovador programa educativo en Cecrea Castro"}]},{"@type":"WebSite","@id":"https:\/\/www.filantropiacortessolari.cl\/#website","url":"https:\/\/www.filantropiacortessolari.cl\/","name":"Filantrop\u00eda Cort\u00e9s Solari","description":"Sitio web Filantrop\u00eda Cort\u00e9s Solari","potentialAction":[{"@type":"SearchAction","target":{"@type":"EntryPoint","urlTemplate":"https:\/\/www.filantropiacortessolari.cl\/?s={search_term_string}"},"query-input":{"@type":"PropertyValueSpecification","valueRequired":true,"valueName":"search_term_string"}}],"inLanguage":"en-US"},{"@type":"Person","@id":"https:\/\/www.filantropiacortessolari.cl\/#\/schema\/person\/e099cf1046922f4f5892172332dc86c0","name":"Filantrop\u00eda Cort\u00e9s Solari","image":{"@type":"ImageObject","inLanguage":"en-US","@id":"https:\/\/secure.gravatar.com\/avatar\/9d17bfe24074ed7576e70cbeb8e010cdd7d01fae9f2047bd96cccbe629ec3c11?s=96&d=mm&r=g","url":"https:\/\/secure.gravatar.com\/avatar\/9d17bfe24074ed7576e70cbeb8e010cdd7d01fae9f2047bd96cccbe629ec3c11?s=96&d=mm&r=g","contentUrl":"https:\/\/secure.gravatar.com\/avatar\/9d17bfe24074ed7576e70cbeb8e010cdd7d01fae9f2047bd96cccbe629ec3c11?s=96&d=mm&r=g","caption":"Filantrop\u00eda Cort\u00e9s Solari"},"url":"https:\/\/www.filantropiacortessolari.cl\/en\/author\/filantropia-cortes-solari\/"}]}},"_links":{"self":[{"href":"https:\/\/www.filantropiacortessolari.cl\/en\/wp-json\/wp\/v2\/posts\/356","targetHints":{"allow":["GET"]}}],"collection":[{"href":"https:\/\/www.filantropiacortessolari.cl\/en\/wp-json\/wp\/v2\/posts"}],"about":[{"href":"https:\/\/www.filantropiacortessolari.cl\/en\/wp-json\/wp\/v2\/types\/post"}],"author":[{"embeddable":true,"href":"https:\/\/www.filantropiacortessolari.cl\/en\/wp-json\/wp\/v2\/users\/1"}],"replies":[{"embeddable":true,"href":"https:\/\/www.filantropiacortessolari.cl\/en\/wp-json\/wp\/v2\/comments?post=356"}],"version-history":[{"count":3,"href":"https:\/\/www.filantropiacortessolari.cl\/en\/wp-json\/wp\/v2\/posts\/356\/revisions"}],"predecessor-version":[{"id":481,"href":"https:\/\/www.filantropiacortessolari.cl\/en\/wp-json\/wp\/v2\/posts\/356\/revisions\/481"}],"wp:featuredmedia":[{"embeddable":true,"href":"https:\/\/www.filantropiacortessolari.cl\/en\/wp-json\/wp\/v2\/media\/353"}],"wp:attachment":[{"href":"https:\/\/www.filantropiacortessolari.cl\/en\/wp-json\/wp\/v2\/media?parent=356"}],"wp:term":[{"taxonomy":"category","embeddable":true,"href":"https:\/\/www.filantropiacortessolari.cl\/en\/wp-json\/wp\/v2\/categories?post=356"},{"taxonomy":"post_tag","embeddable":true,"href":"https:\/\/www.filantropiacortessolari.cl\/en\/wp-json\/wp\/v2\/tags?post=356"}],"curies":[{"name":"wp","href":"https:\/\/api.w.org\/{rel}","templated":true}]}}