{"id":469,"date":"2019-07-26T17:27:22","date_gmt":"2019-07-26T20:27:22","guid":{"rendered":"http:\/\/intranet.filantropiacortessolari.cl\/?p=469"},"modified":"2019-08-13T19:46:07","modified_gmt":"2019-08-13T22:46:07","slug":"equipo-de-educacion-ambiental-realiza-capacitacion-a-gobernacion-maritima-de-castro","status":"publish","type":"post","link":"https:\/\/www.filantropiacortessolari.cl\/en\/equipo-de-educacion-ambiental-realiza-capacitacion-a-gobernacion-maritima-de-castro\/","title":{"rendered":"Equipo de Educaci\u00f3n Ambiental realiza capacitaci\u00f3n a Gobernaci\u00f3n Mar\u00edtima de Castro"},"content":{"rendered":"<style type=\"text\/css\"><\/style><p>La Gobernaci\u00f3n Mar\u00edtima de Castro recibi\u00f3 este martes 23 de julio al equipo de Educaci\u00f3n Ambiental perteneciente a Fundaci\u00f3n MERI, el que realiz\u00f3 la capacitaci\u00f3n \u201c Identificaci\u00f3n de mam\u00edferos marinos en Chile y prevenci\u00f3n de amenazas\u201d a funcionarios de la Gobernaci\u00f3n y las capitan\u00edas de puerto de su jurisdicci\u00f3n.<\/p>\n<p>Esta capacitaci\u00f3n se enmarca en la educaci\u00f3n ambiental que Fundaci\u00f3n MERI lleva a cabo junto a diversos actores claves del territorio para la reducci\u00f3n de amenazas que afectan a los cet\u00e1ceos.<\/p>\n<p>En el evento se hablaron de la principales caracter\u00edsticas de los cet\u00e1ceos, su morfolog\u00eda, como identificarlos, las buenas pr\u00e1cticas que se pueden realizar, amenazas que les afectan y principales especies de la zona.<\/p>\n<p>Te puede interesar\u00a0<a href=\"https:\/\/www.fundacionmeri.cl\/meri-y-gobernacion-maritima-de-castro-desarrollan-normativa-para-reducir-colisiones-entre-embarcaciones-y-cetaceos\/\" rel=\"noopener\">\u201cMERI y Gobernaci\u00f3n Mar\u00edtima de Castro desarrollan normativa para reducir colisiones entre embarcaciones y cet\u00e1ceos\u201d<\/a><\/p>\n<p>La capacitaci\u00f3n cuenta con el respaldo de la Seremi del Ministerio del Medio Ambiente de los Lagos, Universidad Austral de Chile, WWF Chile y Fundaci\u00f3n MERI por supuesto.<\/p>\n<div id='gallery-1' class='gallery galleryid-469 gallery-columns-2 gallery-size-square-thumb'><figure class='gallery-item'>\n\t\t\t<div class='gallery-icon landscape'>\n\t\t\t\t<a href='https:\/\/www.filantropiacortessolari.cl\/wp-content\/uploads\/2019\/08\/meri11.jpeg'><img loading=\"lazy\" decoding=\"async\" width=\"250\" height=\"250\" src=\"https:\/\/www.filantropiacortessolari.cl\/wp-content\/uploads\/2019\/08\/meri11-250x250.jpeg\" class=\"attachment-square-thumb size-square-thumb\" alt=\"\" srcset=\"https:\/\/www.filantropiacortessolari.cl\/wp-content\/uploads\/2019\/08\/meri11-250x250.jpeg 250w, https:\/\/www.filantropiacortessolari.cl\/wp-content\/uploads\/2019\/08\/meri11-150x150.jpeg 150w, https:\/\/www.filantropiacortessolari.cl\/wp-content\/uploads\/2019\/08\/meri11-55x55.jpeg 55w\" sizes=\"auto, (max-width: 250px) 100vw, 250px\" \/><\/a>\n\t\t\t<\/div><\/figure><figure class='gallery-item'>\n\t\t\t<div class='gallery-icon landscape'>\n\t\t\t\t<a href='https:\/\/www.filantropiacortessolari.cl\/wp-content\/uploads\/2019\/08\/meri12.jpeg'><img loading=\"lazy\" decoding=\"async\" width=\"250\" height=\"250\" src=\"https:\/\/www.filantropiacortessolari.cl\/wp-content\/uploads\/2019\/08\/meri12-250x250.jpeg\" class=\"attachment-square-thumb size-square-thumb\" alt=\"\" srcset=\"https:\/\/www.filantropiacortessolari.cl\/wp-content\/uploads\/2019\/08\/meri12-250x250.jpeg 250w, https:\/\/www.filantropiacortessolari.cl\/wp-content\/uploads\/2019\/08\/meri12-150x150.jpeg 150w, https:\/\/www.filantropiacortessolari.cl\/wp-content\/uploads\/2019\/08\/meri12-55x55.jpeg 55w\" sizes=\"auto, (max-width: 250px) 100vw, 250px\" \/><\/a>\n\t\t\t<\/div><\/figure>\n\t\t<\/div>\n\n","protected":false},"excerpt":{"rendered":"<p>La Gobernaci\u00f3n Mar\u00edtima de Castro recibi\u00f3 este martes 23 de julio al equipo de Educaci\u00f3n Ambiental perteneciente a Fundaci\u00f3n MERI, el que realiz\u00f3 la capacitaci\u00f3n \u201c Identificaci\u00f3n de mam\u00edferos marinos en Chile y prevenci\u00f3n de amenazas\u201d a funcionarios de la Gobernaci\u00f3n y las capitan\u00edas de puerto de su jurisdicci\u00f3n. Esta capacitaci\u00f3n se enmarca en la&#8230;<\/p>\n","protected":false},"author":1,"featured_media":472,"comment_status":"open","ping_status":"open","sticky":false,"template":"","format":"standard","meta":{"footnotes":""},"categories":[5,6],"tags":[],"class_list":["post-469","post","type-post","status-publish","format-standard","has-post-thumbnail","hentry","category-prensa-escrita","category-fundacion-meri"],"translation":{"provider":"WPGlobus","version":"3.0.2","language":"en","enabled_languages":["es","en"],"languages":{"es":{"title":true,"content":true,"excerpt":false},"en":{"title":false,"content":false,"excerpt":false}}},"yoast_head":"<!-- This site is optimized with the Yoast SEO plugin v27.4 - https:\/\/yoast.com\/product\/yoast-seo-wordpress\/ -->\n<title>Equipo de Educaci\u00f3n Ambiental realiza capacitaci\u00f3n a Gobernaci\u00f3n Mar\u00edtima de Castro<\/title>\n<meta name=\"robots\" content=\"index, follow, max-snippet:-1, max-image-preview:large, max-video-preview:-1\" \/>\n<link rel=\"canonical\" href=\"https:\/\/www.filantropiacortessolari.cl\/equipo-de-educacion-ambiental-realiza-capacitacion-a-gobernacion-maritima-de-castro\/\" \/>\n<meta property=\"og:locale\" content=\"en_US\" \/>\n<meta property=\"og:type\" content=\"article\" \/>\n<meta property=\"og:title\" content=\"Equipo de Educaci\u00f3n Ambiental realiza capacitaci\u00f3n a Gobernaci\u00f3n Mar\u00edtima de Castro\" \/>\n<meta property=\"og:url\" content=\"https:\/\/www.filantropiacortessolari.cl\/equipo-de-educacion-ambiental-realiza-capacitacion-a-gobernacion-maritima-de-castro\/\" \/>\n<meta property=\"og:site_name\" content=\"Filantrop\u00eda Cort\u00e9s Solari\" \/>\n<meta property=\"article:published_time\" content=\"2019-07-26T20:27:22+00:00\" \/>\n<meta property=\"article:modified_time\" content=\"2019-08-13T22:46:07+00:00\" \/>\n<meta property=\"og:image\" content=\"https:\/\/www.filantropiacortessolari.cl\/wp-content\/uploads\/2019\/08\/meri13.jpeg\" \/>\n\t<meta property=\"og:image:width\" content=\"1280\" \/>\n\t<meta property=\"og:image:height\" content=\"719\" \/>\n\t<meta property=\"og:image:type\" content=\"image\/jpeg\" \/>\n<meta name=\"author\" content=\"Filantrop\u00eda Cort\u00e9s Solari\" \/>\n<meta name=\"twitter:card\" content=\"summary_large_image\" \/>\n<meta name=\"twitter:label1\" content=\"Written by\" \/>\n\t<meta name=\"twitter:data1\" content=\"Filantrop\u00eda Cort\u00e9s Solari\" \/>\n\t<meta name=\"twitter:label2\" content=\"Est. reading time\" \/>\n\t<meta name=\"twitter:data2\" content=\"1 minute\" \/>\n<script type=\"application\/ld+json\" class=\"yoast-schema-graph\">{\"@context\":\"https:\\\/\\\/schema.org\",\"@graph\":[{\"@type\":\"Article\",\"@id\":\"https:\\\/\\\/www.filantropiacortessolari.cl\\\/equipo-de-educacion-ambiental-realiza-capacitacion-a-gobernacion-maritima-de-castro\\\/#article\",\"isPartOf\":{\"@id\":\"https:\\\/\\\/www.filantropiacortessolari.cl\\\/equipo-de-educacion-ambiental-realiza-capacitacion-a-gobernacion-maritima-de-castro\\\/\"},\"author\":{\"name\":\"Filantrop\u00eda Cort\u00e9s Solari\",\"@id\":\"https:\\\/\\\/www.filantropiacortessolari.cl\\\/#\\\/schema\\\/person\\\/e099cf1046922f4f5892172332dc86c0\"},\"headline\":\"Equipo de Educaci\u00f3n Ambiental realiza capacitaci\u00f3n a Gobernaci\u00f3n Mar\u00edtima de Castro\",\"datePublished\":\"2019-07-26T20:27:22+00:00\",\"dateModified\":\"2019-08-13T22:46:07+00:00\",\"mainEntityOfPage\":{\"@id\":\"https:\\\/\\\/www.filantropiacortessolari.cl\\\/equipo-de-educacion-ambiental-realiza-capacitacion-a-gobernacion-maritima-de-castro\\\/\"},\"wordCount\":204,\"commentCount\":0,\"image\":{\"@id\":\"https:\\\/\\\/www.filantropiacortessolari.cl\\\/equipo-de-educacion-ambiental-realiza-capacitacion-a-gobernacion-maritima-de-castro\\\/#primaryimage\"},\"thumbnailUrl\":\"https:\\\/\\\/www.filantropiacortessolari.cl\\\/wp-content\\\/uploads\\\/2019\\\/08\\\/meri13.jpeg\",\"articleSection\":[\"Prensa Escrita\",\"Prensa MERI\"],\"inLanguage\":\"en-US\",\"potentialAction\":[{\"@type\":\"CommentAction\",\"name\":\"Comment\",\"target\":[\"https:\\\/\\\/www.filantropiacortessolari.cl\\\/equipo-de-educacion-ambiental-realiza-capacitacion-a-gobernacion-maritima-de-castro\\\/#respond\"]}]},{\"@type\":\"WebPage\",\"@id\":\"https:\\\/\\\/www.filantropiacortessolari.cl\\\/equipo-de-educacion-ambiental-realiza-capacitacion-a-gobernacion-maritima-de-castro\\\/\",\"url\":\"https:\\\/\\\/www.filantropiacortessolari.cl\\\/equipo-de-educacion-ambiental-realiza-capacitacion-a-gobernacion-maritima-de-castro\\\/\",\"name\":\"Equipo de Educaci\u00f3n Ambiental realiza capacitaci\u00f3n a Gobernaci\u00f3n Mar\u00edtima de Castro\",\"isPartOf\":{\"@id\":\"https:\\\/\\\/www.filantropiacortessolari.cl\\\/#website\"},\"primaryImageOfPage\":{\"@id\":\"https:\\\/\\\/www.filantropiacortessolari.cl\\\/equipo-de-educacion-ambiental-realiza-capacitacion-a-gobernacion-maritima-de-castro\\\/#primaryimage\"},\"image\":{\"@id\":\"https:\\\/\\\/www.filantropiacortessolari.cl\\\/equipo-de-educacion-ambiental-realiza-capacitacion-a-gobernacion-maritima-de-castro\\\/#primaryimage\"},\"thumbnailUrl\":\"https:\\\/\\\/www.filantropiacortessolari.cl\\\/wp-content\\\/uploads\\\/2019\\\/08\\\/meri13.jpeg\",\"datePublished\":\"2019-07-26T20:27:22+00:00\",\"dateModified\":\"2019-08-13T22:46:07+00:00\",\"author\":{\"@id\":\"https:\\\/\\\/www.filantropiacortessolari.cl\\\/#\\\/schema\\\/person\\\/e099cf1046922f4f5892172332dc86c0\"},\"breadcrumb\":{\"@id\":\"https:\\\/\\\/www.filantropiacortessolari.cl\\\/equipo-de-educacion-ambiental-realiza-capacitacion-a-gobernacion-maritima-de-castro\\\/#breadcrumb\"},\"inLanguage\":\"en-US\",\"potentialAction\":[{\"@type\":\"ReadAction\",\"target\":[\"https:\\\/\\\/www.filantropiacortessolari.cl\\\/equipo-de-educacion-ambiental-realiza-capacitacion-a-gobernacion-maritima-de-castro\\\/\"]}]},{\"@type\":\"ImageObject\",\"inLanguage\":\"en-US\",\"@id\":\"https:\\\/\\\/www.filantropiacortessolari.cl\\\/equipo-de-educacion-ambiental-realiza-capacitacion-a-gobernacion-maritima-de-castro\\\/#primaryimage\",\"url\":\"https:\\\/\\\/www.filantropiacortessolari.cl\\\/wp-content\\\/uploads\\\/2019\\\/08\\\/meri13.jpeg\",\"contentUrl\":\"https:\\\/\\\/www.filantropiacortessolari.cl\\\/wp-content\\\/uploads\\\/2019\\\/08\\\/meri13.jpeg\",\"width\":1280,\"height\":719},{\"@type\":\"BreadcrumbList\",\"@id\":\"https:\\\/\\\/www.filantropiacortessolari.cl\\\/equipo-de-educacion-ambiental-realiza-capacitacion-a-gobernacion-maritima-de-castro\\\/#breadcrumb\",\"itemListElement\":[{\"@type\":\"ListItem\",\"position\":1,\"name\":\"Portada\",\"item\":\"https:\\\/\\\/www.filantropiacortessolari.cl\\\/\"},{\"@type\":\"ListItem\",\"position\":2,\"name\":\"Equipo de Educaci\u00f3n Ambiental realiza capacitaci\u00f3n a Gobernaci\u00f3n Mar\u00edtima de Castro\"}]},{\"@type\":\"WebSite\",\"@id\":\"https:\\\/\\\/www.filantropiacortessolari.cl\\\/#website\",\"url\":\"https:\\\/\\\/www.filantropiacortessolari.cl\\\/\",\"name\":\"Filantrop\u00eda Cort\u00e9s Solari\",\"description\":\"Sitio web Filantrop\u00eda Cort\u00e9s Solari\",\"potentialAction\":[{\"@type\":\"SearchAction\",\"target\":{\"@type\":\"EntryPoint\",\"urlTemplate\":\"https:\\\/\\\/www.filantropiacortessolari.cl\\\/?s={search_term_string}\"},\"query-input\":{\"@type\":\"PropertyValueSpecification\",\"valueRequired\":true,\"valueName\":\"search_term_string\"}}],\"inLanguage\":\"en-US\"},{\"@type\":\"Person\",\"@id\":\"https:\\\/\\\/www.filantropiacortessolari.cl\\\/#\\\/schema\\\/person\\\/e099cf1046922f4f5892172332dc86c0\",\"name\":\"Filantrop\u00eda Cort\u00e9s Solari\",\"image\":{\"@type\":\"ImageObject\",\"inLanguage\":\"en-US\",\"@id\":\"https:\\\/\\\/secure.gravatar.com\\\/avatar\\\/9d17bfe24074ed7576e70cbeb8e010cdd7d01fae9f2047bd96cccbe629ec3c11?s=96&d=mm&r=g\",\"url\":\"https:\\\/\\\/secure.gravatar.com\\\/avatar\\\/9d17bfe24074ed7576e70cbeb8e010cdd7d01fae9f2047bd96cccbe629ec3c11?s=96&d=mm&r=g\",\"contentUrl\":\"https:\\\/\\\/secure.gravatar.com\\\/avatar\\\/9d17bfe24074ed7576e70cbeb8e010cdd7d01fae9f2047bd96cccbe629ec3c11?s=96&d=mm&r=g\",\"caption\":\"Filantrop\u00eda Cort\u00e9s Solari\"},\"url\":\"https:\\\/\\\/www.filantropiacortessolari.cl\\\/en\\\/author\\\/filantropia-cortes-solari\\\/\"}]}<\/script>\n<!-- \/ Yoast SEO plugin. -->","yoast_head_json":{"title":"Equipo de Educaci\u00f3n Ambiental realiza capacitaci\u00f3n a Gobernaci\u00f3n Mar\u00edtima de Castro","robots":{"index":"index","follow":"follow","max-snippet":"max-snippet:-1","max-image-preview":"max-image-preview:large","max-video-preview":"max-video-preview:-1"},"canonical":"https:\/\/www.filantropiacortessolari.cl\/equipo-de-educacion-ambiental-realiza-capacitacion-a-gobernacion-maritima-de-castro\/","og_locale":"en_US","og_type":"article","og_title":"Equipo de Educaci\u00f3n Ambiental realiza capacitaci\u00f3n a Gobernaci\u00f3n Mar\u00edtima de Castro","og_url":"https:\/\/www.filantropiacortessolari.cl\/equipo-de-educacion-ambiental-realiza-capacitacion-a-gobernacion-maritima-de-castro\/","og_site_name":"Filantrop\u00eda Cort\u00e9s Solari","article_published_time":"2019-07-26T20:27:22+00:00","article_modified_time":"2019-08-13T22:46:07+00:00","og_image":[{"width":1280,"height":719,"url":"https:\/\/www.filantropiacortessolari.cl\/wp-content\/uploads\/2019\/08\/meri13.jpeg","type":"image\/jpeg"}],"author":"Filantrop\u00eda Cort\u00e9s Solari","twitter_card":"summary_large_image","twitter_misc":{"Written by":"Filantrop\u00eda Cort\u00e9s Solari","Est. reading time":"1 minute"},"schema":{"@context":"https:\/\/schema.org","@graph":[{"@type":"Article","@id":"https:\/\/www.filantropiacortessolari.cl\/equipo-de-educacion-ambiental-realiza-capacitacion-a-gobernacion-maritima-de-castro\/#article","isPartOf":{"@id":"https:\/\/www.filantropiacortessolari.cl\/equipo-de-educacion-ambiental-realiza-capacitacion-a-gobernacion-maritima-de-castro\/"},"author":{"name":"Filantrop\u00eda Cort\u00e9s Solari","@id":"https:\/\/www.filantropiacortessolari.cl\/#\/schema\/person\/e099cf1046922f4f5892172332dc86c0"},"headline":"Equipo de Educaci\u00f3n Ambiental realiza capacitaci\u00f3n a Gobernaci\u00f3n Mar\u00edtima de Castro","datePublished":"2019-07-26T20:27:22+00:00","dateModified":"2019-08-13T22:46:07+00:00","mainEntityOfPage":{"@id":"https:\/\/www.filantropiacortessolari.cl\/equipo-de-educacion-ambiental-realiza-capacitacion-a-gobernacion-maritima-de-castro\/"},"wordCount":204,"commentCount":0,"image":{"@id":"https:\/\/www.filantropiacortessolari.cl\/equipo-de-educacion-ambiental-realiza-capacitacion-a-gobernacion-maritima-de-castro\/#primaryimage"},"thumbnailUrl":"https:\/\/www.filantropiacortessolari.cl\/wp-content\/uploads\/2019\/08\/meri13.jpeg","articleSection":["Prensa Escrita","Prensa MERI"],"inLanguage":"en-US","potentialAction":[{"@type":"CommentAction","name":"Comment","target":["https:\/\/www.filantropiacortessolari.cl\/equipo-de-educacion-ambiental-realiza-capacitacion-a-gobernacion-maritima-de-castro\/#respond"]}]},{"@type":"WebPage","@id":"https:\/\/www.filantropiacortessolari.cl\/equipo-de-educacion-ambiental-realiza-capacitacion-a-gobernacion-maritima-de-castro\/","url":"https:\/\/www.filantropiacortessolari.cl\/equipo-de-educacion-ambiental-realiza-capacitacion-a-gobernacion-maritima-de-castro\/","name":"Equipo de Educaci\u00f3n Ambiental realiza capacitaci\u00f3n a Gobernaci\u00f3n Mar\u00edtima de Castro","isPartOf":{"@id":"https:\/\/www.filantropiacortessolari.cl\/#website"},"primaryImageOfPage":{"@id":"https:\/\/www.filantropiacortessolari.cl\/equipo-de-educacion-ambiental-realiza-capacitacion-a-gobernacion-maritima-de-castro\/#primaryimage"},"image":{"@id":"https:\/\/www.filantropiacortessolari.cl\/equipo-de-educacion-ambiental-realiza-capacitacion-a-gobernacion-maritima-de-castro\/#primaryimage"},"thumbnailUrl":"https:\/\/www.filantropiacortessolari.cl\/wp-content\/uploads\/2019\/08\/meri13.jpeg","datePublished":"2019-07-26T20:27:22+00:00","dateModified":"2019-08-13T22:46:07+00:00","author":{"@id":"https:\/\/www.filantropiacortessolari.cl\/#\/schema\/person\/e099cf1046922f4f5892172332dc86c0"},"breadcrumb":{"@id":"https:\/\/www.filantropiacortessolari.cl\/equipo-de-educacion-ambiental-realiza-capacitacion-a-gobernacion-maritima-de-castro\/#breadcrumb"},"inLanguage":"en-US","potentialAction":[{"@type":"ReadAction","target":["https:\/\/www.filantropiacortessolari.cl\/equipo-de-educacion-ambiental-realiza-capacitacion-a-gobernacion-maritima-de-castro\/"]}]},{"@type":"ImageObject","inLanguage":"en-US","@id":"https:\/\/www.filantropiacortessolari.cl\/equipo-de-educacion-ambiental-realiza-capacitacion-a-gobernacion-maritima-de-castro\/#primaryimage","url":"https:\/\/www.filantropiacortessolari.cl\/wp-content\/uploads\/2019\/08\/meri13.jpeg","contentUrl":"https:\/\/www.filantropiacortessolari.cl\/wp-content\/uploads\/2019\/08\/meri13.jpeg","width":1280,"height":719},{"@type":"BreadcrumbList","@id":"https:\/\/www.filantropiacortessolari.cl\/equipo-de-educacion-ambiental-realiza-capacitacion-a-gobernacion-maritima-de-castro\/#breadcrumb","itemListElement":[{"@type":"ListItem","position":1,"name":"Portada","item":"https:\/\/www.filantropiacortessolari.cl\/"},{"@type":"ListItem","position":2,"name":"Equipo de Educaci\u00f3n Ambiental realiza capacitaci\u00f3n a Gobernaci\u00f3n Mar\u00edtima de Castro"}]},{"@type":"WebSite","@id":"https:\/\/www.filantropiacortessolari.cl\/#website","url":"https:\/\/www.filantropiacortessolari.cl\/","name":"Filantrop\u00eda Cort\u00e9s Solari","description":"Sitio web Filantrop\u00eda Cort\u00e9s Solari","potentialAction":[{"@type":"SearchAction","target":{"@type":"EntryPoint","urlTemplate":"https:\/\/www.filantropiacortessolari.cl\/?s={search_term_string}"},"query-input":{"@type":"PropertyValueSpecification","valueRequired":true,"valueName":"search_term_string"}}],"inLanguage":"en-US"},{"@type":"Person","@id":"https:\/\/www.filantropiacortessolari.cl\/#\/schema\/person\/e099cf1046922f4f5892172332dc86c0","name":"Filantrop\u00eda Cort\u00e9s Solari","image":{"@type":"ImageObject","inLanguage":"en-US","@id":"https:\/\/secure.gravatar.com\/avatar\/9d17bfe24074ed7576e70cbeb8e010cdd7d01fae9f2047bd96cccbe629ec3c11?s=96&d=mm&r=g","url":"https:\/\/secure.gravatar.com\/avatar\/9d17bfe24074ed7576e70cbeb8e010cdd7d01fae9f2047bd96cccbe629ec3c11?s=96&d=mm&r=g","contentUrl":"https:\/\/secure.gravatar.com\/avatar\/9d17bfe24074ed7576e70cbeb8e010cdd7d01fae9f2047bd96cccbe629ec3c11?s=96&d=mm&r=g","caption":"Filantrop\u00eda Cort\u00e9s Solari"},"url":"https:\/\/www.filantropiacortessolari.cl\/en\/author\/filantropia-cortes-solari\/"}]}},"_links":{"self":[{"href":"https:\/\/www.filantropiacortessolari.cl\/en\/wp-json\/wp\/v2\/posts\/469","targetHints":{"allow":["GET"]}}],"collection":[{"href":"https:\/\/www.filantropiacortessolari.cl\/en\/wp-json\/wp\/v2\/posts"}],"about":[{"href":"https:\/\/www.filantropiacortessolari.cl\/en\/wp-json\/wp\/v2\/types\/post"}],"author":[{"embeddable":true,"href":"https:\/\/www.filantropiacortessolari.cl\/en\/wp-json\/wp\/v2\/users\/1"}],"replies":[{"embeddable":true,"href":"https:\/\/www.filantropiacortessolari.cl\/en\/wp-json\/wp\/v2\/comments?post=469"}],"version-history":[{"count":1,"href":"https:\/\/www.filantropiacortessolari.cl\/en\/wp-json\/wp\/v2\/posts\/469\/revisions"}],"predecessor-version":[{"id":473,"href":"https:\/\/www.filantropiacortessolari.cl\/en\/wp-json\/wp\/v2\/posts\/469\/revisions\/473"}],"wp:featuredmedia":[{"embeddable":true,"href":"https:\/\/www.filantropiacortessolari.cl\/en\/wp-json\/wp\/v2\/media\/472"}],"wp:attachment":[{"href":"https:\/\/www.filantropiacortessolari.cl\/en\/wp-json\/wp\/v2\/media?parent=469"}],"wp:term":[{"taxonomy":"category","embeddable":true,"href":"https:\/\/www.filantropiacortessolari.cl\/en\/wp-json\/wp\/v2\/categories?post=469"},{"taxonomy":"post_tag","embeddable":true,"href":"https:\/\/www.filantropiacortessolari.cl\/en\/wp-json\/wp\/v2\/tags?post=469"}],"curies":[{"name":"wp","href":"https:\/\/api.w.org\/{rel}","templated":true}]}}