{"id":487,"date":"2019-07-27T19:50:11","date_gmt":"2019-07-27T22:50:11","guid":{"rendered":"http:\/\/intranet.filantropiacortessolari.cl\/?p=487"},"modified":"2019-08-19T23:45:07","modified_gmt":"2019-08-20T02:45:07","slug":"cada-vez-falta-menos-para-la-cop25-enterate-de-todo-lo-necesario","status":"publish","type":"post","link":"https:\/\/www.filantropiacortessolari.cl\/en\/cada-vez-falta-menos-para-la-cop25-enterate-de-todo-lo-necesario\/","title":{"rendered":"Cada vez falta menos para la COP25, enterate de todo lo necesario"},"content":{"rendered":"<style type=\"text\/css\"><\/style><p>Entre el 2 y el 13 de diciembre, Chile ser\u00e1 el pa\u00eds anfitri\u00f3n del evento m\u00e1s importante en relaci\u00f3n con el cambio clim\u00e1tico y el calentamiento global. \u00bfNo sabes de lo que estamos hablando? Nos referimos a la 25\u00aa reuni\u00f3n de Conferencia de las Partes (COP) de Naciones Unidas, en esta nota te contaremos todo lo que necesitas saber de este evento.<\/p>\n<p>Una encuesta realizada por la Universidad Cat\u00f3lica de Valpara\u00edso se\u00f1al\u00f3 que el 97,7% de los j\u00f3venes cree que \u201ctodos los pa\u00edses deber\u00edan firmar y cumplir acuerdos para cuidar el medio ambiente\u201d. Sin embargo, 80% desconoc\u00eda la realizaci\u00f3n de la COP25 en Chile, por lo mismo, ahora podr\u00e1s dejar de ser parte de este porcentaje.<\/p>\n<h4>\u00bfQu\u00e9 es la COP?<\/h4>\n<p>En la Cumbre de la Tierra de 1992 se firm\u00f3 la Convenci\u00f3n Marco de Naciones Unidas (CMNUCC), la primera respuesta internacional al cambio clim\u00e1tico. En esa instancia se defini\u00f3 a la Conferencia de las Partes como el \u00f3rgano de decisi\u00f3n de esta convenci\u00f3n.<\/p>\n<p>Berl\u00edn recibi\u00f3 la primera COP, desde ese a\u00f1o, expertos, ministros, jefes de estados y ONGs se re\u00fanen anualmente para proponer, evaluar y aprobar otros instrumentos relacionados a proteger el planeta.<\/p>\n<h4>Cop 25<\/h4>\n<p>Chile fue escogido como organizador de la COP25, la cual se realizar\u00e1 en el parque bicentenario de Cerrillos y se espera recibir a 25.000 personas aproximadamente.<\/p>\n<p>Esta versi\u00f3n fue definida como la \u201cBlue COP\u201d ya que los principales temas a tratar ser\u00e1 la preservaci\u00f3n de los oc\u00e9anos, los campos de hielo, icebergs y la Ant\u00e1rtica. Adem\u00e1s, se buscar\u00e1 fijar criterios para el cumplimiento del acuerdo de Par\u00eds. El gobierno, pondr\u00e1 en la mesa la electromovilidad, energ\u00edas de fuentes renovables y la b\u00fasqueda de la descarbonizaci\u00f3n en varios \u00e1mbitos.<\/p>\n<h4>\u00bfC\u00f3mo participar?<\/h4>\n<p>La Zona Verde ser\u00e1 un espacio ciudadano dentro de este evento, la cual ser\u00e1 abierta a p\u00fablico, donde actores no gubernamentales exhiben su trabajo y su compromiso con la acci\u00f3n clim\u00e1tica.<br \/>\nLa Agenda Ciudadana ser\u00e1 un espacio para iniciativas y eventos relacionados a temas ambientales realizados desde la ciudadan\u00eda, los cuales ser\u00e1n apoyados por la COP25. Si necesitas m\u00e1s informaci\u00f3n, te invitamos a enviar un correo a esta direcci\u00f3n contenidos@cop25.cl<br \/>\nLos voluntarios ser\u00e1n fundamentales en este evento, involucr\u00e1ndose en la organizaci\u00f3n, entregando informaci\u00f3n y apoyo a los participantes. Si te interesa saber m\u00e1s, haz click aqui.<br \/>\nGreta Thunberg, la activista que atravesara el oc\u00e9ano para estar presente<br \/>\nCon tan solo 16 a\u00f1os,Greta Thunberg se ha convertido en una de las activistas medioambientales m\u00e1s influyentes debido a que moviliz\u00f3 miles de estudiantes en contra del cambio clim\u00e1tico a trav\u00e9s de sus \u201cviernes por el futuro\u201d.<\/p>\n<p>La joven hab\u00eda desestimado participar de este evento ya que no utiliza aviones debido a su alta huella de carbono. Sin embargo, luego de grandes gestiones y debido a la importancia de la COP25, la activista sueca llegar\u00e1 a nuestro pa\u00eds en barco.<\/p>\n","protected":false},"excerpt":{"rendered":"<p>Entre el 2 y el 13 de diciembre, Chile ser\u00e1 el pa\u00eds anfitri\u00f3n del evento m\u00e1s importante en relaci\u00f3n con el cambio clim\u00e1tico y el calentamiento global. \u00bfNo sabes de lo que estamos hablando? Nos referimos a la 25\u00aa reuni\u00f3n de Conferencia de las Partes (COP) de Naciones Unidas, en esta nota te contaremos todo&#8230;<\/p>\n","protected":false},"author":1,"featured_media":488,"comment_status":"open","ping_status":"open","sticky":false,"template":"","format":"standard","meta":{"footnotes":""},"categories":[5,6],"tags":[],"class_list":["post-487","post","type-post","status-publish","format-standard","has-post-thumbnail","hentry","category-prensa-escrita","category-fundacion-meri"],"translation":{"provider":"WPGlobus","version":"3.0.2","language":"en","enabled_languages":["es","en"],"languages":{"es":{"title":true,"content":true,"excerpt":false},"en":{"title":false,"content":false,"excerpt":false}}},"yoast_head":"<!-- This site is optimized with the Yoast SEO plugin v27.4 - https:\/\/yoast.com\/product\/yoast-seo-wordpress\/ -->\n<title>Cada vez falta menos para la COP25, enterate de todo lo necesario<\/title>\n<meta name=\"robots\" content=\"index, follow, max-snippet:-1, max-image-preview:large, max-video-preview:-1\" \/>\n<link rel=\"canonical\" href=\"https:\/\/www.filantropiacortessolari.cl\/cada-vez-falta-menos-para-la-cop25-enterate-de-todo-lo-necesario\/\" \/>\n<meta property=\"og:locale\" content=\"en_US\" \/>\n<meta property=\"og:type\" content=\"article\" \/>\n<meta property=\"og:title\" content=\"Cada vez falta menos para la COP25, enterate de todo lo necesario\" \/>\n<meta property=\"og:url\" content=\"https:\/\/www.filantropiacortessolari.cl\/cada-vez-falta-menos-para-la-cop25-enterate-de-todo-lo-necesario\/\" \/>\n<meta property=\"og:site_name\" content=\"Filantrop\u00eda Cort\u00e9s Solari\" \/>\n<meta property=\"article:published_time\" content=\"2019-07-27T22:50:11+00:00\" \/>\n<meta property=\"article:modified_time\" content=\"2019-08-20T02:45:07+00:00\" \/>\n<meta property=\"og:image\" content=\"https:\/\/www.filantropiacortessolari.cl\/wp-content\/uploads\/2019\/08\/cop.jpeg\" \/>\n\t<meta property=\"og:image:width\" content=\"1280\" \/>\n\t<meta property=\"og:image:height\" content=\"717\" \/>\n\t<meta property=\"og:image:type\" content=\"image\/jpeg\" \/>\n<meta name=\"author\" content=\"Filantrop\u00eda Cort\u00e9s Solari\" \/>\n<meta name=\"twitter:card\" content=\"summary_large_image\" \/>\n<meta name=\"twitter:label1\" content=\"Written by\" \/>\n\t<meta name=\"twitter:data1\" content=\"Filantrop\u00eda Cort\u00e9s Solari\" \/>\n\t<meta name=\"twitter:label2\" content=\"Est. reading time\" \/>\n\t<meta name=\"twitter:data2\" content=\"3 minutes\" \/>\n<script type=\"application\/ld+json\" class=\"yoast-schema-graph\">{\"@context\":\"https:\\\/\\\/schema.org\",\"@graph\":[{\"@type\":\"Article\",\"@id\":\"https:\\\/\\\/www.filantropiacortessolari.cl\\\/cada-vez-falta-menos-para-la-cop25-enterate-de-todo-lo-necesario\\\/#article\",\"isPartOf\":{\"@id\":\"https:\\\/\\\/www.filantropiacortessolari.cl\\\/cada-vez-falta-menos-para-la-cop25-enterate-de-todo-lo-necesario\\\/\"},\"author\":{\"name\":\"Filantrop\u00eda Cort\u00e9s Solari\",\"@id\":\"https:\\\/\\\/www.filantropiacortessolari.cl\\\/#\\\/schema\\\/person\\\/e099cf1046922f4f5892172332dc86c0\"},\"headline\":\"Cada vez falta menos para la COP25, enterate de todo lo necesario\",\"datePublished\":\"2019-07-27T22:50:11+00:00\",\"dateModified\":\"2019-08-20T02:45:07+00:00\",\"mainEntityOfPage\":{\"@id\":\"https:\\\/\\\/www.filantropiacortessolari.cl\\\/cada-vez-falta-menos-para-la-cop25-enterate-de-todo-lo-necesario\\\/\"},\"wordCount\":530,\"commentCount\":0,\"image\":{\"@id\":\"https:\\\/\\\/www.filantropiacortessolari.cl\\\/cada-vez-falta-menos-para-la-cop25-enterate-de-todo-lo-necesario\\\/#primaryimage\"},\"thumbnailUrl\":\"https:\\\/\\\/www.filantropiacortessolari.cl\\\/wp-content\\\/uploads\\\/2019\\\/08\\\/cop.jpeg\",\"articleSection\":[\"Prensa Escrita\",\"Prensa MERI\"],\"inLanguage\":\"en-US\",\"potentialAction\":[{\"@type\":\"CommentAction\",\"name\":\"Comment\",\"target\":[\"https:\\\/\\\/www.filantropiacortessolari.cl\\\/cada-vez-falta-menos-para-la-cop25-enterate-de-todo-lo-necesario\\\/#respond\"]}]},{\"@type\":\"WebPage\",\"@id\":\"https:\\\/\\\/www.filantropiacortessolari.cl\\\/cada-vez-falta-menos-para-la-cop25-enterate-de-todo-lo-necesario\\\/\",\"url\":\"https:\\\/\\\/www.filantropiacortessolari.cl\\\/cada-vez-falta-menos-para-la-cop25-enterate-de-todo-lo-necesario\\\/\",\"name\":\"Cada vez falta menos para la COP25, enterate de todo lo necesario\",\"isPartOf\":{\"@id\":\"https:\\\/\\\/www.filantropiacortessolari.cl\\\/#website\"},\"primaryImageOfPage\":{\"@id\":\"https:\\\/\\\/www.filantropiacortessolari.cl\\\/cada-vez-falta-menos-para-la-cop25-enterate-de-todo-lo-necesario\\\/#primaryimage\"},\"image\":{\"@id\":\"https:\\\/\\\/www.filantropiacortessolari.cl\\\/cada-vez-falta-menos-para-la-cop25-enterate-de-todo-lo-necesario\\\/#primaryimage\"},\"thumbnailUrl\":\"https:\\\/\\\/www.filantropiacortessolari.cl\\\/wp-content\\\/uploads\\\/2019\\\/08\\\/cop.jpeg\",\"datePublished\":\"2019-07-27T22:50:11+00:00\",\"dateModified\":\"2019-08-20T02:45:07+00:00\",\"author\":{\"@id\":\"https:\\\/\\\/www.filantropiacortessolari.cl\\\/#\\\/schema\\\/person\\\/e099cf1046922f4f5892172332dc86c0\"},\"breadcrumb\":{\"@id\":\"https:\\\/\\\/www.filantropiacortessolari.cl\\\/cada-vez-falta-menos-para-la-cop25-enterate-de-todo-lo-necesario\\\/#breadcrumb\"},\"inLanguage\":\"en-US\",\"potentialAction\":[{\"@type\":\"ReadAction\",\"target\":[\"https:\\\/\\\/www.filantropiacortessolari.cl\\\/cada-vez-falta-menos-para-la-cop25-enterate-de-todo-lo-necesario\\\/\"]}]},{\"@type\":\"ImageObject\",\"inLanguage\":\"en-US\",\"@id\":\"https:\\\/\\\/www.filantropiacortessolari.cl\\\/cada-vez-falta-menos-para-la-cop25-enterate-de-todo-lo-necesario\\\/#primaryimage\",\"url\":\"https:\\\/\\\/www.filantropiacortessolari.cl\\\/wp-content\\\/uploads\\\/2019\\\/08\\\/cop.jpeg\",\"contentUrl\":\"https:\\\/\\\/www.filantropiacortessolari.cl\\\/wp-content\\\/uploads\\\/2019\\\/08\\\/cop.jpeg\",\"width\":1280,\"height\":717},{\"@type\":\"BreadcrumbList\",\"@id\":\"https:\\\/\\\/www.filantropiacortessolari.cl\\\/cada-vez-falta-menos-para-la-cop25-enterate-de-todo-lo-necesario\\\/#breadcrumb\",\"itemListElement\":[{\"@type\":\"ListItem\",\"position\":1,\"name\":\"Portada\",\"item\":\"https:\\\/\\\/www.filantropiacortessolari.cl\\\/\"},{\"@type\":\"ListItem\",\"position\":2,\"name\":\"Cada vez falta menos para la COP25, enterate de todo lo necesario\"}]},{\"@type\":\"WebSite\",\"@id\":\"https:\\\/\\\/www.filantropiacortessolari.cl\\\/#website\",\"url\":\"https:\\\/\\\/www.filantropiacortessolari.cl\\\/\",\"name\":\"Filantrop\u00eda Cort\u00e9s Solari\",\"description\":\"Sitio web Filantrop\u00eda Cort\u00e9s Solari\",\"potentialAction\":[{\"@type\":\"SearchAction\",\"target\":{\"@type\":\"EntryPoint\",\"urlTemplate\":\"https:\\\/\\\/www.filantropiacortessolari.cl\\\/?s={search_term_string}\"},\"query-input\":{\"@type\":\"PropertyValueSpecification\",\"valueRequired\":true,\"valueName\":\"search_term_string\"}}],\"inLanguage\":\"en-US\"},{\"@type\":\"Person\",\"@id\":\"https:\\\/\\\/www.filantropiacortessolari.cl\\\/#\\\/schema\\\/person\\\/e099cf1046922f4f5892172332dc86c0\",\"name\":\"Filantrop\u00eda Cort\u00e9s Solari\",\"image\":{\"@type\":\"ImageObject\",\"inLanguage\":\"en-US\",\"@id\":\"https:\\\/\\\/secure.gravatar.com\\\/avatar\\\/9d17bfe24074ed7576e70cbeb8e010cdd7d01fae9f2047bd96cccbe629ec3c11?s=96&d=mm&r=g\",\"url\":\"https:\\\/\\\/secure.gravatar.com\\\/avatar\\\/9d17bfe24074ed7576e70cbeb8e010cdd7d01fae9f2047bd96cccbe629ec3c11?s=96&d=mm&r=g\",\"contentUrl\":\"https:\\\/\\\/secure.gravatar.com\\\/avatar\\\/9d17bfe24074ed7576e70cbeb8e010cdd7d01fae9f2047bd96cccbe629ec3c11?s=96&d=mm&r=g\",\"caption\":\"Filantrop\u00eda Cort\u00e9s Solari\"},\"url\":\"https:\\\/\\\/www.filantropiacortessolari.cl\\\/en\\\/author\\\/filantropia-cortes-solari\\\/\"}]}<\/script>\n<!-- \/ Yoast SEO plugin. -->","yoast_head_json":{"title":"Cada vez falta menos para la COP25, enterate de todo lo necesario","robots":{"index":"index","follow":"follow","max-snippet":"max-snippet:-1","max-image-preview":"max-image-preview:large","max-video-preview":"max-video-preview:-1"},"canonical":"https:\/\/www.filantropiacortessolari.cl\/cada-vez-falta-menos-para-la-cop25-enterate-de-todo-lo-necesario\/","og_locale":"en_US","og_type":"article","og_title":"Cada vez falta menos para la COP25, enterate de todo lo necesario","og_url":"https:\/\/www.filantropiacortessolari.cl\/cada-vez-falta-menos-para-la-cop25-enterate-de-todo-lo-necesario\/","og_site_name":"Filantrop\u00eda Cort\u00e9s Solari","article_published_time":"2019-07-27T22:50:11+00:00","article_modified_time":"2019-08-20T02:45:07+00:00","og_image":[{"width":1280,"height":717,"url":"https:\/\/www.filantropiacortessolari.cl\/wp-content\/uploads\/2019\/08\/cop.jpeg","type":"image\/jpeg"}],"author":"Filantrop\u00eda Cort\u00e9s Solari","twitter_card":"summary_large_image","twitter_misc":{"Written by":"Filantrop\u00eda Cort\u00e9s Solari","Est. reading time":"3 minutes"},"schema":{"@context":"https:\/\/schema.org","@graph":[{"@type":"Article","@id":"https:\/\/www.filantropiacortessolari.cl\/cada-vez-falta-menos-para-la-cop25-enterate-de-todo-lo-necesario\/#article","isPartOf":{"@id":"https:\/\/www.filantropiacortessolari.cl\/cada-vez-falta-menos-para-la-cop25-enterate-de-todo-lo-necesario\/"},"author":{"name":"Filantrop\u00eda Cort\u00e9s Solari","@id":"https:\/\/www.filantropiacortessolari.cl\/#\/schema\/person\/e099cf1046922f4f5892172332dc86c0"},"headline":"Cada vez falta menos para la COP25, enterate de todo lo necesario","datePublished":"2019-07-27T22:50:11+00:00","dateModified":"2019-08-20T02:45:07+00:00","mainEntityOfPage":{"@id":"https:\/\/www.filantropiacortessolari.cl\/cada-vez-falta-menos-para-la-cop25-enterate-de-todo-lo-necesario\/"},"wordCount":530,"commentCount":0,"image":{"@id":"https:\/\/www.filantropiacortessolari.cl\/cada-vez-falta-menos-para-la-cop25-enterate-de-todo-lo-necesario\/#primaryimage"},"thumbnailUrl":"https:\/\/www.filantropiacortessolari.cl\/wp-content\/uploads\/2019\/08\/cop.jpeg","articleSection":["Prensa Escrita","Prensa MERI"],"inLanguage":"en-US","potentialAction":[{"@type":"CommentAction","name":"Comment","target":["https:\/\/www.filantropiacortessolari.cl\/cada-vez-falta-menos-para-la-cop25-enterate-de-todo-lo-necesario\/#respond"]}]},{"@type":"WebPage","@id":"https:\/\/www.filantropiacortessolari.cl\/cada-vez-falta-menos-para-la-cop25-enterate-de-todo-lo-necesario\/","url":"https:\/\/www.filantropiacortessolari.cl\/cada-vez-falta-menos-para-la-cop25-enterate-de-todo-lo-necesario\/","name":"Cada vez falta menos para la COP25, enterate de todo lo necesario","isPartOf":{"@id":"https:\/\/www.filantropiacortessolari.cl\/#website"},"primaryImageOfPage":{"@id":"https:\/\/www.filantropiacortessolari.cl\/cada-vez-falta-menos-para-la-cop25-enterate-de-todo-lo-necesario\/#primaryimage"},"image":{"@id":"https:\/\/www.filantropiacortessolari.cl\/cada-vez-falta-menos-para-la-cop25-enterate-de-todo-lo-necesario\/#primaryimage"},"thumbnailUrl":"https:\/\/www.filantropiacortessolari.cl\/wp-content\/uploads\/2019\/08\/cop.jpeg","datePublished":"2019-07-27T22:50:11+00:00","dateModified":"2019-08-20T02:45:07+00:00","author":{"@id":"https:\/\/www.filantropiacortessolari.cl\/#\/schema\/person\/e099cf1046922f4f5892172332dc86c0"},"breadcrumb":{"@id":"https:\/\/www.filantropiacortessolari.cl\/cada-vez-falta-menos-para-la-cop25-enterate-de-todo-lo-necesario\/#breadcrumb"},"inLanguage":"en-US","potentialAction":[{"@type":"ReadAction","target":["https:\/\/www.filantropiacortessolari.cl\/cada-vez-falta-menos-para-la-cop25-enterate-de-todo-lo-necesario\/"]}]},{"@type":"ImageObject","inLanguage":"en-US","@id":"https:\/\/www.filantropiacortessolari.cl\/cada-vez-falta-menos-para-la-cop25-enterate-de-todo-lo-necesario\/#primaryimage","url":"https:\/\/www.filantropiacortessolari.cl\/wp-content\/uploads\/2019\/08\/cop.jpeg","contentUrl":"https:\/\/www.filantropiacortessolari.cl\/wp-content\/uploads\/2019\/08\/cop.jpeg","width":1280,"height":717},{"@type":"BreadcrumbList","@id":"https:\/\/www.filantropiacortessolari.cl\/cada-vez-falta-menos-para-la-cop25-enterate-de-todo-lo-necesario\/#breadcrumb","itemListElement":[{"@type":"ListItem","position":1,"name":"Portada","item":"https:\/\/www.filantropiacortessolari.cl\/"},{"@type":"ListItem","position":2,"name":"Cada vez falta menos para la COP25, enterate de todo lo necesario"}]},{"@type":"WebSite","@id":"https:\/\/www.filantropiacortessolari.cl\/#website","url":"https:\/\/www.filantropiacortessolari.cl\/","name":"Filantrop\u00eda Cort\u00e9s Solari","description":"Sitio web Filantrop\u00eda Cort\u00e9s Solari","potentialAction":[{"@type":"SearchAction","target":{"@type":"EntryPoint","urlTemplate":"https:\/\/www.filantropiacortessolari.cl\/?s={search_term_string}"},"query-input":{"@type":"PropertyValueSpecification","valueRequired":true,"valueName":"search_term_string"}}],"inLanguage":"en-US"},{"@type":"Person","@id":"https:\/\/www.filantropiacortessolari.cl\/#\/schema\/person\/e099cf1046922f4f5892172332dc86c0","name":"Filantrop\u00eda Cort\u00e9s Solari","image":{"@type":"ImageObject","inLanguage":"en-US","@id":"https:\/\/secure.gravatar.com\/avatar\/9d17bfe24074ed7576e70cbeb8e010cdd7d01fae9f2047bd96cccbe629ec3c11?s=96&d=mm&r=g","url":"https:\/\/secure.gravatar.com\/avatar\/9d17bfe24074ed7576e70cbeb8e010cdd7d01fae9f2047bd96cccbe629ec3c11?s=96&d=mm&r=g","contentUrl":"https:\/\/secure.gravatar.com\/avatar\/9d17bfe24074ed7576e70cbeb8e010cdd7d01fae9f2047bd96cccbe629ec3c11?s=96&d=mm&r=g","caption":"Filantrop\u00eda Cort\u00e9s Solari"},"url":"https:\/\/www.filantropiacortessolari.cl\/en\/author\/filantropia-cortes-solari\/"}]}},"_links":{"self":[{"href":"https:\/\/www.filantropiacortessolari.cl\/en\/wp-json\/wp\/v2\/posts\/487","targetHints":{"allow":["GET"]}}],"collection":[{"href":"https:\/\/www.filantropiacortessolari.cl\/en\/wp-json\/wp\/v2\/posts"}],"about":[{"href":"https:\/\/www.filantropiacortessolari.cl\/en\/wp-json\/wp\/v2\/types\/post"}],"author":[{"embeddable":true,"href":"https:\/\/www.filantropiacortessolari.cl\/en\/wp-json\/wp\/v2\/users\/1"}],"replies":[{"embeddable":true,"href":"https:\/\/www.filantropiacortessolari.cl\/en\/wp-json\/wp\/v2\/comments?post=487"}],"version-history":[{"count":1,"href":"https:\/\/www.filantropiacortessolari.cl\/en\/wp-json\/wp\/v2\/posts\/487\/revisions"}],"predecessor-version":[{"id":489,"href":"https:\/\/www.filantropiacortessolari.cl\/en\/wp-json\/wp\/v2\/posts\/487\/revisions\/489"}],"wp:featuredmedia":[{"embeddable":true,"href":"https:\/\/www.filantropiacortessolari.cl\/en\/wp-json\/wp\/v2\/media\/488"}],"wp:attachment":[{"href":"https:\/\/www.filantropiacortessolari.cl\/en\/wp-json\/wp\/v2\/media?parent=487"}],"wp:term":[{"taxonomy":"category","embeddable":true,"href":"https:\/\/www.filantropiacortessolari.cl\/en\/wp-json\/wp\/v2\/categories?post=487"},{"taxonomy":"post_tag","embeddable":true,"href":"https:\/\/www.filantropiacortessolari.cl\/en\/wp-json\/wp\/v2\/tags?post=487"}],"curies":[{"name":"wp","href":"https:\/\/api.w.org\/{rel}","templated":true}]}}