{"id":490,"date":"2019-07-20T19:53:36","date_gmt":"2019-07-20T22:53:36","guid":{"rendered":"http:\/\/intranet.filantropiacortessolari.cl\/?p=490"},"modified":"2019-08-13T19:55:45","modified_gmt":"2019-08-13T22:55:45","slug":"anish-kapoor-la-alianza-entre-corpartes-y-fundacion-caserta","status":"publish","type":"post","link":"https:\/\/www.filantropiacortessolari.cl\/en\/anish-kapoor-la-alianza-entre-corpartes-y-fundacion-caserta\/","title":{"rendered":"Anish Kapoor, la alianza entre Corpartes y Fundaci\u00f3n Caserta"},"content":{"rendered":"<style type=\"text\/css\"><\/style><p>Desde este 28 de abril en el Centro cultural CA 660 \u2013 perteneciente a Fundaci\u00f3n Corpartes- se encuentra la exposici\u00f3n Surge del mundialmente reconocido escultor indio\/brit\u00e1nico Anish Kapoor, que se presenta por primera vez en Chile.<\/p>\n<p>De lunes a viernes, instituciones educativas de todas partes de Santiago (e incluso de regiones) llegan a visitar esta exposici\u00f3n, acompa\u00f1ados por el equipo de mediaci\u00f3n perteneciente a Fundaci\u00f3n Caserta.<\/p>\n<p>Pero esto no es un guiado com\u00fan por la galer\u00eda, aqu\u00ed ser\u00e1n necesarios ocupar todos los sentidos. Una invitaci\u00f3n a explorar de otras formas las impresionantes obras realizadas por Kapoor.<\/p>\n<p>Para Carolina L\u00f3pez Pazos, directora de programas y extensi\u00f3n de Fundaci\u00f3n Caserta \u201cEn la mediaci\u00f3n el contenido no es el objetivo, es el proceso de descubrir y conocer. Adem\u00e1s, el mediador no busca una entrega de informaci\u00f3n vertical\u201d.<\/p>\n<p>Por lo mismo, se escuchar\u00e1n muchas m\u00e1s preguntas que respuestas durante el recorrido. Aqu\u00ed la invitaci\u00f3n es a responder cada uno, desde su punto de vista lo que propone el artista.<\/p>\n<p>El color, las formas y las texturas nos llevar\u00e1n a dudar de nuestra percepci\u00f3n en obras como Dragon, Svayambh,\u00a0 When I Am Pregnant y Double Vertigo. Obras donde la cera, las piedras, el acero inoxidable o simplemente una sombra dejar\u00e1n que nuestra imaginaci\u00f3n fluya.<\/p>\n<p>A las afueras de la exposici\u00f3n se encuentra \u00d3rgano, una antigua turbina fabricada en 1968, similar a las que utilizaron los Hawker Hunter de la Fuerza A\u00e9rea Chilena durante los a\u00f1os de Pinochet, conectada por una larga tuber\u00eda que llega hasta dentro de la exposici\u00f3n, desembocando en un peque\u00f1o agujero completamente negro. Esta obra nos vincula con nuestra historia, siendo el \u00fanico ready-made presente en la exposici\u00f3n.<\/p>\n<p>Te invitamos a inscribirte a uno de nuestros recorridos mediados directamente en\u00a0<a href=\"https:\/\/bit.ly\/2GPJ09Y\">Fundaci\u00f3n CorpArtes<\/a>.<\/p>\n","protected":false},"excerpt":{"rendered":"<p>Desde este 28 de abril en el Centro cultural CA 660 \u2013 perteneciente a Fundaci\u00f3n Corpartes- se encuentra la exposici\u00f3n Surge del mundialmente reconocido escultor indio\/brit\u00e1nico Anish Kapoor, que se presenta por primera vez en Chile. De lunes a viernes, instituciones educativas de todas partes de Santiago (e incluso de regiones) llegan a visitar esta&#8230;<\/p>\n","protected":false},"author":1,"featured_media":491,"comment_status":"open","ping_status":"open","sticky":false,"template":"","format":"standard","meta":{"footnotes":""},"categories":[7,5],"tags":[],"class_list":["post-490","post","type-post","status-publish","format-standard","has-post-thumbnail","hentry","category-fundacion-caserta","category-prensa-escrita"],"translation":{"provider":"WPGlobus","version":"3.0.2","language":"en","enabled_languages":["es","en"],"languages":{"es":{"title":true,"content":true,"excerpt":false},"en":{"title":false,"content":false,"excerpt":false}}},"yoast_head":"<!-- This site is optimized with the Yoast SEO plugin v27.4 - https:\/\/yoast.com\/product\/yoast-seo-wordpress\/ -->\n<title>Anish Kapoor, la alianza entre Corpartes y Fundaci\u00f3n Caserta<\/title>\n<meta name=\"robots\" content=\"index, follow, max-snippet:-1, max-image-preview:large, max-video-preview:-1\" \/>\n<link rel=\"canonical\" href=\"https:\/\/www.filantropiacortessolari.cl\/anish-kapoor-la-alianza-entre-corpartes-y-fundacion-caserta\/\" \/>\n<meta property=\"og:locale\" content=\"en_US\" \/>\n<meta property=\"og:type\" content=\"article\" \/>\n<meta property=\"og:title\" content=\"Anish Kapoor, la alianza entre Corpartes y Fundaci\u00f3n Caserta\" \/>\n<meta property=\"og:url\" content=\"https:\/\/www.filantropiacortessolari.cl\/anish-kapoor-la-alianza-entre-corpartes-y-fundacion-caserta\/\" \/>\n<meta property=\"og:site_name\" content=\"Filantrop\u00eda Cort\u00e9s Solari\" \/>\n<meta property=\"article:published_time\" content=\"2019-07-20T22:53:36+00:00\" \/>\n<meta property=\"article:modified_time\" content=\"2019-08-13T22:55:45+00:00\" \/>\n<meta property=\"og:image\" content=\"https:\/\/www.filantropiacortessolari.cl\/wp-content\/uploads\/2019\/08\/anish.jpeg\" \/>\n\t<meta property=\"og:image:width\" content=\"1280\" \/>\n\t<meta property=\"og:image:height\" content=\"768\" \/>\n\t<meta property=\"og:image:type\" content=\"image\/jpeg\" \/>\n<meta name=\"author\" content=\"Filantrop\u00eda Cort\u00e9s Solari\" \/>\n<meta name=\"twitter:card\" content=\"summary_large_image\" \/>\n<meta name=\"twitter:label1\" content=\"Written by\" \/>\n\t<meta name=\"twitter:data1\" content=\"Filantrop\u00eda Cort\u00e9s Solari\" \/>\n\t<meta name=\"twitter:label2\" content=\"Est. reading time\" \/>\n\t<meta name=\"twitter:data2\" content=\"2 minutes\" \/>\n<script type=\"application\/ld+json\" class=\"yoast-schema-graph\">{\"@context\":\"https:\\\/\\\/schema.org\",\"@graph\":[{\"@type\":\"Article\",\"@id\":\"https:\\\/\\\/www.filantropiacortessolari.cl\\\/anish-kapoor-la-alianza-entre-corpartes-y-fundacion-caserta\\\/#article\",\"isPartOf\":{\"@id\":\"https:\\\/\\\/www.filantropiacortessolari.cl\\\/anish-kapoor-la-alianza-entre-corpartes-y-fundacion-caserta\\\/\"},\"author\":{\"name\":\"Filantrop\u00eda Cort\u00e9s Solari\",\"@id\":\"https:\\\/\\\/www.filantropiacortessolari.cl\\\/#\\\/schema\\\/person\\\/e099cf1046922f4f5892172332dc86c0\"},\"headline\":\"Anish Kapoor, la alianza entre Corpartes y Fundaci\u00f3n Caserta\",\"datePublished\":\"2019-07-20T22:53:36+00:00\",\"dateModified\":\"2019-08-13T22:55:45+00:00\",\"mainEntityOfPage\":{\"@id\":\"https:\\\/\\\/www.filantropiacortessolari.cl\\\/anish-kapoor-la-alianza-entre-corpartes-y-fundacion-caserta\\\/\"},\"wordCount\":329,\"commentCount\":0,\"image\":{\"@id\":\"https:\\\/\\\/www.filantropiacortessolari.cl\\\/anish-kapoor-la-alianza-entre-corpartes-y-fundacion-caserta\\\/#primaryimage\"},\"thumbnailUrl\":\"https:\\\/\\\/www.filantropiacortessolari.cl\\\/wp-content\\\/uploads\\\/2019\\\/08\\\/anish.jpeg\",\"articleSection\":[\"Prensa Caserta\",\"Prensa Escrita\"],\"inLanguage\":\"en-US\",\"potentialAction\":[{\"@type\":\"CommentAction\",\"name\":\"Comment\",\"target\":[\"https:\\\/\\\/www.filantropiacortessolari.cl\\\/anish-kapoor-la-alianza-entre-corpartes-y-fundacion-caserta\\\/#respond\"]}]},{\"@type\":\"WebPage\",\"@id\":\"https:\\\/\\\/www.filantropiacortessolari.cl\\\/anish-kapoor-la-alianza-entre-corpartes-y-fundacion-caserta\\\/\",\"url\":\"https:\\\/\\\/www.filantropiacortessolari.cl\\\/anish-kapoor-la-alianza-entre-corpartes-y-fundacion-caserta\\\/\",\"name\":\"Anish Kapoor, la alianza entre Corpartes y Fundaci\u00f3n Caserta\",\"isPartOf\":{\"@id\":\"https:\\\/\\\/www.filantropiacortessolari.cl\\\/#website\"},\"primaryImageOfPage\":{\"@id\":\"https:\\\/\\\/www.filantropiacortessolari.cl\\\/anish-kapoor-la-alianza-entre-corpartes-y-fundacion-caserta\\\/#primaryimage\"},\"image\":{\"@id\":\"https:\\\/\\\/www.filantropiacortessolari.cl\\\/anish-kapoor-la-alianza-entre-corpartes-y-fundacion-caserta\\\/#primaryimage\"},\"thumbnailUrl\":\"https:\\\/\\\/www.filantropiacortessolari.cl\\\/wp-content\\\/uploads\\\/2019\\\/08\\\/anish.jpeg\",\"datePublished\":\"2019-07-20T22:53:36+00:00\",\"dateModified\":\"2019-08-13T22:55:45+00:00\",\"author\":{\"@id\":\"https:\\\/\\\/www.filantropiacortessolari.cl\\\/#\\\/schema\\\/person\\\/e099cf1046922f4f5892172332dc86c0\"},\"breadcrumb\":{\"@id\":\"https:\\\/\\\/www.filantropiacortessolari.cl\\\/anish-kapoor-la-alianza-entre-corpartes-y-fundacion-caserta\\\/#breadcrumb\"},\"inLanguage\":\"en-US\",\"potentialAction\":[{\"@type\":\"ReadAction\",\"target\":[\"https:\\\/\\\/www.filantropiacortessolari.cl\\\/anish-kapoor-la-alianza-entre-corpartes-y-fundacion-caserta\\\/\"]}]},{\"@type\":\"ImageObject\",\"inLanguage\":\"en-US\",\"@id\":\"https:\\\/\\\/www.filantropiacortessolari.cl\\\/anish-kapoor-la-alianza-entre-corpartes-y-fundacion-caserta\\\/#primaryimage\",\"url\":\"https:\\\/\\\/www.filantropiacortessolari.cl\\\/wp-content\\\/uploads\\\/2019\\\/08\\\/anish.jpeg\",\"contentUrl\":\"https:\\\/\\\/www.filantropiacortessolari.cl\\\/wp-content\\\/uploads\\\/2019\\\/08\\\/anish.jpeg\",\"width\":1280,\"height\":768},{\"@type\":\"BreadcrumbList\",\"@id\":\"https:\\\/\\\/www.filantropiacortessolari.cl\\\/anish-kapoor-la-alianza-entre-corpartes-y-fundacion-caserta\\\/#breadcrumb\",\"itemListElement\":[{\"@type\":\"ListItem\",\"position\":1,\"name\":\"Portada\",\"item\":\"https:\\\/\\\/www.filantropiacortessolari.cl\\\/\"},{\"@type\":\"ListItem\",\"position\":2,\"name\":\"Anish Kapoor, la alianza entre Corpartes y Fundaci\u00f3n Caserta\"}]},{\"@type\":\"WebSite\",\"@id\":\"https:\\\/\\\/www.filantropiacortessolari.cl\\\/#website\",\"url\":\"https:\\\/\\\/www.filantropiacortessolari.cl\\\/\",\"name\":\"Filantrop\u00eda Cort\u00e9s Solari\",\"description\":\"Sitio web Filantrop\u00eda Cort\u00e9s Solari\",\"potentialAction\":[{\"@type\":\"SearchAction\",\"target\":{\"@type\":\"EntryPoint\",\"urlTemplate\":\"https:\\\/\\\/www.filantropiacortessolari.cl\\\/?s={search_term_string}\"},\"query-input\":{\"@type\":\"PropertyValueSpecification\",\"valueRequired\":true,\"valueName\":\"search_term_string\"}}],\"inLanguage\":\"en-US\"},{\"@type\":\"Person\",\"@id\":\"https:\\\/\\\/www.filantropiacortessolari.cl\\\/#\\\/schema\\\/person\\\/e099cf1046922f4f5892172332dc86c0\",\"name\":\"Filantrop\u00eda Cort\u00e9s Solari\",\"image\":{\"@type\":\"ImageObject\",\"inLanguage\":\"en-US\",\"@id\":\"https:\\\/\\\/secure.gravatar.com\\\/avatar\\\/9d17bfe24074ed7576e70cbeb8e010cdd7d01fae9f2047bd96cccbe629ec3c11?s=96&d=mm&r=g\",\"url\":\"https:\\\/\\\/secure.gravatar.com\\\/avatar\\\/9d17bfe24074ed7576e70cbeb8e010cdd7d01fae9f2047bd96cccbe629ec3c11?s=96&d=mm&r=g\",\"contentUrl\":\"https:\\\/\\\/secure.gravatar.com\\\/avatar\\\/9d17bfe24074ed7576e70cbeb8e010cdd7d01fae9f2047bd96cccbe629ec3c11?s=96&d=mm&r=g\",\"caption\":\"Filantrop\u00eda Cort\u00e9s Solari\"},\"url\":\"https:\\\/\\\/www.filantropiacortessolari.cl\\\/en\\\/author\\\/filantropia-cortes-solari\\\/\"}]}<\/script>\n<!-- \/ Yoast SEO plugin. -->","yoast_head_json":{"title":"Anish Kapoor, la alianza entre Corpartes y Fundaci\u00f3n Caserta","robots":{"index":"index","follow":"follow","max-snippet":"max-snippet:-1","max-image-preview":"max-image-preview:large","max-video-preview":"max-video-preview:-1"},"canonical":"https:\/\/www.filantropiacortessolari.cl\/anish-kapoor-la-alianza-entre-corpartes-y-fundacion-caserta\/","og_locale":"en_US","og_type":"article","og_title":"Anish Kapoor, la alianza entre Corpartes y Fundaci\u00f3n Caserta","og_url":"https:\/\/www.filantropiacortessolari.cl\/anish-kapoor-la-alianza-entre-corpartes-y-fundacion-caserta\/","og_site_name":"Filantrop\u00eda Cort\u00e9s Solari","article_published_time":"2019-07-20T22:53:36+00:00","article_modified_time":"2019-08-13T22:55:45+00:00","og_image":[{"width":1280,"height":768,"url":"https:\/\/www.filantropiacortessolari.cl\/wp-content\/uploads\/2019\/08\/anish.jpeg","type":"image\/jpeg"}],"author":"Filantrop\u00eda Cort\u00e9s Solari","twitter_card":"summary_large_image","twitter_misc":{"Written by":"Filantrop\u00eda Cort\u00e9s Solari","Est. reading time":"2 minutes"},"schema":{"@context":"https:\/\/schema.org","@graph":[{"@type":"Article","@id":"https:\/\/www.filantropiacortessolari.cl\/anish-kapoor-la-alianza-entre-corpartes-y-fundacion-caserta\/#article","isPartOf":{"@id":"https:\/\/www.filantropiacortessolari.cl\/anish-kapoor-la-alianza-entre-corpartes-y-fundacion-caserta\/"},"author":{"name":"Filantrop\u00eda Cort\u00e9s Solari","@id":"https:\/\/www.filantropiacortessolari.cl\/#\/schema\/person\/e099cf1046922f4f5892172332dc86c0"},"headline":"Anish Kapoor, la alianza entre Corpartes y Fundaci\u00f3n Caserta","datePublished":"2019-07-20T22:53:36+00:00","dateModified":"2019-08-13T22:55:45+00:00","mainEntityOfPage":{"@id":"https:\/\/www.filantropiacortessolari.cl\/anish-kapoor-la-alianza-entre-corpartes-y-fundacion-caserta\/"},"wordCount":329,"commentCount":0,"image":{"@id":"https:\/\/www.filantropiacortessolari.cl\/anish-kapoor-la-alianza-entre-corpartes-y-fundacion-caserta\/#primaryimage"},"thumbnailUrl":"https:\/\/www.filantropiacortessolari.cl\/wp-content\/uploads\/2019\/08\/anish.jpeg","articleSection":["Prensa Caserta","Prensa Escrita"],"inLanguage":"en-US","potentialAction":[{"@type":"CommentAction","name":"Comment","target":["https:\/\/www.filantropiacortessolari.cl\/anish-kapoor-la-alianza-entre-corpartes-y-fundacion-caserta\/#respond"]}]},{"@type":"WebPage","@id":"https:\/\/www.filantropiacortessolari.cl\/anish-kapoor-la-alianza-entre-corpartes-y-fundacion-caserta\/","url":"https:\/\/www.filantropiacortessolari.cl\/anish-kapoor-la-alianza-entre-corpartes-y-fundacion-caserta\/","name":"Anish Kapoor, la alianza entre Corpartes y Fundaci\u00f3n Caserta","isPartOf":{"@id":"https:\/\/www.filantropiacortessolari.cl\/#website"},"primaryImageOfPage":{"@id":"https:\/\/www.filantropiacortessolari.cl\/anish-kapoor-la-alianza-entre-corpartes-y-fundacion-caserta\/#primaryimage"},"image":{"@id":"https:\/\/www.filantropiacortessolari.cl\/anish-kapoor-la-alianza-entre-corpartes-y-fundacion-caserta\/#primaryimage"},"thumbnailUrl":"https:\/\/www.filantropiacortessolari.cl\/wp-content\/uploads\/2019\/08\/anish.jpeg","datePublished":"2019-07-20T22:53:36+00:00","dateModified":"2019-08-13T22:55:45+00:00","author":{"@id":"https:\/\/www.filantropiacortessolari.cl\/#\/schema\/person\/e099cf1046922f4f5892172332dc86c0"},"breadcrumb":{"@id":"https:\/\/www.filantropiacortessolari.cl\/anish-kapoor-la-alianza-entre-corpartes-y-fundacion-caserta\/#breadcrumb"},"inLanguage":"en-US","potentialAction":[{"@type":"ReadAction","target":["https:\/\/www.filantropiacortessolari.cl\/anish-kapoor-la-alianza-entre-corpartes-y-fundacion-caserta\/"]}]},{"@type":"ImageObject","inLanguage":"en-US","@id":"https:\/\/www.filantropiacortessolari.cl\/anish-kapoor-la-alianza-entre-corpartes-y-fundacion-caserta\/#primaryimage","url":"https:\/\/www.filantropiacortessolari.cl\/wp-content\/uploads\/2019\/08\/anish.jpeg","contentUrl":"https:\/\/www.filantropiacortessolari.cl\/wp-content\/uploads\/2019\/08\/anish.jpeg","width":1280,"height":768},{"@type":"BreadcrumbList","@id":"https:\/\/www.filantropiacortessolari.cl\/anish-kapoor-la-alianza-entre-corpartes-y-fundacion-caserta\/#breadcrumb","itemListElement":[{"@type":"ListItem","position":1,"name":"Portada","item":"https:\/\/www.filantropiacortessolari.cl\/"},{"@type":"ListItem","position":2,"name":"Anish Kapoor, la alianza entre Corpartes y Fundaci\u00f3n Caserta"}]},{"@type":"WebSite","@id":"https:\/\/www.filantropiacortessolari.cl\/#website","url":"https:\/\/www.filantropiacortessolari.cl\/","name":"Filantrop\u00eda Cort\u00e9s Solari","description":"Sitio web Filantrop\u00eda Cort\u00e9s Solari","potentialAction":[{"@type":"SearchAction","target":{"@type":"EntryPoint","urlTemplate":"https:\/\/www.filantropiacortessolari.cl\/?s={search_term_string}"},"query-input":{"@type":"PropertyValueSpecification","valueRequired":true,"valueName":"search_term_string"}}],"inLanguage":"en-US"},{"@type":"Person","@id":"https:\/\/www.filantropiacortessolari.cl\/#\/schema\/person\/e099cf1046922f4f5892172332dc86c0","name":"Filantrop\u00eda Cort\u00e9s Solari","image":{"@type":"ImageObject","inLanguage":"en-US","@id":"https:\/\/secure.gravatar.com\/avatar\/9d17bfe24074ed7576e70cbeb8e010cdd7d01fae9f2047bd96cccbe629ec3c11?s=96&d=mm&r=g","url":"https:\/\/secure.gravatar.com\/avatar\/9d17bfe24074ed7576e70cbeb8e010cdd7d01fae9f2047bd96cccbe629ec3c11?s=96&d=mm&r=g","contentUrl":"https:\/\/secure.gravatar.com\/avatar\/9d17bfe24074ed7576e70cbeb8e010cdd7d01fae9f2047bd96cccbe629ec3c11?s=96&d=mm&r=g","caption":"Filantrop\u00eda Cort\u00e9s Solari"},"url":"https:\/\/www.filantropiacortessolari.cl\/en\/author\/filantropia-cortes-solari\/"}]}},"_links":{"self":[{"href":"https:\/\/www.filantropiacortessolari.cl\/en\/wp-json\/wp\/v2\/posts\/490","targetHints":{"allow":["GET"]}}],"collection":[{"href":"https:\/\/www.filantropiacortessolari.cl\/en\/wp-json\/wp\/v2\/posts"}],"about":[{"href":"https:\/\/www.filantropiacortessolari.cl\/en\/wp-json\/wp\/v2\/types\/post"}],"author":[{"embeddable":true,"href":"https:\/\/www.filantropiacortessolari.cl\/en\/wp-json\/wp\/v2\/users\/1"}],"replies":[{"embeddable":true,"href":"https:\/\/www.filantropiacortessolari.cl\/en\/wp-json\/wp\/v2\/comments?post=490"}],"version-history":[{"count":1,"href":"https:\/\/www.filantropiacortessolari.cl\/en\/wp-json\/wp\/v2\/posts\/490\/revisions"}],"predecessor-version":[{"id":492,"href":"https:\/\/www.filantropiacortessolari.cl\/en\/wp-json\/wp\/v2\/posts\/490\/revisions\/492"}],"wp:featuredmedia":[{"embeddable":true,"href":"https:\/\/www.filantropiacortessolari.cl\/en\/wp-json\/wp\/v2\/media\/491"}],"wp:attachment":[{"href":"https:\/\/www.filantropiacortessolari.cl\/en\/wp-json\/wp\/v2\/media?parent=490"}],"wp:term":[{"taxonomy":"category","embeddable":true,"href":"https:\/\/www.filantropiacortessolari.cl\/en\/wp-json\/wp\/v2\/categories?post=490"},{"taxonomy":"post_tag","embeddable":true,"href":"https:\/\/www.filantropiacortessolari.cl\/en\/wp-json\/wp\/v2\/tags?post=490"}],"curies":[{"name":"wp","href":"https:\/\/api.w.org\/{rel}","templated":true}]}}