{"id":760,"date":"2019-05-31T20:26:13","date_gmt":"2019-05-31T23:26:13","guid":{"rendered":"http:\/\/intranet.filantropiacortessolari.cl\/?p=760"},"modified":"2019-08-20T11:42:05","modified_gmt":"2019-08-20T14:42:05","slug":"la-segunda-entrevista-a-sonia-espanol-una-regulacion-para-proteger-a-las-ballenas","status":"publish","type":"post","link":"https:\/\/www.filantropiacortessolari.cl\/en\/la-segunda-entrevista-a-sonia-espanol-una-regulacion-para-proteger-a-las-ballenas\/","title":{"rendered":"[La Segunda] Entrevista a Sonia Espa\u00f1ol: &#8220;Una regulaci\u00f3n para proteger a las ballenas&#8221;"},"content":{"rendered":"<style type=\"text\/css\"><\/style><p>Los mares ocupan tres cuartas parte de nuestro planeta y entre sus habitantes m\u00e1s impresionantes est\u00e1n los cet\u00e1ceos. con cerca de 87 especies. De ellas, la mitad ha sido registrada en Chile, convirtiendo a nuestro pa\u00eds en un lugar privilegiado para estudiarlas. Es lo que atrae a Sonia Espa\u00f1ol. investigadora y coordinadora del \u00e1rea de cet\u00e1ceos de Fundaci\u00f3n MERI, que desde noviembre de 2018 lidera un proyecto pata controlar la velocidad de las embarcaciones que navegan en la zona de alimentaci\u00f3n de ballenas y delfines. &#8220;Es una deuda del pa\u00eds, pero estarnos justo a tiempo de generar un cambio&#8221;, asegura.<\/p>\n<p><a href=\"https:\/\/www.fundacionmeri.cl\/wp-content\/uploads\/2019\/05\/entrevista.jpg\"><img loading=\"lazy\" decoding=\"async\" class=\"aligncenter size-full wp-image-64452\" src=\"https:\/\/www.fundacionmeri.cl\/wp-content\/uploads\/2019\/05\/entrevista.jpg\" alt=\"\" width=\"1440\" height=\"1867\" \/><\/a><\/p>\n<p>Fuente: <a href=\"http:\/\/impresa.lasegunda.com\/2019\/05\/31\/V\/N93K69UF\" target=\"_blank\" rel=\"noopener noreferrer\">La Segunda<\/a><\/p>\n<p>&nbsp;<\/p>\n<p>&nbsp;<\/p>\n","protected":false},"excerpt":{"rendered":"<p>Los mares ocupan tres cuartas parte de nuestro planeta y entre sus habitantes m\u00e1s impresionantes est\u00e1n los cet\u00e1ceos. con cerca de 87 especies. De ellas, la mitad ha sido registrada en Chile, convirtiendo a nuestro pa\u00eds en un lugar privilegiado para estudiarlas. Es lo que atrae a Sonia Espa\u00f1ol. investigadora y coordinadora del \u00e1rea de&#8230;<\/p>\n","protected":false},"author":1,"featured_media":761,"comment_status":"open","ping_status":"open","sticky":false,"template":"","format":"standard","meta":{"footnotes":""},"categories":[11],"tags":[],"class_list":["post-760","post","type-post","status-publish","format-standard","has-post-thumbnail","hentry","category-entrevistas-meri"],"translation":{"provider":"WPGlobus","version":"3.0.2","language":"en","enabled_languages":["es","en"],"languages":{"es":{"title":true,"content":true,"excerpt":false},"en":{"title":false,"content":false,"excerpt":false}}},"yoast_head":"<!-- This site is optimized with the Yoast SEO plugin v27.4 - https:\/\/yoast.com\/product\/yoast-seo-wordpress\/ -->\n<title>[La Segunda] Entrevista a Sonia Espa\u00f1ol: &quot;Una regulaci\u00f3n para proteger a las ballenas&quot;<\/title>\n<meta name=\"robots\" content=\"index, follow, max-snippet:-1, max-image-preview:large, max-video-preview:-1\" \/>\n<link rel=\"canonical\" href=\"https:\/\/www.filantropiacortessolari.cl\/la-segunda-entrevista-a-sonia-espanol-una-regulacion-para-proteger-a-las-ballenas\/\" \/>\n<meta property=\"og:locale\" content=\"en_US\" \/>\n<meta property=\"og:type\" content=\"article\" \/>\n<meta property=\"og:title\" content=\"[La Segunda] Entrevista a Sonia Espa\u00f1ol: &quot;Una regulaci\u00f3n para proteger a las ballenas&quot;\" \/>\n<meta property=\"og:url\" content=\"https:\/\/www.filantropiacortessolari.cl\/la-segunda-entrevista-a-sonia-espanol-una-regulacion-para-proteger-a-las-ballenas\/\" \/>\n<meta property=\"og:site_name\" content=\"Filantrop\u00eda Cort\u00e9s Solari\" \/>\n<meta property=\"article:published_time\" content=\"2019-05-31T23:26:13+00:00\" \/>\n<meta property=\"article:modified_time\" content=\"2019-08-20T14:42:05+00:00\" \/>\n<meta property=\"og:image\" content=\"https:\/\/www.filantropiacortessolari.cl\/wp-content\/uploads\/2019\/08\/sonia-1.jpeg\" \/>\n\t<meta property=\"og:image:width\" content=\"1280\" \/>\n\t<meta property=\"og:image:height\" content=\"853\" \/>\n\t<meta property=\"og:image:type\" content=\"image\/jpeg\" \/>\n<meta name=\"author\" content=\"Filantrop\u00eda Cort\u00e9s Solari\" \/>\n<meta name=\"twitter:card\" content=\"summary_large_image\" \/>\n<meta name=\"twitter:label1\" content=\"Written by\" \/>\n\t<meta name=\"twitter:data1\" content=\"Filantrop\u00eda Cort\u00e9s Solari\" \/>\n\t<meta name=\"twitter:label2\" content=\"Est. reading time\" \/>\n\t<meta name=\"twitter:data2\" content=\"1 minute\" \/>\n<script type=\"application\/ld+json\" class=\"yoast-schema-graph\">{\"@context\":\"https:\\\/\\\/schema.org\",\"@graph\":[{\"@type\":\"Article\",\"@id\":\"https:\\\/\\\/www.filantropiacortessolari.cl\\\/la-segunda-entrevista-a-sonia-espanol-una-regulacion-para-proteger-a-las-ballenas\\\/#article\",\"isPartOf\":{\"@id\":\"https:\\\/\\\/www.filantropiacortessolari.cl\\\/la-segunda-entrevista-a-sonia-espanol-una-regulacion-para-proteger-a-las-ballenas\\\/\"},\"author\":{\"name\":\"Filantrop\u00eda Cort\u00e9s Solari\",\"@id\":\"https:\\\/\\\/www.filantropiacortessolari.cl\\\/#\\\/schema\\\/person\\\/e099cf1046922f4f5892172332dc86c0\"},\"headline\":\"[La Segunda] Entrevista a Sonia Espa\u00f1ol: &#8220;Una regulaci\u00f3n para proteger a las ballenas&#8221;\",\"datePublished\":\"2019-05-31T23:26:13+00:00\",\"dateModified\":\"2019-08-20T14:42:05+00:00\",\"mainEntityOfPage\":{\"@id\":\"https:\\\/\\\/www.filantropiacortessolari.cl\\\/la-segunda-entrevista-a-sonia-espanol-una-regulacion-para-proteger-a-las-ballenas\\\/\"},\"wordCount\":127,\"commentCount\":0,\"image\":{\"@id\":\"https:\\\/\\\/www.filantropiacortessolari.cl\\\/la-segunda-entrevista-a-sonia-espanol-una-regulacion-para-proteger-a-las-ballenas\\\/#primaryimage\"},\"thumbnailUrl\":\"https:\\\/\\\/www.filantropiacortessolari.cl\\\/wp-content\\\/uploads\\\/2019\\\/08\\\/sonia-1.jpeg\",\"articleSection\":[\"Entrevistas MERI\"],\"inLanguage\":\"en-US\",\"potentialAction\":[{\"@type\":\"CommentAction\",\"name\":\"Comment\",\"target\":[\"https:\\\/\\\/www.filantropiacortessolari.cl\\\/la-segunda-entrevista-a-sonia-espanol-una-regulacion-para-proteger-a-las-ballenas\\\/#respond\"]}]},{\"@type\":\"WebPage\",\"@id\":\"https:\\\/\\\/www.filantropiacortessolari.cl\\\/la-segunda-entrevista-a-sonia-espanol-una-regulacion-para-proteger-a-las-ballenas\\\/\",\"url\":\"https:\\\/\\\/www.filantropiacortessolari.cl\\\/la-segunda-entrevista-a-sonia-espanol-una-regulacion-para-proteger-a-las-ballenas\\\/\",\"name\":\"[La Segunda] Entrevista a Sonia Espa\u00f1ol: \\\"Una regulaci\u00f3n para proteger a las ballenas\\\"\",\"isPartOf\":{\"@id\":\"https:\\\/\\\/www.filantropiacortessolari.cl\\\/#website\"},\"primaryImageOfPage\":{\"@id\":\"https:\\\/\\\/www.filantropiacortessolari.cl\\\/la-segunda-entrevista-a-sonia-espanol-una-regulacion-para-proteger-a-las-ballenas\\\/#primaryimage\"},\"image\":{\"@id\":\"https:\\\/\\\/www.filantropiacortessolari.cl\\\/la-segunda-entrevista-a-sonia-espanol-una-regulacion-para-proteger-a-las-ballenas\\\/#primaryimage\"},\"thumbnailUrl\":\"https:\\\/\\\/www.filantropiacortessolari.cl\\\/wp-content\\\/uploads\\\/2019\\\/08\\\/sonia-1.jpeg\",\"datePublished\":\"2019-05-31T23:26:13+00:00\",\"dateModified\":\"2019-08-20T14:42:05+00:00\",\"author\":{\"@id\":\"https:\\\/\\\/www.filantropiacortessolari.cl\\\/#\\\/schema\\\/person\\\/e099cf1046922f4f5892172332dc86c0\"},\"breadcrumb\":{\"@id\":\"https:\\\/\\\/www.filantropiacortessolari.cl\\\/la-segunda-entrevista-a-sonia-espanol-una-regulacion-para-proteger-a-las-ballenas\\\/#breadcrumb\"},\"inLanguage\":\"en-US\",\"potentialAction\":[{\"@type\":\"ReadAction\",\"target\":[\"https:\\\/\\\/www.filantropiacortessolari.cl\\\/la-segunda-entrevista-a-sonia-espanol-una-regulacion-para-proteger-a-las-ballenas\\\/\"]}]},{\"@type\":\"ImageObject\",\"inLanguage\":\"en-US\",\"@id\":\"https:\\\/\\\/www.filantropiacortessolari.cl\\\/la-segunda-entrevista-a-sonia-espanol-una-regulacion-para-proteger-a-las-ballenas\\\/#primaryimage\",\"url\":\"https:\\\/\\\/www.filantropiacortessolari.cl\\\/wp-content\\\/uploads\\\/2019\\\/08\\\/sonia-1.jpeg\",\"contentUrl\":\"https:\\\/\\\/www.filantropiacortessolari.cl\\\/wp-content\\\/uploads\\\/2019\\\/08\\\/sonia-1.jpeg\",\"width\":1280,\"height\":853},{\"@type\":\"BreadcrumbList\",\"@id\":\"https:\\\/\\\/www.filantropiacortessolari.cl\\\/la-segunda-entrevista-a-sonia-espanol-una-regulacion-para-proteger-a-las-ballenas\\\/#breadcrumb\",\"itemListElement\":[{\"@type\":\"ListItem\",\"position\":1,\"name\":\"Portada\",\"item\":\"https:\\\/\\\/www.filantropiacortessolari.cl\\\/\"},{\"@type\":\"ListItem\",\"position\":2,\"name\":\"[La Segunda] Entrevista a Sonia Espa\u00f1ol: \u00abUna regulaci\u00f3n para proteger a las ballenas\u00bb\"}]},{\"@type\":\"WebSite\",\"@id\":\"https:\\\/\\\/www.filantropiacortessolari.cl\\\/#website\",\"url\":\"https:\\\/\\\/www.filantropiacortessolari.cl\\\/\",\"name\":\"Filantrop\u00eda Cort\u00e9s Solari\",\"description\":\"Sitio web Filantrop\u00eda Cort\u00e9s Solari\",\"potentialAction\":[{\"@type\":\"SearchAction\",\"target\":{\"@type\":\"EntryPoint\",\"urlTemplate\":\"https:\\\/\\\/www.filantropiacortessolari.cl\\\/?s={search_term_string}\"},\"query-input\":{\"@type\":\"PropertyValueSpecification\",\"valueRequired\":true,\"valueName\":\"search_term_string\"}}],\"inLanguage\":\"en-US\"},{\"@type\":\"Person\",\"@id\":\"https:\\\/\\\/www.filantropiacortessolari.cl\\\/#\\\/schema\\\/person\\\/e099cf1046922f4f5892172332dc86c0\",\"name\":\"Filantrop\u00eda Cort\u00e9s Solari\",\"image\":{\"@type\":\"ImageObject\",\"inLanguage\":\"en-US\",\"@id\":\"https:\\\/\\\/secure.gravatar.com\\\/avatar\\\/9d17bfe24074ed7576e70cbeb8e010cdd7d01fae9f2047bd96cccbe629ec3c11?s=96&d=mm&r=g\",\"url\":\"https:\\\/\\\/secure.gravatar.com\\\/avatar\\\/9d17bfe24074ed7576e70cbeb8e010cdd7d01fae9f2047bd96cccbe629ec3c11?s=96&d=mm&r=g\",\"contentUrl\":\"https:\\\/\\\/secure.gravatar.com\\\/avatar\\\/9d17bfe24074ed7576e70cbeb8e010cdd7d01fae9f2047bd96cccbe629ec3c11?s=96&d=mm&r=g\",\"caption\":\"Filantrop\u00eda Cort\u00e9s Solari\"},\"url\":\"https:\\\/\\\/www.filantropiacortessolari.cl\\\/en\\\/author\\\/filantropia-cortes-solari\\\/\"}]}<\/script>\n<!-- \/ Yoast SEO plugin. -->","yoast_head_json":{"title":"[La Segunda] Entrevista a Sonia Espa\u00f1ol: \"Una regulaci\u00f3n para proteger a las ballenas\"","robots":{"index":"index","follow":"follow","max-snippet":"max-snippet:-1","max-image-preview":"max-image-preview:large","max-video-preview":"max-video-preview:-1"},"canonical":"https:\/\/www.filantropiacortessolari.cl\/la-segunda-entrevista-a-sonia-espanol-una-regulacion-para-proteger-a-las-ballenas\/","og_locale":"en_US","og_type":"article","og_title":"[La Segunda] Entrevista a Sonia Espa\u00f1ol: \"Una regulaci\u00f3n para proteger a las ballenas\"","og_url":"https:\/\/www.filantropiacortessolari.cl\/la-segunda-entrevista-a-sonia-espanol-una-regulacion-para-proteger-a-las-ballenas\/","og_site_name":"Filantrop\u00eda Cort\u00e9s Solari","article_published_time":"2019-05-31T23:26:13+00:00","article_modified_time":"2019-08-20T14:42:05+00:00","og_image":[{"width":1280,"height":853,"url":"https:\/\/www.filantropiacortessolari.cl\/wp-content\/uploads\/2019\/08\/sonia-1.jpeg","type":"image\/jpeg"}],"author":"Filantrop\u00eda Cort\u00e9s Solari","twitter_card":"summary_large_image","twitter_misc":{"Written by":"Filantrop\u00eda Cort\u00e9s Solari","Est. reading time":"1 minute"},"schema":{"@context":"https:\/\/schema.org","@graph":[{"@type":"Article","@id":"https:\/\/www.filantropiacortessolari.cl\/la-segunda-entrevista-a-sonia-espanol-una-regulacion-para-proteger-a-las-ballenas\/#article","isPartOf":{"@id":"https:\/\/www.filantropiacortessolari.cl\/la-segunda-entrevista-a-sonia-espanol-una-regulacion-para-proteger-a-las-ballenas\/"},"author":{"name":"Filantrop\u00eda Cort\u00e9s Solari","@id":"https:\/\/www.filantropiacortessolari.cl\/#\/schema\/person\/e099cf1046922f4f5892172332dc86c0"},"headline":"[La Segunda] Entrevista a Sonia Espa\u00f1ol: &#8220;Una regulaci\u00f3n para proteger a las ballenas&#8221;","datePublished":"2019-05-31T23:26:13+00:00","dateModified":"2019-08-20T14:42:05+00:00","mainEntityOfPage":{"@id":"https:\/\/www.filantropiacortessolari.cl\/la-segunda-entrevista-a-sonia-espanol-una-regulacion-para-proteger-a-las-ballenas\/"},"wordCount":127,"commentCount":0,"image":{"@id":"https:\/\/www.filantropiacortessolari.cl\/la-segunda-entrevista-a-sonia-espanol-una-regulacion-para-proteger-a-las-ballenas\/#primaryimage"},"thumbnailUrl":"https:\/\/www.filantropiacortessolari.cl\/wp-content\/uploads\/2019\/08\/sonia-1.jpeg","articleSection":["Entrevistas MERI"],"inLanguage":"en-US","potentialAction":[{"@type":"CommentAction","name":"Comment","target":["https:\/\/www.filantropiacortessolari.cl\/la-segunda-entrevista-a-sonia-espanol-una-regulacion-para-proteger-a-las-ballenas\/#respond"]}]},{"@type":"WebPage","@id":"https:\/\/www.filantropiacortessolari.cl\/la-segunda-entrevista-a-sonia-espanol-una-regulacion-para-proteger-a-las-ballenas\/","url":"https:\/\/www.filantropiacortessolari.cl\/la-segunda-entrevista-a-sonia-espanol-una-regulacion-para-proteger-a-las-ballenas\/","name":"[La Segunda] Entrevista a Sonia Espa\u00f1ol: \"Una regulaci\u00f3n para proteger a las ballenas\"","isPartOf":{"@id":"https:\/\/www.filantropiacortessolari.cl\/#website"},"primaryImageOfPage":{"@id":"https:\/\/www.filantropiacortessolari.cl\/la-segunda-entrevista-a-sonia-espanol-una-regulacion-para-proteger-a-las-ballenas\/#primaryimage"},"image":{"@id":"https:\/\/www.filantropiacortessolari.cl\/la-segunda-entrevista-a-sonia-espanol-una-regulacion-para-proteger-a-las-ballenas\/#primaryimage"},"thumbnailUrl":"https:\/\/www.filantropiacortessolari.cl\/wp-content\/uploads\/2019\/08\/sonia-1.jpeg","datePublished":"2019-05-31T23:26:13+00:00","dateModified":"2019-08-20T14:42:05+00:00","author":{"@id":"https:\/\/www.filantropiacortessolari.cl\/#\/schema\/person\/e099cf1046922f4f5892172332dc86c0"},"breadcrumb":{"@id":"https:\/\/www.filantropiacortessolari.cl\/la-segunda-entrevista-a-sonia-espanol-una-regulacion-para-proteger-a-las-ballenas\/#breadcrumb"},"inLanguage":"en-US","potentialAction":[{"@type":"ReadAction","target":["https:\/\/www.filantropiacortessolari.cl\/la-segunda-entrevista-a-sonia-espanol-una-regulacion-para-proteger-a-las-ballenas\/"]}]},{"@type":"ImageObject","inLanguage":"en-US","@id":"https:\/\/www.filantropiacortessolari.cl\/la-segunda-entrevista-a-sonia-espanol-una-regulacion-para-proteger-a-las-ballenas\/#primaryimage","url":"https:\/\/www.filantropiacortessolari.cl\/wp-content\/uploads\/2019\/08\/sonia-1.jpeg","contentUrl":"https:\/\/www.filantropiacortessolari.cl\/wp-content\/uploads\/2019\/08\/sonia-1.jpeg","width":1280,"height":853},{"@type":"BreadcrumbList","@id":"https:\/\/www.filantropiacortessolari.cl\/la-segunda-entrevista-a-sonia-espanol-una-regulacion-para-proteger-a-las-ballenas\/#breadcrumb","itemListElement":[{"@type":"ListItem","position":1,"name":"Portada","item":"https:\/\/www.filantropiacortessolari.cl\/"},{"@type":"ListItem","position":2,"name":"[La Segunda] Entrevista a Sonia Espa\u00f1ol: \u00abUna regulaci\u00f3n para proteger a las ballenas\u00bb"}]},{"@type":"WebSite","@id":"https:\/\/www.filantropiacortessolari.cl\/#website","url":"https:\/\/www.filantropiacortessolari.cl\/","name":"Filantrop\u00eda Cort\u00e9s Solari","description":"Sitio web Filantrop\u00eda Cort\u00e9s Solari","potentialAction":[{"@type":"SearchAction","target":{"@type":"EntryPoint","urlTemplate":"https:\/\/www.filantropiacortessolari.cl\/?s={search_term_string}"},"query-input":{"@type":"PropertyValueSpecification","valueRequired":true,"valueName":"search_term_string"}}],"inLanguage":"en-US"},{"@type":"Person","@id":"https:\/\/www.filantropiacortessolari.cl\/#\/schema\/person\/e099cf1046922f4f5892172332dc86c0","name":"Filantrop\u00eda Cort\u00e9s Solari","image":{"@type":"ImageObject","inLanguage":"en-US","@id":"https:\/\/secure.gravatar.com\/avatar\/9d17bfe24074ed7576e70cbeb8e010cdd7d01fae9f2047bd96cccbe629ec3c11?s=96&d=mm&r=g","url":"https:\/\/secure.gravatar.com\/avatar\/9d17bfe24074ed7576e70cbeb8e010cdd7d01fae9f2047bd96cccbe629ec3c11?s=96&d=mm&r=g","contentUrl":"https:\/\/secure.gravatar.com\/avatar\/9d17bfe24074ed7576e70cbeb8e010cdd7d01fae9f2047bd96cccbe629ec3c11?s=96&d=mm&r=g","caption":"Filantrop\u00eda Cort\u00e9s Solari"},"url":"https:\/\/www.filantropiacortessolari.cl\/en\/author\/filantropia-cortes-solari\/"}]}},"_links":{"self":[{"href":"https:\/\/www.filantropiacortessolari.cl\/en\/wp-json\/wp\/v2\/posts\/760","targetHints":{"allow":["GET"]}}],"collection":[{"href":"https:\/\/www.filantropiacortessolari.cl\/en\/wp-json\/wp\/v2\/posts"}],"about":[{"href":"https:\/\/www.filantropiacortessolari.cl\/en\/wp-json\/wp\/v2\/types\/post"}],"author":[{"embeddable":true,"href":"https:\/\/www.filantropiacortessolari.cl\/en\/wp-json\/wp\/v2\/users\/1"}],"replies":[{"embeddable":true,"href":"https:\/\/www.filantropiacortessolari.cl\/en\/wp-json\/wp\/v2\/comments?post=760"}],"version-history":[{"count":1,"href":"https:\/\/www.filantropiacortessolari.cl\/en\/wp-json\/wp\/v2\/posts\/760\/revisions"}],"predecessor-version":[{"id":762,"href":"https:\/\/www.filantropiacortessolari.cl\/en\/wp-json\/wp\/v2\/posts\/760\/revisions\/762"}],"wp:featuredmedia":[{"embeddable":true,"href":"https:\/\/www.filantropiacortessolari.cl\/en\/wp-json\/wp\/v2\/media\/761"}],"wp:attachment":[{"href":"https:\/\/www.filantropiacortessolari.cl\/en\/wp-json\/wp\/v2\/media?parent=760"}],"wp:term":[{"taxonomy":"category","embeddable":true,"href":"https:\/\/www.filantropiacortessolari.cl\/en\/wp-json\/wp\/v2\/categories?post=760"},{"taxonomy":"post_tag","embeddable":true,"href":"https:\/\/www.filantropiacortessolari.cl\/en\/wp-json\/wp\/v2\/tags?post=760"}],"curies":[{"name":"wp","href":"https:\/\/api.w.org\/{rel}","templated":true}]}}