{"id":767,"date":"2018-08-27T20:45:28","date_gmt":"2018-08-27T23:45:28","guid":{"rendered":"http:\/\/intranet.filantropiacortessolari.cl\/?p=767"},"modified":"2019-08-26T03:29:45","modified_gmt":"2019-08-26T06:29:45","slug":"la-segunda-entrevista-exclusiva-a-francisca-cortes-solari","status":"publish","type":"post","link":"https:\/\/www.filantropiacortessolari.cl\/en\/la-segunda-entrevista-exclusiva-a-francisca-cortes-solari\/","title":{"rendered":"[La Segunda] Entrevista exclusiva a Francisca Cort\u00e9s Solari"},"content":{"rendered":"<style type=\"text\/css\"><\/style><p>Cuenta c\u00f3mo se convirti\u00f3 en el pilar que ha sustentado el trabajo filantr\u00f3pico de su familia. Hoy su gesti\u00f3n est\u00e1 tras la exposici\u00f3n \u00abBallenas, voces del mar de Chile!\u00bb.<\/p>\n<p>Revisa la entrevista completa en:\u00a0<a href=\"http:\/\/impresa.lasegunda.com\/2018\/08\/21\/A\/2D3EOM2I\" target=\"_blank\" rel=\"noopener noreferrer\">http:\/\/impresa.lasegunda.com\/2018\/08\/21\/A\/2D3EOM2I<\/a><\/p>\n","protected":false},"excerpt":{"rendered":"<p>Cuenta c\u00f3mo se convirti\u00f3 en el pilar que ha sustentado el trabajo filantr\u00f3pico de su familia. Hoy su gesti\u00f3n est\u00e1 tras la exposici\u00f3n \u00abBallenas, voces del mar de Chile!\u00bb. Revisa la entrevista completa en:\u00a0http:\/\/impresa.lasegunda.com\/2018\/08\/21\/A\/2D3EOM2I<\/p>\n","protected":false},"author":1,"featured_media":768,"comment_status":"open","ping_status":"open","sticky":false,"template":"","format":"standard","meta":{"footnotes":""},"categories":[33],"tags":[],"class_list":["post-767","post","type-post","status-publish","format-standard","has-post-thumbnail","hentry","category-fcs"],"translation":{"provider":"WPGlobus","version":"3.0.2","language":"en","enabled_languages":["es","en"],"languages":{"es":{"title":true,"content":true,"excerpt":false},"en":{"title":false,"content":false,"excerpt":false}}},"yoast_head":"<!-- This site is optimized with the Yoast SEO plugin v27.4 - https:\/\/yoast.com\/product\/yoast-seo-wordpress\/ -->\n<title>[La Segunda] Entrevista exclusiva a Francisca Cort\u00e9s Solari<\/title>\n<meta name=\"robots\" content=\"index, follow, max-snippet:-1, max-image-preview:large, max-video-preview:-1\" \/>\n<link rel=\"canonical\" href=\"https:\/\/www.filantropiacortessolari.cl\/la-segunda-entrevista-exclusiva-a-francisca-cortes-solari\/\" \/>\n<meta property=\"og:locale\" content=\"en_US\" \/>\n<meta property=\"og:type\" content=\"article\" \/>\n<meta property=\"og:title\" content=\"[La Segunda] Entrevista exclusiva a Francisca Cort\u00e9s Solari\" \/>\n<meta property=\"og:url\" content=\"https:\/\/www.filantropiacortessolari.cl\/la-segunda-entrevista-exclusiva-a-francisca-cortes-solari\/\" \/>\n<meta property=\"og:site_name\" content=\"Filantrop\u00eda Cort\u00e9s Solari\" \/>\n<meta property=\"article:published_time\" content=\"2018-08-27T23:45:28+00:00\" \/>\n<meta property=\"article:modified_time\" content=\"2019-08-26T06:29:45+00:00\" \/>\n<meta property=\"og:image\" content=\"https:\/\/www.filantropiacortessolari.cl\/wp-content\/uploads\/2019\/08\/caserta_quienes_somos17.jpg\" \/>\n\t<meta property=\"og:image:width\" content=\"1024\" \/>\n\t<meta property=\"og:image:height\" content=\"684\" \/>\n\t<meta property=\"og:image:type\" content=\"image\/jpeg\" \/>\n<meta name=\"author\" content=\"Filantrop\u00eda Cort\u00e9s Solari\" \/>\n<meta name=\"twitter:card\" content=\"summary_large_image\" \/>\n<meta name=\"twitter:label1\" content=\"Written by\" \/>\n\t<meta name=\"twitter:data1\" content=\"Filantrop\u00eda Cort\u00e9s Solari\" \/>\n<script type=\"application\/ld+json\" class=\"yoast-schema-graph\">{\"@context\":\"https:\\\/\\\/schema.org\",\"@graph\":[{\"@type\":\"Article\",\"@id\":\"https:\\\/\\\/www.filantropiacortessolari.cl\\\/la-segunda-entrevista-exclusiva-a-francisca-cortes-solari\\\/#article\",\"isPartOf\":{\"@id\":\"https:\\\/\\\/www.filantropiacortessolari.cl\\\/la-segunda-entrevista-exclusiva-a-francisca-cortes-solari\\\/\"},\"author\":{\"name\":\"Filantrop\u00eda Cort\u00e9s Solari\",\"@id\":\"https:\\\/\\\/www.filantropiacortessolari.cl\\\/#\\\/schema\\\/person\\\/e099cf1046922f4f5892172332dc86c0\"},\"headline\":\"[La Segunda] Entrevista exclusiva a Francisca Cort\u00e9s Solari\",\"datePublished\":\"2018-08-27T23:45:28+00:00\",\"dateModified\":\"2019-08-26T06:29:45+00:00\",\"mainEntityOfPage\":{\"@id\":\"https:\\\/\\\/www.filantropiacortessolari.cl\\\/la-segunda-entrevista-exclusiva-a-francisca-cortes-solari\\\/\"},\"wordCount\":55,\"commentCount\":0,\"image\":{\"@id\":\"https:\\\/\\\/www.filantropiacortessolari.cl\\\/la-segunda-entrevista-exclusiva-a-francisca-cortes-solari\\\/#primaryimage\"},\"thumbnailUrl\":\"https:\\\/\\\/www.filantropiacortessolari.cl\\\/wp-content\\\/uploads\\\/2019\\\/08\\\/caserta_quienes_somos17.jpg\",\"articleSection\":[\"Entrevista FCS\"],\"inLanguage\":\"en-US\",\"potentialAction\":[{\"@type\":\"CommentAction\",\"name\":\"Comment\",\"target\":[\"https:\\\/\\\/www.filantropiacortessolari.cl\\\/la-segunda-entrevista-exclusiva-a-francisca-cortes-solari\\\/#respond\"]}]},{\"@type\":\"WebPage\",\"@id\":\"https:\\\/\\\/www.filantropiacortessolari.cl\\\/la-segunda-entrevista-exclusiva-a-francisca-cortes-solari\\\/\",\"url\":\"https:\\\/\\\/www.filantropiacortessolari.cl\\\/la-segunda-entrevista-exclusiva-a-francisca-cortes-solari\\\/\",\"name\":\"[La Segunda] Entrevista exclusiva a Francisca Cort\u00e9s Solari\",\"isPartOf\":{\"@id\":\"https:\\\/\\\/www.filantropiacortessolari.cl\\\/#website\"},\"primaryImageOfPage\":{\"@id\":\"https:\\\/\\\/www.filantropiacortessolari.cl\\\/la-segunda-entrevista-exclusiva-a-francisca-cortes-solari\\\/#primaryimage\"},\"image\":{\"@id\":\"https:\\\/\\\/www.filantropiacortessolari.cl\\\/la-segunda-entrevista-exclusiva-a-francisca-cortes-solari\\\/#primaryimage\"},\"thumbnailUrl\":\"https:\\\/\\\/www.filantropiacortessolari.cl\\\/wp-content\\\/uploads\\\/2019\\\/08\\\/caserta_quienes_somos17.jpg\",\"datePublished\":\"2018-08-27T23:45:28+00:00\",\"dateModified\":\"2019-08-26T06:29:45+00:00\",\"author\":{\"@id\":\"https:\\\/\\\/www.filantropiacortessolari.cl\\\/#\\\/schema\\\/person\\\/e099cf1046922f4f5892172332dc86c0\"},\"breadcrumb\":{\"@id\":\"https:\\\/\\\/www.filantropiacortessolari.cl\\\/la-segunda-entrevista-exclusiva-a-francisca-cortes-solari\\\/#breadcrumb\"},\"inLanguage\":\"en-US\",\"potentialAction\":[{\"@type\":\"ReadAction\",\"target\":[\"https:\\\/\\\/www.filantropiacortessolari.cl\\\/la-segunda-entrevista-exclusiva-a-francisca-cortes-solari\\\/\"]}]},{\"@type\":\"ImageObject\",\"inLanguage\":\"en-US\",\"@id\":\"https:\\\/\\\/www.filantropiacortessolari.cl\\\/la-segunda-entrevista-exclusiva-a-francisca-cortes-solari\\\/#primaryimage\",\"url\":\"https:\\\/\\\/www.filantropiacortessolari.cl\\\/wp-content\\\/uploads\\\/2019\\\/08\\\/caserta_quienes_somos17.jpg\",\"contentUrl\":\"https:\\\/\\\/www.filantropiacortessolari.cl\\\/wp-content\\\/uploads\\\/2019\\\/08\\\/caserta_quienes_somos17.jpg\",\"width\":1024,\"height\":684},{\"@type\":\"BreadcrumbList\",\"@id\":\"https:\\\/\\\/www.filantropiacortessolari.cl\\\/la-segunda-entrevista-exclusiva-a-francisca-cortes-solari\\\/#breadcrumb\",\"itemListElement\":[{\"@type\":\"ListItem\",\"position\":1,\"name\":\"Portada\",\"item\":\"https:\\\/\\\/www.filantropiacortessolari.cl\\\/\"},{\"@type\":\"ListItem\",\"position\":2,\"name\":\"[La Segunda] Entrevista exclusiva a Francisca Cort\u00e9s Solari\"}]},{\"@type\":\"WebSite\",\"@id\":\"https:\\\/\\\/www.filantropiacortessolari.cl\\\/#website\",\"url\":\"https:\\\/\\\/www.filantropiacortessolari.cl\\\/\",\"name\":\"Filantrop\u00eda Cort\u00e9s Solari\",\"description\":\"Sitio web Filantrop\u00eda Cort\u00e9s Solari\",\"potentialAction\":[{\"@type\":\"SearchAction\",\"target\":{\"@type\":\"EntryPoint\",\"urlTemplate\":\"https:\\\/\\\/www.filantropiacortessolari.cl\\\/?s={search_term_string}\"},\"query-input\":{\"@type\":\"PropertyValueSpecification\",\"valueRequired\":true,\"valueName\":\"search_term_string\"}}],\"inLanguage\":\"en-US\"},{\"@type\":\"Person\",\"@id\":\"https:\\\/\\\/www.filantropiacortessolari.cl\\\/#\\\/schema\\\/person\\\/e099cf1046922f4f5892172332dc86c0\",\"name\":\"Filantrop\u00eda Cort\u00e9s Solari\",\"image\":{\"@type\":\"ImageObject\",\"inLanguage\":\"en-US\",\"@id\":\"https:\\\/\\\/secure.gravatar.com\\\/avatar\\\/9d17bfe24074ed7576e70cbeb8e010cdd7d01fae9f2047bd96cccbe629ec3c11?s=96&d=mm&r=g\",\"url\":\"https:\\\/\\\/secure.gravatar.com\\\/avatar\\\/9d17bfe24074ed7576e70cbeb8e010cdd7d01fae9f2047bd96cccbe629ec3c11?s=96&d=mm&r=g\",\"contentUrl\":\"https:\\\/\\\/secure.gravatar.com\\\/avatar\\\/9d17bfe24074ed7576e70cbeb8e010cdd7d01fae9f2047bd96cccbe629ec3c11?s=96&d=mm&r=g\",\"caption\":\"Filantrop\u00eda Cort\u00e9s Solari\"},\"url\":\"https:\\\/\\\/www.filantropiacortessolari.cl\\\/en\\\/author\\\/filantropia-cortes-solari\\\/\"}]}<\/script>\n<!-- \/ Yoast SEO plugin. -->","yoast_head_json":{"title":"[La Segunda] Entrevista exclusiva a Francisca Cort\u00e9s Solari","robots":{"index":"index","follow":"follow","max-snippet":"max-snippet:-1","max-image-preview":"max-image-preview:large","max-video-preview":"max-video-preview:-1"},"canonical":"https:\/\/www.filantropiacortessolari.cl\/la-segunda-entrevista-exclusiva-a-francisca-cortes-solari\/","og_locale":"en_US","og_type":"article","og_title":"[La Segunda] Entrevista exclusiva a Francisca Cort\u00e9s Solari","og_url":"https:\/\/www.filantropiacortessolari.cl\/la-segunda-entrevista-exclusiva-a-francisca-cortes-solari\/","og_site_name":"Filantrop\u00eda Cort\u00e9s Solari","article_published_time":"2018-08-27T23:45:28+00:00","article_modified_time":"2019-08-26T06:29:45+00:00","og_image":[{"width":1024,"height":684,"url":"https:\/\/www.filantropiacortessolari.cl\/wp-content\/uploads\/2019\/08\/caserta_quienes_somos17.jpg","type":"image\/jpeg"}],"author":"Filantrop\u00eda Cort\u00e9s Solari","twitter_card":"summary_large_image","twitter_misc":{"Written by":"Filantrop\u00eda Cort\u00e9s Solari"},"schema":{"@context":"https:\/\/schema.org","@graph":[{"@type":"Article","@id":"https:\/\/www.filantropiacortessolari.cl\/la-segunda-entrevista-exclusiva-a-francisca-cortes-solari\/#article","isPartOf":{"@id":"https:\/\/www.filantropiacortessolari.cl\/la-segunda-entrevista-exclusiva-a-francisca-cortes-solari\/"},"author":{"name":"Filantrop\u00eda Cort\u00e9s Solari","@id":"https:\/\/www.filantropiacortessolari.cl\/#\/schema\/person\/e099cf1046922f4f5892172332dc86c0"},"headline":"[La Segunda] Entrevista exclusiva a Francisca Cort\u00e9s Solari","datePublished":"2018-08-27T23:45:28+00:00","dateModified":"2019-08-26T06:29:45+00:00","mainEntityOfPage":{"@id":"https:\/\/www.filantropiacortessolari.cl\/la-segunda-entrevista-exclusiva-a-francisca-cortes-solari\/"},"wordCount":55,"commentCount":0,"image":{"@id":"https:\/\/www.filantropiacortessolari.cl\/la-segunda-entrevista-exclusiva-a-francisca-cortes-solari\/#primaryimage"},"thumbnailUrl":"https:\/\/www.filantropiacortessolari.cl\/wp-content\/uploads\/2019\/08\/caserta_quienes_somos17.jpg","articleSection":["Entrevista FCS"],"inLanguage":"en-US","potentialAction":[{"@type":"CommentAction","name":"Comment","target":["https:\/\/www.filantropiacortessolari.cl\/la-segunda-entrevista-exclusiva-a-francisca-cortes-solari\/#respond"]}]},{"@type":"WebPage","@id":"https:\/\/www.filantropiacortessolari.cl\/la-segunda-entrevista-exclusiva-a-francisca-cortes-solari\/","url":"https:\/\/www.filantropiacortessolari.cl\/la-segunda-entrevista-exclusiva-a-francisca-cortes-solari\/","name":"[La Segunda] Entrevista exclusiva a Francisca Cort\u00e9s Solari","isPartOf":{"@id":"https:\/\/www.filantropiacortessolari.cl\/#website"},"primaryImageOfPage":{"@id":"https:\/\/www.filantropiacortessolari.cl\/la-segunda-entrevista-exclusiva-a-francisca-cortes-solari\/#primaryimage"},"image":{"@id":"https:\/\/www.filantropiacortessolari.cl\/la-segunda-entrevista-exclusiva-a-francisca-cortes-solari\/#primaryimage"},"thumbnailUrl":"https:\/\/www.filantropiacortessolari.cl\/wp-content\/uploads\/2019\/08\/caserta_quienes_somos17.jpg","datePublished":"2018-08-27T23:45:28+00:00","dateModified":"2019-08-26T06:29:45+00:00","author":{"@id":"https:\/\/www.filantropiacortessolari.cl\/#\/schema\/person\/e099cf1046922f4f5892172332dc86c0"},"breadcrumb":{"@id":"https:\/\/www.filantropiacortessolari.cl\/la-segunda-entrevista-exclusiva-a-francisca-cortes-solari\/#breadcrumb"},"inLanguage":"en-US","potentialAction":[{"@type":"ReadAction","target":["https:\/\/www.filantropiacortessolari.cl\/la-segunda-entrevista-exclusiva-a-francisca-cortes-solari\/"]}]},{"@type":"ImageObject","inLanguage":"en-US","@id":"https:\/\/www.filantropiacortessolari.cl\/la-segunda-entrevista-exclusiva-a-francisca-cortes-solari\/#primaryimage","url":"https:\/\/www.filantropiacortessolari.cl\/wp-content\/uploads\/2019\/08\/caserta_quienes_somos17.jpg","contentUrl":"https:\/\/www.filantropiacortessolari.cl\/wp-content\/uploads\/2019\/08\/caserta_quienes_somos17.jpg","width":1024,"height":684},{"@type":"BreadcrumbList","@id":"https:\/\/www.filantropiacortessolari.cl\/la-segunda-entrevista-exclusiva-a-francisca-cortes-solari\/#breadcrumb","itemListElement":[{"@type":"ListItem","position":1,"name":"Portada","item":"https:\/\/www.filantropiacortessolari.cl\/"},{"@type":"ListItem","position":2,"name":"[La Segunda] Entrevista exclusiva a Francisca Cort\u00e9s Solari"}]},{"@type":"WebSite","@id":"https:\/\/www.filantropiacortessolari.cl\/#website","url":"https:\/\/www.filantropiacortessolari.cl\/","name":"Filantrop\u00eda Cort\u00e9s Solari","description":"Sitio web Filantrop\u00eda Cort\u00e9s Solari","potentialAction":[{"@type":"SearchAction","target":{"@type":"EntryPoint","urlTemplate":"https:\/\/www.filantropiacortessolari.cl\/?s={search_term_string}"},"query-input":{"@type":"PropertyValueSpecification","valueRequired":true,"valueName":"search_term_string"}}],"inLanguage":"en-US"},{"@type":"Person","@id":"https:\/\/www.filantropiacortessolari.cl\/#\/schema\/person\/e099cf1046922f4f5892172332dc86c0","name":"Filantrop\u00eda Cort\u00e9s Solari","image":{"@type":"ImageObject","inLanguage":"en-US","@id":"https:\/\/secure.gravatar.com\/avatar\/9d17bfe24074ed7576e70cbeb8e010cdd7d01fae9f2047bd96cccbe629ec3c11?s=96&d=mm&r=g","url":"https:\/\/secure.gravatar.com\/avatar\/9d17bfe24074ed7576e70cbeb8e010cdd7d01fae9f2047bd96cccbe629ec3c11?s=96&d=mm&r=g","contentUrl":"https:\/\/secure.gravatar.com\/avatar\/9d17bfe24074ed7576e70cbeb8e010cdd7d01fae9f2047bd96cccbe629ec3c11?s=96&d=mm&r=g","caption":"Filantrop\u00eda Cort\u00e9s Solari"},"url":"https:\/\/www.filantropiacortessolari.cl\/en\/author\/filantropia-cortes-solari\/"}]}},"_links":{"self":[{"href":"https:\/\/www.filantropiacortessolari.cl\/en\/wp-json\/wp\/v2\/posts\/767","targetHints":{"allow":["GET"]}}],"collection":[{"href":"https:\/\/www.filantropiacortessolari.cl\/en\/wp-json\/wp\/v2\/posts"}],"about":[{"href":"https:\/\/www.filantropiacortessolari.cl\/en\/wp-json\/wp\/v2\/types\/post"}],"author":[{"embeddable":true,"href":"https:\/\/www.filantropiacortessolari.cl\/en\/wp-json\/wp\/v2\/users\/1"}],"replies":[{"embeddable":true,"href":"https:\/\/www.filantropiacortessolari.cl\/en\/wp-json\/wp\/v2\/comments?post=767"}],"version-history":[{"count":1,"href":"https:\/\/www.filantropiacortessolari.cl\/en\/wp-json\/wp\/v2\/posts\/767\/revisions"}],"predecessor-version":[{"id":769,"href":"https:\/\/www.filantropiacortessolari.cl\/en\/wp-json\/wp\/v2\/posts\/767\/revisions\/769"}],"wp:featuredmedia":[{"embeddable":true,"href":"https:\/\/www.filantropiacortessolari.cl\/en\/wp-json\/wp\/v2\/media\/768"}],"wp:attachment":[{"href":"https:\/\/www.filantropiacortessolari.cl\/en\/wp-json\/wp\/v2\/media?parent=767"}],"wp:term":[{"taxonomy":"category","embeddable":true,"href":"https:\/\/www.filantropiacortessolari.cl\/en\/wp-json\/wp\/v2\/categories?post=767"},{"taxonomy":"post_tag","embeddable":true,"href":"https:\/\/www.filantropiacortessolari.cl\/en\/wp-json\/wp\/v2\/tags?post=767"}],"curies":[{"name":"wp","href":"https:\/\/api.w.org\/{rel}","templated":true}]}}