{"id":790,"date":"2019-01-30T21:42:31","date_gmt":"2019-01-31T00:42:31","guid":{"rendered":"http:\/\/intranet.filantropiacortessolari.cl\/?p=790"},"modified":"2019-08-26T02:57:48","modified_gmt":"2019-08-26T05:57:48","slug":"liceos-de-excelencia-y-merito-escolar","status":"publish","type":"post","link":"https:\/\/www.filantropiacortessolari.cl\/en\/liceos-de-excelencia-y-merito-escolar\/","title":{"rendered":"Liceos de excelencia y m\u00e9rito escolar"},"content":{"rendered":"<style type=\"text\/css\"><\/style><p>El Ministerio de Educaci\u00f3n est\u00e1 buscando reponer la norma que permite la selecci\u00f3n por razones acad\u00e9micas en los llamados liceos de excelencia. Este asunto no es nuevo; ya en la discusi\u00f3n de 2009 sobre la Ley General de Educaci\u00f3n fue motivo de controversia, lo que se replic\u00f3 en 2014 para la discusi\u00f3n de la Ley de Inclusi\u00f3n Escolar, normativa en la que el sistema de admisi\u00f3n tuvo su \u00faltima modificaci\u00f3n.<\/p>\n<p>El concepto que subyace tras esta discusi\u00f3n es la del m\u00e9rito, definido como el derecho a recibir un reconocimiento por algo que la persona ha hecho. Quienes defienden la selecci\u00f3n por m\u00e9rito argumentan que los estudiantes que obtienen buenos resultados acad\u00e9micos tendr\u00edan el derecho de acceder a liceos ampliamente demandados, como reconocimiento al esfuerzo puesto en sus cursos anteriores.<\/p>\n<p>Dentro de la discusi\u00f3n es importante considerar que, generalmente, los liceos de excelencia comienzan en s\u00e9ptimo b\u00e1sico, por lo que las postulaciones a estos establecimientos son en sexto b\u00e1sico. Es decir, se consideran los resultados y conocimientos que los ni\u00f1os presentan a los 12 a\u00f1os. Considerando que la adquisici\u00f3n de conocimiento es un proceso acumulativo, en el que las condiciones iniciales tienen efecto en los resultados finales, lo que se est\u00e1 considerando es el proceso de aprendizaje entre los 0 y 12 a\u00f1os.<\/p>\n<p>\u00bfEs posible atribuir los resultados del proceso de aprendizaje exclusivamente al esfuerzo de los estudiantes? La evidencia sugiere que tanto el esfuerzo como los resultados escolares se ven fuertemente condicionados por factores externos al estudiante, tales como nivel socioecon\u00f3mico, estructura familiar, involucramiento parental y condiciones de salud, entre otros. Luego, a los 12 a\u00f1os, los ni\u00f1os y ni\u00f1as ser\u00edan m\u00e1s un reflejo del contexto en el que han crecido que \u00fanicamente de sus propias decisiones aut\u00f3nomas.<\/p>\n<p>En consecuencia, en la mayor\u00eda de los casos no es posible atribuir los resultados exclusivamente al esfuerzo de los estudiantes, por lo que incorporarlos en la selecci\u00f3n para algunos establecimientos es discriminar a quienes no han tenido la oportunidad de vivir en contextos favorables a su desarrollo. El mayor desaf\u00edo de la pol\u00edtica p\u00fablica educativa es dotar a los docentes y establecimientos de habilidades para enfrentar salas de clases diversas, con estudiantes que presentan una infinidad de necesidades que deben ser atendidas.<\/p>\n<p><strong>Mar\u00eda Paz Donoso Turpaud<\/strong><\/p>\n<p><strong>Directora de Pol\u00edtica Educativa, Fundaci\u00f3n Caserta<\/strong><\/p>\n","protected":false},"excerpt":{"rendered":"<p>El Ministerio de Educaci\u00f3n est\u00e1 buscando reponer la norma que permite la selecci\u00f3n por razones acad\u00e9micas en los llamados liceos de excelencia. Este asunto no es nuevo; ya en la discusi\u00f3n de 2009 sobre la Ley General de Educaci\u00f3n fue motivo de controversia, lo que se replic\u00f3 en 2014 para la discusi\u00f3n de la Ley&#8230;<\/p>\n","protected":false},"author":1,"featured_media":788,"comment_status":"open","ping_status":"open","sticky":false,"template":"","format":"standard","meta":{"footnotes":""},"categories":[10,26],"tags":[],"class_list":["post-790","post","type-post","status-publish","format-standard","has-post-thumbnail","hentry","category-articulos","category-opinion-caserta"],"translation":{"provider":"WPGlobus","version":"3.0.2","language":"en","enabled_languages":["es","en"],"languages":{"es":{"title":true,"content":true,"excerpt":false},"en":{"title":false,"content":false,"excerpt":false}}},"yoast_head":"<!-- This site is optimized with the Yoast SEO plugin v27.4 - https:\/\/yoast.com\/product\/yoast-seo-wordpress\/ -->\n<title>Liceos de excelencia y m\u00e9rito escolar<\/title>\n<meta name=\"robots\" content=\"index, follow, max-snippet:-1, max-image-preview:large, max-video-preview:-1\" \/>\n<link rel=\"canonical\" href=\"https:\/\/www.filantropiacortessolari.cl\/liceos-de-excelencia-y-merito-escolar\/\" \/>\n<meta property=\"og:locale\" content=\"en_US\" \/>\n<meta property=\"og:type\" content=\"article\" \/>\n<meta property=\"og:title\" content=\"Liceos de excelencia y m\u00e9rito escolar\" \/>\n<meta property=\"og:url\" content=\"https:\/\/www.filantropiacortessolari.cl\/liceos-de-excelencia-y-merito-escolar\/\" \/>\n<meta property=\"og:site_name\" content=\"Filantrop\u00eda Cort\u00e9s Solari\" \/>\n<meta property=\"article:published_time\" content=\"2019-01-31T00:42:31+00:00\" \/>\n<meta property=\"article:modified_time\" content=\"2019-08-26T05:57:48+00:00\" \/>\n<meta property=\"og:image\" content=\"https:\/\/www.filantropiacortessolari.cl\/wp-content\/uploads\/2019\/08\/mari\u0301apaz-1-e1546464228521.jpeg\" \/>\n\t<meta property=\"og:image:width\" content=\"864\" \/>\n\t<meta property=\"og:image:height\" content=\"714\" \/>\n\t<meta property=\"og:image:type\" content=\"image\/jpeg\" \/>\n<meta name=\"author\" content=\"Filantrop\u00eda Cort\u00e9s Solari\" \/>\n<meta name=\"twitter:card\" content=\"summary_large_image\" \/>\n<meta name=\"twitter:label1\" content=\"Written by\" \/>\n\t<meta name=\"twitter:data1\" content=\"Filantrop\u00eda Cort\u00e9s Solari\" \/>\n\t<meta name=\"twitter:label2\" content=\"Est. reading time\" \/>\n\t<meta name=\"twitter:data2\" content=\"2 minutes\" \/>\n<script type=\"application\/ld+json\" class=\"yoast-schema-graph\">{\"@context\":\"https:\\\/\\\/schema.org\",\"@graph\":[{\"@type\":\"Article\",\"@id\":\"https:\\\/\\\/www.filantropiacortessolari.cl\\\/liceos-de-excelencia-y-merito-escolar\\\/#article\",\"isPartOf\":{\"@id\":\"https:\\\/\\\/www.filantropiacortessolari.cl\\\/liceos-de-excelencia-y-merito-escolar\\\/\"},\"author\":{\"name\":\"Filantrop\u00eda Cort\u00e9s Solari\",\"@id\":\"https:\\\/\\\/www.filantropiacortessolari.cl\\\/#\\\/schema\\\/person\\\/e099cf1046922f4f5892172332dc86c0\"},\"headline\":\"Liceos de excelencia y m\u00e9rito escolar\",\"datePublished\":\"2019-01-31T00:42:31+00:00\",\"dateModified\":\"2019-08-26T05:57:48+00:00\",\"mainEntityOfPage\":{\"@id\":\"https:\\\/\\\/www.filantropiacortessolari.cl\\\/liceos-de-excelencia-y-merito-escolar\\\/\"},\"wordCount\":419,\"commentCount\":0,\"image\":{\"@id\":\"https:\\\/\\\/www.filantropiacortessolari.cl\\\/liceos-de-excelencia-y-merito-escolar\\\/#primaryimage\"},\"thumbnailUrl\":\"https:\\\/\\\/www.filantropiacortessolari.cl\\\/wp-content\\\/uploads\\\/2019\\\/08\\\/mari\u0301apaz-1-e1546464228521.jpeg\",\"articleSection\":[\"Opini\u00f3n\",\"Opini\u00f3n Caserta\"],\"inLanguage\":\"en-US\",\"potentialAction\":[{\"@type\":\"CommentAction\",\"name\":\"Comment\",\"target\":[\"https:\\\/\\\/www.filantropiacortessolari.cl\\\/liceos-de-excelencia-y-merito-escolar\\\/#respond\"]}]},{\"@type\":\"WebPage\",\"@id\":\"https:\\\/\\\/www.filantropiacortessolari.cl\\\/liceos-de-excelencia-y-merito-escolar\\\/\",\"url\":\"https:\\\/\\\/www.filantropiacortessolari.cl\\\/liceos-de-excelencia-y-merito-escolar\\\/\",\"name\":\"Liceos de excelencia y m\u00e9rito escolar\",\"isPartOf\":{\"@id\":\"https:\\\/\\\/www.filantropiacortessolari.cl\\\/#website\"},\"primaryImageOfPage\":{\"@id\":\"https:\\\/\\\/www.filantropiacortessolari.cl\\\/liceos-de-excelencia-y-merito-escolar\\\/#primaryimage\"},\"image\":{\"@id\":\"https:\\\/\\\/www.filantropiacortessolari.cl\\\/liceos-de-excelencia-y-merito-escolar\\\/#primaryimage\"},\"thumbnailUrl\":\"https:\\\/\\\/www.filantropiacortessolari.cl\\\/wp-content\\\/uploads\\\/2019\\\/08\\\/mari\u0301apaz-1-e1546464228521.jpeg\",\"datePublished\":\"2019-01-31T00:42:31+00:00\",\"dateModified\":\"2019-08-26T05:57:48+00:00\",\"author\":{\"@id\":\"https:\\\/\\\/www.filantropiacortessolari.cl\\\/#\\\/schema\\\/person\\\/e099cf1046922f4f5892172332dc86c0\"},\"breadcrumb\":{\"@id\":\"https:\\\/\\\/www.filantropiacortessolari.cl\\\/liceos-de-excelencia-y-merito-escolar\\\/#breadcrumb\"},\"inLanguage\":\"en-US\",\"potentialAction\":[{\"@type\":\"ReadAction\",\"target\":[\"https:\\\/\\\/www.filantropiacortessolari.cl\\\/liceos-de-excelencia-y-merito-escolar\\\/\"]}]},{\"@type\":\"ImageObject\",\"inLanguage\":\"en-US\",\"@id\":\"https:\\\/\\\/www.filantropiacortessolari.cl\\\/liceos-de-excelencia-y-merito-escolar\\\/#primaryimage\",\"url\":\"https:\\\/\\\/www.filantropiacortessolari.cl\\\/wp-content\\\/uploads\\\/2019\\\/08\\\/mari\u0301apaz-1-e1546464228521.jpeg\",\"contentUrl\":\"https:\\\/\\\/www.filantropiacortessolari.cl\\\/wp-content\\\/uploads\\\/2019\\\/08\\\/mari\u0301apaz-1-e1546464228521.jpeg\",\"width\":864,\"height\":714},{\"@type\":\"BreadcrumbList\",\"@id\":\"https:\\\/\\\/www.filantropiacortessolari.cl\\\/liceos-de-excelencia-y-merito-escolar\\\/#breadcrumb\",\"itemListElement\":[{\"@type\":\"ListItem\",\"position\":1,\"name\":\"Portada\",\"item\":\"https:\\\/\\\/www.filantropiacortessolari.cl\\\/\"},{\"@type\":\"ListItem\",\"position\":2,\"name\":\"Liceos de excelencia y m\u00e9rito escolar\"}]},{\"@type\":\"WebSite\",\"@id\":\"https:\\\/\\\/www.filantropiacortessolari.cl\\\/#website\",\"url\":\"https:\\\/\\\/www.filantropiacortessolari.cl\\\/\",\"name\":\"Filantrop\u00eda Cort\u00e9s Solari\",\"description\":\"Sitio web Filantrop\u00eda Cort\u00e9s Solari\",\"potentialAction\":[{\"@type\":\"SearchAction\",\"target\":{\"@type\":\"EntryPoint\",\"urlTemplate\":\"https:\\\/\\\/www.filantropiacortessolari.cl\\\/?s={search_term_string}\"},\"query-input\":{\"@type\":\"PropertyValueSpecification\",\"valueRequired\":true,\"valueName\":\"search_term_string\"}}],\"inLanguage\":\"en-US\"},{\"@type\":\"Person\",\"@id\":\"https:\\\/\\\/www.filantropiacortessolari.cl\\\/#\\\/schema\\\/person\\\/e099cf1046922f4f5892172332dc86c0\",\"name\":\"Filantrop\u00eda Cort\u00e9s Solari\",\"image\":{\"@type\":\"ImageObject\",\"inLanguage\":\"en-US\",\"@id\":\"https:\\\/\\\/secure.gravatar.com\\\/avatar\\\/9d17bfe24074ed7576e70cbeb8e010cdd7d01fae9f2047bd96cccbe629ec3c11?s=96&d=mm&r=g\",\"url\":\"https:\\\/\\\/secure.gravatar.com\\\/avatar\\\/9d17bfe24074ed7576e70cbeb8e010cdd7d01fae9f2047bd96cccbe629ec3c11?s=96&d=mm&r=g\",\"contentUrl\":\"https:\\\/\\\/secure.gravatar.com\\\/avatar\\\/9d17bfe24074ed7576e70cbeb8e010cdd7d01fae9f2047bd96cccbe629ec3c11?s=96&d=mm&r=g\",\"caption\":\"Filantrop\u00eda Cort\u00e9s Solari\"},\"url\":\"https:\\\/\\\/www.filantropiacortessolari.cl\\\/en\\\/author\\\/filantropia-cortes-solari\\\/\"}]}<\/script>\n<!-- \/ Yoast SEO plugin. -->","yoast_head_json":{"title":"Liceos de excelencia y m\u00e9rito escolar","robots":{"index":"index","follow":"follow","max-snippet":"max-snippet:-1","max-image-preview":"max-image-preview:large","max-video-preview":"max-video-preview:-1"},"canonical":"https:\/\/www.filantropiacortessolari.cl\/liceos-de-excelencia-y-merito-escolar\/","og_locale":"en_US","og_type":"article","og_title":"Liceos de excelencia y m\u00e9rito escolar","og_url":"https:\/\/www.filantropiacortessolari.cl\/liceos-de-excelencia-y-merito-escolar\/","og_site_name":"Filantrop\u00eda Cort\u00e9s Solari","article_published_time":"2019-01-31T00:42:31+00:00","article_modified_time":"2019-08-26T05:57:48+00:00","og_image":[{"width":864,"height":714,"url":"https:\/\/www.filantropiacortessolari.cl\/wp-content\/uploads\/2019\/08\/mari\u0301apaz-1-e1546464228521.jpeg","type":"image\/jpeg"}],"author":"Filantrop\u00eda Cort\u00e9s Solari","twitter_card":"summary_large_image","twitter_misc":{"Written by":"Filantrop\u00eda Cort\u00e9s Solari","Est. reading time":"2 minutes"},"schema":{"@context":"https:\/\/schema.org","@graph":[{"@type":"Article","@id":"https:\/\/www.filantropiacortessolari.cl\/liceos-de-excelencia-y-merito-escolar\/#article","isPartOf":{"@id":"https:\/\/www.filantropiacortessolari.cl\/liceos-de-excelencia-y-merito-escolar\/"},"author":{"name":"Filantrop\u00eda Cort\u00e9s Solari","@id":"https:\/\/www.filantropiacortessolari.cl\/#\/schema\/person\/e099cf1046922f4f5892172332dc86c0"},"headline":"Liceos de excelencia y m\u00e9rito escolar","datePublished":"2019-01-31T00:42:31+00:00","dateModified":"2019-08-26T05:57:48+00:00","mainEntityOfPage":{"@id":"https:\/\/www.filantropiacortessolari.cl\/liceos-de-excelencia-y-merito-escolar\/"},"wordCount":419,"commentCount":0,"image":{"@id":"https:\/\/www.filantropiacortessolari.cl\/liceos-de-excelencia-y-merito-escolar\/#primaryimage"},"thumbnailUrl":"https:\/\/www.filantropiacortessolari.cl\/wp-content\/uploads\/2019\/08\/mari\u0301apaz-1-e1546464228521.jpeg","articleSection":["Opini\u00f3n","Opini\u00f3n Caserta"],"inLanguage":"en-US","potentialAction":[{"@type":"CommentAction","name":"Comment","target":["https:\/\/www.filantropiacortessolari.cl\/liceos-de-excelencia-y-merito-escolar\/#respond"]}]},{"@type":"WebPage","@id":"https:\/\/www.filantropiacortessolari.cl\/liceos-de-excelencia-y-merito-escolar\/","url":"https:\/\/www.filantropiacortessolari.cl\/liceos-de-excelencia-y-merito-escolar\/","name":"Liceos de excelencia y m\u00e9rito escolar","isPartOf":{"@id":"https:\/\/www.filantropiacortessolari.cl\/#website"},"primaryImageOfPage":{"@id":"https:\/\/www.filantropiacortessolari.cl\/liceos-de-excelencia-y-merito-escolar\/#primaryimage"},"image":{"@id":"https:\/\/www.filantropiacortessolari.cl\/liceos-de-excelencia-y-merito-escolar\/#primaryimage"},"thumbnailUrl":"https:\/\/www.filantropiacortessolari.cl\/wp-content\/uploads\/2019\/08\/mari\u0301apaz-1-e1546464228521.jpeg","datePublished":"2019-01-31T00:42:31+00:00","dateModified":"2019-08-26T05:57:48+00:00","author":{"@id":"https:\/\/www.filantropiacortessolari.cl\/#\/schema\/person\/e099cf1046922f4f5892172332dc86c0"},"breadcrumb":{"@id":"https:\/\/www.filantropiacortessolari.cl\/liceos-de-excelencia-y-merito-escolar\/#breadcrumb"},"inLanguage":"en-US","potentialAction":[{"@type":"ReadAction","target":["https:\/\/www.filantropiacortessolari.cl\/liceos-de-excelencia-y-merito-escolar\/"]}]},{"@type":"ImageObject","inLanguage":"en-US","@id":"https:\/\/www.filantropiacortessolari.cl\/liceos-de-excelencia-y-merito-escolar\/#primaryimage","url":"https:\/\/www.filantropiacortessolari.cl\/wp-content\/uploads\/2019\/08\/mari\u0301apaz-1-e1546464228521.jpeg","contentUrl":"https:\/\/www.filantropiacortessolari.cl\/wp-content\/uploads\/2019\/08\/mari\u0301apaz-1-e1546464228521.jpeg","width":864,"height":714},{"@type":"BreadcrumbList","@id":"https:\/\/www.filantropiacortessolari.cl\/liceos-de-excelencia-y-merito-escolar\/#breadcrumb","itemListElement":[{"@type":"ListItem","position":1,"name":"Portada","item":"https:\/\/www.filantropiacortessolari.cl\/"},{"@type":"ListItem","position":2,"name":"Liceos de excelencia y m\u00e9rito escolar"}]},{"@type":"WebSite","@id":"https:\/\/www.filantropiacortessolari.cl\/#website","url":"https:\/\/www.filantropiacortessolari.cl\/","name":"Filantrop\u00eda Cort\u00e9s Solari","description":"Sitio web Filantrop\u00eda Cort\u00e9s Solari","potentialAction":[{"@type":"SearchAction","target":{"@type":"EntryPoint","urlTemplate":"https:\/\/www.filantropiacortessolari.cl\/?s={search_term_string}"},"query-input":{"@type":"PropertyValueSpecification","valueRequired":true,"valueName":"search_term_string"}}],"inLanguage":"en-US"},{"@type":"Person","@id":"https:\/\/www.filantropiacortessolari.cl\/#\/schema\/person\/e099cf1046922f4f5892172332dc86c0","name":"Filantrop\u00eda Cort\u00e9s Solari","image":{"@type":"ImageObject","inLanguage":"en-US","@id":"https:\/\/secure.gravatar.com\/avatar\/9d17bfe24074ed7576e70cbeb8e010cdd7d01fae9f2047bd96cccbe629ec3c11?s=96&d=mm&r=g","url":"https:\/\/secure.gravatar.com\/avatar\/9d17bfe24074ed7576e70cbeb8e010cdd7d01fae9f2047bd96cccbe629ec3c11?s=96&d=mm&r=g","contentUrl":"https:\/\/secure.gravatar.com\/avatar\/9d17bfe24074ed7576e70cbeb8e010cdd7d01fae9f2047bd96cccbe629ec3c11?s=96&d=mm&r=g","caption":"Filantrop\u00eda Cort\u00e9s Solari"},"url":"https:\/\/www.filantropiacortessolari.cl\/en\/author\/filantropia-cortes-solari\/"}]}},"_links":{"self":[{"href":"https:\/\/www.filantropiacortessolari.cl\/en\/wp-json\/wp\/v2\/posts\/790","targetHints":{"allow":["GET"]}}],"collection":[{"href":"https:\/\/www.filantropiacortessolari.cl\/en\/wp-json\/wp\/v2\/posts"}],"about":[{"href":"https:\/\/www.filantropiacortessolari.cl\/en\/wp-json\/wp\/v2\/types\/post"}],"author":[{"embeddable":true,"href":"https:\/\/www.filantropiacortessolari.cl\/en\/wp-json\/wp\/v2\/users\/1"}],"replies":[{"embeddable":true,"href":"https:\/\/www.filantropiacortessolari.cl\/en\/wp-json\/wp\/v2\/comments?post=790"}],"version-history":[{"count":1,"href":"https:\/\/www.filantropiacortessolari.cl\/en\/wp-json\/wp\/v2\/posts\/790\/revisions"}],"predecessor-version":[{"id":791,"href":"https:\/\/www.filantropiacortessolari.cl\/en\/wp-json\/wp\/v2\/posts\/790\/revisions\/791"}],"wp:featuredmedia":[{"embeddable":true,"href":"https:\/\/www.filantropiacortessolari.cl\/en\/wp-json\/wp\/v2\/media\/788"}],"wp:attachment":[{"href":"https:\/\/www.filantropiacortessolari.cl\/en\/wp-json\/wp\/v2\/media?parent=790"}],"wp:term":[{"taxonomy":"category","embeddable":true,"href":"https:\/\/www.filantropiacortessolari.cl\/en\/wp-json\/wp\/v2\/categories?post=790"},{"taxonomy":"post_tag","embeddable":true,"href":"https:\/\/www.filantropiacortessolari.cl\/en\/wp-json\/wp\/v2\/tags?post=790"}],"curies":[{"name":"wp","href":"https:\/\/api.w.org\/{rel}","templated":true}]}}