{"id":8025,"date":"2018-08-25T19:06:01","date_gmt":"2018-08-25T19:06:01","guid":{"rendered":"https:\/\/www.caserta.cl\/?p=8025"},"modified":"2019-08-26T03:08:00","modified_gmt":"2019-08-26T06:08:00","slug":"cambios-en-el-sistema-escolar","status":"publish","type":"post","link":"https:\/\/www.filantropiacortessolari.cl\/en\/cambios-en-el-sistema-escolar\/","title":{"rendered":"Cambios en el sistema escolar"},"content":{"rendered":"<style type=\"text\/css\"><\/style><p>Por: Mar\u00eda Paz Donoso<br \/>\nDirectora de Evaluaci\u00f3n y Estudio Fundaci\u00f3n Caserta<\/p>\n<p>Con el nombramiento de Marcela Cubillos, son ya 19 ministros de Educaci\u00f3n en los \u00faltimos 27 a\u00f1os, lo cual da un promedio de 17 meses de gesti\u00f3n por cada ministro. Ello da cuenta de la dificultad de generar un Plan de Educaci\u00f3n Nacional a mediano y largo plazo.<\/p>\n<p>El ministerio est\u00e1 implementando la mayor reforma educacional de las \u00faltimas d\u00e9cadas, con politicas orientadas a la educaci\u00f3n parvularia, escolar y superior. De ellas, la educaci\u00f3n escolar concentra los mayores cambios estructurales. El fin al lucro, el nuevo sistema de admisi\u00f3n, el fin al copago, la desmunicipalizaci\u00f3n y la nueva carrera docente conforman un proceso de alta complejidad, que requiere de un importante esfuerzo del Estado.<\/p>\n<p>Revisa la columna completa en<\/p>\n<p><a href=\"http:\/\/impresa.lasegunda.com\/2018\/08\/25\/A\/FT3ERQUI\" target=\"_blank\" rel=\"noopener noreferrer\">http:\/\/impresa.lasegunda.com\/2018\/08\/25\/A\/FT3ERQUI<\/a><\/p>\n<p>&nbsp;<\/p>\n","protected":false},"excerpt":{"rendered":"<p>Por: Mar\u00eda Paz Donoso Directora de Evaluaci\u00f3n y Estudio Fundaci\u00f3n Caserta Con el nombramiento de Marcela Cubillos, son ya 19 ministros de Educaci\u00f3n en los \u00faltimos 27 a\u00f1os, lo cual da un promedio de 17 meses de gesti\u00f3n por cada ministro. Ello da cuenta de la dificultad de generar un Plan de Educaci\u00f3n Nacional a&#8230;<\/p>\n","protected":false},"author":1,"featured_media":8302,"comment_status":"closed","ping_status":"open","sticky":false,"template":"","format":"standard","meta":{"footnotes":""},"categories":[31,26],"tags":[],"class_list":["post-8025","post","type-post","status-publish","format-standard","has-post-thumbnail","hentry","category-noticias","category-opinion-caserta"],"translation":{"provider":"WPGlobus","version":"3.0.2","language":"en","enabled_languages":["es","en"],"languages":{"es":{"title":true,"content":true,"excerpt":true},"en":{"title":false,"content":false,"excerpt":false}}},"yoast_head":"<!-- This site is optimized with the Yoast SEO plugin v27.4 - https:\/\/yoast.com\/product\/yoast-seo-wordpress\/ -->\n<title>Cambios en el sistema escolar<\/title>\n<meta name=\"robots\" content=\"index, follow, max-snippet:-1, max-image-preview:large, max-video-preview:-1\" \/>\n<link rel=\"canonical\" href=\"https:\/\/www.filantropiacortessolari.cl\/cambios-en-el-sistema-escolar\/\" \/>\n<meta property=\"og:locale\" content=\"en_US\" \/>\n<meta property=\"og:type\" content=\"article\" \/>\n<meta property=\"og:title\" content=\"Cambios en el sistema escolar\" \/>\n<meta property=\"og:url\" content=\"https:\/\/www.filantropiacortessolari.cl\/cambios-en-el-sistema-escolar\/\" \/>\n<meta property=\"og:site_name\" content=\"Filantrop\u00eda Cort\u00e9s Solari\" \/>\n<meta property=\"article:published_time\" content=\"2018-08-25T19:06:01+00:00\" \/>\n<meta property=\"article:modified_time\" content=\"2019-08-26T06:08:00+00:00\" \/>\n<meta property=\"og:image\" content=\"https:\/\/www.filantropiacortessolari.cl\/wp-content\/uploads\/2019\/01\/educacion-1024x683.jpg\" \/>\n\t<meta property=\"og:image:width\" content=\"1024\" \/>\n\t<meta property=\"og:image:height\" content=\"683\" \/>\n\t<meta property=\"og:image:type\" content=\"image\/jpeg\" \/>\n<meta name=\"author\" content=\"Filantrop\u00eda Cort\u00e9s Solari\" \/>\n<meta name=\"twitter:card\" content=\"summary_large_image\" \/>\n<meta name=\"twitter:label1\" content=\"Written by\" \/>\n\t<meta name=\"twitter:data1\" content=\"Filantrop\u00eda Cort\u00e9s Solari\" \/>\n\t<meta name=\"twitter:label2\" content=\"Est. reading time\" \/>\n\t<meta name=\"twitter:data2\" content=\"1 minute\" \/>\n<script type=\"application\/ld+json\" class=\"yoast-schema-graph\">{\"@context\":\"https:\\\/\\\/schema.org\",\"@graph\":[{\"@type\":\"Article\",\"@id\":\"https:\\\/\\\/www.filantropiacortessolari.cl\\\/cambios-en-el-sistema-escolar\\\/#article\",\"isPartOf\":{\"@id\":\"https:\\\/\\\/www.filantropiacortessolari.cl\\\/cambios-en-el-sistema-escolar\\\/\"},\"author\":{\"name\":\"Filantrop\u00eda Cort\u00e9s Solari\",\"@id\":\"https:\\\/\\\/www.filantropiacortessolari.cl\\\/#\\\/schema\\\/person\\\/e099cf1046922f4f5892172332dc86c0\"},\"headline\":\"Cambios en el sistema escolar\",\"datePublished\":\"2018-08-25T19:06:01+00:00\",\"dateModified\":\"2019-08-26T06:08:00+00:00\",\"mainEntityOfPage\":{\"@id\":\"https:\\\/\\\/www.filantropiacortessolari.cl\\\/cambios-en-el-sistema-escolar\\\/\"},\"wordCount\":152,\"image\":{\"@id\":\"https:\\\/\\\/www.filantropiacortessolari.cl\\\/cambios-en-el-sistema-escolar\\\/#primaryimage\"},\"thumbnailUrl\":\"https:\\\/\\\/www.filantropiacortessolari.cl\\\/wp-content\\\/uploads\\\/2019\\\/01\\\/educacion.jpg\",\"articleSection\":[\"Noticias\",\"Opini\u00f3n Caserta\"],\"inLanguage\":\"en-US\"},{\"@type\":\"WebPage\",\"@id\":\"https:\\\/\\\/www.filantropiacortessolari.cl\\\/cambios-en-el-sistema-escolar\\\/\",\"url\":\"https:\\\/\\\/www.filantropiacortessolari.cl\\\/cambios-en-el-sistema-escolar\\\/\",\"name\":\"Cambios en el sistema escolar\",\"isPartOf\":{\"@id\":\"https:\\\/\\\/www.filantropiacortessolari.cl\\\/#website\"},\"primaryImageOfPage\":{\"@id\":\"https:\\\/\\\/www.filantropiacortessolari.cl\\\/cambios-en-el-sistema-escolar\\\/#primaryimage\"},\"image\":{\"@id\":\"https:\\\/\\\/www.filantropiacortessolari.cl\\\/cambios-en-el-sistema-escolar\\\/#primaryimage\"},\"thumbnailUrl\":\"https:\\\/\\\/www.filantropiacortessolari.cl\\\/wp-content\\\/uploads\\\/2019\\\/01\\\/educacion.jpg\",\"datePublished\":\"2018-08-25T19:06:01+00:00\",\"dateModified\":\"2019-08-26T06:08:00+00:00\",\"author\":{\"@id\":\"https:\\\/\\\/www.filantropiacortessolari.cl\\\/#\\\/schema\\\/person\\\/e099cf1046922f4f5892172332dc86c0\"},\"breadcrumb\":{\"@id\":\"https:\\\/\\\/www.filantropiacortessolari.cl\\\/cambios-en-el-sistema-escolar\\\/#breadcrumb\"},\"inLanguage\":\"en-US\",\"potentialAction\":[{\"@type\":\"ReadAction\",\"target\":[\"https:\\\/\\\/www.filantropiacortessolari.cl\\\/cambios-en-el-sistema-escolar\\\/\"]}]},{\"@type\":\"ImageObject\",\"inLanguage\":\"en-US\",\"@id\":\"https:\\\/\\\/www.filantropiacortessolari.cl\\\/cambios-en-el-sistema-escolar\\\/#primaryimage\",\"url\":\"https:\\\/\\\/www.filantropiacortessolari.cl\\\/wp-content\\\/uploads\\\/2019\\\/01\\\/educacion.jpg\",\"contentUrl\":\"https:\\\/\\\/www.filantropiacortessolari.cl\\\/wp-content\\\/uploads\\\/2019\\\/01\\\/educacion.jpg\",\"width\":4752,\"height\":3168,\"caption\":\"02 Octubre 2009 Tematica de Profesora en sala de clases. Fotografias realizadas en el Colegio Alonso de Ercilla ubicado en calle Santo domingo, Santiago Educacion Educacion NACIONAL - EDUCACION - SALA DE CLASES - ALUMNOS - PROFESORA\"},{\"@type\":\"BreadcrumbList\",\"@id\":\"https:\\\/\\\/www.filantropiacortessolari.cl\\\/cambios-en-el-sistema-escolar\\\/#breadcrumb\",\"itemListElement\":[{\"@type\":\"ListItem\",\"position\":1,\"name\":\"Portada\",\"item\":\"https:\\\/\\\/www.filantropiacortessolari.cl\\\/\"},{\"@type\":\"ListItem\",\"position\":2,\"name\":\"Cambios en el sistema escolar\"}]},{\"@type\":\"WebSite\",\"@id\":\"https:\\\/\\\/www.filantropiacortessolari.cl\\\/#website\",\"url\":\"https:\\\/\\\/www.filantropiacortessolari.cl\\\/\",\"name\":\"Filantrop\u00eda Cort\u00e9s Solari\",\"description\":\"Sitio web Filantrop\u00eda Cort\u00e9s Solari\",\"potentialAction\":[{\"@type\":\"SearchAction\",\"target\":{\"@type\":\"EntryPoint\",\"urlTemplate\":\"https:\\\/\\\/www.filantropiacortessolari.cl\\\/?s={search_term_string}\"},\"query-input\":{\"@type\":\"PropertyValueSpecification\",\"valueRequired\":true,\"valueName\":\"search_term_string\"}}],\"inLanguage\":\"en-US\"},{\"@type\":\"Person\",\"@id\":\"https:\\\/\\\/www.filantropiacortessolari.cl\\\/#\\\/schema\\\/person\\\/e099cf1046922f4f5892172332dc86c0\",\"name\":\"Filantrop\u00eda Cort\u00e9s Solari\",\"image\":{\"@type\":\"ImageObject\",\"inLanguage\":\"en-US\",\"@id\":\"https:\\\/\\\/secure.gravatar.com\\\/avatar\\\/9d17bfe24074ed7576e70cbeb8e010cdd7d01fae9f2047bd96cccbe629ec3c11?s=96&d=mm&r=g\",\"url\":\"https:\\\/\\\/secure.gravatar.com\\\/avatar\\\/9d17bfe24074ed7576e70cbeb8e010cdd7d01fae9f2047bd96cccbe629ec3c11?s=96&d=mm&r=g\",\"contentUrl\":\"https:\\\/\\\/secure.gravatar.com\\\/avatar\\\/9d17bfe24074ed7576e70cbeb8e010cdd7d01fae9f2047bd96cccbe629ec3c11?s=96&d=mm&r=g\",\"caption\":\"Filantrop\u00eda Cort\u00e9s Solari\"},\"url\":\"https:\\\/\\\/www.filantropiacortessolari.cl\\\/en\\\/author\\\/filantropia-cortes-solari\\\/\"}]}<\/script>\n<!-- \/ Yoast SEO plugin. -->","yoast_head_json":{"title":"Cambios en el sistema escolar","robots":{"index":"index","follow":"follow","max-snippet":"max-snippet:-1","max-image-preview":"max-image-preview:large","max-video-preview":"max-video-preview:-1"},"canonical":"https:\/\/www.filantropiacortessolari.cl\/cambios-en-el-sistema-escolar\/","og_locale":"en_US","og_type":"article","og_title":"Cambios en el sistema escolar","og_url":"https:\/\/www.filantropiacortessolari.cl\/cambios-en-el-sistema-escolar\/","og_site_name":"Filantrop\u00eda Cort\u00e9s Solari","article_published_time":"2018-08-25T19:06:01+00:00","article_modified_time":"2019-08-26T06:08:00+00:00","og_image":[{"width":1024,"height":683,"url":"https:\/\/www.filantropiacortessolari.cl\/wp-content\/uploads\/2019\/01\/educacion-1024x683.jpg","type":"image\/jpeg"}],"author":"Filantrop\u00eda Cort\u00e9s Solari","twitter_card":"summary_large_image","twitter_misc":{"Written by":"Filantrop\u00eda Cort\u00e9s Solari","Est. reading time":"1 minute"},"schema":{"@context":"https:\/\/schema.org","@graph":[{"@type":"Article","@id":"https:\/\/www.filantropiacortessolari.cl\/cambios-en-el-sistema-escolar\/#article","isPartOf":{"@id":"https:\/\/www.filantropiacortessolari.cl\/cambios-en-el-sistema-escolar\/"},"author":{"name":"Filantrop\u00eda Cort\u00e9s Solari","@id":"https:\/\/www.filantropiacortessolari.cl\/#\/schema\/person\/e099cf1046922f4f5892172332dc86c0"},"headline":"Cambios en el sistema escolar","datePublished":"2018-08-25T19:06:01+00:00","dateModified":"2019-08-26T06:08:00+00:00","mainEntityOfPage":{"@id":"https:\/\/www.filantropiacortessolari.cl\/cambios-en-el-sistema-escolar\/"},"wordCount":152,"image":{"@id":"https:\/\/www.filantropiacortessolari.cl\/cambios-en-el-sistema-escolar\/#primaryimage"},"thumbnailUrl":"https:\/\/www.filantropiacortessolari.cl\/wp-content\/uploads\/2019\/01\/educacion.jpg","articleSection":["Noticias","Opini\u00f3n Caserta"],"inLanguage":"en-US"},{"@type":"WebPage","@id":"https:\/\/www.filantropiacortessolari.cl\/cambios-en-el-sistema-escolar\/","url":"https:\/\/www.filantropiacortessolari.cl\/cambios-en-el-sistema-escolar\/","name":"Cambios en el sistema escolar","isPartOf":{"@id":"https:\/\/www.filantropiacortessolari.cl\/#website"},"primaryImageOfPage":{"@id":"https:\/\/www.filantropiacortessolari.cl\/cambios-en-el-sistema-escolar\/#primaryimage"},"image":{"@id":"https:\/\/www.filantropiacortessolari.cl\/cambios-en-el-sistema-escolar\/#primaryimage"},"thumbnailUrl":"https:\/\/www.filantropiacortessolari.cl\/wp-content\/uploads\/2019\/01\/educacion.jpg","datePublished":"2018-08-25T19:06:01+00:00","dateModified":"2019-08-26T06:08:00+00:00","author":{"@id":"https:\/\/www.filantropiacortessolari.cl\/#\/schema\/person\/e099cf1046922f4f5892172332dc86c0"},"breadcrumb":{"@id":"https:\/\/www.filantropiacortessolari.cl\/cambios-en-el-sistema-escolar\/#breadcrumb"},"inLanguage":"en-US","potentialAction":[{"@type":"ReadAction","target":["https:\/\/www.filantropiacortessolari.cl\/cambios-en-el-sistema-escolar\/"]}]},{"@type":"ImageObject","inLanguage":"en-US","@id":"https:\/\/www.filantropiacortessolari.cl\/cambios-en-el-sistema-escolar\/#primaryimage","url":"https:\/\/www.filantropiacortessolari.cl\/wp-content\/uploads\/2019\/01\/educacion.jpg","contentUrl":"https:\/\/www.filantropiacortessolari.cl\/wp-content\/uploads\/2019\/01\/educacion.jpg","width":4752,"height":3168,"caption":"02 Octubre 2009 Tematica de Profesora en sala de clases. Fotografias realizadas en el Colegio Alonso de Ercilla ubicado en calle Santo domingo, Santiago Educacion Educacion NACIONAL - EDUCACION - SALA DE CLASES - ALUMNOS - PROFESORA"},{"@type":"BreadcrumbList","@id":"https:\/\/www.filantropiacortessolari.cl\/cambios-en-el-sistema-escolar\/#breadcrumb","itemListElement":[{"@type":"ListItem","position":1,"name":"Portada","item":"https:\/\/www.filantropiacortessolari.cl\/"},{"@type":"ListItem","position":2,"name":"Cambios en el sistema escolar"}]},{"@type":"WebSite","@id":"https:\/\/www.filantropiacortessolari.cl\/#website","url":"https:\/\/www.filantropiacortessolari.cl\/","name":"Filantrop\u00eda Cort\u00e9s Solari","description":"Sitio web Filantrop\u00eda Cort\u00e9s Solari","potentialAction":[{"@type":"SearchAction","target":{"@type":"EntryPoint","urlTemplate":"https:\/\/www.filantropiacortessolari.cl\/?s={search_term_string}"},"query-input":{"@type":"PropertyValueSpecification","valueRequired":true,"valueName":"search_term_string"}}],"inLanguage":"en-US"},{"@type":"Person","@id":"https:\/\/www.filantropiacortessolari.cl\/#\/schema\/person\/e099cf1046922f4f5892172332dc86c0","name":"Filantrop\u00eda Cort\u00e9s Solari","image":{"@type":"ImageObject","inLanguage":"en-US","@id":"https:\/\/secure.gravatar.com\/avatar\/9d17bfe24074ed7576e70cbeb8e010cdd7d01fae9f2047bd96cccbe629ec3c11?s=96&d=mm&r=g","url":"https:\/\/secure.gravatar.com\/avatar\/9d17bfe24074ed7576e70cbeb8e010cdd7d01fae9f2047bd96cccbe629ec3c11?s=96&d=mm&r=g","contentUrl":"https:\/\/secure.gravatar.com\/avatar\/9d17bfe24074ed7576e70cbeb8e010cdd7d01fae9f2047bd96cccbe629ec3c11?s=96&d=mm&r=g","caption":"Filantrop\u00eda Cort\u00e9s Solari"},"url":"https:\/\/www.filantropiacortessolari.cl\/en\/author\/filantropia-cortes-solari\/"}]}},"_links":{"self":[{"href":"https:\/\/www.filantropiacortessolari.cl\/en\/wp-json\/wp\/v2\/posts\/8025","targetHints":{"allow":["GET"]}}],"collection":[{"href":"https:\/\/www.filantropiacortessolari.cl\/en\/wp-json\/wp\/v2\/posts"}],"about":[{"href":"https:\/\/www.filantropiacortessolari.cl\/en\/wp-json\/wp\/v2\/types\/post"}],"author":[{"embeddable":true,"href":"https:\/\/www.filantropiacortessolari.cl\/en\/wp-json\/wp\/v2\/users\/1"}],"replies":[{"embeddable":true,"href":"https:\/\/www.filantropiacortessolari.cl\/en\/wp-json\/wp\/v2\/comments?post=8025"}],"version-history":[{"count":1,"href":"https:\/\/www.filantropiacortessolari.cl\/en\/wp-json\/wp\/v2\/posts\/8025\/revisions"}],"predecessor-version":[{"id":8308,"href":"https:\/\/www.filantropiacortessolari.cl\/en\/wp-json\/wp\/v2\/posts\/8025\/revisions\/8308"}],"wp:featuredmedia":[{"embeddable":true,"href":"https:\/\/www.filantropiacortessolari.cl\/en\/wp-json\/wp\/v2\/media\/8302"}],"wp:attachment":[{"href":"https:\/\/www.filantropiacortessolari.cl\/en\/wp-json\/wp\/v2\/media?parent=8025"}],"wp:term":[{"taxonomy":"category","embeddable":true,"href":"https:\/\/www.filantropiacortessolari.cl\/en\/wp-json\/wp\/v2\/categories?post=8025"},{"taxonomy":"post_tag","embeddable":true,"href":"https:\/\/www.filantropiacortessolari.cl\/en\/wp-json\/wp\/v2\/tags?post=8025"}],"curies":[{"name":"wp","href":"https:\/\/api.w.org\/{rel}","templated":true}]}}