{"id":8068,"date":"2018-09-26T12:28:26","date_gmt":"2018-09-26T12:28:26","guid":{"rendered":"https:\/\/www.caserta.cl\/?p=8068"},"modified":"2019-08-26T03:07:08","modified_gmt":"2019-08-26T06:07:08","slug":"subvencion-en-educacion-parvularia-una-solucion-efectiva","status":"publish","type":"post","link":"https:\/\/www.filantropiacortessolari.cl\/en\/subvencion-en-educacion-parvularia-una-solucion-efectiva\/","title":{"rendered":"Subvenci\u00f3n en Educaci\u00f3n Parvularia: \u00bfUna soluci\u00f3n efectiva?"},"content":{"rendered":"<style type=\"text\/css\"><\/style><p>Por Mar\u00eda Paz Donoso<\/p>\n<p>El Ministerio de Educaci\u00f3n anunci\u00f3 que en las pr\u00f3ximas semanas ingresar\u00e1 al Congreso un proyecto de ley que crea una subvenci\u00f3n escolar para la educaci\u00f3n parvularia, a contar del nivel medio menor.<\/p>\n<p>La propuesta anterior se basa en la l\u00f3gica seg\u00fan la cual, al eliminar la limitante monetaria, las familias escoger\u00e1n el jard\u00edn que mejor se ajuste a sus expectativas de calidad, mientras que los establecimientos aumentar\u00edan su calidad para ser m\u00e1s competitivos frente a los usuarios. Asimismo, existir\u00eda el incentivo de que ingresen nuevos jardines infantiles al sistema, aumentando la oferta y, por lo tanto, la capacidad de elecci\u00f3n de las familias.<\/p>\n<p>Independiente de la evidencia emp\u00edrica sobre esta afirmaci\u00f3n, existe, detr\u00e1s de esta medida, el diagn\u00f3stico de que la educaci\u00f3n parvularia en Chile adolece de problemas de calidad y la oferta es insuficiente para cubrir la demanda de las familias. Es decir, es una medida que busca resolver dos problemas estructurales del sistema: la calidad y la cobertura.<\/p>\n<p>Sin embargo, si bien las estad\u00edsticas muestran una baja cobertura, hay diferencias en las razones que la justificar\u00edan. En efecto, de acuerdo a los datos entregados por el Ministerio de Educaci\u00f3n y el Censo 2017, menos de la mitad de los ni\u00f1os(as) de entre 2 y 3 a\u00f1os asisten a la educaci\u00f3n parvularia (48,8%). La baja asistencia observada responde principalmente a problemas de demanda, esto es la decisi\u00f3n de las familias, de no llevar sus hijos a jardines infantiles. De esta forma, seg\u00fan Casen 2017, el 93% de la no asistencia a la educaci\u00f3n parvularia tiene relaci\u00f3n con la demanda: las familias optan por no llevar a sus hijos(as) al jard\u00edn infantil por variadas razones, como seguridad, riesgo de enfermedades, entre otros.<\/p>\n<p>Si se considera que la evidencia arroja sistem\u00e1ticamente que asistir a la educaci\u00f3n parvularia tiene beneficios positivos en el mediano plazo, \u00bfc\u00f3mo explicar que un n\u00famero importante de familias prefieran dejar a sus ni\u00f1os(as) en sus hogares, en vez de confiarlos a profesionales de la educaci\u00f3n?<\/p>\n<p>Una probable respuesta podr\u00eda ser la baja calidad percibida por los padres respectos a los jardines infantiles.<\/p>\n<p>Una aproximaci\u00f3n a la calidad en la educaci\u00f3n parvularia son los coeficientes t\u00e9cnicos, es decir, la cantidad de ni\u00f1os(as) por educador(a). En Chile, de acuerdo a la normativa, este coeficiente fluct\u00faa entre los 32 y 45, dependiendo el nivel atendido, mientras que en pa\u00edses OCDE el valor promedio es de, aproximadamente, 14. Esto es importante, pues las investigaciones sugieren que los ni\u00f1os que han participado en programas con una baja proporci\u00f3n docente-ni\u00f1o tienen mejor desempe\u00f1o posterior.<\/p>\n<p>As\u00ed, la educaci\u00f3n parvularia se enfrenta principalmente a un problema de oferta, asociado a la calidad percibidas por las familias.<\/p>\n<p>\u00bfEs acaso un subsidio el que resolver\u00e1 el problema de calidad de la oferta en los jardines infantiles, y por tanto la desconfianza de los padres en la educaci\u00f3n recibida por sus hijos? No.<\/p>\n<p>El sistema de subvenci\u00f3n por estudiante propuesto, asume que el problema se centra en la oferta de educaci\u00f3n parvularia y\/o en restricciones financieras de las familias. Sin embargo, los datos no permiten concluir lo anterior. El problema de cobertura se da porque las familias no tienen confianza en el sistema ni en los beneficios que \u00e9ste reporta, siendo consecuencia directa de la percepci\u00f3n de baja calidad del mismo.<\/p>\n<p>Parte del problema radica en que no existe en Chile un concepto consensuado sobre lo que debiesen ser los est\u00e1ndares de calidad en la educaci\u00f3n parvularia. Si bien hay avances institucionales al respecto, en particular gracias a la creaci\u00f3n del Sistema de Aseguramiento de la Calidad, los esfuerzos debieran centrarse, antes que nada, en definir los criterios de calidad, de tal forma que sean consensuados a nivel de sociedad. Un sistema de subvenciones, como el planteado por el Gobierno, externaliza este concepto y lo deja a criterio de cada jard\u00edn infantil, dejando de lado la mirada transversal que debiera tener la formaci\u00f3n inicial de nuestros ni\u00f1os y ni\u00f1as, pues ser\u00e1n ellos quienes construir\u00e1n el Chile del ma\u00f1ana.<\/p>\n<p>Mejorar la calidad de la educaci\u00f3n parvularia, entendiendo \u00e9sta como una mirada integral del ser humano, que equilibre lo cognitivo, emocional, corporal y trascendental, a trav\u00e9s de metodolog\u00edas innovadoras, sin lugar a dudas contribuir\u00e1 en aumentar la confianza de las familias en el sistema, mejorando la cobertura, como un beneficio colateral de las pol\u00edticas p\u00fablicas implementadas. Ese es el camino que debi\u00e9ramos seguir si se quieren generar cambios estructurales que perduren en el tiempo.<\/p>\n<p>Fuente: <a href=\"http:\/\/www.elmostrador.cl\/agenda-pais\/2018\/09\/13\/subvencion-en-educacion-parvularia-una-solucion-efectiva\/\" target=\"_blank\" rel=\"noopener noreferrer\">El Mostrador<\/a><\/p>\n","protected":false},"excerpt":{"rendered":"<p>Por Mar\u00eda Paz Donoso El Ministerio de Educaci\u00f3n anunci\u00f3 que en las pr\u00f3ximas semanas ingresar\u00e1 al Congreso un proyecto de ley que crea una subvenci\u00f3n escolar para la educaci\u00f3n parvularia, a contar del nivel medio menor. La propuesta anterior se basa en la l\u00f3gica seg\u00fan la cual, al eliminar la limitante monetaria, las familias escoger\u00e1n&#8230;<\/p>\n","protected":false},"author":1,"featured_media":8295,"comment_status":"closed","ping_status":"open","sticky":false,"template":"","format":"standard","meta":{"footnotes":""},"categories":[31,26],"tags":[],"class_list":["post-8068","post","type-post","status-publish","format-standard","has-post-thumbnail","hentry","category-noticias","category-opinion-caserta"],"translation":{"provider":"WPGlobus","version":"3.0.2","language":"en","enabled_languages":["es","en"],"languages":{"es":{"title":true,"content":true,"excerpt":true},"en":{"title":false,"content":false,"excerpt":false}}},"yoast_head":"<!-- This site is optimized with the Yoast SEO plugin v27.4 - https:\/\/yoast.com\/product\/yoast-seo-wordpress\/ -->\n<title>Subvenci\u00f3n en Educaci\u00f3n Parvularia: \u00bfUna soluci\u00f3n efectiva?<\/title>\n<meta name=\"robots\" content=\"index, follow, max-snippet:-1, max-image-preview:large, max-video-preview:-1\" \/>\n<link rel=\"canonical\" href=\"https:\/\/www.filantropiacortessolari.cl\/en\/subvencion-en-educacion-parvularia-una-solucion-efectiva\/\" \/>\n<meta property=\"og:locale\" content=\"en_US\" \/>\n<meta property=\"og:type\" content=\"article\" \/>\n<meta property=\"og:title\" content=\"Subvenci\u00f3n en Educaci\u00f3n Parvularia: \u00bfUna soluci\u00f3n efectiva?\" \/>\n<meta property=\"og:url\" content=\"https:\/\/www.filantropiacortessolari.cl\/en\/subvencion-en-educacion-parvularia-una-solucion-efectiva\/\" \/>\n<meta property=\"og:site_name\" content=\"Filantrop\u00eda Cort\u00e9s Solari\" \/>\n<meta property=\"article:published_time\" content=\"2018-09-26T12:28:26+00:00\" \/>\n<meta property=\"article:modified_time\" content=\"2019-08-26T06:07:08+00:00\" \/>\n<meta property=\"og:image\" content=\"https:\/\/www.filantropiacortessolari.cl\/wp-content\/uploads\/2019\/01\/jardines-_816x428.jpg\" \/>\n\t<meta property=\"og:image:width\" content=\"816\" \/>\n\t<meta property=\"og:image:height\" content=\"428\" \/>\n\t<meta property=\"og:image:type\" content=\"image\/jpeg\" \/>\n<meta name=\"author\" content=\"Filantrop\u00eda Cort\u00e9s Solari\" \/>\n<meta name=\"twitter:card\" content=\"summary_large_image\" \/>\n<meta name=\"twitter:label1\" content=\"Written by\" \/>\n\t<meta name=\"twitter:data1\" content=\"Filantrop\u00eda Cort\u00e9s Solari\" \/>\n\t<meta name=\"twitter:label2\" content=\"Est. reading time\" \/>\n\t<meta name=\"twitter:data2\" content=\"4 minutes\" \/>\n<script type=\"application\/ld+json\" class=\"yoast-schema-graph\">{\"@context\":\"https:\\\/\\\/schema.org\",\"@graph\":[{\"@type\":\"Article\",\"@id\":\"https:\\\/\\\/www.filantropiacortessolari.cl\\\/en\\\/subvencion-en-educacion-parvularia-una-solucion-efectiva\\\/#article\",\"isPartOf\":{\"@id\":\"https:\\\/\\\/www.filantropiacortessolari.cl\\\/en\\\/subvencion-en-educacion-parvularia-una-solucion-efectiva\\\/\"},\"author\":{\"name\":\"Filantrop\u00eda Cort\u00e9s Solari\",\"@id\":\"https:\\\/\\\/www.filantropiacortessolari.cl\\\/#\\\/schema\\\/person\\\/e099cf1046922f4f5892172332dc86c0\"},\"headline\":\"Subvenci\u00f3n en Educaci\u00f3n Parvularia: \u00bfUna soluci\u00f3n efectiva?\",\"datePublished\":\"2018-09-26T12:28:26+00:00\",\"dateModified\":\"2019-08-26T06:07:08+00:00\",\"mainEntityOfPage\":{\"@id\":\"https:\\\/\\\/www.filantropiacortessolari.cl\\\/en\\\/subvencion-en-educacion-parvularia-una-solucion-efectiva\\\/\"},\"wordCount\":815,\"image\":{\"@id\":\"https:\\\/\\\/www.filantropiacortessolari.cl\\\/en\\\/subvencion-en-educacion-parvularia-una-solucion-efectiva\\\/#primaryimage\"},\"thumbnailUrl\":\"https:\\\/\\\/www.filantropiacortessolari.cl\\\/wp-content\\\/uploads\\\/2019\\\/01\\\/jardines-_816x428.jpg\",\"articleSection\":[\"Noticias\",\"Opini\u00f3n Caserta\"],\"inLanguage\":\"en-US\"},{\"@type\":\"WebPage\",\"@id\":\"https:\\\/\\\/www.filantropiacortessolari.cl\\\/en\\\/subvencion-en-educacion-parvularia-una-solucion-efectiva\\\/\",\"url\":\"https:\\\/\\\/www.filantropiacortessolari.cl\\\/en\\\/subvencion-en-educacion-parvularia-una-solucion-efectiva\\\/\",\"name\":\"Subvenci\u00f3n en Educaci\u00f3n Parvularia: \u00bfUna soluci\u00f3n efectiva?\",\"isPartOf\":{\"@id\":\"https:\\\/\\\/www.filantropiacortessolari.cl\\\/#website\"},\"primaryImageOfPage\":{\"@id\":\"https:\\\/\\\/www.filantropiacortessolari.cl\\\/en\\\/subvencion-en-educacion-parvularia-una-solucion-efectiva\\\/#primaryimage\"},\"image\":{\"@id\":\"https:\\\/\\\/www.filantropiacortessolari.cl\\\/en\\\/subvencion-en-educacion-parvularia-una-solucion-efectiva\\\/#primaryimage\"},\"thumbnailUrl\":\"https:\\\/\\\/www.filantropiacortessolari.cl\\\/wp-content\\\/uploads\\\/2019\\\/01\\\/jardines-_816x428.jpg\",\"datePublished\":\"2018-09-26T12:28:26+00:00\",\"dateModified\":\"2019-08-26T06:07:08+00:00\",\"author\":{\"@id\":\"https:\\\/\\\/www.filantropiacortessolari.cl\\\/#\\\/schema\\\/person\\\/e099cf1046922f4f5892172332dc86c0\"},\"breadcrumb\":{\"@id\":\"https:\\\/\\\/www.filantropiacortessolari.cl\\\/en\\\/subvencion-en-educacion-parvularia-una-solucion-efectiva\\\/#breadcrumb\"},\"inLanguage\":\"en-US\",\"potentialAction\":[{\"@type\":\"ReadAction\",\"target\":[\"https:\\\/\\\/www.filantropiacortessolari.cl\\\/en\\\/subvencion-en-educacion-parvularia-una-solucion-efectiva\\\/\"]}]},{\"@type\":\"ImageObject\",\"inLanguage\":\"en-US\",\"@id\":\"https:\\\/\\\/www.filantropiacortessolari.cl\\\/en\\\/subvencion-en-educacion-parvularia-una-solucion-efectiva\\\/#primaryimage\",\"url\":\"https:\\\/\\\/www.filantropiacortessolari.cl\\\/wp-content\\\/uploads\\\/2019\\\/01\\\/jardines-_816x428.jpg\",\"contentUrl\":\"https:\\\/\\\/www.filantropiacortessolari.cl\\\/wp-content\\\/uploads\\\/2019\\\/01\\\/jardines-_816x428.jpg\",\"width\":816,\"height\":428},{\"@type\":\"BreadcrumbList\",\"@id\":\"https:\\\/\\\/www.filantropiacortessolari.cl\\\/en\\\/subvencion-en-educacion-parvularia-una-solucion-efectiva\\\/#breadcrumb\",\"itemListElement\":[{\"@type\":\"ListItem\",\"position\":1,\"name\":\"Portada\",\"item\":\"https:\\\/\\\/www.filantropiacortessolari.cl\\\/\"},{\"@type\":\"ListItem\",\"position\":2,\"name\":\"Subvenci\u00f3n en Educaci\u00f3n Parvularia: \u00bfUna soluci\u00f3n efectiva?\"}]},{\"@type\":\"WebSite\",\"@id\":\"https:\\\/\\\/www.filantropiacortessolari.cl\\\/#website\",\"url\":\"https:\\\/\\\/www.filantropiacortessolari.cl\\\/\",\"name\":\"Filantrop\u00eda Cort\u00e9s Solari\",\"description\":\"Sitio web Filantrop\u00eda Cort\u00e9s Solari\",\"potentialAction\":[{\"@type\":\"SearchAction\",\"target\":{\"@type\":\"EntryPoint\",\"urlTemplate\":\"https:\\\/\\\/www.filantropiacortessolari.cl\\\/?s={search_term_string}\"},\"query-input\":{\"@type\":\"PropertyValueSpecification\",\"valueRequired\":true,\"valueName\":\"search_term_string\"}}],\"inLanguage\":\"en-US\"},{\"@type\":\"Person\",\"@id\":\"https:\\\/\\\/www.filantropiacortessolari.cl\\\/#\\\/schema\\\/person\\\/e099cf1046922f4f5892172332dc86c0\",\"name\":\"Filantrop\u00eda Cort\u00e9s Solari\",\"image\":{\"@type\":\"ImageObject\",\"inLanguage\":\"en-US\",\"@id\":\"https:\\\/\\\/secure.gravatar.com\\\/avatar\\\/9d17bfe24074ed7576e70cbeb8e010cdd7d01fae9f2047bd96cccbe629ec3c11?s=96&d=mm&r=g\",\"url\":\"https:\\\/\\\/secure.gravatar.com\\\/avatar\\\/9d17bfe24074ed7576e70cbeb8e010cdd7d01fae9f2047bd96cccbe629ec3c11?s=96&d=mm&r=g\",\"contentUrl\":\"https:\\\/\\\/secure.gravatar.com\\\/avatar\\\/9d17bfe24074ed7576e70cbeb8e010cdd7d01fae9f2047bd96cccbe629ec3c11?s=96&d=mm&r=g\",\"caption\":\"Filantrop\u00eda Cort\u00e9s Solari\"},\"url\":\"https:\\\/\\\/www.filantropiacortessolari.cl\\\/en\\\/author\\\/filantropia-cortes-solari\\\/\"}]}<\/script>\n<!-- \/ Yoast SEO plugin. -->","yoast_head_json":{"title":"Subvenci\u00f3n en Educaci\u00f3n Parvularia: \u00bfUna soluci\u00f3n efectiva?","robots":{"index":"index","follow":"follow","max-snippet":"max-snippet:-1","max-image-preview":"max-image-preview:large","max-video-preview":"max-video-preview:-1"},"canonical":"https:\/\/www.filantropiacortessolari.cl\/en\/subvencion-en-educacion-parvularia-una-solucion-efectiva\/","og_locale":"en_US","og_type":"article","og_title":"Subvenci\u00f3n en Educaci\u00f3n Parvularia: \u00bfUna soluci\u00f3n efectiva?","og_url":"https:\/\/www.filantropiacortessolari.cl\/en\/subvencion-en-educacion-parvularia-una-solucion-efectiva\/","og_site_name":"Filantrop\u00eda Cort\u00e9s Solari","article_published_time":"2018-09-26T12:28:26+00:00","article_modified_time":"2019-08-26T06:07:08+00:00","og_image":[{"width":816,"height":428,"url":"https:\/\/www.filantropiacortessolari.cl\/wp-content\/uploads\/2019\/01\/jardines-_816x428.jpg","type":"image\/jpeg"}],"author":"Filantrop\u00eda Cort\u00e9s Solari","twitter_card":"summary_large_image","twitter_misc":{"Written by":"Filantrop\u00eda Cort\u00e9s Solari","Est. reading time":"4 minutes"},"schema":{"@context":"https:\/\/schema.org","@graph":[{"@type":"Article","@id":"https:\/\/www.filantropiacortessolari.cl\/en\/subvencion-en-educacion-parvularia-una-solucion-efectiva\/#article","isPartOf":{"@id":"https:\/\/www.filantropiacortessolari.cl\/en\/subvencion-en-educacion-parvularia-una-solucion-efectiva\/"},"author":{"name":"Filantrop\u00eda Cort\u00e9s Solari","@id":"https:\/\/www.filantropiacortessolari.cl\/#\/schema\/person\/e099cf1046922f4f5892172332dc86c0"},"headline":"Subvenci\u00f3n en Educaci\u00f3n Parvularia: \u00bfUna soluci\u00f3n efectiva?","datePublished":"2018-09-26T12:28:26+00:00","dateModified":"2019-08-26T06:07:08+00:00","mainEntityOfPage":{"@id":"https:\/\/www.filantropiacortessolari.cl\/en\/subvencion-en-educacion-parvularia-una-solucion-efectiva\/"},"wordCount":815,"image":{"@id":"https:\/\/www.filantropiacortessolari.cl\/en\/subvencion-en-educacion-parvularia-una-solucion-efectiva\/#primaryimage"},"thumbnailUrl":"https:\/\/www.filantropiacortessolari.cl\/wp-content\/uploads\/2019\/01\/jardines-_816x428.jpg","articleSection":["Noticias","Opini\u00f3n Caserta"],"inLanguage":"en-US"},{"@type":"WebPage","@id":"https:\/\/www.filantropiacortessolari.cl\/en\/subvencion-en-educacion-parvularia-una-solucion-efectiva\/","url":"https:\/\/www.filantropiacortessolari.cl\/en\/subvencion-en-educacion-parvularia-una-solucion-efectiva\/","name":"Subvenci\u00f3n en Educaci\u00f3n Parvularia: \u00bfUna soluci\u00f3n efectiva?","isPartOf":{"@id":"https:\/\/www.filantropiacortessolari.cl\/#website"},"primaryImageOfPage":{"@id":"https:\/\/www.filantropiacortessolari.cl\/en\/subvencion-en-educacion-parvularia-una-solucion-efectiva\/#primaryimage"},"image":{"@id":"https:\/\/www.filantropiacortessolari.cl\/en\/subvencion-en-educacion-parvularia-una-solucion-efectiva\/#primaryimage"},"thumbnailUrl":"https:\/\/www.filantropiacortessolari.cl\/wp-content\/uploads\/2019\/01\/jardines-_816x428.jpg","datePublished":"2018-09-26T12:28:26+00:00","dateModified":"2019-08-26T06:07:08+00:00","author":{"@id":"https:\/\/www.filantropiacortessolari.cl\/#\/schema\/person\/e099cf1046922f4f5892172332dc86c0"},"breadcrumb":{"@id":"https:\/\/www.filantropiacortessolari.cl\/en\/subvencion-en-educacion-parvularia-una-solucion-efectiva\/#breadcrumb"},"inLanguage":"en-US","potentialAction":[{"@type":"ReadAction","target":["https:\/\/www.filantropiacortessolari.cl\/en\/subvencion-en-educacion-parvularia-una-solucion-efectiva\/"]}]},{"@type":"ImageObject","inLanguage":"en-US","@id":"https:\/\/www.filantropiacortessolari.cl\/en\/subvencion-en-educacion-parvularia-una-solucion-efectiva\/#primaryimage","url":"https:\/\/www.filantropiacortessolari.cl\/wp-content\/uploads\/2019\/01\/jardines-_816x428.jpg","contentUrl":"https:\/\/www.filantropiacortessolari.cl\/wp-content\/uploads\/2019\/01\/jardines-_816x428.jpg","width":816,"height":428},{"@type":"BreadcrumbList","@id":"https:\/\/www.filantropiacortessolari.cl\/en\/subvencion-en-educacion-parvularia-una-solucion-efectiva\/#breadcrumb","itemListElement":[{"@type":"ListItem","position":1,"name":"Portada","item":"https:\/\/www.filantropiacortessolari.cl\/"},{"@type":"ListItem","position":2,"name":"Subvenci\u00f3n en Educaci\u00f3n Parvularia: \u00bfUna soluci\u00f3n efectiva?"}]},{"@type":"WebSite","@id":"https:\/\/www.filantropiacortessolari.cl\/#website","url":"https:\/\/www.filantropiacortessolari.cl\/","name":"Filantrop\u00eda Cort\u00e9s Solari","description":"Sitio web Filantrop\u00eda Cort\u00e9s Solari","potentialAction":[{"@type":"SearchAction","target":{"@type":"EntryPoint","urlTemplate":"https:\/\/www.filantropiacortessolari.cl\/?s={search_term_string}"},"query-input":{"@type":"PropertyValueSpecification","valueRequired":true,"valueName":"search_term_string"}}],"inLanguage":"en-US"},{"@type":"Person","@id":"https:\/\/www.filantropiacortessolari.cl\/#\/schema\/person\/e099cf1046922f4f5892172332dc86c0","name":"Filantrop\u00eda Cort\u00e9s Solari","image":{"@type":"ImageObject","inLanguage":"en-US","@id":"https:\/\/secure.gravatar.com\/avatar\/9d17bfe24074ed7576e70cbeb8e010cdd7d01fae9f2047bd96cccbe629ec3c11?s=96&d=mm&r=g","url":"https:\/\/secure.gravatar.com\/avatar\/9d17bfe24074ed7576e70cbeb8e010cdd7d01fae9f2047bd96cccbe629ec3c11?s=96&d=mm&r=g","contentUrl":"https:\/\/secure.gravatar.com\/avatar\/9d17bfe24074ed7576e70cbeb8e010cdd7d01fae9f2047bd96cccbe629ec3c11?s=96&d=mm&r=g","caption":"Filantrop\u00eda Cort\u00e9s Solari"},"url":"https:\/\/www.filantropiacortessolari.cl\/en\/author\/filantropia-cortes-solari\/"}]}},"_links":{"self":[{"href":"https:\/\/www.filantropiacortessolari.cl\/en\/wp-json\/wp\/v2\/posts\/8068","targetHints":{"allow":["GET"]}}],"collection":[{"href":"https:\/\/www.filantropiacortessolari.cl\/en\/wp-json\/wp\/v2\/posts"}],"about":[{"href":"https:\/\/www.filantropiacortessolari.cl\/en\/wp-json\/wp\/v2\/types\/post"}],"author":[{"embeddable":true,"href":"https:\/\/www.filantropiacortessolari.cl\/en\/wp-json\/wp\/v2\/users\/1"}],"replies":[{"embeddable":true,"href":"https:\/\/www.filantropiacortessolari.cl\/en\/wp-json\/wp\/v2\/comments?post=8068"}],"version-history":[{"count":1,"href":"https:\/\/www.filantropiacortessolari.cl\/en\/wp-json\/wp\/v2\/posts\/8068\/revisions"}],"predecessor-version":[{"id":8307,"href":"https:\/\/www.filantropiacortessolari.cl\/en\/wp-json\/wp\/v2\/posts\/8068\/revisions\/8307"}],"wp:featuredmedia":[{"embeddable":true,"href":"https:\/\/www.filantropiacortessolari.cl\/en\/wp-json\/wp\/v2\/media\/8295"}],"wp:attachment":[{"href":"https:\/\/www.filantropiacortessolari.cl\/en\/wp-json\/wp\/v2\/media?parent=8068"}],"wp:term":[{"taxonomy":"category","embeddable":true,"href":"https:\/\/www.filantropiacortessolari.cl\/en\/wp-json\/wp\/v2\/categories?post=8068"},{"taxonomy":"post_tag","embeddable":true,"href":"https:\/\/www.filantropiacortessolari.cl\/en\/wp-json\/wp\/v2\/tags?post=8068"}],"curies":[{"name":"wp","href":"https:\/\/api.w.org\/{rel}","templated":true}]}}