{"id":8198,"date":"2018-11-30T14:44:25","date_gmt":"2018-11-30T14:44:25","guid":{"rendered":"https:\/\/www.caserta.cl\/?p=8198"},"modified":"2019-08-26T03:04:34","modified_gmt":"2019-08-26T06:04:34","slug":"columna-de-opinion-psu-persisten-las-desigualdades","status":"publish","type":"post","link":"https:\/\/www.filantropiacortessolari.cl\/en\/columna-de-opinion-psu-persisten-las-desigualdades\/","title":{"rendered":"Columna de Opini\u00f3n  PSU: persisten las desigualdades"},"content":{"rendered":"<style type=\"text\/css\"><\/style><p>Mar\u00eda Paz Donoso T.<\/p>\n<p>Directora de Pol\u00edtica Educativa Fundaci\u00f3n Caserta<\/p>\n<p>Este 2018 se cumplen 15 a\u00f1os desde la primera PSU, un buen momento para realizar un balance de c\u00f3mo han sido sus resultados y cu\u00e1les son los desaf\u00edos futuros. Autoridades de la \u00e9poca afirmaron que este sistema permitir\u00eda un acceso m\u00e1s equitativo, pasando de una medici\u00f3n de aptitudes a una de conocimientos. Sin embargo, la evidencia sugiere que este objetivo no se ha cumplido. Ya en 2007, un estudio publicado por el CEP anunciaba que la brecha por nivel socioecon\u00f3mico hab\u00eda aumentado con el nuevo sistema, lo que ha sido corroborado por estudios recientes.<\/p>\n<p>Los contenidos de la PSU se basan en el curr\u00edculum escolar; no obstante, datos del Mineduc muestran que un establecimiento con menor nivel socioecon\u00f3mico tiene una menor cobertura curricular, limitando la preparaci\u00f3n para esta prueba. As\u00ed, estudiantes con un mismo nivel de esfuerzo, pero de diferentes contextos, se enfrentan a la PSU en condiciones dispares.<\/p>\n<p>Richard Phelps, experto en evaluaciones estandarizadas, afirm\u00f3 en 2017 que en pa\u00edses desiguales, como Chile, estas pruebas no pueden ser el \u00fanico instrumento de acceso a la educaci\u00f3n superior, pues mantienen las inequidades de origen. Por su parte, Diane Ravitch (Universidad de New York) cuestiona las pruebas estandarizadas por omitir disciplinas relevantes en la formaci\u00f3n de los j\u00f3venes.<\/p>\n<p>\u00bfC\u00f3mo generar un sistema de acceso que incorpore conocimientos y habilidades, mientras reduce las inequidades? Se requiere en primer lugar un cambio de mirada en el sistema de ingreso, pasando de un esquema centrado en contenidos a uno basado en el desarrollo humano, que reconozca la existencia de habilidades no evaluadas en la PSU, pero relevantes para la formaci\u00f3n de los j\u00f3venes.<\/p>\n<p>Los programas proped\u00e9uticos, el PACE u otros mecanismos de acceso alternativo han avanzado en esta l\u00ednea, pero son insuficientes. Siguiendo ejemplos de pol\u00edticas aplicadas en pa\u00edses desarrollados, la PSU podr\u00eda ser complementada con la universalizaci\u00f3n de los programas de acceso para estudiantes vulnerables e informaci\u00f3n anexa como cartas de motivaci\u00f3n.<\/p>\n<p>Independiente de la soluci\u00f3n, es necesario avanzar en esta discusi\u00f3n, con propuestas orientadas a disminuir inequidades y ampliar la mirada sobre las caracter\u00edsticas que deben tener los j\u00f3venes para proseguir con sus estudios superiores, superando el obsoleto y desigual sistema actual.<\/p>\n<p>Fuente: <a href=\"http:\/\/impresa.lasegunda.com\/2018\/11\/29\/A\/S53GOEEV\/FR3GOFOQ\" target=\"_blank\" rel=\"noopener noreferrer\">La Segunda<\/a><\/p>\n","protected":false},"excerpt":{"rendered":"<p>Mar\u00eda Paz Donoso T. Directora de Pol\u00edtica Educativa Fundaci\u00f3n Caserta Este 2018 se cumplen 15 a\u00f1os desde la primera PSU, un buen momento para realizar un balance de c\u00f3mo han sido sus resultados y cu\u00e1les son los desaf\u00edos futuros. Autoridades de la \u00e9poca afirmaron que este sistema permitir\u00eda un acceso m\u00e1s equitativo, pasando de una&#8230;<\/p>\n","protected":false},"author":1,"featured_media":8298,"comment_status":"closed","ping_status":"open","sticky":false,"template":"","format":"standard","meta":{"footnotes":""},"categories":[31,26],"tags":[],"class_list":["post-8198","post","type-post","status-publish","format-standard","has-post-thumbnail","hentry","category-noticias","category-opinion-caserta"],"translation":{"provider":"WPGlobus","version":"3.0.2","language":"en","enabled_languages":["es","en"],"languages":{"es":{"title":true,"content":true,"excerpt":true},"en":{"title":false,"content":false,"excerpt":false}}},"yoast_head":"<!-- This site is optimized with the Yoast SEO plugin v27.4 - https:\/\/yoast.com\/product\/yoast-seo-wordpress\/ -->\n<title>Columna de Opini\u00f3n PSU: persisten las desigualdades<\/title>\n<meta name=\"robots\" content=\"index, follow, max-snippet:-1, max-image-preview:large, max-video-preview:-1\" \/>\n<link rel=\"canonical\" href=\"https:\/\/www.filantropiacortessolari.cl\/columna-de-opinion-psu-persisten-las-desigualdades\/\" \/>\n<meta property=\"og:locale\" content=\"en_US\" \/>\n<meta property=\"og:type\" content=\"article\" \/>\n<meta property=\"og:title\" content=\"Columna de Opini\u00f3n PSU: persisten las desigualdades\" \/>\n<meta property=\"og:url\" content=\"https:\/\/www.filantropiacortessolari.cl\/columna-de-opinion-psu-persisten-las-desigualdades\/\" \/>\n<meta property=\"og:site_name\" content=\"Filantrop\u00eda Cort\u00e9s Solari\" \/>\n<meta property=\"article:published_time\" content=\"2018-11-30T14:44:25+00:00\" \/>\n<meta property=\"article:modified_time\" content=\"2019-08-26T06:04:34+00:00\" \/>\n<meta property=\"og:image\" content=\"https:\/\/www.filantropiacortessolari.cl\/wp-content\/uploads\/2019\/01\/maria-1.jpeg\" \/>\n\t<meta property=\"og:image:width\" content=\"1280\" \/>\n\t<meta property=\"og:image:height\" content=\"973\" \/>\n\t<meta property=\"og:image:type\" content=\"image\/jpeg\" \/>\n<meta name=\"author\" content=\"Filantrop\u00eda Cort\u00e9s Solari\" \/>\n<meta name=\"twitter:card\" content=\"summary_large_image\" \/>\n<meta name=\"twitter:label1\" content=\"Written by\" \/>\n\t<meta name=\"twitter:data1\" content=\"Filantrop\u00eda Cort\u00e9s Solari\" \/>\n\t<meta name=\"twitter:label2\" content=\"Est. reading time\" \/>\n\t<meta name=\"twitter:data2\" content=\"2 minutes\" \/>\n<script type=\"application\/ld+json\" class=\"yoast-schema-graph\">{\"@context\":\"https:\\\/\\\/schema.org\",\"@graph\":[{\"@type\":\"Article\",\"@id\":\"https:\\\/\\\/www.filantropiacortessolari.cl\\\/columna-de-opinion-psu-persisten-las-desigualdades\\\/#article\",\"isPartOf\":{\"@id\":\"https:\\\/\\\/www.filantropiacortessolari.cl\\\/columna-de-opinion-psu-persisten-las-desigualdades\\\/\"},\"author\":{\"name\":\"Filantrop\u00eda Cort\u00e9s Solari\",\"@id\":\"https:\\\/\\\/www.filantropiacortessolari.cl\\\/#\\\/schema\\\/person\\\/e099cf1046922f4f5892172332dc86c0\"},\"headline\":\"Columna de Opini\u00f3n PSU: persisten las desigualdades\",\"datePublished\":\"2018-11-30T14:44:25+00:00\",\"dateModified\":\"2019-08-26T06:04:34+00:00\",\"mainEntityOfPage\":{\"@id\":\"https:\\\/\\\/www.filantropiacortessolari.cl\\\/columna-de-opinion-psu-persisten-las-desigualdades\\\/\"},\"wordCount\":411,\"image\":{\"@id\":\"https:\\\/\\\/www.filantropiacortessolari.cl\\\/columna-de-opinion-psu-persisten-las-desigualdades\\\/#primaryimage\"},\"thumbnailUrl\":\"https:\\\/\\\/www.filantropiacortessolari.cl\\\/wp-content\\\/uploads\\\/2019\\\/01\\\/maria-1.jpeg\",\"articleSection\":[\"Noticias\",\"Opini\u00f3n Caserta\"],\"inLanguage\":\"en-US\"},{\"@type\":\"WebPage\",\"@id\":\"https:\\\/\\\/www.filantropiacortessolari.cl\\\/columna-de-opinion-psu-persisten-las-desigualdades\\\/\",\"url\":\"https:\\\/\\\/www.filantropiacortessolari.cl\\\/columna-de-opinion-psu-persisten-las-desigualdades\\\/\",\"name\":\"Columna de Opini\u00f3n PSU: persisten las desigualdades\",\"isPartOf\":{\"@id\":\"https:\\\/\\\/www.filantropiacortessolari.cl\\\/#website\"},\"primaryImageOfPage\":{\"@id\":\"https:\\\/\\\/www.filantropiacortessolari.cl\\\/columna-de-opinion-psu-persisten-las-desigualdades\\\/#primaryimage\"},\"image\":{\"@id\":\"https:\\\/\\\/www.filantropiacortessolari.cl\\\/columna-de-opinion-psu-persisten-las-desigualdades\\\/#primaryimage\"},\"thumbnailUrl\":\"https:\\\/\\\/www.filantropiacortessolari.cl\\\/wp-content\\\/uploads\\\/2019\\\/01\\\/maria-1.jpeg\",\"datePublished\":\"2018-11-30T14:44:25+00:00\",\"dateModified\":\"2019-08-26T06:04:34+00:00\",\"author\":{\"@id\":\"https:\\\/\\\/www.filantropiacortessolari.cl\\\/#\\\/schema\\\/person\\\/e099cf1046922f4f5892172332dc86c0\"},\"breadcrumb\":{\"@id\":\"https:\\\/\\\/www.filantropiacortessolari.cl\\\/columna-de-opinion-psu-persisten-las-desigualdades\\\/#breadcrumb\"},\"inLanguage\":\"en-US\",\"potentialAction\":[{\"@type\":\"ReadAction\",\"target\":[\"https:\\\/\\\/www.filantropiacortessolari.cl\\\/columna-de-opinion-psu-persisten-las-desigualdades\\\/\"]}]},{\"@type\":\"ImageObject\",\"inLanguage\":\"en-US\",\"@id\":\"https:\\\/\\\/www.filantropiacortessolari.cl\\\/columna-de-opinion-psu-persisten-las-desigualdades\\\/#primaryimage\",\"url\":\"https:\\\/\\\/www.filantropiacortessolari.cl\\\/wp-content\\\/uploads\\\/2019\\\/01\\\/maria-1.jpeg\",\"contentUrl\":\"https:\\\/\\\/www.filantropiacortessolari.cl\\\/wp-content\\\/uploads\\\/2019\\\/01\\\/maria-1.jpeg\",\"width\":1280,\"height\":973},{\"@type\":\"BreadcrumbList\",\"@id\":\"https:\\\/\\\/www.filantropiacortessolari.cl\\\/columna-de-opinion-psu-persisten-las-desigualdades\\\/#breadcrumb\",\"itemListElement\":[{\"@type\":\"ListItem\",\"position\":1,\"name\":\"Portada\",\"item\":\"https:\\\/\\\/www.filantropiacortessolari.cl\\\/\"},{\"@type\":\"ListItem\",\"position\":2,\"name\":\"Columna de Opini\u00f3n PSU: persisten las desigualdades\"}]},{\"@type\":\"WebSite\",\"@id\":\"https:\\\/\\\/www.filantropiacortessolari.cl\\\/#website\",\"url\":\"https:\\\/\\\/www.filantropiacortessolari.cl\\\/\",\"name\":\"Filantrop\u00eda Cort\u00e9s Solari\",\"description\":\"Sitio web Filantrop\u00eda Cort\u00e9s Solari\",\"potentialAction\":[{\"@type\":\"SearchAction\",\"target\":{\"@type\":\"EntryPoint\",\"urlTemplate\":\"https:\\\/\\\/www.filantropiacortessolari.cl\\\/?s={search_term_string}\"},\"query-input\":{\"@type\":\"PropertyValueSpecification\",\"valueRequired\":true,\"valueName\":\"search_term_string\"}}],\"inLanguage\":\"en-US\"},{\"@type\":\"Person\",\"@id\":\"https:\\\/\\\/www.filantropiacortessolari.cl\\\/#\\\/schema\\\/person\\\/e099cf1046922f4f5892172332dc86c0\",\"name\":\"Filantrop\u00eda Cort\u00e9s Solari\",\"image\":{\"@type\":\"ImageObject\",\"inLanguage\":\"en-US\",\"@id\":\"https:\\\/\\\/secure.gravatar.com\\\/avatar\\\/9d17bfe24074ed7576e70cbeb8e010cdd7d01fae9f2047bd96cccbe629ec3c11?s=96&d=mm&r=g\",\"url\":\"https:\\\/\\\/secure.gravatar.com\\\/avatar\\\/9d17bfe24074ed7576e70cbeb8e010cdd7d01fae9f2047bd96cccbe629ec3c11?s=96&d=mm&r=g\",\"contentUrl\":\"https:\\\/\\\/secure.gravatar.com\\\/avatar\\\/9d17bfe24074ed7576e70cbeb8e010cdd7d01fae9f2047bd96cccbe629ec3c11?s=96&d=mm&r=g\",\"caption\":\"Filantrop\u00eda Cort\u00e9s Solari\"},\"url\":\"https:\\\/\\\/www.filantropiacortessolari.cl\\\/en\\\/author\\\/filantropia-cortes-solari\\\/\"}]}<\/script>\n<!-- \/ Yoast SEO plugin. -->","yoast_head_json":{"title":"Columna de Opini\u00f3n PSU: persisten las desigualdades","robots":{"index":"index","follow":"follow","max-snippet":"max-snippet:-1","max-image-preview":"max-image-preview:large","max-video-preview":"max-video-preview:-1"},"canonical":"https:\/\/www.filantropiacortessolari.cl\/columna-de-opinion-psu-persisten-las-desigualdades\/","og_locale":"en_US","og_type":"article","og_title":"Columna de Opini\u00f3n PSU: persisten las desigualdades","og_url":"https:\/\/www.filantropiacortessolari.cl\/columna-de-opinion-psu-persisten-las-desigualdades\/","og_site_name":"Filantrop\u00eda Cort\u00e9s Solari","article_published_time":"2018-11-30T14:44:25+00:00","article_modified_time":"2019-08-26T06:04:34+00:00","og_image":[{"width":1280,"height":973,"url":"https:\/\/www.filantropiacortessolari.cl\/wp-content\/uploads\/2019\/01\/maria-1.jpeg","type":"image\/jpeg"}],"author":"Filantrop\u00eda Cort\u00e9s Solari","twitter_card":"summary_large_image","twitter_misc":{"Written by":"Filantrop\u00eda Cort\u00e9s Solari","Est. reading time":"2 minutes"},"schema":{"@context":"https:\/\/schema.org","@graph":[{"@type":"Article","@id":"https:\/\/www.filantropiacortessolari.cl\/columna-de-opinion-psu-persisten-las-desigualdades\/#article","isPartOf":{"@id":"https:\/\/www.filantropiacortessolari.cl\/columna-de-opinion-psu-persisten-las-desigualdades\/"},"author":{"name":"Filantrop\u00eda Cort\u00e9s Solari","@id":"https:\/\/www.filantropiacortessolari.cl\/#\/schema\/person\/e099cf1046922f4f5892172332dc86c0"},"headline":"Columna de Opini\u00f3n PSU: persisten las desigualdades","datePublished":"2018-11-30T14:44:25+00:00","dateModified":"2019-08-26T06:04:34+00:00","mainEntityOfPage":{"@id":"https:\/\/www.filantropiacortessolari.cl\/columna-de-opinion-psu-persisten-las-desigualdades\/"},"wordCount":411,"image":{"@id":"https:\/\/www.filantropiacortessolari.cl\/columna-de-opinion-psu-persisten-las-desigualdades\/#primaryimage"},"thumbnailUrl":"https:\/\/www.filantropiacortessolari.cl\/wp-content\/uploads\/2019\/01\/maria-1.jpeg","articleSection":["Noticias","Opini\u00f3n Caserta"],"inLanguage":"en-US"},{"@type":"WebPage","@id":"https:\/\/www.filantropiacortessolari.cl\/columna-de-opinion-psu-persisten-las-desigualdades\/","url":"https:\/\/www.filantropiacortessolari.cl\/columna-de-opinion-psu-persisten-las-desigualdades\/","name":"Columna de Opini\u00f3n PSU: persisten las desigualdades","isPartOf":{"@id":"https:\/\/www.filantropiacortessolari.cl\/#website"},"primaryImageOfPage":{"@id":"https:\/\/www.filantropiacortessolari.cl\/columna-de-opinion-psu-persisten-las-desigualdades\/#primaryimage"},"image":{"@id":"https:\/\/www.filantropiacortessolari.cl\/columna-de-opinion-psu-persisten-las-desigualdades\/#primaryimage"},"thumbnailUrl":"https:\/\/www.filantropiacortessolari.cl\/wp-content\/uploads\/2019\/01\/maria-1.jpeg","datePublished":"2018-11-30T14:44:25+00:00","dateModified":"2019-08-26T06:04:34+00:00","author":{"@id":"https:\/\/www.filantropiacortessolari.cl\/#\/schema\/person\/e099cf1046922f4f5892172332dc86c0"},"breadcrumb":{"@id":"https:\/\/www.filantropiacortessolari.cl\/columna-de-opinion-psu-persisten-las-desigualdades\/#breadcrumb"},"inLanguage":"en-US","potentialAction":[{"@type":"ReadAction","target":["https:\/\/www.filantropiacortessolari.cl\/columna-de-opinion-psu-persisten-las-desigualdades\/"]}]},{"@type":"ImageObject","inLanguage":"en-US","@id":"https:\/\/www.filantropiacortessolari.cl\/columna-de-opinion-psu-persisten-las-desigualdades\/#primaryimage","url":"https:\/\/www.filantropiacortessolari.cl\/wp-content\/uploads\/2019\/01\/maria-1.jpeg","contentUrl":"https:\/\/www.filantropiacortessolari.cl\/wp-content\/uploads\/2019\/01\/maria-1.jpeg","width":1280,"height":973},{"@type":"BreadcrumbList","@id":"https:\/\/www.filantropiacortessolari.cl\/columna-de-opinion-psu-persisten-las-desigualdades\/#breadcrumb","itemListElement":[{"@type":"ListItem","position":1,"name":"Portada","item":"https:\/\/www.filantropiacortessolari.cl\/"},{"@type":"ListItem","position":2,"name":"Columna de Opini\u00f3n PSU: persisten las desigualdades"}]},{"@type":"WebSite","@id":"https:\/\/www.filantropiacortessolari.cl\/#website","url":"https:\/\/www.filantropiacortessolari.cl\/","name":"Filantrop\u00eda Cort\u00e9s Solari","description":"Sitio web Filantrop\u00eda Cort\u00e9s Solari","potentialAction":[{"@type":"SearchAction","target":{"@type":"EntryPoint","urlTemplate":"https:\/\/www.filantropiacortessolari.cl\/?s={search_term_string}"},"query-input":{"@type":"PropertyValueSpecification","valueRequired":true,"valueName":"search_term_string"}}],"inLanguage":"en-US"},{"@type":"Person","@id":"https:\/\/www.filantropiacortessolari.cl\/#\/schema\/person\/e099cf1046922f4f5892172332dc86c0","name":"Filantrop\u00eda Cort\u00e9s Solari","image":{"@type":"ImageObject","inLanguage":"en-US","@id":"https:\/\/secure.gravatar.com\/avatar\/9d17bfe24074ed7576e70cbeb8e010cdd7d01fae9f2047bd96cccbe629ec3c11?s=96&d=mm&r=g","url":"https:\/\/secure.gravatar.com\/avatar\/9d17bfe24074ed7576e70cbeb8e010cdd7d01fae9f2047bd96cccbe629ec3c11?s=96&d=mm&r=g","contentUrl":"https:\/\/secure.gravatar.com\/avatar\/9d17bfe24074ed7576e70cbeb8e010cdd7d01fae9f2047bd96cccbe629ec3c11?s=96&d=mm&r=g","caption":"Filantrop\u00eda Cort\u00e9s Solari"},"url":"https:\/\/www.filantropiacortessolari.cl\/en\/author\/filantropia-cortes-solari\/"}]}},"_links":{"self":[{"href":"https:\/\/www.filantropiacortessolari.cl\/en\/wp-json\/wp\/v2\/posts\/8198","targetHints":{"allow":["GET"]}}],"collection":[{"href":"https:\/\/www.filantropiacortessolari.cl\/en\/wp-json\/wp\/v2\/posts"}],"about":[{"href":"https:\/\/www.filantropiacortessolari.cl\/en\/wp-json\/wp\/v2\/types\/post"}],"author":[{"embeddable":true,"href":"https:\/\/www.filantropiacortessolari.cl\/en\/wp-json\/wp\/v2\/users\/1"}],"replies":[{"embeddable":true,"href":"https:\/\/www.filantropiacortessolari.cl\/en\/wp-json\/wp\/v2\/comments?post=8198"}],"version-history":[{"count":1,"href":"https:\/\/www.filantropiacortessolari.cl\/en\/wp-json\/wp\/v2\/posts\/8198\/revisions"}],"predecessor-version":[{"id":8305,"href":"https:\/\/www.filantropiacortessolari.cl\/en\/wp-json\/wp\/v2\/posts\/8198\/revisions\/8305"}],"wp:featuredmedia":[{"embeddable":true,"href":"https:\/\/www.filantropiacortessolari.cl\/en\/wp-json\/wp\/v2\/media\/8298"}],"wp:attachment":[{"href":"https:\/\/www.filantropiacortessolari.cl\/en\/wp-json\/wp\/v2\/media?parent=8198"}],"wp:term":[{"taxonomy":"category","embeddable":true,"href":"https:\/\/www.filantropiacortessolari.cl\/en\/wp-json\/wp\/v2\/categories?post=8198"},{"taxonomy":"post_tag","embeddable":true,"href":"https:\/\/www.filantropiacortessolari.cl\/en\/wp-json\/wp\/v2\/tags?post=8198"}],"curies":[{"name":"wp","href":"https:\/\/api.w.org\/{rel}","templated":true}]}}