{"id":8265,"date":"2018-12-31T21:46:18","date_gmt":"2018-12-31T21:46:18","guid":{"rendered":"https:\/\/www.caserta.cl\/?p=8265"},"modified":"2019-08-26T03:03:01","modified_gmt":"2019-08-26T06:03:01","slug":"psu-ni-la-causa-ni-la-solucion","status":"publish","type":"post","link":"https:\/\/www.filantropiacortessolari.cl\/en\/psu-ni-la-causa-ni-la-solucion\/","title":{"rendered":"PSU: Ni la causa ni la soluci\u00f3n"},"content":{"rendered":"<style type=\"text\/css\"><\/style><p>Ignacio Fern\u00e1ndez<br \/>\nInvestigador de Pol\u00edtica Educativa<br \/>\nFundaci\u00f3n Caserta<\/p>\n<p>SE\u00d1OR DIRECTOR<br \/>\nAl ser la PSU una prueba estandarizada centrada en la medici\u00f3n del curr\u00edculo de ense\u00f1anza media, aspectos relevantes en el desarrollo de los estudiantes quedan fuera de su espectro de medici\u00f3n. Incluso el Departamento de Evaluaci\u00f3n, Medici\u00f3n y Registro Educacional (DEMRE), declara que \u00e9sta no eval\u00faa aspectos como la elaboraci\u00f3n de proyectos grupales o el uso de habilidades blandas, consideradas hoy como destrezas de alta empleabilidad.<\/p>\n<p>Otra cr\u00edtica a la PSU es su incapacidad de aislar el efecto socioecon\u00f3mico sobre los resultados de la medici\u00f3n. Como el principal instrumento de selecci\u00f3n para ingresar a la educaci\u00f3n superior, se le suelen atribuir tanto la responsabilidad de arreglar las inequidades en su acceso, como la culpa de las disparidades resultantes cada a\u00f1o. Sin embargo, la desigualdad es un problema generalizado en el sistema educativo chileno, en que los resultados dependen m\u00e1s del nivel socioecon\u00f3mico que de otra variable.<\/p>\n<p>Reconociendo que la PSU no es responsable de las inequidades en el sistema, creemos que es necesario revisar los mecanismos y requisitos para el acceso a la educaci\u00f3n superior, transitando desde el actual enfoque basado en contenidos a uno basado en las competencias, que, a su vez, minimice el efecto socioecon\u00f3mico en el acceso.<\/p>\n<p>Fuente: <a href=\"https:\/\/www.latercera.com\/opinion\/noticia\/psu-la-causa-la-solucion\/465826\/\" target=\"_blank\" rel=\"noopener noreferrer\">La Tercera<\/a><\/p>\n","protected":false},"excerpt":{"rendered":"<p>Ignacio Fern\u00e1ndez Investigador de Pol\u00edtica Educativa Fundaci\u00f3n Caserta SE\u00d1OR DIRECTOR Al ser la PSU una prueba estandarizada centrada en la medici\u00f3n del curr\u00edculo de ense\u00f1anza media, aspectos relevantes en el desarrollo de los estudiantes quedan fuera de su espectro de medici\u00f3n. Incluso el Departamento de Evaluaci\u00f3n, Medici\u00f3n y Registro Educacional (DEMRE), declara que \u00e9sta no&#8230;<\/p>\n","protected":false},"author":1,"featured_media":8299,"comment_status":"closed","ping_status":"open","sticky":false,"template":"","format":"standard","meta":{"footnotes":""},"categories":[31,26],"tags":[],"class_list":["post-8265","post","type-post","status-publish","format-standard","has-post-thumbnail","hentry","category-noticias","category-opinion-caserta"],"translation":{"provider":"WPGlobus","version":"3.0.2","language":"en","enabled_languages":["es","en"],"languages":{"es":{"title":true,"content":true,"excerpt":true},"en":{"title":false,"content":false,"excerpt":false}}},"yoast_head":"<!-- This site is optimized with the Yoast SEO plugin v27.4 - https:\/\/yoast.com\/product\/yoast-seo-wordpress\/ -->\n<title>PSU: Ni la causa ni la soluci\u00f3n<\/title>\n<meta name=\"robots\" content=\"index, follow, max-snippet:-1, max-image-preview:large, max-video-preview:-1\" \/>\n<link rel=\"canonical\" href=\"https:\/\/www.filantropiacortessolari.cl\/psu-ni-la-causa-ni-la-solucion\/\" \/>\n<meta property=\"og:locale\" content=\"en_US\" \/>\n<meta property=\"og:type\" content=\"article\" \/>\n<meta property=\"og:title\" content=\"PSU: Ni la causa ni la soluci\u00f3n\" \/>\n<meta property=\"og:url\" content=\"https:\/\/www.filantropiacortessolari.cl\/psu-ni-la-causa-ni-la-solucion\/\" \/>\n<meta property=\"og:site_name\" content=\"Filantrop\u00eda Cort\u00e9s Solari\" \/>\n<meta property=\"article:published_time\" content=\"2018-12-31T21:46:18+00:00\" \/>\n<meta property=\"article:modified_time\" content=\"2019-08-26T06:03:01+00:00\" \/>\n<meta property=\"og:image\" content=\"https:\/\/www.filantropiacortessolari.cl\/wp-content\/uploads\/2019\/01\/8z17zMLM-1-e1546292908630.jpg\" \/>\n\t<meta property=\"og:image:width\" content=\"1068\" \/>\n\t<meta property=\"og:image:height\" content=\"680\" \/>\n\t<meta property=\"og:image:type\" content=\"image\/jpeg\" \/>\n<meta name=\"author\" content=\"Filantrop\u00eda Cort\u00e9s Solari\" \/>\n<meta name=\"twitter:card\" content=\"summary_large_image\" \/>\n<meta name=\"twitter:label1\" content=\"Written by\" \/>\n\t<meta name=\"twitter:data1\" content=\"Filantrop\u00eda Cort\u00e9s Solari\" \/>\n\t<meta name=\"twitter:label2\" content=\"Est. reading time\" \/>\n\t<meta name=\"twitter:data2\" content=\"1 minute\" \/>\n<script type=\"application\/ld+json\" class=\"yoast-schema-graph\">{\"@context\":\"https:\\\/\\\/schema.org\",\"@graph\":[{\"@type\":\"Article\",\"@id\":\"https:\\\/\\\/www.filantropiacortessolari.cl\\\/psu-ni-la-causa-ni-la-solucion\\\/#article\",\"isPartOf\":{\"@id\":\"https:\\\/\\\/www.filantropiacortessolari.cl\\\/psu-ni-la-causa-ni-la-solucion\\\/\"},\"author\":{\"name\":\"Filantrop\u00eda Cort\u00e9s Solari\",\"@id\":\"https:\\\/\\\/www.filantropiacortessolari.cl\\\/#\\\/schema\\\/person\\\/e099cf1046922f4f5892172332dc86c0\"},\"headline\":\"PSU: Ni la causa ni la soluci\u00f3n\",\"datePublished\":\"2018-12-31T21:46:18+00:00\",\"dateModified\":\"2019-08-26T06:03:01+00:00\",\"mainEntityOfPage\":{\"@id\":\"https:\\\/\\\/www.filantropiacortessolari.cl\\\/psu-ni-la-causa-ni-la-solucion\\\/\"},\"wordCount\":243,\"image\":{\"@id\":\"https:\\\/\\\/www.filantropiacortessolari.cl\\\/psu-ni-la-causa-ni-la-solucion\\\/#primaryimage\"},\"thumbnailUrl\":\"https:\\\/\\\/www.filantropiacortessolari.cl\\\/wp-content\\\/uploads\\\/2019\\\/01\\\/8z17zMLM-1-e1546292908630.jpg\",\"articleSection\":[\"Noticias\",\"Opini\u00f3n Caserta\"],\"inLanguage\":\"en-US\"},{\"@type\":\"WebPage\",\"@id\":\"https:\\\/\\\/www.filantropiacortessolari.cl\\\/psu-ni-la-causa-ni-la-solucion\\\/\",\"url\":\"https:\\\/\\\/www.filantropiacortessolari.cl\\\/psu-ni-la-causa-ni-la-solucion\\\/\",\"name\":\"PSU: Ni la causa ni la soluci\u00f3n\",\"isPartOf\":{\"@id\":\"https:\\\/\\\/www.filantropiacortessolari.cl\\\/#website\"},\"primaryImageOfPage\":{\"@id\":\"https:\\\/\\\/www.filantropiacortessolari.cl\\\/psu-ni-la-causa-ni-la-solucion\\\/#primaryimage\"},\"image\":{\"@id\":\"https:\\\/\\\/www.filantropiacortessolari.cl\\\/psu-ni-la-causa-ni-la-solucion\\\/#primaryimage\"},\"thumbnailUrl\":\"https:\\\/\\\/www.filantropiacortessolari.cl\\\/wp-content\\\/uploads\\\/2019\\\/01\\\/8z17zMLM-1-e1546292908630.jpg\",\"datePublished\":\"2018-12-31T21:46:18+00:00\",\"dateModified\":\"2019-08-26T06:03:01+00:00\",\"author\":{\"@id\":\"https:\\\/\\\/www.filantropiacortessolari.cl\\\/#\\\/schema\\\/person\\\/e099cf1046922f4f5892172332dc86c0\"},\"breadcrumb\":{\"@id\":\"https:\\\/\\\/www.filantropiacortessolari.cl\\\/psu-ni-la-causa-ni-la-solucion\\\/#breadcrumb\"},\"inLanguage\":\"en-US\",\"potentialAction\":[{\"@type\":\"ReadAction\",\"target\":[\"https:\\\/\\\/www.filantropiacortessolari.cl\\\/psu-ni-la-causa-ni-la-solucion\\\/\"]}]},{\"@type\":\"ImageObject\",\"inLanguage\":\"en-US\",\"@id\":\"https:\\\/\\\/www.filantropiacortessolari.cl\\\/psu-ni-la-causa-ni-la-solucion\\\/#primaryimage\",\"url\":\"https:\\\/\\\/www.filantropiacortessolari.cl\\\/wp-content\\\/uploads\\\/2019\\\/01\\\/8z17zMLM-1-e1546292908630.jpg\",\"contentUrl\":\"https:\\\/\\\/www.filantropiacortessolari.cl\\\/wp-content\\\/uploads\\\/2019\\\/01\\\/8z17zMLM-1-e1546292908630.jpg\",\"width\":1068,\"height\":680},{\"@type\":\"BreadcrumbList\",\"@id\":\"https:\\\/\\\/www.filantropiacortessolari.cl\\\/psu-ni-la-causa-ni-la-solucion\\\/#breadcrumb\",\"itemListElement\":[{\"@type\":\"ListItem\",\"position\":1,\"name\":\"Portada\",\"item\":\"https:\\\/\\\/www.filantropiacortessolari.cl\\\/\"},{\"@type\":\"ListItem\",\"position\":2,\"name\":\"PSU: Ni la causa ni la soluci\u00f3n\"}]},{\"@type\":\"WebSite\",\"@id\":\"https:\\\/\\\/www.filantropiacortessolari.cl\\\/#website\",\"url\":\"https:\\\/\\\/www.filantropiacortessolari.cl\\\/\",\"name\":\"Filantrop\u00eda Cort\u00e9s Solari\",\"description\":\"Sitio web Filantrop\u00eda Cort\u00e9s Solari\",\"potentialAction\":[{\"@type\":\"SearchAction\",\"target\":{\"@type\":\"EntryPoint\",\"urlTemplate\":\"https:\\\/\\\/www.filantropiacortessolari.cl\\\/?s={search_term_string}\"},\"query-input\":{\"@type\":\"PropertyValueSpecification\",\"valueRequired\":true,\"valueName\":\"search_term_string\"}}],\"inLanguage\":\"en-US\"},{\"@type\":\"Person\",\"@id\":\"https:\\\/\\\/www.filantropiacortessolari.cl\\\/#\\\/schema\\\/person\\\/e099cf1046922f4f5892172332dc86c0\",\"name\":\"Filantrop\u00eda Cort\u00e9s Solari\",\"image\":{\"@type\":\"ImageObject\",\"inLanguage\":\"en-US\",\"@id\":\"https:\\\/\\\/secure.gravatar.com\\\/avatar\\\/9d17bfe24074ed7576e70cbeb8e010cdd7d01fae9f2047bd96cccbe629ec3c11?s=96&d=mm&r=g\",\"url\":\"https:\\\/\\\/secure.gravatar.com\\\/avatar\\\/9d17bfe24074ed7576e70cbeb8e010cdd7d01fae9f2047bd96cccbe629ec3c11?s=96&d=mm&r=g\",\"contentUrl\":\"https:\\\/\\\/secure.gravatar.com\\\/avatar\\\/9d17bfe24074ed7576e70cbeb8e010cdd7d01fae9f2047bd96cccbe629ec3c11?s=96&d=mm&r=g\",\"caption\":\"Filantrop\u00eda Cort\u00e9s Solari\"},\"url\":\"https:\\\/\\\/www.filantropiacortessolari.cl\\\/en\\\/author\\\/filantropia-cortes-solari\\\/\"}]}<\/script>\n<!-- \/ Yoast SEO plugin. -->","yoast_head_json":{"title":"PSU: Ni la causa ni la soluci\u00f3n","robots":{"index":"index","follow":"follow","max-snippet":"max-snippet:-1","max-image-preview":"max-image-preview:large","max-video-preview":"max-video-preview:-1"},"canonical":"https:\/\/www.filantropiacortessolari.cl\/psu-ni-la-causa-ni-la-solucion\/","og_locale":"en_US","og_type":"article","og_title":"PSU: Ni la causa ni la soluci\u00f3n","og_url":"https:\/\/www.filantropiacortessolari.cl\/psu-ni-la-causa-ni-la-solucion\/","og_site_name":"Filantrop\u00eda Cort\u00e9s Solari","article_published_time":"2018-12-31T21:46:18+00:00","article_modified_time":"2019-08-26T06:03:01+00:00","og_image":[{"width":1068,"height":680,"url":"https:\/\/www.filantropiacortessolari.cl\/wp-content\/uploads\/2019\/01\/8z17zMLM-1-e1546292908630.jpg","type":"image\/jpeg"}],"author":"Filantrop\u00eda Cort\u00e9s Solari","twitter_card":"summary_large_image","twitter_misc":{"Written by":"Filantrop\u00eda Cort\u00e9s Solari","Est. reading time":"1 minute"},"schema":{"@context":"https:\/\/schema.org","@graph":[{"@type":"Article","@id":"https:\/\/www.filantropiacortessolari.cl\/psu-ni-la-causa-ni-la-solucion\/#article","isPartOf":{"@id":"https:\/\/www.filantropiacortessolari.cl\/psu-ni-la-causa-ni-la-solucion\/"},"author":{"name":"Filantrop\u00eda Cort\u00e9s Solari","@id":"https:\/\/www.filantropiacortessolari.cl\/#\/schema\/person\/e099cf1046922f4f5892172332dc86c0"},"headline":"PSU: Ni la causa ni la soluci\u00f3n","datePublished":"2018-12-31T21:46:18+00:00","dateModified":"2019-08-26T06:03:01+00:00","mainEntityOfPage":{"@id":"https:\/\/www.filantropiacortessolari.cl\/psu-ni-la-causa-ni-la-solucion\/"},"wordCount":243,"image":{"@id":"https:\/\/www.filantropiacortessolari.cl\/psu-ni-la-causa-ni-la-solucion\/#primaryimage"},"thumbnailUrl":"https:\/\/www.filantropiacortessolari.cl\/wp-content\/uploads\/2019\/01\/8z17zMLM-1-e1546292908630.jpg","articleSection":["Noticias","Opini\u00f3n Caserta"],"inLanguage":"en-US"},{"@type":"WebPage","@id":"https:\/\/www.filantropiacortessolari.cl\/psu-ni-la-causa-ni-la-solucion\/","url":"https:\/\/www.filantropiacortessolari.cl\/psu-ni-la-causa-ni-la-solucion\/","name":"PSU: Ni la causa ni la soluci\u00f3n","isPartOf":{"@id":"https:\/\/www.filantropiacortessolari.cl\/#website"},"primaryImageOfPage":{"@id":"https:\/\/www.filantropiacortessolari.cl\/psu-ni-la-causa-ni-la-solucion\/#primaryimage"},"image":{"@id":"https:\/\/www.filantropiacortessolari.cl\/psu-ni-la-causa-ni-la-solucion\/#primaryimage"},"thumbnailUrl":"https:\/\/www.filantropiacortessolari.cl\/wp-content\/uploads\/2019\/01\/8z17zMLM-1-e1546292908630.jpg","datePublished":"2018-12-31T21:46:18+00:00","dateModified":"2019-08-26T06:03:01+00:00","author":{"@id":"https:\/\/www.filantropiacortessolari.cl\/#\/schema\/person\/e099cf1046922f4f5892172332dc86c0"},"breadcrumb":{"@id":"https:\/\/www.filantropiacortessolari.cl\/psu-ni-la-causa-ni-la-solucion\/#breadcrumb"},"inLanguage":"en-US","potentialAction":[{"@type":"ReadAction","target":["https:\/\/www.filantropiacortessolari.cl\/psu-ni-la-causa-ni-la-solucion\/"]}]},{"@type":"ImageObject","inLanguage":"en-US","@id":"https:\/\/www.filantropiacortessolari.cl\/psu-ni-la-causa-ni-la-solucion\/#primaryimage","url":"https:\/\/www.filantropiacortessolari.cl\/wp-content\/uploads\/2019\/01\/8z17zMLM-1-e1546292908630.jpg","contentUrl":"https:\/\/www.filantropiacortessolari.cl\/wp-content\/uploads\/2019\/01\/8z17zMLM-1-e1546292908630.jpg","width":1068,"height":680},{"@type":"BreadcrumbList","@id":"https:\/\/www.filantropiacortessolari.cl\/psu-ni-la-causa-ni-la-solucion\/#breadcrumb","itemListElement":[{"@type":"ListItem","position":1,"name":"Portada","item":"https:\/\/www.filantropiacortessolari.cl\/"},{"@type":"ListItem","position":2,"name":"PSU: Ni la causa ni la soluci\u00f3n"}]},{"@type":"WebSite","@id":"https:\/\/www.filantropiacortessolari.cl\/#website","url":"https:\/\/www.filantropiacortessolari.cl\/","name":"Filantrop\u00eda Cort\u00e9s Solari","description":"Sitio web Filantrop\u00eda Cort\u00e9s Solari","potentialAction":[{"@type":"SearchAction","target":{"@type":"EntryPoint","urlTemplate":"https:\/\/www.filantropiacortessolari.cl\/?s={search_term_string}"},"query-input":{"@type":"PropertyValueSpecification","valueRequired":true,"valueName":"search_term_string"}}],"inLanguage":"en-US"},{"@type":"Person","@id":"https:\/\/www.filantropiacortessolari.cl\/#\/schema\/person\/e099cf1046922f4f5892172332dc86c0","name":"Filantrop\u00eda Cort\u00e9s Solari","image":{"@type":"ImageObject","inLanguage":"en-US","@id":"https:\/\/secure.gravatar.com\/avatar\/9d17bfe24074ed7576e70cbeb8e010cdd7d01fae9f2047bd96cccbe629ec3c11?s=96&d=mm&r=g","url":"https:\/\/secure.gravatar.com\/avatar\/9d17bfe24074ed7576e70cbeb8e010cdd7d01fae9f2047bd96cccbe629ec3c11?s=96&d=mm&r=g","contentUrl":"https:\/\/secure.gravatar.com\/avatar\/9d17bfe24074ed7576e70cbeb8e010cdd7d01fae9f2047bd96cccbe629ec3c11?s=96&d=mm&r=g","caption":"Filantrop\u00eda Cort\u00e9s Solari"},"url":"https:\/\/www.filantropiacortessolari.cl\/en\/author\/filantropia-cortes-solari\/"}]}},"_links":{"self":[{"href":"https:\/\/www.filantropiacortessolari.cl\/en\/wp-json\/wp\/v2\/posts\/8265","targetHints":{"allow":["GET"]}}],"collection":[{"href":"https:\/\/www.filantropiacortessolari.cl\/en\/wp-json\/wp\/v2\/posts"}],"about":[{"href":"https:\/\/www.filantropiacortessolari.cl\/en\/wp-json\/wp\/v2\/types\/post"}],"author":[{"embeddable":true,"href":"https:\/\/www.filantropiacortessolari.cl\/en\/wp-json\/wp\/v2\/users\/1"}],"replies":[{"embeddable":true,"href":"https:\/\/www.filantropiacortessolari.cl\/en\/wp-json\/wp\/v2\/comments?post=8265"}],"version-history":[{"count":1,"href":"https:\/\/www.filantropiacortessolari.cl\/en\/wp-json\/wp\/v2\/posts\/8265\/revisions"}],"predecessor-version":[{"id":8304,"href":"https:\/\/www.filantropiacortessolari.cl\/en\/wp-json\/wp\/v2\/posts\/8265\/revisions\/8304"}],"wp:featuredmedia":[{"embeddable":true,"href":"https:\/\/www.filantropiacortessolari.cl\/en\/wp-json\/wp\/v2\/media\/8299"}],"wp:attachment":[{"href":"https:\/\/www.filantropiacortessolari.cl\/en\/wp-json\/wp\/v2\/media?parent=8265"}],"wp:term":[{"taxonomy":"category","embeddable":true,"href":"https:\/\/www.filantropiacortessolari.cl\/en\/wp-json\/wp\/v2\/categories?post=8265"},{"taxonomy":"post_tag","embeddable":true,"href":"https:\/\/www.filantropiacortessolari.cl\/en\/wp-json\/wp\/v2\/tags?post=8265"}],"curies":[{"name":"wp","href":"https:\/\/api.w.org\/{rel}","templated":true}]}}