{"id":8325,"date":"2019-02-05T03:43:34","date_gmt":"2019-02-05T06:43:34","guid":{"rendered":"http:\/\/intranet.filantropiacortessolari.cl\/?p=8325"},"modified":"2019-08-26T03:44:01","modified_gmt":"2019-08-26T06:44:01","slug":"investigadora-de-la-fundacion-meri-advierte-que-el-ecosistema-maritimo-chileno-se-esta-viendo-muy-amenazado-por-el-aumento-de-embarcaciones","status":"publish","type":"post","link":"https:\/\/www.filantropiacortessolari.cl\/en\/investigadora-de-la-fundacion-meri-advierte-que-el-ecosistema-maritimo-chileno-se-esta-viendo-muy-amenazado-por-el-aumento-de-embarcaciones\/","title":{"rendered":"Investigadora de la fundaci\u00f3n MERI advierte que el ecosistema mar\u00edtimo chileno \u201cse est\u00e1 viendo muy amenazado por el aumento de embarcaciones\u201d"},"content":{"rendered":"<style type=\"text\/css\"><\/style><p>Sonia Espa\u00f1ol, investigadora de la fundaci\u00f3n MERI, se refiri\u00f3 a la importancia del ecosistema mar\u00edtimo chileno, en el marco de una expedici\u00f3n que se realizar\u00e1 en el sur del pa\u00eds que investigar\u00e1 a las ballenas azules y jorobadas.<\/p>\n<p>La especialista coment\u00f3 que esta vez el estudio ampliar\u00e1 el terreno de investigaci\u00f3n, y\u00e9ndose desde Chilo\u00e9 al archipi\u00e9lago de Las Guaitecas, al sur de la Isla Grande.<br \/>\nEspa\u00f1ol destac\u00f3 que \u201cChile tiene el 43% de las especies cet\u00e1ceos que existe a nivel mundial en todas sus costas\u201d y que el estudio que realizan es amable con estos animales.<\/p>\n<p>La experta se mostr\u00f3 preocupada por el aumento del tr\u00e1fico mar\u00edtimo en las zonas donde est\u00e1n las ballenas: \u201cEste ecosistema se est\u00e1 viendo muy amenazado por el aumento de las embarcaciones que hace que la ballenas tengan colisiones\u201d asever\u00f3, lo que les puede provocar dificultades para comunicarse con otras ballenas o la muerte debido a los golpes.<br \/>\n\u201cJunto con al Gobernaci\u00f3n Mar\u00edtima de Castro logramos hacer una regulaci\u00f3n conjunta que hace que las embarcaciones en la zona cumplan medidas que las ballenas no sufran amenazas ni da\u00f1os\u201d, sentenci\u00f3 la investigadora.<\/p>\n<p>fuente: <a href=\"https:\/\/www.duna.cl\/programa\/aire-fresco\/2019\/02\/05\/investigadora-de-la-fundacion-meri-advierte-que-el-ecosistema-maritimo-chileno-se-esta-viendo-muy-amenazado-por-el-aumento-de-embarcaciones\/\">Duna<\/a><\/p>\n","protected":false},"excerpt":{"rendered":"<p>Sonia Espa\u00f1ol, investigadora de la fundaci\u00f3n MERI, se refiri\u00f3 a la importancia del ecosistema mar\u00edtimo chileno, en el marco de una expedici\u00f3n que se realizar\u00e1 en el sur del pa\u00eds que investigar\u00e1 a las ballenas azules y jorobadas. La especialista coment\u00f3 que esta vez el estudio ampliar\u00e1 el terreno de investigaci\u00f3n, y\u00e9ndose desde Chilo\u00e9 al&#8230;<\/p>\n","protected":false},"author":1,"featured_media":8326,"comment_status":"open","ping_status":"open","sticky":false,"template":"","format":"standard","meta":{"footnotes":""},"categories":[11],"tags":[],"class_list":["post-8325","post","type-post","status-publish","format-standard","has-post-thumbnail","hentry","category-entrevistas-meri"],"translation":{"provider":"WPGlobus","version":"3.0.2","language":"en","enabled_languages":["es","en"],"languages":{"es":{"title":true,"content":true,"excerpt":false},"en":{"title":false,"content":false,"excerpt":false}}},"yoast_head":"<!-- This site is optimized with the Yoast SEO plugin v27.4 - https:\/\/yoast.com\/product\/yoast-seo-wordpress\/ -->\n<title>Investigadora de la fundaci\u00f3n MERI advierte que el ecosistema mar\u00edtimo chileno \u201cse est\u00e1 viendo muy amenazado por el aumento de embarcaciones\u201d<\/title>\n<meta name=\"robots\" content=\"index, follow, max-snippet:-1, max-image-preview:large, max-video-preview:-1\" \/>\n<link rel=\"canonical\" href=\"https:\/\/www.filantropiacortessolari.cl\/en\/investigadora-de-la-fundacion-meri-advierte-que-el-ecosistema-maritimo-chileno-se-esta-viendo-muy-amenazado-por-el-aumento-de-embarcaciones\/\" \/>\n<meta property=\"og:locale\" content=\"en_US\" \/>\n<meta property=\"og:type\" content=\"article\" \/>\n<meta property=\"og:title\" content=\"Investigadora de la fundaci\u00f3n MERI advierte que el ecosistema mar\u00edtimo chileno \u201cse est\u00e1 viendo muy amenazado por el aumento de embarcaciones\u201d\" \/>\n<meta property=\"og:url\" content=\"https:\/\/www.filantropiacortessolari.cl\/en\/investigadora-de-la-fundacion-meri-advierte-que-el-ecosistema-maritimo-chileno-se-esta-viendo-muy-amenazado-por-el-aumento-de-embarcaciones\/\" \/>\n<meta property=\"og:site_name\" content=\"Filantrop\u00eda Cort\u00e9s Solari\" \/>\n<meta property=\"article:published_time\" content=\"2019-02-05T06:43:34+00:00\" \/>\n<meta property=\"article:modified_time\" content=\"2019-08-26T06:44:01+00:00\" \/>\n<meta property=\"og:image\" content=\"https:\/\/www.filantropiacortessolari.cl\/wp-content\/uploads\/2019\/08\/bluewhalesships660x550-1200x800.jpg\" \/>\n\t<meta property=\"og:image:width\" content=\"1200\" \/>\n\t<meta property=\"og:image:height\" content=\"800\" \/>\n\t<meta property=\"og:image:type\" content=\"image\/jpeg\" \/>\n<meta name=\"author\" content=\"Filantrop\u00eda Cort\u00e9s Solari\" \/>\n<meta name=\"twitter:card\" content=\"summary_large_image\" \/>\n<meta name=\"twitter:label1\" content=\"Written by\" \/>\n\t<meta name=\"twitter:data1\" content=\"Filantrop\u00eda Cort\u00e9s Solari\" \/>\n\t<meta name=\"twitter:label2\" content=\"Est. reading time\" \/>\n\t<meta name=\"twitter:data2\" content=\"1 minute\" \/>\n<script type=\"application\/ld+json\" class=\"yoast-schema-graph\">{\"@context\":\"https:\\\/\\\/schema.org\",\"@graph\":[{\"@type\":\"Article\",\"@id\":\"https:\\\/\\\/www.filantropiacortessolari.cl\\\/en\\\/investigadora-de-la-fundacion-meri-advierte-que-el-ecosistema-maritimo-chileno-se-esta-viendo-muy-amenazado-por-el-aumento-de-embarcaciones\\\/#article\",\"isPartOf\":{\"@id\":\"https:\\\/\\\/www.filantropiacortessolari.cl\\\/en\\\/investigadora-de-la-fundacion-meri-advierte-que-el-ecosistema-maritimo-chileno-se-esta-viendo-muy-amenazado-por-el-aumento-de-embarcaciones\\\/\"},\"author\":{\"name\":\"Filantrop\u00eda Cort\u00e9s Solari\",\"@id\":\"https:\\\/\\\/www.filantropiacortessolari.cl\\\/#\\\/schema\\\/person\\\/e099cf1046922f4f5892172332dc86c0\"},\"headline\":\"Investigadora de la fundaci\u00f3n MERI advierte que el ecosistema mar\u00edtimo chileno \u201cse est\u00e1 viendo muy amenazado por el aumento de embarcaciones\u201d\",\"datePublished\":\"2019-02-05T06:43:34+00:00\",\"dateModified\":\"2019-08-26T06:44:01+00:00\",\"mainEntityOfPage\":{\"@id\":\"https:\\\/\\\/www.filantropiacortessolari.cl\\\/en\\\/investigadora-de-la-fundacion-meri-advierte-que-el-ecosistema-maritimo-chileno-se-esta-viendo-muy-amenazado-por-el-aumento-de-embarcaciones\\\/\"},\"wordCount\":227,\"commentCount\":0,\"image\":{\"@id\":\"https:\\\/\\\/www.filantropiacortessolari.cl\\\/en\\\/investigadora-de-la-fundacion-meri-advierte-que-el-ecosistema-maritimo-chileno-se-esta-viendo-muy-amenazado-por-el-aumento-de-embarcaciones\\\/#primaryimage\"},\"thumbnailUrl\":\"https:\\\/\\\/www.filantropiacortessolari.cl\\\/wp-content\\\/uploads\\\/2019\\\/08\\\/bluewhalesships660x550-1200x800.jpg\",\"articleSection\":[\"Entrevistas MERI\"],\"inLanguage\":\"en-US\",\"potentialAction\":[{\"@type\":\"CommentAction\",\"name\":\"Comment\",\"target\":[\"https:\\\/\\\/www.filantropiacortessolari.cl\\\/en\\\/investigadora-de-la-fundacion-meri-advierte-que-el-ecosistema-maritimo-chileno-se-esta-viendo-muy-amenazado-por-el-aumento-de-embarcaciones\\\/#respond\"]}]},{\"@type\":\"WebPage\",\"@id\":\"https:\\\/\\\/www.filantropiacortessolari.cl\\\/en\\\/investigadora-de-la-fundacion-meri-advierte-que-el-ecosistema-maritimo-chileno-se-esta-viendo-muy-amenazado-por-el-aumento-de-embarcaciones\\\/\",\"url\":\"https:\\\/\\\/www.filantropiacortessolari.cl\\\/en\\\/investigadora-de-la-fundacion-meri-advierte-que-el-ecosistema-maritimo-chileno-se-esta-viendo-muy-amenazado-por-el-aumento-de-embarcaciones\\\/\",\"name\":\"Investigadora de la fundaci\u00f3n MERI advierte que el ecosistema mar\u00edtimo chileno \u201cse est\u00e1 viendo muy amenazado por el aumento de embarcaciones\u201d\",\"isPartOf\":{\"@id\":\"https:\\\/\\\/www.filantropiacortessolari.cl\\\/#website\"},\"primaryImageOfPage\":{\"@id\":\"https:\\\/\\\/www.filantropiacortessolari.cl\\\/en\\\/investigadora-de-la-fundacion-meri-advierte-que-el-ecosistema-maritimo-chileno-se-esta-viendo-muy-amenazado-por-el-aumento-de-embarcaciones\\\/#primaryimage\"},\"image\":{\"@id\":\"https:\\\/\\\/www.filantropiacortessolari.cl\\\/en\\\/investigadora-de-la-fundacion-meri-advierte-que-el-ecosistema-maritimo-chileno-se-esta-viendo-muy-amenazado-por-el-aumento-de-embarcaciones\\\/#primaryimage\"},\"thumbnailUrl\":\"https:\\\/\\\/www.filantropiacortessolari.cl\\\/wp-content\\\/uploads\\\/2019\\\/08\\\/bluewhalesships660x550-1200x800.jpg\",\"datePublished\":\"2019-02-05T06:43:34+00:00\",\"dateModified\":\"2019-08-26T06:44:01+00:00\",\"author\":{\"@id\":\"https:\\\/\\\/www.filantropiacortessolari.cl\\\/#\\\/schema\\\/person\\\/e099cf1046922f4f5892172332dc86c0\"},\"breadcrumb\":{\"@id\":\"https:\\\/\\\/www.filantropiacortessolari.cl\\\/en\\\/investigadora-de-la-fundacion-meri-advierte-que-el-ecosistema-maritimo-chileno-se-esta-viendo-muy-amenazado-por-el-aumento-de-embarcaciones\\\/#breadcrumb\"},\"inLanguage\":\"en-US\",\"potentialAction\":[{\"@type\":\"ReadAction\",\"target\":[\"https:\\\/\\\/www.filantropiacortessolari.cl\\\/en\\\/investigadora-de-la-fundacion-meri-advierte-que-el-ecosistema-maritimo-chileno-se-esta-viendo-muy-amenazado-por-el-aumento-de-embarcaciones\\\/\"]}]},{\"@type\":\"ImageObject\",\"inLanguage\":\"en-US\",\"@id\":\"https:\\\/\\\/www.filantropiacortessolari.cl\\\/en\\\/investigadora-de-la-fundacion-meri-advierte-que-el-ecosistema-maritimo-chileno-se-esta-viendo-muy-amenazado-por-el-aumento-de-embarcaciones\\\/#primaryimage\",\"url\":\"https:\\\/\\\/www.filantropiacortessolari.cl\\\/wp-content\\\/uploads\\\/2019\\\/08\\\/bluewhalesships660x550-1200x800.jpg\",\"contentUrl\":\"https:\\\/\\\/www.filantropiacortessolari.cl\\\/wp-content\\\/uploads\\\/2019\\\/08\\\/bluewhalesships660x550-1200x800.jpg\",\"width\":1200,\"height\":800},{\"@type\":\"BreadcrumbList\",\"@id\":\"https:\\\/\\\/www.filantropiacortessolari.cl\\\/en\\\/investigadora-de-la-fundacion-meri-advierte-que-el-ecosistema-maritimo-chileno-se-esta-viendo-muy-amenazado-por-el-aumento-de-embarcaciones\\\/#breadcrumb\",\"itemListElement\":[{\"@type\":\"ListItem\",\"position\":1,\"name\":\"Portada\",\"item\":\"https:\\\/\\\/www.filantropiacortessolari.cl\\\/\"},{\"@type\":\"ListItem\",\"position\":2,\"name\":\"Investigadora de la fundaci\u00f3n MERI advierte que el ecosistema mar\u00edtimo chileno \u201cse est\u00e1 viendo muy amenazado por el aumento de embarcaciones\u201d\"}]},{\"@type\":\"WebSite\",\"@id\":\"https:\\\/\\\/www.filantropiacortessolari.cl\\\/#website\",\"url\":\"https:\\\/\\\/www.filantropiacortessolari.cl\\\/\",\"name\":\"Filantrop\u00eda Cort\u00e9s Solari\",\"description\":\"Sitio web Filantrop\u00eda Cort\u00e9s Solari\",\"potentialAction\":[{\"@type\":\"SearchAction\",\"target\":{\"@type\":\"EntryPoint\",\"urlTemplate\":\"https:\\\/\\\/www.filantropiacortessolari.cl\\\/?s={search_term_string}\"},\"query-input\":{\"@type\":\"PropertyValueSpecification\",\"valueRequired\":true,\"valueName\":\"search_term_string\"}}],\"inLanguage\":\"en-US\"},{\"@type\":\"Person\",\"@id\":\"https:\\\/\\\/www.filantropiacortessolari.cl\\\/#\\\/schema\\\/person\\\/e099cf1046922f4f5892172332dc86c0\",\"name\":\"Filantrop\u00eda Cort\u00e9s Solari\",\"image\":{\"@type\":\"ImageObject\",\"inLanguage\":\"en-US\",\"@id\":\"https:\\\/\\\/secure.gravatar.com\\\/avatar\\\/9d17bfe24074ed7576e70cbeb8e010cdd7d01fae9f2047bd96cccbe629ec3c11?s=96&d=mm&r=g\",\"url\":\"https:\\\/\\\/secure.gravatar.com\\\/avatar\\\/9d17bfe24074ed7576e70cbeb8e010cdd7d01fae9f2047bd96cccbe629ec3c11?s=96&d=mm&r=g\",\"contentUrl\":\"https:\\\/\\\/secure.gravatar.com\\\/avatar\\\/9d17bfe24074ed7576e70cbeb8e010cdd7d01fae9f2047bd96cccbe629ec3c11?s=96&d=mm&r=g\",\"caption\":\"Filantrop\u00eda Cort\u00e9s Solari\"},\"url\":\"https:\\\/\\\/www.filantropiacortessolari.cl\\\/en\\\/author\\\/filantropia-cortes-solari\\\/\"}]}<\/script>\n<!-- \/ Yoast SEO plugin. -->","yoast_head_json":{"title":"Investigadora de la fundaci\u00f3n MERI advierte que el ecosistema mar\u00edtimo chileno \u201cse est\u00e1 viendo muy amenazado por el aumento de embarcaciones\u201d","robots":{"index":"index","follow":"follow","max-snippet":"max-snippet:-1","max-image-preview":"max-image-preview:large","max-video-preview":"max-video-preview:-1"},"canonical":"https:\/\/www.filantropiacortessolari.cl\/en\/investigadora-de-la-fundacion-meri-advierte-que-el-ecosistema-maritimo-chileno-se-esta-viendo-muy-amenazado-por-el-aumento-de-embarcaciones\/","og_locale":"en_US","og_type":"article","og_title":"Investigadora de la fundaci\u00f3n MERI advierte que el ecosistema mar\u00edtimo chileno \u201cse est\u00e1 viendo muy amenazado por el aumento de embarcaciones\u201d","og_url":"https:\/\/www.filantropiacortessolari.cl\/en\/investigadora-de-la-fundacion-meri-advierte-que-el-ecosistema-maritimo-chileno-se-esta-viendo-muy-amenazado-por-el-aumento-de-embarcaciones\/","og_site_name":"Filantrop\u00eda Cort\u00e9s Solari","article_published_time":"2019-02-05T06:43:34+00:00","article_modified_time":"2019-08-26T06:44:01+00:00","og_image":[{"width":1200,"height":800,"url":"https:\/\/www.filantropiacortessolari.cl\/wp-content\/uploads\/2019\/08\/bluewhalesships660x550-1200x800.jpg","type":"image\/jpeg"}],"author":"Filantrop\u00eda Cort\u00e9s Solari","twitter_card":"summary_large_image","twitter_misc":{"Written by":"Filantrop\u00eda Cort\u00e9s Solari","Est. reading time":"1 minute"},"schema":{"@context":"https:\/\/schema.org","@graph":[{"@type":"Article","@id":"https:\/\/www.filantropiacortessolari.cl\/en\/investigadora-de-la-fundacion-meri-advierte-que-el-ecosistema-maritimo-chileno-se-esta-viendo-muy-amenazado-por-el-aumento-de-embarcaciones\/#article","isPartOf":{"@id":"https:\/\/www.filantropiacortessolari.cl\/en\/investigadora-de-la-fundacion-meri-advierte-que-el-ecosistema-maritimo-chileno-se-esta-viendo-muy-amenazado-por-el-aumento-de-embarcaciones\/"},"author":{"name":"Filantrop\u00eda Cort\u00e9s Solari","@id":"https:\/\/www.filantropiacortessolari.cl\/#\/schema\/person\/e099cf1046922f4f5892172332dc86c0"},"headline":"Investigadora de la fundaci\u00f3n MERI advierte que el ecosistema mar\u00edtimo chileno \u201cse est\u00e1 viendo muy amenazado por el aumento de embarcaciones\u201d","datePublished":"2019-02-05T06:43:34+00:00","dateModified":"2019-08-26T06:44:01+00:00","mainEntityOfPage":{"@id":"https:\/\/www.filantropiacortessolari.cl\/en\/investigadora-de-la-fundacion-meri-advierte-que-el-ecosistema-maritimo-chileno-se-esta-viendo-muy-amenazado-por-el-aumento-de-embarcaciones\/"},"wordCount":227,"commentCount":0,"image":{"@id":"https:\/\/www.filantropiacortessolari.cl\/en\/investigadora-de-la-fundacion-meri-advierte-que-el-ecosistema-maritimo-chileno-se-esta-viendo-muy-amenazado-por-el-aumento-de-embarcaciones\/#primaryimage"},"thumbnailUrl":"https:\/\/www.filantropiacortessolari.cl\/wp-content\/uploads\/2019\/08\/bluewhalesships660x550-1200x800.jpg","articleSection":["Entrevistas MERI"],"inLanguage":"en-US","potentialAction":[{"@type":"CommentAction","name":"Comment","target":["https:\/\/www.filantropiacortessolari.cl\/en\/investigadora-de-la-fundacion-meri-advierte-que-el-ecosistema-maritimo-chileno-se-esta-viendo-muy-amenazado-por-el-aumento-de-embarcaciones\/#respond"]}]},{"@type":"WebPage","@id":"https:\/\/www.filantropiacortessolari.cl\/en\/investigadora-de-la-fundacion-meri-advierte-que-el-ecosistema-maritimo-chileno-se-esta-viendo-muy-amenazado-por-el-aumento-de-embarcaciones\/","url":"https:\/\/www.filantropiacortessolari.cl\/en\/investigadora-de-la-fundacion-meri-advierte-que-el-ecosistema-maritimo-chileno-se-esta-viendo-muy-amenazado-por-el-aumento-de-embarcaciones\/","name":"Investigadora de la fundaci\u00f3n MERI advierte que el ecosistema mar\u00edtimo chileno \u201cse est\u00e1 viendo muy amenazado por el aumento de embarcaciones\u201d","isPartOf":{"@id":"https:\/\/www.filantropiacortessolari.cl\/#website"},"primaryImageOfPage":{"@id":"https:\/\/www.filantropiacortessolari.cl\/en\/investigadora-de-la-fundacion-meri-advierte-que-el-ecosistema-maritimo-chileno-se-esta-viendo-muy-amenazado-por-el-aumento-de-embarcaciones\/#primaryimage"},"image":{"@id":"https:\/\/www.filantropiacortessolari.cl\/en\/investigadora-de-la-fundacion-meri-advierte-que-el-ecosistema-maritimo-chileno-se-esta-viendo-muy-amenazado-por-el-aumento-de-embarcaciones\/#primaryimage"},"thumbnailUrl":"https:\/\/www.filantropiacortessolari.cl\/wp-content\/uploads\/2019\/08\/bluewhalesships660x550-1200x800.jpg","datePublished":"2019-02-05T06:43:34+00:00","dateModified":"2019-08-26T06:44:01+00:00","author":{"@id":"https:\/\/www.filantropiacortessolari.cl\/#\/schema\/person\/e099cf1046922f4f5892172332dc86c0"},"breadcrumb":{"@id":"https:\/\/www.filantropiacortessolari.cl\/en\/investigadora-de-la-fundacion-meri-advierte-que-el-ecosistema-maritimo-chileno-se-esta-viendo-muy-amenazado-por-el-aumento-de-embarcaciones\/#breadcrumb"},"inLanguage":"en-US","potentialAction":[{"@type":"ReadAction","target":["https:\/\/www.filantropiacortessolari.cl\/en\/investigadora-de-la-fundacion-meri-advierte-que-el-ecosistema-maritimo-chileno-se-esta-viendo-muy-amenazado-por-el-aumento-de-embarcaciones\/"]}]},{"@type":"ImageObject","inLanguage":"en-US","@id":"https:\/\/www.filantropiacortessolari.cl\/en\/investigadora-de-la-fundacion-meri-advierte-que-el-ecosistema-maritimo-chileno-se-esta-viendo-muy-amenazado-por-el-aumento-de-embarcaciones\/#primaryimage","url":"https:\/\/www.filantropiacortessolari.cl\/wp-content\/uploads\/2019\/08\/bluewhalesships660x550-1200x800.jpg","contentUrl":"https:\/\/www.filantropiacortessolari.cl\/wp-content\/uploads\/2019\/08\/bluewhalesships660x550-1200x800.jpg","width":1200,"height":800},{"@type":"BreadcrumbList","@id":"https:\/\/www.filantropiacortessolari.cl\/en\/investigadora-de-la-fundacion-meri-advierte-que-el-ecosistema-maritimo-chileno-se-esta-viendo-muy-amenazado-por-el-aumento-de-embarcaciones\/#breadcrumb","itemListElement":[{"@type":"ListItem","position":1,"name":"Portada","item":"https:\/\/www.filantropiacortessolari.cl\/"},{"@type":"ListItem","position":2,"name":"Investigadora de la fundaci\u00f3n MERI advierte que el ecosistema mar\u00edtimo chileno \u201cse est\u00e1 viendo muy amenazado por el aumento de embarcaciones\u201d"}]},{"@type":"WebSite","@id":"https:\/\/www.filantropiacortessolari.cl\/#website","url":"https:\/\/www.filantropiacortessolari.cl\/","name":"Filantrop\u00eda Cort\u00e9s Solari","description":"Sitio web Filantrop\u00eda Cort\u00e9s Solari","potentialAction":[{"@type":"SearchAction","target":{"@type":"EntryPoint","urlTemplate":"https:\/\/www.filantropiacortessolari.cl\/?s={search_term_string}"},"query-input":{"@type":"PropertyValueSpecification","valueRequired":true,"valueName":"search_term_string"}}],"inLanguage":"en-US"},{"@type":"Person","@id":"https:\/\/www.filantropiacortessolari.cl\/#\/schema\/person\/e099cf1046922f4f5892172332dc86c0","name":"Filantrop\u00eda Cort\u00e9s Solari","image":{"@type":"ImageObject","inLanguage":"en-US","@id":"https:\/\/secure.gravatar.com\/avatar\/9d17bfe24074ed7576e70cbeb8e010cdd7d01fae9f2047bd96cccbe629ec3c11?s=96&d=mm&r=g","url":"https:\/\/secure.gravatar.com\/avatar\/9d17bfe24074ed7576e70cbeb8e010cdd7d01fae9f2047bd96cccbe629ec3c11?s=96&d=mm&r=g","contentUrl":"https:\/\/secure.gravatar.com\/avatar\/9d17bfe24074ed7576e70cbeb8e010cdd7d01fae9f2047bd96cccbe629ec3c11?s=96&d=mm&r=g","caption":"Filantrop\u00eda Cort\u00e9s Solari"},"url":"https:\/\/www.filantropiacortessolari.cl\/en\/author\/filantropia-cortes-solari\/"}]}},"_links":{"self":[{"href":"https:\/\/www.filantropiacortessolari.cl\/en\/wp-json\/wp\/v2\/posts\/8325","targetHints":{"allow":["GET"]}}],"collection":[{"href":"https:\/\/www.filantropiacortessolari.cl\/en\/wp-json\/wp\/v2\/posts"}],"about":[{"href":"https:\/\/www.filantropiacortessolari.cl\/en\/wp-json\/wp\/v2\/types\/post"}],"author":[{"embeddable":true,"href":"https:\/\/www.filantropiacortessolari.cl\/en\/wp-json\/wp\/v2\/users\/1"}],"replies":[{"embeddable":true,"href":"https:\/\/www.filantropiacortessolari.cl\/en\/wp-json\/wp\/v2\/comments?post=8325"}],"version-history":[{"count":1,"href":"https:\/\/www.filantropiacortessolari.cl\/en\/wp-json\/wp\/v2\/posts\/8325\/revisions"}],"predecessor-version":[{"id":8327,"href":"https:\/\/www.filantropiacortessolari.cl\/en\/wp-json\/wp\/v2\/posts\/8325\/revisions\/8327"}],"wp:featuredmedia":[{"embeddable":true,"href":"https:\/\/www.filantropiacortessolari.cl\/en\/wp-json\/wp\/v2\/media\/8326"}],"wp:attachment":[{"href":"https:\/\/www.filantropiacortessolari.cl\/en\/wp-json\/wp\/v2\/media?parent=8325"}],"wp:term":[{"taxonomy":"category","embeddable":true,"href":"https:\/\/www.filantropiacortessolari.cl\/en\/wp-json\/wp\/v2\/categories?post=8325"},{"taxonomy":"post_tag","embeddable":true,"href":"https:\/\/www.filantropiacortessolari.cl\/en\/wp-json\/wp\/v2\/tags?post=8325"}],"curies":[{"name":"wp","href":"https:\/\/api.w.org\/{rel}","templated":true}]}}