{"id":8538,"date":"2019-06-15T00:53:23","date_gmt":"2019-06-15T03:53:23","guid":{"rendered":"http:\/\/www.filantropiacortessolari.cl\/?p=8538"},"modified":"2019-08-28T12:30:08","modified_gmt":"2019-08-28T15:30:08","slug":"cop-25-desde-una-necesidad-a-una-oportunidad","status":"publish","type":"post","link":"https:\/\/www.filantropiacortessolari.cl\/en\/cop-25-desde-una-necesidad-a-una-oportunidad\/","title":{"rendered":"COP 25: desde una necesidad a una oportunidad"},"content":{"rendered":"<style type=\"text\/css\"><\/style><p>Por: Patricia Morales<\/p>\n<p>El pr\u00f3ximo 2 de diciembre, Chile ser\u00e1 el anfitri\u00f3n de la Conferencia de las Partes (COP) 25, \u00f3rgano ejecutivo de la Convenci\u00f3n Marco de Naciones Unidas (CMNUCC), que establece obligaciones relativas al combate del cambio clim\u00e1tico.<\/p>\n<p>Al igual que en las COP anteriores, se trata de una instancia de doble prop\u00f3sito.<\/p>\n<p><!-- Articulos Relacionados --><\/p>\n<p>Por una parte, los pa\u00edses no solo deber\u00e1n informar sobre los avances alcanzados; tambi\u00e9n se revisar\u00e1n los criterios para el cumplimiento del acuerdo de Par\u00eds en materia ambiental. Por otra, se trata de un evento de gran relevancia que permite sensibilizar a la comunidad sobre la urgencia de detener lo que hasta ahora parece imposible: el cambio clim\u00e1tico y sus efectos sobre la sustentabilidad del planeta.<\/p>\n<p>Si bien Chile es responsable solo del 0,25% de las emisiones globales de carbono, tiene a la vez un promedio anual de emisiones de Co2, por persona, de 4.4 toneladas, cifra superior al promedio mundial. Esto da cuenta de una inc\u00f3moda realidad: M\u00e1s all\u00e1 de que nuestra poblaci\u00f3n sea peque\u00f1a en el concierto internacional, contaminamos, y demasiado. Lo anterior en un contexto particular, que es el habitar un territorio de diversidad ecosist\u00e9mica \u00fanica, que es guardi\u00e1n de unas de las reservas mineras e h\u00eddricas m\u00e1s importantes del planeta.<\/p>\n<p>En ese escenario, la COP 25 constituye una doble oportunidad.<\/p>\n<p>En primer lugar, la posibilidad de resaltar el rol de la trilog\u00eda Estado-Sector Privado y Sociedad Civil, a la hora de enfrentar un desaf\u00edo que no es propiedad sino responsabilidad de todos: el de la conservaci\u00f3n efectiva para contrarrestar el cambio clim\u00e1tico.<\/p>\n<p>Si el Estado est\u00e1 llamado a fomentar la innovaci\u00f3n y competitividad de manera de promover un desarrollo sustentable, muchos privados, en conjunto con la sociedad civil, se han transformado a su vez en agentes activos a la hora de implementar iniciativas de conservaci\u00f3n. Resulta necesario articular las iniciativas en curso y definir consensos m\u00ednimos relativos a metodolog\u00edas de Conservaci\u00f3n Efectiva, de manera de garantizar la eficiencia y el impacto de las acciones enfocadas en avanzar hacia un Desarrollo Sustentable.<\/p>\n<p>La segunda arista tiene que ver con converger hacia un modelo de desarrollo que sea sustentable, es decir, que no sacrifique en tiempo real, aquellos recursos naturales que ser\u00e1n esenciales para las generaciones futuras.<\/p>\n<p><span style=\"font-weight: 400;\">No cabe duda de que se trata de un tema complejo, que interpone diferentes miradas de sociedad. No obstante, la COP 25 es una oportunidad \u00fanica para generar un debate informado sobre un tema cuyas consecuencias, como tener islas de pl\u00e1stico llegando a nuestras costas, no permiten esperar un d\u00eda m\u00e1s.<\/span><\/p>\n<p><img loading=\"lazy\" decoding=\"async\" class=\"aligncenter size-full wp-image-488\" src=\"http:\/\/www.filantropiacortessolari.cl\/wp-content\/uploads\/2019\/08\/cop.jpeg\" alt=\"\" width=\"1280\" height=\"717\" srcset=\"https:\/\/www.filantropiacortessolari.cl\/wp-content\/uploads\/2019\/08\/cop.jpeg 1280w, https:\/\/www.filantropiacortessolari.cl\/wp-content\/uploads\/2019\/08\/cop-300x168.jpeg 300w, https:\/\/www.filantropiacortessolari.cl\/wp-content\/uploads\/2019\/08\/cop-768x430.jpeg 768w, https:\/\/www.filantropiacortessolari.cl\/wp-content\/uploads\/2019\/08\/cop-1024x574.jpeg 1024w, https:\/\/www.filantropiacortessolari.cl\/wp-content\/uploads\/2019\/08\/cop-580x325.jpeg 580w, https:\/\/www.filantropiacortessolari.cl\/wp-content\/uploads\/2019\/08\/cop-820x459.jpeg 820w, https:\/\/www.filantropiacortessolari.cl\/wp-content\/uploads\/2019\/08\/cop-1160x650.jpeg 1160w\" sizes=\"auto, (max-width: 1280px) 100vw, 1280px\" \/><\/p>\n<p>Fuente: <a href=\"https:\/\/www.elmostrador.cl\/noticias\/opinion\/2019\/06\/15\/cop-25-desde-una-necesidad-a-una-oportunidad\/\" target=\"_blank\" rel=\"noopener\">El Mostrador<\/a><\/p>\n<div class=\"publicidadNotas\">\n<p><!-- FIN PUBLICIDAD opinion.inread.1--><\/p>\n<\/div>\n<p><!-- Fin Publicidad Inread --><\/p>\n","protected":false},"excerpt":{"rendered":"<p>Por: Patricia Morales El pr\u00f3ximo 2 de diciembre, Chile ser\u00e1 el anfitri\u00f3n de la Conferencia de las Partes (COP) 25, \u00f3rgano ejecutivo de la Convenci\u00f3n Marco de Naciones Unidas (CMNUCC), que establece obligaciones relativas al combate del cambio clim\u00e1tico. Al igual que en las COP anteriores, se trata de una instancia de doble prop\u00f3sito. Por&#8230;<\/p>\n","protected":false},"author":1,"featured_media":8608,"comment_status":"open","ping_status":"open","sticky":false,"template":"","format":"standard","meta":{"footnotes":""},"categories":[34,5],"tags":[],"class_list":["post-8538","post","type-post","status-publish","format-standard","has-post-thumbnail","hentry","category-opinion-fcs","category-prensa-escrita"],"translation":{"provider":"WPGlobus","version":"3.0.2","language":"en","enabled_languages":["es","en"],"languages":{"es":{"title":true,"content":true,"excerpt":false},"en":{"title":false,"content":false,"excerpt":false}}},"yoast_head":"<!-- This site is optimized with the Yoast SEO plugin v27.4 - https:\/\/yoast.com\/product\/yoast-seo-wordpress\/ -->\n<title>COP 25: desde una necesidad a una oportunidad<\/title>\n<meta name=\"robots\" content=\"index, follow, max-snippet:-1, max-image-preview:large, max-video-preview:-1\" \/>\n<link rel=\"canonical\" href=\"https:\/\/www.filantropiacortessolari.cl\/cop-25-desde-una-necesidad-a-una-oportunidad\/\" \/>\n<meta property=\"og:locale\" content=\"en_US\" \/>\n<meta property=\"og:type\" content=\"article\" \/>\n<meta property=\"og:title\" content=\"COP 25: desde una necesidad a una oportunidad\" \/>\n<meta property=\"og:url\" content=\"https:\/\/www.filantropiacortessolari.cl\/cop-25-desde-una-necesidad-a-una-oportunidad\/\" \/>\n<meta property=\"og:site_name\" content=\"Filantrop\u00eda Cort\u00e9s Solari\" \/>\n<meta property=\"article:published_time\" content=\"2019-06-15T03:53:23+00:00\" \/>\n<meta property=\"article:modified_time\" content=\"2019-08-28T15:30:08+00:00\" \/>\n<meta property=\"og:image\" content=\"https:\/\/www.filantropiacortessolari.cl\/wp-content\/uploads\/2019\/06\/pmorales2.png\" \/>\n\t<meta property=\"og:image:width\" content=\"844\" \/>\n\t<meta property=\"og:image:height\" content=\"552\" \/>\n\t<meta property=\"og:image:type\" content=\"image\/png\" \/>\n<meta name=\"author\" content=\"Filantrop\u00eda Cort\u00e9s Solari\" \/>\n<meta name=\"twitter:card\" content=\"summary_large_image\" \/>\n<meta name=\"twitter:label1\" content=\"Written by\" \/>\n\t<meta name=\"twitter:data1\" content=\"Filantrop\u00eda Cort\u00e9s Solari\" \/>\n\t<meta name=\"twitter:label2\" content=\"Est. reading time\" \/>\n\t<meta name=\"twitter:data2\" content=\"2 minutes\" \/>\n<script type=\"application\/ld+json\" class=\"yoast-schema-graph\">{\"@context\":\"https:\\\/\\\/schema.org\",\"@graph\":[{\"@type\":\"Article\",\"@id\":\"https:\\\/\\\/www.filantropiacortessolari.cl\\\/cop-25-desde-una-necesidad-a-una-oportunidad\\\/#article\",\"isPartOf\":{\"@id\":\"https:\\\/\\\/www.filantropiacortessolari.cl\\\/cop-25-desde-una-necesidad-a-una-oportunidad\\\/\"},\"author\":{\"name\":\"Filantrop\u00eda Cort\u00e9s Solari\",\"@id\":\"https:\\\/\\\/www.filantropiacortessolari.cl\\\/#\\\/schema\\\/person\\\/e099cf1046922f4f5892172332dc86c0\"},\"headline\":\"COP 25: desde una necesidad a una oportunidad\",\"datePublished\":\"2019-06-15T03:53:23+00:00\",\"dateModified\":\"2019-08-28T15:30:08+00:00\",\"mainEntityOfPage\":{\"@id\":\"https:\\\/\\\/www.filantropiacortessolari.cl\\\/cop-25-desde-una-necesidad-a-una-oportunidad\\\/\"},\"wordCount\":460,\"commentCount\":0,\"image\":{\"@id\":\"https:\\\/\\\/www.filantropiacortessolari.cl\\\/cop-25-desde-una-necesidad-a-una-oportunidad\\\/#primaryimage\"},\"thumbnailUrl\":\"https:\\\/\\\/www.filantropiacortessolari.cl\\\/wp-content\\\/uploads\\\/2019\\\/06\\\/pmorales2.png\",\"articleSection\":[\"Opini\u00f3n FCS\",\"Prensa Escrita\"],\"inLanguage\":\"en-US\",\"potentialAction\":[{\"@type\":\"CommentAction\",\"name\":\"Comment\",\"target\":[\"https:\\\/\\\/www.filantropiacortessolari.cl\\\/cop-25-desde-una-necesidad-a-una-oportunidad\\\/#respond\"]}]},{\"@type\":\"WebPage\",\"@id\":\"https:\\\/\\\/www.filantropiacortessolari.cl\\\/cop-25-desde-una-necesidad-a-una-oportunidad\\\/\",\"url\":\"https:\\\/\\\/www.filantropiacortessolari.cl\\\/cop-25-desde-una-necesidad-a-una-oportunidad\\\/\",\"name\":\"COP 25: desde una necesidad a una oportunidad\",\"isPartOf\":{\"@id\":\"https:\\\/\\\/www.filantropiacortessolari.cl\\\/#website\"},\"primaryImageOfPage\":{\"@id\":\"https:\\\/\\\/www.filantropiacortessolari.cl\\\/cop-25-desde-una-necesidad-a-una-oportunidad\\\/#primaryimage\"},\"image\":{\"@id\":\"https:\\\/\\\/www.filantropiacortessolari.cl\\\/cop-25-desde-una-necesidad-a-una-oportunidad\\\/#primaryimage\"},\"thumbnailUrl\":\"https:\\\/\\\/www.filantropiacortessolari.cl\\\/wp-content\\\/uploads\\\/2019\\\/06\\\/pmorales2.png\",\"datePublished\":\"2019-06-15T03:53:23+00:00\",\"dateModified\":\"2019-08-28T15:30:08+00:00\",\"author\":{\"@id\":\"https:\\\/\\\/www.filantropiacortessolari.cl\\\/#\\\/schema\\\/person\\\/e099cf1046922f4f5892172332dc86c0\"},\"breadcrumb\":{\"@id\":\"https:\\\/\\\/www.filantropiacortessolari.cl\\\/cop-25-desde-una-necesidad-a-una-oportunidad\\\/#breadcrumb\"},\"inLanguage\":\"en-US\",\"potentialAction\":[{\"@type\":\"ReadAction\",\"target\":[\"https:\\\/\\\/www.filantropiacortessolari.cl\\\/cop-25-desde-una-necesidad-a-una-oportunidad\\\/\"]}]},{\"@type\":\"ImageObject\",\"inLanguage\":\"en-US\",\"@id\":\"https:\\\/\\\/www.filantropiacortessolari.cl\\\/cop-25-desde-una-necesidad-a-una-oportunidad\\\/#primaryimage\",\"url\":\"https:\\\/\\\/www.filantropiacortessolari.cl\\\/wp-content\\\/uploads\\\/2019\\\/06\\\/pmorales2.png\",\"contentUrl\":\"https:\\\/\\\/www.filantropiacortessolari.cl\\\/wp-content\\\/uploads\\\/2019\\\/06\\\/pmorales2.png\",\"width\":844,\"height\":552},{\"@type\":\"BreadcrumbList\",\"@id\":\"https:\\\/\\\/www.filantropiacortessolari.cl\\\/cop-25-desde-una-necesidad-a-una-oportunidad\\\/#breadcrumb\",\"itemListElement\":[{\"@type\":\"ListItem\",\"position\":1,\"name\":\"Portada\",\"item\":\"https:\\\/\\\/www.filantropiacortessolari.cl\\\/\"},{\"@type\":\"ListItem\",\"position\":2,\"name\":\"COP 25: desde una necesidad a una oportunidad\"}]},{\"@type\":\"WebSite\",\"@id\":\"https:\\\/\\\/www.filantropiacortessolari.cl\\\/#website\",\"url\":\"https:\\\/\\\/www.filantropiacortessolari.cl\\\/\",\"name\":\"Filantrop\u00eda Cort\u00e9s Solari\",\"description\":\"Sitio web Filantrop\u00eda Cort\u00e9s Solari\",\"potentialAction\":[{\"@type\":\"SearchAction\",\"target\":{\"@type\":\"EntryPoint\",\"urlTemplate\":\"https:\\\/\\\/www.filantropiacortessolari.cl\\\/?s={search_term_string}\"},\"query-input\":{\"@type\":\"PropertyValueSpecification\",\"valueRequired\":true,\"valueName\":\"search_term_string\"}}],\"inLanguage\":\"en-US\"},{\"@type\":\"Person\",\"@id\":\"https:\\\/\\\/www.filantropiacortessolari.cl\\\/#\\\/schema\\\/person\\\/e099cf1046922f4f5892172332dc86c0\",\"name\":\"Filantrop\u00eda Cort\u00e9s Solari\",\"image\":{\"@type\":\"ImageObject\",\"inLanguage\":\"en-US\",\"@id\":\"https:\\\/\\\/secure.gravatar.com\\\/avatar\\\/9d17bfe24074ed7576e70cbeb8e010cdd7d01fae9f2047bd96cccbe629ec3c11?s=96&d=mm&r=g\",\"url\":\"https:\\\/\\\/secure.gravatar.com\\\/avatar\\\/9d17bfe24074ed7576e70cbeb8e010cdd7d01fae9f2047bd96cccbe629ec3c11?s=96&d=mm&r=g\",\"contentUrl\":\"https:\\\/\\\/secure.gravatar.com\\\/avatar\\\/9d17bfe24074ed7576e70cbeb8e010cdd7d01fae9f2047bd96cccbe629ec3c11?s=96&d=mm&r=g\",\"caption\":\"Filantrop\u00eda Cort\u00e9s Solari\"},\"url\":\"https:\\\/\\\/www.filantropiacortessolari.cl\\\/en\\\/author\\\/filantropia-cortes-solari\\\/\"}]}<\/script>\n<!-- \/ Yoast SEO plugin. -->","yoast_head_json":{"title":"COP 25: desde una necesidad a una oportunidad","robots":{"index":"index","follow":"follow","max-snippet":"max-snippet:-1","max-image-preview":"max-image-preview:large","max-video-preview":"max-video-preview:-1"},"canonical":"https:\/\/www.filantropiacortessolari.cl\/cop-25-desde-una-necesidad-a-una-oportunidad\/","og_locale":"en_US","og_type":"article","og_title":"COP 25: desde una necesidad a una oportunidad","og_url":"https:\/\/www.filantropiacortessolari.cl\/cop-25-desde-una-necesidad-a-una-oportunidad\/","og_site_name":"Filantrop\u00eda Cort\u00e9s Solari","article_published_time":"2019-06-15T03:53:23+00:00","article_modified_time":"2019-08-28T15:30:08+00:00","og_image":[{"width":844,"height":552,"url":"https:\/\/www.filantropiacortessolari.cl\/wp-content\/uploads\/2019\/06\/pmorales2.png","type":"image\/png"}],"author":"Filantrop\u00eda Cort\u00e9s Solari","twitter_card":"summary_large_image","twitter_misc":{"Written by":"Filantrop\u00eda Cort\u00e9s Solari","Est. reading time":"2 minutes"},"schema":{"@context":"https:\/\/schema.org","@graph":[{"@type":"Article","@id":"https:\/\/www.filantropiacortessolari.cl\/cop-25-desde-una-necesidad-a-una-oportunidad\/#article","isPartOf":{"@id":"https:\/\/www.filantropiacortessolari.cl\/cop-25-desde-una-necesidad-a-una-oportunidad\/"},"author":{"name":"Filantrop\u00eda Cort\u00e9s Solari","@id":"https:\/\/www.filantropiacortessolari.cl\/#\/schema\/person\/e099cf1046922f4f5892172332dc86c0"},"headline":"COP 25: desde una necesidad a una oportunidad","datePublished":"2019-06-15T03:53:23+00:00","dateModified":"2019-08-28T15:30:08+00:00","mainEntityOfPage":{"@id":"https:\/\/www.filantropiacortessolari.cl\/cop-25-desde-una-necesidad-a-una-oportunidad\/"},"wordCount":460,"commentCount":0,"image":{"@id":"https:\/\/www.filantropiacortessolari.cl\/cop-25-desde-una-necesidad-a-una-oportunidad\/#primaryimage"},"thumbnailUrl":"https:\/\/www.filantropiacortessolari.cl\/wp-content\/uploads\/2019\/06\/pmorales2.png","articleSection":["Opini\u00f3n FCS","Prensa Escrita"],"inLanguage":"en-US","potentialAction":[{"@type":"CommentAction","name":"Comment","target":["https:\/\/www.filantropiacortessolari.cl\/cop-25-desde-una-necesidad-a-una-oportunidad\/#respond"]}]},{"@type":"WebPage","@id":"https:\/\/www.filantropiacortessolari.cl\/cop-25-desde-una-necesidad-a-una-oportunidad\/","url":"https:\/\/www.filantropiacortessolari.cl\/cop-25-desde-una-necesidad-a-una-oportunidad\/","name":"COP 25: desde una necesidad a una oportunidad","isPartOf":{"@id":"https:\/\/www.filantropiacortessolari.cl\/#website"},"primaryImageOfPage":{"@id":"https:\/\/www.filantropiacortessolari.cl\/cop-25-desde-una-necesidad-a-una-oportunidad\/#primaryimage"},"image":{"@id":"https:\/\/www.filantropiacortessolari.cl\/cop-25-desde-una-necesidad-a-una-oportunidad\/#primaryimage"},"thumbnailUrl":"https:\/\/www.filantropiacortessolari.cl\/wp-content\/uploads\/2019\/06\/pmorales2.png","datePublished":"2019-06-15T03:53:23+00:00","dateModified":"2019-08-28T15:30:08+00:00","author":{"@id":"https:\/\/www.filantropiacortessolari.cl\/#\/schema\/person\/e099cf1046922f4f5892172332dc86c0"},"breadcrumb":{"@id":"https:\/\/www.filantropiacortessolari.cl\/cop-25-desde-una-necesidad-a-una-oportunidad\/#breadcrumb"},"inLanguage":"en-US","potentialAction":[{"@type":"ReadAction","target":["https:\/\/www.filantropiacortessolari.cl\/cop-25-desde-una-necesidad-a-una-oportunidad\/"]}]},{"@type":"ImageObject","inLanguage":"en-US","@id":"https:\/\/www.filantropiacortessolari.cl\/cop-25-desde-una-necesidad-a-una-oportunidad\/#primaryimage","url":"https:\/\/www.filantropiacortessolari.cl\/wp-content\/uploads\/2019\/06\/pmorales2.png","contentUrl":"https:\/\/www.filantropiacortessolari.cl\/wp-content\/uploads\/2019\/06\/pmorales2.png","width":844,"height":552},{"@type":"BreadcrumbList","@id":"https:\/\/www.filantropiacortessolari.cl\/cop-25-desde-una-necesidad-a-una-oportunidad\/#breadcrumb","itemListElement":[{"@type":"ListItem","position":1,"name":"Portada","item":"https:\/\/www.filantropiacortessolari.cl\/"},{"@type":"ListItem","position":2,"name":"COP 25: desde una necesidad a una oportunidad"}]},{"@type":"WebSite","@id":"https:\/\/www.filantropiacortessolari.cl\/#website","url":"https:\/\/www.filantropiacortessolari.cl\/","name":"Filantrop\u00eda Cort\u00e9s Solari","description":"Sitio web Filantrop\u00eda Cort\u00e9s Solari","potentialAction":[{"@type":"SearchAction","target":{"@type":"EntryPoint","urlTemplate":"https:\/\/www.filantropiacortessolari.cl\/?s={search_term_string}"},"query-input":{"@type":"PropertyValueSpecification","valueRequired":true,"valueName":"search_term_string"}}],"inLanguage":"en-US"},{"@type":"Person","@id":"https:\/\/www.filantropiacortessolari.cl\/#\/schema\/person\/e099cf1046922f4f5892172332dc86c0","name":"Filantrop\u00eda Cort\u00e9s Solari","image":{"@type":"ImageObject","inLanguage":"en-US","@id":"https:\/\/secure.gravatar.com\/avatar\/9d17bfe24074ed7576e70cbeb8e010cdd7d01fae9f2047bd96cccbe629ec3c11?s=96&d=mm&r=g","url":"https:\/\/secure.gravatar.com\/avatar\/9d17bfe24074ed7576e70cbeb8e010cdd7d01fae9f2047bd96cccbe629ec3c11?s=96&d=mm&r=g","contentUrl":"https:\/\/secure.gravatar.com\/avatar\/9d17bfe24074ed7576e70cbeb8e010cdd7d01fae9f2047bd96cccbe629ec3c11?s=96&d=mm&r=g","caption":"Filantrop\u00eda Cort\u00e9s Solari"},"url":"https:\/\/www.filantropiacortessolari.cl\/en\/author\/filantropia-cortes-solari\/"}]}},"_links":{"self":[{"href":"https:\/\/www.filantropiacortessolari.cl\/en\/wp-json\/wp\/v2\/posts\/8538","targetHints":{"allow":["GET"]}}],"collection":[{"href":"https:\/\/www.filantropiacortessolari.cl\/en\/wp-json\/wp\/v2\/posts"}],"about":[{"href":"https:\/\/www.filantropiacortessolari.cl\/en\/wp-json\/wp\/v2\/types\/post"}],"author":[{"embeddable":true,"href":"https:\/\/www.filantropiacortessolari.cl\/en\/wp-json\/wp\/v2\/users\/1"}],"replies":[{"embeddable":true,"href":"https:\/\/www.filantropiacortessolari.cl\/en\/wp-json\/wp\/v2\/comments?post=8538"}],"version-history":[{"count":3,"href":"https:\/\/www.filantropiacortessolari.cl\/en\/wp-json\/wp\/v2\/posts\/8538\/revisions"}],"predecessor-version":[{"id":8610,"href":"https:\/\/www.filantropiacortessolari.cl\/en\/wp-json\/wp\/v2\/posts\/8538\/revisions\/8610"}],"wp:featuredmedia":[{"embeddable":true,"href":"https:\/\/www.filantropiacortessolari.cl\/en\/wp-json\/wp\/v2\/media\/8608"}],"wp:attachment":[{"href":"https:\/\/www.filantropiacortessolari.cl\/en\/wp-json\/wp\/v2\/media?parent=8538"}],"wp:term":[{"taxonomy":"category","embeddable":true,"href":"https:\/\/www.filantropiacortessolari.cl\/en\/wp-json\/wp\/v2\/categories?post=8538"},{"taxonomy":"post_tag","embeddable":true,"href":"https:\/\/www.filantropiacortessolari.cl\/en\/wp-json\/wp\/v2\/tags?post=8538"}],"curies":[{"name":"wp","href":"https:\/\/api.w.org\/{rel}","templated":true}]}}