{"id":8824,"date":"2019-11-25T11:17:57","date_gmt":"2019-11-25T14:17:57","guid":{"rendered":"https:\/\/www.filantropiacortessolari.cl\/?p=8824"},"modified":"2019-11-25T11:22:54","modified_gmt":"2019-11-25T14:22:54","slug":"que-pasa-el-milagroso-regreso-del-condor-a-santiago","status":"publish","type":"post","link":"https:\/\/www.filantropiacortessolari.cl\/en\/que-pasa-el-milagroso-regreso-del-condor-a-santiago\/","title":{"rendered":"[Qu\u00e9 Pasa] El milagroso regreso del c\u00f3ndor a Santiago"},"content":{"rendered":"<style type=\"text\/css\"><\/style><div id=\"ambideXtro\" class=\"col-md-11 col-lg-10 col-md-offset-1 col-lg-offset-2 nota-interior-tx p-top-30\">\n<div class=\"content-conteniendo-contenido\">\n<p>No hay cifras precisas -s\u00f3lo estimaciones- pero los cient\u00edficos creen que desde la mitad del siglo XX, la poblaci\u00f3n de c\u00f3ndores\u00a0<strong>en la zona central<\/strong>\u00a0ha sufrido una dr\u00e1stica disminuci\u00f3n de su poblaci\u00f3n por la expansi\u00f3n urbana, la caza y la ganader\u00eda, entre otras razones.<\/p>\n<p>Sin embargo, en los \u00faltimos a\u00f1os, varias iniciativas han mejorado el estatus de esta ave \u2013<strong>que puede pesar hasta 15 kg- y tambi\u00e9n han logrado que recupere su h\u00e1bitat natural.<\/strong><\/p>\n<p>Una de ellas pertenece al Centro de Liberaci\u00f3n de C\u00f3ndores, en la Reserva Elemental Likandes, en la cuenca del R\u00edo Maipo, un espacio de\u00a0<a href=\"http:\/\/www.filantropiacortessolari.cl\/\" target=\"_blank\" rel=\"noopener noreferrer\">Filantrop\u00eda Cort\u00e9s Solari\u00a0<\/a>y el\u00a0<a href=\"https:\/\/aveschile.cl\/crar\/\" target=\"_blank\" rel=\"noopener noreferrer\">Centro de Rehabilitaci\u00f3n de Aves Rapaces Aves Chile-Unorch<\/a>. Se trata del primer centro de liberaci\u00f3n de c\u00f3ndores de la zona, que ser\u00e1 inaugurado el 11 de diciembre con la liberaci\u00f3n de tres ejemplares.<\/p>\n<p>Gracias a iniciativas como esta, actualmente se contabilizan\u00a0<strong>20.000 ejemplares de c\u00f3ndores en el territorio nacional<\/strong>, de ellos el 70% se ubica en la zona austral,\u00a0<strong>el 20% en la zona central, el 5% en la zona norte y el 5% en el sur del pa\u00eds.<\/strong><\/p>\n<p>Gabriela Guzm\u00e1n, directora de proyectos de la\u00a0<strong>Reserva Elemental Likandes, Centro de Liberaci\u00f3n de C\u00f3ndores<\/strong>, se\u00f1ala que trabajan en la reinserci\u00f3n de la especie en su h\u00e1bitat, debido a que es un ave amenazada en la zona central. \u201c<strong>Nos unimos al programa y al llamado que nos hizo el Centro de Rehabilitaci\u00f3n de Aves Rapaces (CRAR).<\/strong>\u00a0En Talagante ellos ten\u00edan tres c\u00f3ndores, uno de \u00d1uble y dos de Ays\u00e9n. Los hemos cuidado y alimentado ac\u00e1 por dos a\u00f1os y medio, y poco a poco han empezado a emprender el vuelo. Esto los habilita para ser liberados en las pr\u00f3ximas semanas\u201d.<\/p>\n<figure id=\"attachment_863857\" class=\"wp-caption alignnone\"><img loading=\"lazy\" decoding=\"async\" class=\"size-full wp-image-863857\" src=\"https:\/\/s2.latercera.com\/wp-content\/uploads\/2019\/10\/foto-eduardo-pavez-3.jpg\" sizes=\"auto, (max-width: 3528px) 100vw, 3528px\" srcset=\"https:\/\/www.latercera.com\/wp-content\/uploads\/2019\/10\/foto-eduardo-pavez-3.jpg 3528w, https:\/\/www.latercera.com\/wp-content\/uploads\/2019\/10\/foto-eduardo-pavez-3-768x773.jpg 768w\" alt=\"\" width=\"3528\" height=\"3553\" \/><figcaption class=\"wp-caption-text\"><span style=\"color: #ffffff;\">EN CHILE EXISTEN 20.000 EJEMPLARES DE C\u00d3NDOR APROXIMADAMENTE. FOTO: EDUARDO PAVEZ.<\/span><\/figcaption><\/figure>\n<p><strong>Eduardo Pavez,\u00a0presidente de la Uni\u00f3n de Ornit\u00f3logos de Chile y\u00a0fundador del Centro de Rehabilitaci\u00f3n de Aves Rapaces,<\/strong>\u00a0explica que despu\u00e9s de que sean liberados, se les har\u00e1 un seguimiento a trav\u00e9s de transmisores satelitales, para supervisar que sigan patrones correctos de vuelo. \u201cSi no lo hacen, tenemos que subir a la monta\u00f1a y dejarles alimento cerca para que no bajen de peso y se puedan reinsertar de manera gradual.\u00a0<strong>Uno de los objetivos es que le tengan cierta grado de temor al ser humano, ya que un c\u00f3ndor manso, tiene altas probabilidades de morir cazado.<\/strong>\u00a0Es importante que sean autosuficientes y se mantengan alejados del ser humano\u201d.<\/p>\n<p>En Chile, la problem\u00e1tica de la expansi\u00f3n de la ciudad est\u00e1 restringida a la zona central, desde Coquimbo al Maule. \u201cEl c\u00f3ndor habita en todo Chile, y por lo tanto las problem\u00e1ticas de su conservaci\u00f3n son distintas en regiones que tienen baja intervenci\u00f3n antr\u00f3pica (humana) como en la\u00a0<strong>Patagonia, donde tenemos el n\u00facleo m\u00e1s importante de c\u00f3ndores en el pa\u00eds<\/strong>\u201c,\u00a0se\u00f1ala Pavez, tambi\u00e9n\u00a0codirector del Programa Binacional de Conservaci\u00f3n del C\u00f3ndor Andino Chile-Argentina.<\/p>\n<p><strong>No existen registros anteriores de la poblaci\u00f3n del c\u00f3ndor. \u201cA nivel nacional, nuestros modelos dan cuenta de 20.000 ejemplares aproximadamente, lo cual es poco,<\/strong>\u00a0pensando en la poblaci\u00f3n de buitres que hay, por ejemplo, en Espa\u00f1a. Adem\u00e1s, la poblaci\u00f3n reproductora es mucho menor a\u00fan.\u00a0<strong>Por lo tanto, si ac\u00e1 estamos con problemas, estamos con problemas a nivel global.\u00a0<\/strong>Son\u00a0importante los esfuerzos que hacemos ac\u00e1, donde se puede asegurar la supervivencia del c\u00f3ndor a largo plazo\u201d, argumenta Pavez.<\/p>\n<figure id=\"attachment_860795\" class=\"wp-caption alignnone\"><img loading=\"lazy\" decoding=\"async\" class=\"size-full wp-image-860795\" src=\"https:\/\/s2.latercera.com\/wp-content\/uploads\/2019\/10\/foto-eduardo-pavez-2.jpg\" sizes=\"auto, (max-width: 5760px) 100vw, 5760px\" srcset=\"https:\/\/www.latercera.com\/wp-content\/uploads\/2019\/10\/foto-eduardo-pavez-2.jpg 5760w, https:\/\/www.latercera.com\/wp-content\/uploads\/2019\/10\/foto-eduardo-pavez-2-768x512.jpg 768w, https:\/\/www.latercera.com\/wp-content\/uploads\/2019\/10\/foto-eduardo-pavez-2-900x600.jpg 900w\" alt=\"\" width=\"5760\" height=\"3840\" \/><figcaption class=\"wp-caption-text\"><span style=\"color: #ffffff;\">EL C\u00d3NDOR ANDINO PUEDE MEDIR 142 CM DE ALTURA Y 1 METRO DE LARGO. FOTO: EDUARDO PAVEZ.<\/span><\/figcaption><\/figure>\n<p>\u201cEl n\u00facleo de la<strong>\u00a0zona central se ve\u00a0enfrentado a un crecimiento urbano importante.<\/strong>\u00a0Adem\u00e1s, la superposici\u00f3n de actividades entre el ser humano y el c\u00f3ndor de forma inevitable genera conflictos y una problem\u00e1tica compleja que tiene relaci\u00f3n con la fuente de alimentaci\u00f3n.\u00a0<strong>En un principio el c\u00f3ndor se alimentaba con carro\u00f1a de guanaco muertos por pumas, y posteriormente se reemplaza por ganader\u00eda extensiva.<\/strong>\u00a0Esta actividad tiene a desaparecer desde las \u00faltimas d\u00e9cadas, y eso ha generado un problema no menor para el c\u00f3ndor, principalmente en la zona central\u201d, a\u00f1ade Pavez, coautor de la\u00a0<em>Gu\u00eda del C\u00f3ndor y Otras Aves Nativas.<\/em><\/p>\n<p>El c\u00f3ndor se ve amenazado principalmente por la acci\u00f3n de los humanos. \u201cEse factor tiene que ver con educaci\u00f3n ambiental, que es realmente importante.\u00a0<strong>El envenenamiento, distribuci\u00f3n de residuos, el avance de las ciudades, son algunos ejemplos. Eso es tomar conciencia de los otros habitantes del planeta<\/strong>\u00a0y no nosotros en la c\u00faspide de todo, sino que, como parte de un ecosistema m\u00e1s sano, porque el c\u00f3ndor juega un rol muy importante de limpieza de las monta\u00f1as\u201d, se\u00f1ala Guzm\u00e1n.<\/p>\n<p>Coincide P\u00e1vez. \u201cNo tiene ning\u00fan enemigo natural, es un buitre que est\u00e1 en el tope de la cadena alimenticia.<strong>\u00a0Los \u00fanicos enemigos que tiene son los humanos<\/strong>\u201c.<\/p>\n<figure id=\"attachment_860797\" class=\"wp-caption alignnone\"><img loading=\"lazy\" decoding=\"async\" class=\"size-full wp-image-860797\" src=\"https:\/\/s1.latercera.com\/wp-content\/uploads\/2019\/10\/shutterstock_515706106.jpg\" sizes=\"auto, (max-width: 5616px) 100vw, 5616px\" srcset=\"https:\/\/www.latercera.com\/wp-content\/uploads\/2019\/10\/shutterstock_515706106.jpg 5616w, https:\/\/www.latercera.com\/wp-content\/uploads\/2019\/10\/shutterstock_515706106-768x512.jpg 768w, https:\/\/www.latercera.com\/wp-content\/uploads\/2019\/10\/shutterstock_515706106-900x600.jpg 900w\" alt=\"\" width=\"5616\" height=\"3744\" \/><figcaption class=\"wp-caption-text\"><span style=\"color: #ffffff;\">LOS C\u00d3NDORES SON PR\u00c1CTICAMENTE MUDOS, YA QUE TIENE ATROFIADA LA SIRINGE. CR\u00c9DITO: SHUTTERSTOCK<\/span><\/figcaption><\/figure>\n<p>\u201cComo son carro\u00f1eros, aquellos animales que mueren en la monta\u00f1a son comidos por ellos. Hay una cadena entre el c\u00f3ndor, el guanaco y el puma.\u00a0<strong>El puma se come al guanaco, el guanaco queda a disposici\u00f3n del c\u00f3ndor para poder limpiarlo.<\/strong>\u00a0Ahora hay una relaci\u00f3n ben\u00e9fica, el ganado que no sobrevive es el que consume el c\u00f3ndor\u201d, a\u00f1ade Guzm\u00e1n.<\/p>\n<p>\u201cEste es el inicio de algo grande,<strong>\u00a0un renacer del c\u00f3ndor, eso esperamos. Recorremos los colegios de manera de poder ir ali\u00e1ndonos con hijos de arrieros, hay muchos mitos, que son parte de la amenaza.<\/strong>\u00a0A medida que generemos conciencia, se valorar\u00e1 al c\u00f3ndor y a otras aves nativas. Buscamos generar guardianes entre la poblaci\u00f3n y los ni\u00f1os\u201d, establece la investigadora de la Reserva Elemental Likandes.<\/p>\n<p>\u201cEl tema en la zona central ha progresado con respecto a la conciencia de la comunidad sobre la naturaleza y de los c\u00f3ndores en particular. L<strong>a situaci\u00f3n hoy es muy distinta compar\u00e1ndolo con lo que ocurr\u00eda hace 30 a\u00f1os, en que un tipo le disparaba a un c\u00f3ndor y nadie dec\u00eda nada. Hoy es diferente, ya que eso tiene una condena de la sociedad y arriesga penas de c\u00e1rcel.<\/strong>\u00a0El c\u00f3ndor es una bandera que te permite sensibilizar a la poblaci\u00f3n respecto de la naturaleza; proteger al c\u00f3ndor implica proteger a la naturaleza\u201d, a\u00f1ade Pavez.<\/p>\n<p>Otro elemento a tener en cuenta es que la poblaci\u00f3n de c\u00f3ndores en Chile, es compartida con Argentina. \u201cLos c\u00f3ndores vuelan en cielos nacionales un d\u00eda, pero al siguiente est\u00e1n en territorio trasandino, en ambas vertientes de la cordillera.<strong>\u00a0En Argentina hay muchos problemas por envenenamiento, y eso nos perjudica directamente a nosotros.<\/strong>\u00a0El c\u00f3ndor que nace en Chile, va a alimentarse a Argentina, y viceversa\u201d, explica el profesional.<\/p>\n<p><strong>Para agrandar la infograf\u00eda hacer click en la imagen:<\/strong><\/p>\n<p><img loading=\"lazy\" decoding=\"async\" class=\"size-full wp-image-913451 aligncenter\" src=\"https:\/\/www.latercera.com\/wp-content\/uploads\/2019\/11\/CT-Condor-WEB.jpg\" sizes=\"auto, (max-width: 900px) 100vw, 900px\" srcset=\"https:\/\/www.latercera.com\/wp-content\/uploads\/2019\/11\/CT-Condor-WEB.jpg 900w, https:\/\/www.latercera.com\/wp-content\/uploads\/2019\/11\/CT-Condor-WEB-768x3629.jpg 768w\" alt=\"\" width=\"900\" height=\"4253\" \/><\/p>\n<p>Fuente: <a href=\"https:\/\/www.latercera.com\/que-pasa\/noticia\/el-milagroso-regreso-del-condor-a-santiago\/860778\/\">Qu\u00e9 Pasa<\/a><\/p>\n<\/div>\n<\/div>\n<div class=\"col-md-11 col-lg-10 col-md-offset-1 col-lg-offset-2 full-width-xs\">\n<div class=\"bg-blue p-bottom-15 m-top-40 tags-interior\">\n<h1 class=\"tx-white\"><\/h1>\n<\/div>\n<\/div>\n","protected":false},"excerpt":{"rendered":"<p>No hay cifras precisas -s\u00f3lo estimaciones- pero los cient\u00edficos creen que desde la mitad del siglo XX, la poblaci\u00f3n de c\u00f3ndores\u00a0en la zona central\u00a0ha sufrido una dr\u00e1stica disminuci\u00f3n de su poblaci\u00f3n por la expansi\u00f3n urbana, la caza y la ganader\u00eda, entre otras razones. Sin embargo, en los \u00faltimos a\u00f1os, varias iniciativas han mejorado el estatus&#8230;<\/p>\n","protected":false},"author":1,"featured_media":8825,"comment_status":"open","ping_status":"open","sticky":false,"template":"","format":"standard","meta":{"footnotes":""},"categories":[31,7,5],"tags":[],"class_list":["post-8824","post","type-post","status-publish","format-standard","has-post-thumbnail","hentry","category-noticias","category-fundacion-caserta","category-prensa-escrita"],"translation":{"provider":"WPGlobus","version":"3.0.2","language":"en","enabled_languages":["es","en"],"languages":{"es":{"title":true,"content":true,"excerpt":false},"en":{"title":false,"content":false,"excerpt":false}}},"yoast_head":"<!-- This site is optimized with the Yoast SEO plugin v27.4 - https:\/\/yoast.com\/product\/yoast-seo-wordpress\/ -->\n<title>[Qu\u00e9 Pasa] El milagroso regreso del c\u00f3ndor a Santiago<\/title>\n<meta name=\"robots\" content=\"index, follow, max-snippet:-1, max-image-preview:large, max-video-preview:-1\" \/>\n<link rel=\"canonical\" href=\"https:\/\/www.filantropiacortessolari.cl\/que-pasa-el-milagroso-regreso-del-condor-a-santiago\/\" \/>\n<meta property=\"og:locale\" content=\"en_US\" \/>\n<meta property=\"og:type\" content=\"article\" \/>\n<meta property=\"og:title\" content=\"[Qu\u00e9 Pasa] El milagroso regreso del c\u00f3ndor a Santiago\" \/>\n<meta property=\"og:url\" content=\"https:\/\/www.filantropiacortessolari.cl\/que-pasa-el-milagroso-regreso-del-condor-a-santiago\/\" \/>\n<meta property=\"og:site_name\" content=\"Filantrop\u00eda Cort\u00e9s Solari\" \/>\n<meta property=\"article:published_time\" content=\"2019-11-25T14:17:57+00:00\" \/>\n<meta property=\"article:modified_time\" content=\"2019-11-25T14:22:54+00:00\" \/>\n<meta property=\"og:image\" content=\"https:\/\/www.filantropiacortessolari.cl\/wp-content\/uploads\/2019\/11\/foto-eduardo-pavez-900x600.jpg\" \/>\n\t<meta property=\"og:image:width\" content=\"900\" \/>\n\t<meta property=\"og:image:height\" content=\"600\" \/>\n\t<meta property=\"og:image:type\" content=\"image\/jpeg\" \/>\n<meta name=\"author\" content=\"Filantrop\u00eda Cort\u00e9s Solari\" \/>\n<meta name=\"twitter:card\" content=\"summary_large_image\" \/>\n<meta name=\"twitter:label1\" content=\"Written by\" \/>\n\t<meta name=\"twitter:data1\" content=\"Filantrop\u00eda Cort\u00e9s Solari\" \/>\n\t<meta name=\"twitter:label2\" content=\"Est. reading time\" \/>\n\t<meta name=\"twitter:data2\" content=\"6 minutes\" \/>\n<script type=\"application\/ld+json\" class=\"yoast-schema-graph\">{\"@context\":\"https:\\\/\\\/schema.org\",\"@graph\":[{\"@type\":\"Article\",\"@id\":\"https:\\\/\\\/www.filantropiacortessolari.cl\\\/que-pasa-el-milagroso-regreso-del-condor-a-santiago\\\/#article\",\"isPartOf\":{\"@id\":\"https:\\\/\\\/www.filantropiacortessolari.cl\\\/que-pasa-el-milagroso-regreso-del-condor-a-santiago\\\/\"},\"author\":{\"name\":\"Filantrop\u00eda Cort\u00e9s Solari\",\"@id\":\"https:\\\/\\\/www.filantropiacortessolari.cl\\\/#\\\/schema\\\/person\\\/e099cf1046922f4f5892172332dc86c0\"},\"headline\":\"[Qu\u00e9 Pasa] El milagroso regreso del c\u00f3ndor a Santiago\",\"datePublished\":\"2019-11-25T14:17:57+00:00\",\"dateModified\":\"2019-11-25T14:22:54+00:00\",\"mainEntityOfPage\":{\"@id\":\"https:\\\/\\\/www.filantropiacortessolari.cl\\\/que-pasa-el-milagroso-regreso-del-condor-a-santiago\\\/\"},\"wordCount\":1221,\"commentCount\":0,\"image\":{\"@id\":\"https:\\\/\\\/www.filantropiacortessolari.cl\\\/que-pasa-el-milagroso-regreso-del-condor-a-santiago\\\/#primaryimage\"},\"thumbnailUrl\":\"https:\\\/\\\/www.filantropiacortessolari.cl\\\/wp-content\\\/uploads\\\/2019\\\/11\\\/foto-eduardo-pavez-900x600.jpg\",\"articleSection\":[\"Noticias\",\"Prensa Caserta\",\"Prensa Escrita\"],\"inLanguage\":\"en-US\",\"potentialAction\":[{\"@type\":\"CommentAction\",\"name\":\"Comment\",\"target\":[\"https:\\\/\\\/www.filantropiacortessolari.cl\\\/que-pasa-el-milagroso-regreso-del-condor-a-santiago\\\/#respond\"]}]},{\"@type\":\"WebPage\",\"@id\":\"https:\\\/\\\/www.filantropiacortessolari.cl\\\/que-pasa-el-milagroso-regreso-del-condor-a-santiago\\\/\",\"url\":\"https:\\\/\\\/www.filantropiacortessolari.cl\\\/que-pasa-el-milagroso-regreso-del-condor-a-santiago\\\/\",\"name\":\"[Qu\u00e9 Pasa] El milagroso regreso del c\u00f3ndor a Santiago\",\"isPartOf\":{\"@id\":\"https:\\\/\\\/www.filantropiacortessolari.cl\\\/#website\"},\"primaryImageOfPage\":{\"@id\":\"https:\\\/\\\/www.filantropiacortessolari.cl\\\/que-pasa-el-milagroso-regreso-del-condor-a-santiago\\\/#primaryimage\"},\"image\":{\"@id\":\"https:\\\/\\\/www.filantropiacortessolari.cl\\\/que-pasa-el-milagroso-regreso-del-condor-a-santiago\\\/#primaryimage\"},\"thumbnailUrl\":\"https:\\\/\\\/www.filantropiacortessolari.cl\\\/wp-content\\\/uploads\\\/2019\\\/11\\\/foto-eduardo-pavez-900x600.jpg\",\"datePublished\":\"2019-11-25T14:17:57+00:00\",\"dateModified\":\"2019-11-25T14:22:54+00:00\",\"author\":{\"@id\":\"https:\\\/\\\/www.filantropiacortessolari.cl\\\/#\\\/schema\\\/person\\\/e099cf1046922f4f5892172332dc86c0\"},\"breadcrumb\":{\"@id\":\"https:\\\/\\\/www.filantropiacortessolari.cl\\\/que-pasa-el-milagroso-regreso-del-condor-a-santiago\\\/#breadcrumb\"},\"inLanguage\":\"en-US\",\"potentialAction\":[{\"@type\":\"ReadAction\",\"target\":[\"https:\\\/\\\/www.filantropiacortessolari.cl\\\/que-pasa-el-milagroso-regreso-del-condor-a-santiago\\\/\"]}]},{\"@type\":\"ImageObject\",\"inLanguage\":\"en-US\",\"@id\":\"https:\\\/\\\/www.filantropiacortessolari.cl\\\/que-pasa-el-milagroso-regreso-del-condor-a-santiago\\\/#primaryimage\",\"url\":\"https:\\\/\\\/www.filantropiacortessolari.cl\\\/wp-content\\\/uploads\\\/2019\\\/11\\\/foto-eduardo-pavez-900x600.jpg\",\"contentUrl\":\"https:\\\/\\\/www.filantropiacortessolari.cl\\\/wp-content\\\/uploads\\\/2019\\\/11\\\/foto-eduardo-pavez-900x600.jpg\",\"width\":900,\"height\":600},{\"@type\":\"BreadcrumbList\",\"@id\":\"https:\\\/\\\/www.filantropiacortessolari.cl\\\/que-pasa-el-milagroso-regreso-del-condor-a-santiago\\\/#breadcrumb\",\"itemListElement\":[{\"@type\":\"ListItem\",\"position\":1,\"name\":\"Portada\",\"item\":\"https:\\\/\\\/www.filantropiacortessolari.cl\\\/\"},{\"@type\":\"ListItem\",\"position\":2,\"name\":\"[Qu\u00e9 Pasa] El milagroso regreso del c\u00f3ndor a Santiago\"}]},{\"@type\":\"WebSite\",\"@id\":\"https:\\\/\\\/www.filantropiacortessolari.cl\\\/#website\",\"url\":\"https:\\\/\\\/www.filantropiacortessolari.cl\\\/\",\"name\":\"Filantrop\u00eda Cort\u00e9s Solari\",\"description\":\"Sitio web Filantrop\u00eda Cort\u00e9s Solari\",\"potentialAction\":[{\"@type\":\"SearchAction\",\"target\":{\"@type\":\"EntryPoint\",\"urlTemplate\":\"https:\\\/\\\/www.filantropiacortessolari.cl\\\/?s={search_term_string}\"},\"query-input\":{\"@type\":\"PropertyValueSpecification\",\"valueRequired\":true,\"valueName\":\"search_term_string\"}}],\"inLanguage\":\"en-US\"},{\"@type\":\"Person\",\"@id\":\"https:\\\/\\\/www.filantropiacortessolari.cl\\\/#\\\/schema\\\/person\\\/e099cf1046922f4f5892172332dc86c0\",\"name\":\"Filantrop\u00eda Cort\u00e9s Solari\",\"image\":{\"@type\":\"ImageObject\",\"inLanguage\":\"en-US\",\"@id\":\"https:\\\/\\\/secure.gravatar.com\\\/avatar\\\/9d17bfe24074ed7576e70cbeb8e010cdd7d01fae9f2047bd96cccbe629ec3c11?s=96&d=mm&r=g\",\"url\":\"https:\\\/\\\/secure.gravatar.com\\\/avatar\\\/9d17bfe24074ed7576e70cbeb8e010cdd7d01fae9f2047bd96cccbe629ec3c11?s=96&d=mm&r=g\",\"contentUrl\":\"https:\\\/\\\/secure.gravatar.com\\\/avatar\\\/9d17bfe24074ed7576e70cbeb8e010cdd7d01fae9f2047bd96cccbe629ec3c11?s=96&d=mm&r=g\",\"caption\":\"Filantrop\u00eda Cort\u00e9s Solari\"},\"url\":\"https:\\\/\\\/www.filantropiacortessolari.cl\\\/en\\\/author\\\/filantropia-cortes-solari\\\/\"}]}<\/script>\n<!-- \/ Yoast SEO plugin. -->","yoast_head_json":{"title":"[Qu\u00e9 Pasa] El milagroso regreso del c\u00f3ndor a Santiago","robots":{"index":"index","follow":"follow","max-snippet":"max-snippet:-1","max-image-preview":"max-image-preview:large","max-video-preview":"max-video-preview:-1"},"canonical":"https:\/\/www.filantropiacortessolari.cl\/que-pasa-el-milagroso-regreso-del-condor-a-santiago\/","og_locale":"en_US","og_type":"article","og_title":"[Qu\u00e9 Pasa] El milagroso regreso del c\u00f3ndor a Santiago","og_url":"https:\/\/www.filantropiacortessolari.cl\/que-pasa-el-milagroso-regreso-del-condor-a-santiago\/","og_site_name":"Filantrop\u00eda Cort\u00e9s Solari","article_published_time":"2019-11-25T14:17:57+00:00","article_modified_time":"2019-11-25T14:22:54+00:00","og_image":[{"width":900,"height":600,"url":"https:\/\/www.filantropiacortessolari.cl\/wp-content\/uploads\/2019\/11\/foto-eduardo-pavez-900x600.jpg","type":"image\/jpeg"}],"author":"Filantrop\u00eda Cort\u00e9s Solari","twitter_card":"summary_large_image","twitter_misc":{"Written by":"Filantrop\u00eda Cort\u00e9s Solari","Est. reading time":"6 minutes"},"schema":{"@context":"https:\/\/schema.org","@graph":[{"@type":"Article","@id":"https:\/\/www.filantropiacortessolari.cl\/que-pasa-el-milagroso-regreso-del-condor-a-santiago\/#article","isPartOf":{"@id":"https:\/\/www.filantropiacortessolari.cl\/que-pasa-el-milagroso-regreso-del-condor-a-santiago\/"},"author":{"name":"Filantrop\u00eda Cort\u00e9s Solari","@id":"https:\/\/www.filantropiacortessolari.cl\/#\/schema\/person\/e099cf1046922f4f5892172332dc86c0"},"headline":"[Qu\u00e9 Pasa] El milagroso regreso del c\u00f3ndor a Santiago","datePublished":"2019-11-25T14:17:57+00:00","dateModified":"2019-11-25T14:22:54+00:00","mainEntityOfPage":{"@id":"https:\/\/www.filantropiacortessolari.cl\/que-pasa-el-milagroso-regreso-del-condor-a-santiago\/"},"wordCount":1221,"commentCount":0,"image":{"@id":"https:\/\/www.filantropiacortessolari.cl\/que-pasa-el-milagroso-regreso-del-condor-a-santiago\/#primaryimage"},"thumbnailUrl":"https:\/\/www.filantropiacortessolari.cl\/wp-content\/uploads\/2019\/11\/foto-eduardo-pavez-900x600.jpg","articleSection":["Noticias","Prensa Caserta","Prensa Escrita"],"inLanguage":"en-US","potentialAction":[{"@type":"CommentAction","name":"Comment","target":["https:\/\/www.filantropiacortessolari.cl\/que-pasa-el-milagroso-regreso-del-condor-a-santiago\/#respond"]}]},{"@type":"WebPage","@id":"https:\/\/www.filantropiacortessolari.cl\/que-pasa-el-milagroso-regreso-del-condor-a-santiago\/","url":"https:\/\/www.filantropiacortessolari.cl\/que-pasa-el-milagroso-regreso-del-condor-a-santiago\/","name":"[Qu\u00e9 Pasa] El milagroso regreso del c\u00f3ndor a Santiago","isPartOf":{"@id":"https:\/\/www.filantropiacortessolari.cl\/#website"},"primaryImageOfPage":{"@id":"https:\/\/www.filantropiacortessolari.cl\/que-pasa-el-milagroso-regreso-del-condor-a-santiago\/#primaryimage"},"image":{"@id":"https:\/\/www.filantropiacortessolari.cl\/que-pasa-el-milagroso-regreso-del-condor-a-santiago\/#primaryimage"},"thumbnailUrl":"https:\/\/www.filantropiacortessolari.cl\/wp-content\/uploads\/2019\/11\/foto-eduardo-pavez-900x600.jpg","datePublished":"2019-11-25T14:17:57+00:00","dateModified":"2019-11-25T14:22:54+00:00","author":{"@id":"https:\/\/www.filantropiacortessolari.cl\/#\/schema\/person\/e099cf1046922f4f5892172332dc86c0"},"breadcrumb":{"@id":"https:\/\/www.filantropiacortessolari.cl\/que-pasa-el-milagroso-regreso-del-condor-a-santiago\/#breadcrumb"},"inLanguage":"en-US","potentialAction":[{"@type":"ReadAction","target":["https:\/\/www.filantropiacortessolari.cl\/que-pasa-el-milagroso-regreso-del-condor-a-santiago\/"]}]},{"@type":"ImageObject","inLanguage":"en-US","@id":"https:\/\/www.filantropiacortessolari.cl\/que-pasa-el-milagroso-regreso-del-condor-a-santiago\/#primaryimage","url":"https:\/\/www.filantropiacortessolari.cl\/wp-content\/uploads\/2019\/11\/foto-eduardo-pavez-900x600.jpg","contentUrl":"https:\/\/www.filantropiacortessolari.cl\/wp-content\/uploads\/2019\/11\/foto-eduardo-pavez-900x600.jpg","width":900,"height":600},{"@type":"BreadcrumbList","@id":"https:\/\/www.filantropiacortessolari.cl\/que-pasa-el-milagroso-regreso-del-condor-a-santiago\/#breadcrumb","itemListElement":[{"@type":"ListItem","position":1,"name":"Portada","item":"https:\/\/www.filantropiacortessolari.cl\/"},{"@type":"ListItem","position":2,"name":"[Qu\u00e9 Pasa] El milagroso regreso del c\u00f3ndor a Santiago"}]},{"@type":"WebSite","@id":"https:\/\/www.filantropiacortessolari.cl\/#website","url":"https:\/\/www.filantropiacortessolari.cl\/","name":"Filantrop\u00eda Cort\u00e9s Solari","description":"Sitio web Filantrop\u00eda Cort\u00e9s Solari","potentialAction":[{"@type":"SearchAction","target":{"@type":"EntryPoint","urlTemplate":"https:\/\/www.filantropiacortessolari.cl\/?s={search_term_string}"},"query-input":{"@type":"PropertyValueSpecification","valueRequired":true,"valueName":"search_term_string"}}],"inLanguage":"en-US"},{"@type":"Person","@id":"https:\/\/www.filantropiacortessolari.cl\/#\/schema\/person\/e099cf1046922f4f5892172332dc86c0","name":"Filantrop\u00eda Cort\u00e9s Solari","image":{"@type":"ImageObject","inLanguage":"en-US","@id":"https:\/\/secure.gravatar.com\/avatar\/9d17bfe24074ed7576e70cbeb8e010cdd7d01fae9f2047bd96cccbe629ec3c11?s=96&d=mm&r=g","url":"https:\/\/secure.gravatar.com\/avatar\/9d17bfe24074ed7576e70cbeb8e010cdd7d01fae9f2047bd96cccbe629ec3c11?s=96&d=mm&r=g","contentUrl":"https:\/\/secure.gravatar.com\/avatar\/9d17bfe24074ed7576e70cbeb8e010cdd7d01fae9f2047bd96cccbe629ec3c11?s=96&d=mm&r=g","caption":"Filantrop\u00eda Cort\u00e9s Solari"},"url":"https:\/\/www.filantropiacortessolari.cl\/en\/author\/filantropia-cortes-solari\/"}]}},"_links":{"self":[{"href":"https:\/\/www.filantropiacortessolari.cl\/en\/wp-json\/wp\/v2\/posts\/8824","targetHints":{"allow":["GET"]}}],"collection":[{"href":"https:\/\/www.filantropiacortessolari.cl\/en\/wp-json\/wp\/v2\/posts"}],"about":[{"href":"https:\/\/www.filantropiacortessolari.cl\/en\/wp-json\/wp\/v2\/types\/post"}],"author":[{"embeddable":true,"href":"https:\/\/www.filantropiacortessolari.cl\/en\/wp-json\/wp\/v2\/users\/1"}],"replies":[{"embeddable":true,"href":"https:\/\/www.filantropiacortessolari.cl\/en\/wp-json\/wp\/v2\/comments?post=8824"}],"version-history":[{"count":4,"href":"https:\/\/www.filantropiacortessolari.cl\/en\/wp-json\/wp\/v2\/posts\/8824\/revisions"}],"predecessor-version":[{"id":8827,"href":"https:\/\/www.filantropiacortessolari.cl\/en\/wp-json\/wp\/v2\/posts\/8824\/revisions\/8827"}],"wp:featuredmedia":[{"embeddable":true,"href":"https:\/\/www.filantropiacortessolari.cl\/en\/wp-json\/wp\/v2\/media\/8825"}],"wp:attachment":[{"href":"https:\/\/www.filantropiacortessolari.cl\/en\/wp-json\/wp\/v2\/media?parent=8824"}],"wp:term":[{"taxonomy":"category","embeddable":true,"href":"https:\/\/www.filantropiacortessolari.cl\/en\/wp-json\/wp\/v2\/categories?post=8824"},{"taxonomy":"post_tag","embeddable":true,"href":"https:\/\/www.filantropiacortessolari.cl\/en\/wp-json\/wp\/v2\/tags?post=8824"}],"curies":[{"name":"wp","href":"https:\/\/api.w.org\/{rel}","templated":true}]}}