{"id":8830,"date":"2019-11-26T22:45:47","date_gmt":"2019-11-27T01:45:47","guid":{"rendered":"https:\/\/www.filantropiacortessolari.cl\/?p=8830"},"modified":"2019-11-28T12:13:31","modified_gmt":"2019-11-28T15:13:31","slug":"entrevista-patricia-morales-en-radio-duna","status":"publish","type":"post","link":"https:\/\/www.filantropiacortessolari.cl\/en\/entrevista-patricia-morales-en-radio-duna\/","title":{"rendered":"Entrevista Patricia Morales en Radio Duna"},"content":{"rendered":"<style type=\"text\/css\"><\/style><div id=\"cmsms_row_69f01140e37b27_62499094\" class=\"cmsms_row cmsms_color_scheme_default\">\n<div class=\"cmsms_row_outer_parent\">\n<div class=\"cmsms_row_outer\">\n<div class=\"cmsms_row_inner\">\n<div class=\"cmsms_row_margin\">\n<div class=\"cmsms_column one_first\">\n<div class=\"cmsms_text\">\n<p>Hoy, en una interesante conversaci\u00f3n con Paulo Ram\u00edrez en el programa \u201cAire Fresco\u201d de Radio Duna, nuestra Gerenta General Patricia Morales cont\u00f3 todos los detalles de la participaci\u00f3n de Filantrop\u00eda Cort\u00e9s Solari, a trav\u00e9s de Fundaci\u00f3n MERI, en la COP25 Chile, que se realizar\u00e1 entre el 2 y 13 de diciembre en Madrid.<\/p>\n<p>\u201cEs muy relevante que la presidencia de COP25 siga en Chile\u2026 Se defini\u00f3 poner en relevancia a la ciencia para que las decisiones ambientales se tomaran con bases cient\u00edficas\u201d, expres\u00f3. Los grandes desaf\u00edos tienen que ver con el desarrollo de mesas de trabajo concretas y discusiones multisectoriales, como tambi\u00e9n evidenciar el aporte cient\u00edfico chileno en el \u00e1mbito internacional respecto del cambio clim\u00e1tico. Estas mesas amplias convocar\u00e1n a representantes del mundo cient\u00edfico, sociedad civil, sector privado y Estado.<\/p>\n<p>El Gobierno de Chile, a trav\u00e9s de Fundaci\u00f3n MERI, parte de Filantrop\u00eda Cort\u00e9s Solari, estuvo a cargo de levantar el Pabell\u00f3n Cient\u00edfico del IPCC, en la Zona Azul de COP25. En \u00e9ste, el IPCC (Panel Intergubernamental de Naciones Unidas para el Cambio Clim\u00e1tico) y la Organizaci\u00f3n Mundial de Meteorolog\u00eda, presentar\u00e1n los diversos informes en materia cient\u00edfica y ambiental.<\/p>\n<p>\u201cToda esta migraci\u00f3n no podr\u00eda haber sido posible sin la ayuda del Ministro de Ciencia y Tecnolog\u00eda, Andr\u00e9s Couve, y su equipo de trabajo\u201d. Mira la entrevista completa en el video.<\/p>\n<div style=\"width: 640px;\" class=\"wp-video\"><video class=\"wp-video-shortcode\" id=\"video-8830-1\" width=\"640\" height=\"360\" preload=\"metadata\" controls=\"controls\"><source type=\"video\/mp4\" src=\"https:\/\/www.filantropiacortessolari.cl\/wp-content\/uploads\/2019\/11\/entrevista.mp4?_=1\" \/><a href=\"https:\/\/www.filantropiacortessolari.cl\/wp-content\/uploads\/2019\/11\/entrevista.mp4\">https:\/\/www.filantropiacortessolari.cl\/wp-content\/uploads\/2019\/11\/entrevista.mp4<\/a><\/video><\/div>\n<p><a href=\"https:\/\/www.instagram.com\/fundacionmeri\/\">@fundacionmeri<\/a> ciencia y educaci\u00f3n ambiental al servicio de la conservaci\u00f3n.<\/p>\n<\/div>\n<\/div>\n<\/div>\n<\/div>\n<\/div>\n<\/div>\n<\/div>\n\n","protected":false},"excerpt":{"rendered":"","protected":false},"author":1,"featured_media":8854,"comment_status":"open","ping_status":"open","sticky":false,"template":"","format":"standard","meta":{"footnotes":""},"categories":[33,9,31,5],"tags":[],"class_list":["post-8830","post","type-post","status-publish","format-standard","has-post-thumbnail","hentry","category-fcs","category-entrevistas","category-noticias","category-prensa-escrita"],"translation":{"provider":"WPGlobus","version":"3.0.2","language":"en","enabled_languages":["es","en"],"languages":{"es":{"title":true,"content":true,"excerpt":false},"en":{"title":false,"content":false,"excerpt":false}}},"yoast_head":"<!-- This site is optimized with the Yoast SEO plugin v27.4 - https:\/\/yoast.com\/product\/yoast-seo-wordpress\/ -->\n<title>Entrevista Patricia Morales en Radio Duna<\/title>\n<meta name=\"robots\" content=\"index, follow, max-snippet:-1, max-image-preview:large, max-video-preview:-1\" \/>\n<link rel=\"canonical\" href=\"https:\/\/www.filantropiacortessolari.cl\/entrevista-patricia-morales-en-radio-duna\/\" \/>\n<meta property=\"og:locale\" content=\"en_US\" \/>\n<meta property=\"og:type\" content=\"article\" \/>\n<meta property=\"og:title\" content=\"Entrevista Patricia Morales en Radio Duna\" \/>\n<meta property=\"og:url\" content=\"https:\/\/www.filantropiacortessolari.cl\/entrevista-patricia-morales-en-radio-duna\/\" \/>\n<meta property=\"og:site_name\" content=\"Filantrop\u00eda Cort\u00e9s Solari\" \/>\n<meta property=\"article:published_time\" content=\"2019-11-27T01:45:47+00:00\" \/>\n<meta property=\"article:modified_time\" content=\"2019-11-28T15:13:31+00:00\" \/>\n<meta property=\"og:image\" content=\"https:\/\/www.filantropiacortessolari.cl\/wp-content\/uploads\/2019\/11\/patriciamorales-1.png\" \/>\n\t<meta property=\"og:image:width\" content=\"865\" \/>\n\t<meta property=\"og:image:height\" content=\"441\" \/>\n\t<meta property=\"og:image:type\" content=\"image\/png\" \/>\n<meta name=\"author\" content=\"Filantrop\u00eda Cort\u00e9s Solari\" \/>\n<meta name=\"twitter:card\" content=\"summary_large_image\" \/>\n<meta name=\"twitter:label1\" content=\"Written by\" \/>\n\t<meta name=\"twitter:data1\" content=\"Filantrop\u00eda Cort\u00e9s Solari\" \/>\n\t<meta name=\"twitter:label2\" content=\"Est. reading time\" \/>\n\t<meta name=\"twitter:data2\" content=\"1 minute\" \/>\n<script type=\"application\/ld+json\" class=\"yoast-schema-graph\">{\"@context\":\"https:\\\/\\\/schema.org\",\"@graph\":[{\"@type\":\"Article\",\"@id\":\"https:\\\/\\\/www.filantropiacortessolari.cl\\\/entrevista-patricia-morales-en-radio-duna\\\/#article\",\"isPartOf\":{\"@id\":\"https:\\\/\\\/www.filantropiacortessolari.cl\\\/entrevista-patricia-morales-en-radio-duna\\\/\"},\"author\":{\"name\":\"Filantrop\u00eda Cort\u00e9s Solari\",\"@id\":\"https:\\\/\\\/www.filantropiacortessolari.cl\\\/#\\\/schema\\\/person\\\/e099cf1046922f4f5892172332dc86c0\"},\"headline\":\"Entrevista Patricia Morales en Radio Duna\",\"datePublished\":\"2019-11-27T01:45:47+00:00\",\"dateModified\":\"2019-11-28T15:13:31+00:00\",\"mainEntityOfPage\":{\"@id\":\"https:\\\/\\\/www.filantropiacortessolari.cl\\\/entrevista-patricia-morales-en-radio-duna\\\/\"},\"wordCount\":291,\"commentCount\":0,\"image\":{\"@id\":\"https:\\\/\\\/www.filantropiacortessolari.cl\\\/entrevista-patricia-morales-en-radio-duna\\\/#primaryimage\"},\"thumbnailUrl\":\"https:\\\/\\\/www.filantropiacortessolari.cl\\\/wp-content\\\/uploads\\\/2019\\\/11\\\/patriciamorales-1.png\",\"articleSection\":[\"Entrevista FCS\",\"Entrevistas\",\"Noticias\",\"Prensa Escrita\"],\"inLanguage\":\"en-US\",\"potentialAction\":[{\"@type\":\"CommentAction\",\"name\":\"Comment\",\"target\":[\"https:\\\/\\\/www.filantropiacortessolari.cl\\\/entrevista-patricia-morales-en-radio-duna\\\/#respond\"]}]},{\"@type\":\"WebPage\",\"@id\":\"https:\\\/\\\/www.filantropiacortessolari.cl\\\/entrevista-patricia-morales-en-radio-duna\\\/\",\"url\":\"https:\\\/\\\/www.filantropiacortessolari.cl\\\/entrevista-patricia-morales-en-radio-duna\\\/\",\"name\":\"Entrevista Patricia Morales en Radio Duna\",\"isPartOf\":{\"@id\":\"https:\\\/\\\/www.filantropiacortessolari.cl\\\/#website\"},\"primaryImageOfPage\":{\"@id\":\"https:\\\/\\\/www.filantropiacortessolari.cl\\\/entrevista-patricia-morales-en-radio-duna\\\/#primaryimage\"},\"image\":{\"@id\":\"https:\\\/\\\/www.filantropiacortessolari.cl\\\/entrevista-patricia-morales-en-radio-duna\\\/#primaryimage\"},\"thumbnailUrl\":\"https:\\\/\\\/www.filantropiacortessolari.cl\\\/wp-content\\\/uploads\\\/2019\\\/11\\\/patriciamorales-1.png\",\"datePublished\":\"2019-11-27T01:45:47+00:00\",\"dateModified\":\"2019-11-28T15:13:31+00:00\",\"author\":{\"@id\":\"https:\\\/\\\/www.filantropiacortessolari.cl\\\/#\\\/schema\\\/person\\\/e099cf1046922f4f5892172332dc86c0\"},\"breadcrumb\":{\"@id\":\"https:\\\/\\\/www.filantropiacortessolari.cl\\\/entrevista-patricia-morales-en-radio-duna\\\/#breadcrumb\"},\"inLanguage\":\"en-US\",\"potentialAction\":[{\"@type\":\"ReadAction\",\"target\":[\"https:\\\/\\\/www.filantropiacortessolari.cl\\\/entrevista-patricia-morales-en-radio-duna\\\/\"]}]},{\"@type\":\"ImageObject\",\"inLanguage\":\"en-US\",\"@id\":\"https:\\\/\\\/www.filantropiacortessolari.cl\\\/entrevista-patricia-morales-en-radio-duna\\\/#primaryimage\",\"url\":\"https:\\\/\\\/www.filantropiacortessolari.cl\\\/wp-content\\\/uploads\\\/2019\\\/11\\\/patriciamorales-1.png\",\"contentUrl\":\"https:\\\/\\\/www.filantropiacortessolari.cl\\\/wp-content\\\/uploads\\\/2019\\\/11\\\/patriciamorales-1.png\",\"width\":865,\"height\":441},{\"@type\":\"BreadcrumbList\",\"@id\":\"https:\\\/\\\/www.filantropiacortessolari.cl\\\/entrevista-patricia-morales-en-radio-duna\\\/#breadcrumb\",\"itemListElement\":[{\"@type\":\"ListItem\",\"position\":1,\"name\":\"Portada\",\"item\":\"https:\\\/\\\/www.filantropiacortessolari.cl\\\/\"},{\"@type\":\"ListItem\",\"position\":2,\"name\":\"Entrevista Patricia Morales en Radio Duna\"}]},{\"@type\":\"WebSite\",\"@id\":\"https:\\\/\\\/www.filantropiacortessolari.cl\\\/#website\",\"url\":\"https:\\\/\\\/www.filantropiacortessolari.cl\\\/\",\"name\":\"Filantrop\u00eda Cort\u00e9s Solari\",\"description\":\"Sitio web Filantrop\u00eda Cort\u00e9s Solari\",\"potentialAction\":[{\"@type\":\"SearchAction\",\"target\":{\"@type\":\"EntryPoint\",\"urlTemplate\":\"https:\\\/\\\/www.filantropiacortessolari.cl\\\/?s={search_term_string}\"},\"query-input\":{\"@type\":\"PropertyValueSpecification\",\"valueRequired\":true,\"valueName\":\"search_term_string\"}}],\"inLanguage\":\"en-US\"},{\"@type\":\"Person\",\"@id\":\"https:\\\/\\\/www.filantropiacortessolari.cl\\\/#\\\/schema\\\/person\\\/e099cf1046922f4f5892172332dc86c0\",\"name\":\"Filantrop\u00eda Cort\u00e9s Solari\",\"image\":{\"@type\":\"ImageObject\",\"inLanguage\":\"en-US\",\"@id\":\"https:\\\/\\\/secure.gravatar.com\\\/avatar\\\/9d17bfe24074ed7576e70cbeb8e010cdd7d01fae9f2047bd96cccbe629ec3c11?s=96&d=mm&r=g\",\"url\":\"https:\\\/\\\/secure.gravatar.com\\\/avatar\\\/9d17bfe24074ed7576e70cbeb8e010cdd7d01fae9f2047bd96cccbe629ec3c11?s=96&d=mm&r=g\",\"contentUrl\":\"https:\\\/\\\/secure.gravatar.com\\\/avatar\\\/9d17bfe24074ed7576e70cbeb8e010cdd7d01fae9f2047bd96cccbe629ec3c11?s=96&d=mm&r=g\",\"caption\":\"Filantrop\u00eda Cort\u00e9s Solari\"},\"url\":\"https:\\\/\\\/www.filantropiacortessolari.cl\\\/en\\\/author\\\/filantropia-cortes-solari\\\/\"}]}<\/script>\n<!-- \/ Yoast SEO plugin. -->","yoast_head_json":{"title":"Entrevista Patricia Morales en Radio Duna","robots":{"index":"index","follow":"follow","max-snippet":"max-snippet:-1","max-image-preview":"max-image-preview:large","max-video-preview":"max-video-preview:-1"},"canonical":"https:\/\/www.filantropiacortessolari.cl\/entrevista-patricia-morales-en-radio-duna\/","og_locale":"en_US","og_type":"article","og_title":"Entrevista Patricia Morales en Radio Duna","og_url":"https:\/\/www.filantropiacortessolari.cl\/entrevista-patricia-morales-en-radio-duna\/","og_site_name":"Filantrop\u00eda Cort\u00e9s Solari","article_published_time":"2019-11-27T01:45:47+00:00","article_modified_time":"2019-11-28T15:13:31+00:00","og_image":[{"width":865,"height":441,"url":"https:\/\/www.filantropiacortessolari.cl\/wp-content\/uploads\/2019\/11\/patriciamorales-1.png","type":"image\/png"}],"author":"Filantrop\u00eda Cort\u00e9s Solari","twitter_card":"summary_large_image","twitter_misc":{"Written by":"Filantrop\u00eda Cort\u00e9s Solari","Est. reading time":"1 minute"},"schema":{"@context":"https:\/\/schema.org","@graph":[{"@type":"Article","@id":"https:\/\/www.filantropiacortessolari.cl\/entrevista-patricia-morales-en-radio-duna\/#article","isPartOf":{"@id":"https:\/\/www.filantropiacortessolari.cl\/entrevista-patricia-morales-en-radio-duna\/"},"author":{"name":"Filantrop\u00eda Cort\u00e9s Solari","@id":"https:\/\/www.filantropiacortessolari.cl\/#\/schema\/person\/e099cf1046922f4f5892172332dc86c0"},"headline":"Entrevista Patricia Morales en Radio Duna","datePublished":"2019-11-27T01:45:47+00:00","dateModified":"2019-11-28T15:13:31+00:00","mainEntityOfPage":{"@id":"https:\/\/www.filantropiacortessolari.cl\/entrevista-patricia-morales-en-radio-duna\/"},"wordCount":291,"commentCount":0,"image":{"@id":"https:\/\/www.filantropiacortessolari.cl\/entrevista-patricia-morales-en-radio-duna\/#primaryimage"},"thumbnailUrl":"https:\/\/www.filantropiacortessolari.cl\/wp-content\/uploads\/2019\/11\/patriciamorales-1.png","articleSection":["Entrevista FCS","Entrevistas","Noticias","Prensa Escrita"],"inLanguage":"en-US","potentialAction":[{"@type":"CommentAction","name":"Comment","target":["https:\/\/www.filantropiacortessolari.cl\/entrevista-patricia-morales-en-radio-duna\/#respond"]}]},{"@type":"WebPage","@id":"https:\/\/www.filantropiacortessolari.cl\/entrevista-patricia-morales-en-radio-duna\/","url":"https:\/\/www.filantropiacortessolari.cl\/entrevista-patricia-morales-en-radio-duna\/","name":"Entrevista Patricia Morales en Radio Duna","isPartOf":{"@id":"https:\/\/www.filantropiacortessolari.cl\/#website"},"primaryImageOfPage":{"@id":"https:\/\/www.filantropiacortessolari.cl\/entrevista-patricia-morales-en-radio-duna\/#primaryimage"},"image":{"@id":"https:\/\/www.filantropiacortessolari.cl\/entrevista-patricia-morales-en-radio-duna\/#primaryimage"},"thumbnailUrl":"https:\/\/www.filantropiacortessolari.cl\/wp-content\/uploads\/2019\/11\/patriciamorales-1.png","datePublished":"2019-11-27T01:45:47+00:00","dateModified":"2019-11-28T15:13:31+00:00","author":{"@id":"https:\/\/www.filantropiacortessolari.cl\/#\/schema\/person\/e099cf1046922f4f5892172332dc86c0"},"breadcrumb":{"@id":"https:\/\/www.filantropiacortessolari.cl\/entrevista-patricia-morales-en-radio-duna\/#breadcrumb"},"inLanguage":"en-US","potentialAction":[{"@type":"ReadAction","target":["https:\/\/www.filantropiacortessolari.cl\/entrevista-patricia-morales-en-radio-duna\/"]}]},{"@type":"ImageObject","inLanguage":"en-US","@id":"https:\/\/www.filantropiacortessolari.cl\/entrevista-patricia-morales-en-radio-duna\/#primaryimage","url":"https:\/\/www.filantropiacortessolari.cl\/wp-content\/uploads\/2019\/11\/patriciamorales-1.png","contentUrl":"https:\/\/www.filantropiacortessolari.cl\/wp-content\/uploads\/2019\/11\/patriciamorales-1.png","width":865,"height":441},{"@type":"BreadcrumbList","@id":"https:\/\/www.filantropiacortessolari.cl\/entrevista-patricia-morales-en-radio-duna\/#breadcrumb","itemListElement":[{"@type":"ListItem","position":1,"name":"Portada","item":"https:\/\/www.filantropiacortessolari.cl\/"},{"@type":"ListItem","position":2,"name":"Entrevista Patricia Morales en Radio Duna"}]},{"@type":"WebSite","@id":"https:\/\/www.filantropiacortessolari.cl\/#website","url":"https:\/\/www.filantropiacortessolari.cl\/","name":"Filantrop\u00eda Cort\u00e9s Solari","description":"Sitio web Filantrop\u00eda Cort\u00e9s Solari","potentialAction":[{"@type":"SearchAction","target":{"@type":"EntryPoint","urlTemplate":"https:\/\/www.filantropiacortessolari.cl\/?s={search_term_string}"},"query-input":{"@type":"PropertyValueSpecification","valueRequired":true,"valueName":"search_term_string"}}],"inLanguage":"en-US"},{"@type":"Person","@id":"https:\/\/www.filantropiacortessolari.cl\/#\/schema\/person\/e099cf1046922f4f5892172332dc86c0","name":"Filantrop\u00eda Cort\u00e9s Solari","image":{"@type":"ImageObject","inLanguage":"en-US","@id":"https:\/\/secure.gravatar.com\/avatar\/9d17bfe24074ed7576e70cbeb8e010cdd7d01fae9f2047bd96cccbe629ec3c11?s=96&d=mm&r=g","url":"https:\/\/secure.gravatar.com\/avatar\/9d17bfe24074ed7576e70cbeb8e010cdd7d01fae9f2047bd96cccbe629ec3c11?s=96&d=mm&r=g","contentUrl":"https:\/\/secure.gravatar.com\/avatar\/9d17bfe24074ed7576e70cbeb8e010cdd7d01fae9f2047bd96cccbe629ec3c11?s=96&d=mm&r=g","caption":"Filantrop\u00eda Cort\u00e9s Solari"},"url":"https:\/\/www.filantropiacortessolari.cl\/en\/author\/filantropia-cortes-solari\/"}]}},"_links":{"self":[{"href":"https:\/\/www.filantropiacortessolari.cl\/en\/wp-json\/wp\/v2\/posts\/8830","targetHints":{"allow":["GET"]}}],"collection":[{"href":"https:\/\/www.filantropiacortessolari.cl\/en\/wp-json\/wp\/v2\/posts"}],"about":[{"href":"https:\/\/www.filantropiacortessolari.cl\/en\/wp-json\/wp\/v2\/types\/post"}],"author":[{"embeddable":true,"href":"https:\/\/www.filantropiacortessolari.cl\/en\/wp-json\/wp\/v2\/users\/1"}],"replies":[{"embeddable":true,"href":"https:\/\/www.filantropiacortessolari.cl\/en\/wp-json\/wp\/v2\/comments?post=8830"}],"version-history":[{"count":4,"href":"https:\/\/www.filantropiacortessolari.cl\/en\/wp-json\/wp\/v2\/posts\/8830\/revisions"}],"predecessor-version":[{"id":8836,"href":"https:\/\/www.filantropiacortessolari.cl\/en\/wp-json\/wp\/v2\/posts\/8830\/revisions\/8836"}],"wp:featuredmedia":[{"embeddable":true,"href":"https:\/\/www.filantropiacortessolari.cl\/en\/wp-json\/wp\/v2\/media\/8854"}],"wp:attachment":[{"href":"https:\/\/www.filantropiacortessolari.cl\/en\/wp-json\/wp\/v2\/media?parent=8830"}],"wp:term":[{"taxonomy":"category","embeddable":true,"href":"https:\/\/www.filantropiacortessolari.cl\/en\/wp-json\/wp\/v2\/categories?post=8830"},{"taxonomy":"post_tag","embeddable":true,"href":"https:\/\/www.filantropiacortessolari.cl\/en\/wp-json\/wp\/v2\/tags?post=8830"}],"curies":[{"name":"wp","href":"https:\/\/api.w.org\/{rel}","templated":true}]}}