{"id":8851,"date":"2019-11-28T12:00:46","date_gmt":"2019-11-28T15:00:46","guid":{"rendered":"https:\/\/www.filantropiacortessolari.cl\/?p=8851"},"modified":"2019-11-28T12:12:03","modified_gmt":"2019-11-28T15:12:03","slug":"radio-valparaiso-mhnv-inauguro-muestra-itinerante-sobre-ballenas","status":"publish","type":"post","link":"https:\/\/www.filantropiacortessolari.cl\/en\/radio-valparaiso-mhnv-inauguro-muestra-itinerante-sobre-ballenas\/","title":{"rendered":"[Radio Valpara\u00edso] MHNV inaugur\u00f3 muestra itinerante sobre ballenas"},"content":{"rendered":"<style type=\"text\/css\"><\/style><p><strong>La exposici\u00f3n, denominada \u201cCet\u00e1cea: ecos del mar\u201d, estar\u00e1 abierta al p\u00fablico hasta fines de febrero y busca\u00a0 crear conciencia sobre las consecuencias del cambio clim\u00e1tico en el mundo marino<\/strong><\/p>\n<p>La biodiversidad de los ecosistemas marinos, sus especies y los peligros que amenazan su estabilidad son parte de \u201cCet\u00e1cea: ecos del mar\u201d, una muestra interactiva e itinerante que se inaugur\u00f3 la ma\u00f1ana de este mi\u00e9rcoles 27 de noviembre en el Museo de Historia Natural de Valpara\u00edso.<\/p>\n<p>La exhibici\u00f3n, organizada\u00a0 el Museo de Historia Natural de Valpara\u00edso, Fundaci\u00f3n Puerto de Ideas y\u00a0 Filantrop\u00eda Cort\u00e9s Solari a trav\u00e9s de su Fundaci\u00f3n MERI, nace como resultado de la muestra \u201cBallenas: voces del mar,\u00a0 que se present\u00f3 de manera exitosa en 2018 en el Centro Cultural La Moneda\u201d.<\/p>\n<p>La directora del Museo de Historia Natural de Valpara\u00edso, Loredana Rosso no ocult\u00f3 su felicidad por la inauguraci\u00f3n de esta muestra,\u00a0 que era un gran anhelo de la instituci\u00f3n<\/p>\n<p>\u201cHoy cumplimos un sue\u00f1o como museo, ver armado e instalado el\u00a0\u00a0 esqueleto de la\u00a0\u00a0 ballena Minke, que espero 7 a\u00f1os en los dep\u00f3sitos para ver la luz y ser conocida por todos ustedes. El proceso fue duro, no solo por su valor econ\u00f3mico, sino planificar su dise\u00f1o, montaje, imprevistos, revisar una por una sus piezas y generar una estructura compleja para ser instalada desde el cielo, resguardando siempre sus piezas, que hoy son puestas en valor\u201d.<\/p>\n<p>Por su parte, la Directora Ejecutiva de Fundaci\u00f3n MERI,\u00a0 Ana Mar\u00eda Molina se\u00f1al\u00f3\u00a0 que\u00a0el principal prop\u00f3sito de esta exposici\u00f3n \u201ces congregar a la comunidad y hacerla parte del gran desaf\u00edo de conservar y proteger el medioambiente y el modo en que enfrentamos el cambio clim\u00e1tico. Es una invitaci\u00f3n a conocer, aprender y experimentar los ecosistemas marinos en base a los conocimientos cient\u00edficos que durante m\u00e1s de 6 a\u00f1os nuestra instituci\u00f3n ha adquirido y transmitido a la comunidad, a trav\u00e9s de nuestros programas de educaci\u00f3n ambiental\u201d.<\/p>\n<p>Chantal Signorio, Directora Ejecutiva de Fundaci\u00f3n Puerto de Ideas agreg\u00f3 que a pesar de la cancelaci\u00f3n del Festival, \u201cesta exposici\u00f3n hab\u00eda que hacerla, pues es una instancia de aprendizaje\u00a0 necesaria para la familia, los ni\u00f1os, ni\u00f1as visitantes, concluy\u00f3.<\/p>\n<p>Fuente: <a href=\"http:\/\/www.radiovalparaiso.cl\/2019\/11\/28\/mhnv-inauguro-muestra-itinerante-sobre-ballenas\/\" target=\"_blank\" rel=\"noopener noreferrer\">Radio Valpara\u00edso<\/a><\/p>\n","protected":false},"excerpt":{"rendered":"<p>La exposici\u00f3n, denominada \u201cCet\u00e1cea: ecos del mar\u201d, estar\u00e1 abierta al p\u00fablico hasta fines de febrero y busca\u00a0 crear conciencia sobre las consecuencias del cambio clim\u00e1tico en el mundo marino La biodiversidad de los ecosistemas marinos, sus especies y los peligros que amenazan su estabilidad son parte de \u201cCet\u00e1cea: ecos del mar\u201d, una muestra interactiva e&#8230;<\/p>\n","protected":false},"author":1,"featured_media":8853,"comment_status":"open","ping_status":"open","sticky":false,"template":"","format":"standard","meta":{"footnotes":""},"categories":[31,5,6],"tags":[],"class_list":["post-8851","post","type-post","status-publish","format-standard","has-post-thumbnail","hentry","category-noticias","category-prensa-escrita","category-fundacion-meri"],"translation":{"provider":"WPGlobus","version":"3.0.2","language":"en","enabled_languages":["es","en"],"languages":{"es":{"title":true,"content":true,"excerpt":false},"en":{"title":false,"content":false,"excerpt":false}}},"yoast_head":"<!-- This site is optimized with the Yoast SEO plugin v27.4 - https:\/\/yoast.com\/product\/yoast-seo-wordpress\/ -->\n<title>[Radio Valpara\u00edso] MHNV inaugur\u00f3 muestra itinerante sobre ballenas<\/title>\n<meta name=\"robots\" content=\"index, follow, max-snippet:-1, max-image-preview:large, max-video-preview:-1\" \/>\n<link rel=\"canonical\" href=\"https:\/\/www.filantropiacortessolari.cl\/radio-valparaiso-mhnv-inauguro-muestra-itinerante-sobre-ballenas\/\" \/>\n<meta property=\"og:locale\" content=\"en_US\" \/>\n<meta property=\"og:type\" content=\"article\" \/>\n<meta property=\"og:title\" content=\"[Radio Valpara\u00edso] MHNV inaugur\u00f3 muestra itinerante sobre ballenas\" \/>\n<meta property=\"og:url\" content=\"https:\/\/www.filantropiacortessolari.cl\/radio-valparaiso-mhnv-inauguro-muestra-itinerante-sobre-ballenas\/\" \/>\n<meta property=\"og:site_name\" content=\"Filantrop\u00eda Cort\u00e9s Solari\" \/>\n<meta property=\"article:published_time\" content=\"2019-11-28T15:00:46+00:00\" \/>\n<meta property=\"article:modified_time\" content=\"2019-11-28T15:12:03+00:00\" \/>\n<meta property=\"og:image\" content=\"https:\/\/www.filantropiacortessolari.cl\/wp-content\/uploads\/2019\/11\/cetaceo-770x440.jpg\" \/>\n\t<meta property=\"og:image:width\" content=\"770\" \/>\n\t<meta property=\"og:image:height\" content=\"440\" \/>\n\t<meta property=\"og:image:type\" content=\"image\/jpeg\" \/>\n<meta name=\"author\" content=\"Filantrop\u00eda Cort\u00e9s Solari\" \/>\n<meta name=\"twitter:card\" content=\"summary_large_image\" \/>\n<meta name=\"twitter:label1\" content=\"Written by\" \/>\n\t<meta name=\"twitter:data1\" content=\"Filantrop\u00eda Cort\u00e9s Solari\" \/>\n\t<meta name=\"twitter:label2\" content=\"Est. reading time\" \/>\n\t<meta name=\"twitter:data2\" content=\"2 minutes\" \/>\n<script type=\"application\/ld+json\" class=\"yoast-schema-graph\">{\"@context\":\"https:\\\/\\\/schema.org\",\"@graph\":[{\"@type\":\"Article\",\"@id\":\"https:\\\/\\\/www.filantropiacortessolari.cl\\\/radio-valparaiso-mhnv-inauguro-muestra-itinerante-sobre-ballenas\\\/#article\",\"isPartOf\":{\"@id\":\"https:\\\/\\\/www.filantropiacortessolari.cl\\\/radio-valparaiso-mhnv-inauguro-muestra-itinerante-sobre-ballenas\\\/\"},\"author\":{\"name\":\"Filantrop\u00eda Cort\u00e9s Solari\",\"@id\":\"https:\\\/\\\/www.filantropiacortessolari.cl\\\/#\\\/schema\\\/person\\\/e099cf1046922f4f5892172332dc86c0\"},\"headline\":\"[Radio Valpara\u00edso] MHNV inaugur\u00f3 muestra itinerante sobre ballenas\",\"datePublished\":\"2019-11-28T15:00:46+00:00\",\"dateModified\":\"2019-11-28T15:12:03+00:00\",\"mainEntityOfPage\":{\"@id\":\"https:\\\/\\\/www.filantropiacortessolari.cl\\\/radio-valparaiso-mhnv-inauguro-muestra-itinerante-sobre-ballenas\\\/\"},\"wordCount\":404,\"commentCount\":0,\"image\":{\"@id\":\"https:\\\/\\\/www.filantropiacortessolari.cl\\\/radio-valparaiso-mhnv-inauguro-muestra-itinerante-sobre-ballenas\\\/#primaryimage\"},\"thumbnailUrl\":\"https:\\\/\\\/www.filantropiacortessolari.cl\\\/wp-content\\\/uploads\\\/2019\\\/11\\\/cetaceo-770x440.jpg\",\"articleSection\":[\"Noticias\",\"Prensa Escrita\",\"Prensa MERI\"],\"inLanguage\":\"en-US\",\"potentialAction\":[{\"@type\":\"CommentAction\",\"name\":\"Comment\",\"target\":[\"https:\\\/\\\/www.filantropiacortessolari.cl\\\/radio-valparaiso-mhnv-inauguro-muestra-itinerante-sobre-ballenas\\\/#respond\"]}]},{\"@type\":\"WebPage\",\"@id\":\"https:\\\/\\\/www.filantropiacortessolari.cl\\\/radio-valparaiso-mhnv-inauguro-muestra-itinerante-sobre-ballenas\\\/\",\"url\":\"https:\\\/\\\/www.filantropiacortessolari.cl\\\/radio-valparaiso-mhnv-inauguro-muestra-itinerante-sobre-ballenas\\\/\",\"name\":\"[Radio Valpara\u00edso] MHNV inaugur\u00f3 muestra itinerante sobre ballenas\",\"isPartOf\":{\"@id\":\"https:\\\/\\\/www.filantropiacortessolari.cl\\\/#website\"},\"primaryImageOfPage\":{\"@id\":\"https:\\\/\\\/www.filantropiacortessolari.cl\\\/radio-valparaiso-mhnv-inauguro-muestra-itinerante-sobre-ballenas\\\/#primaryimage\"},\"image\":{\"@id\":\"https:\\\/\\\/www.filantropiacortessolari.cl\\\/radio-valparaiso-mhnv-inauguro-muestra-itinerante-sobre-ballenas\\\/#primaryimage\"},\"thumbnailUrl\":\"https:\\\/\\\/www.filantropiacortessolari.cl\\\/wp-content\\\/uploads\\\/2019\\\/11\\\/cetaceo-770x440.jpg\",\"datePublished\":\"2019-11-28T15:00:46+00:00\",\"dateModified\":\"2019-11-28T15:12:03+00:00\",\"author\":{\"@id\":\"https:\\\/\\\/www.filantropiacortessolari.cl\\\/#\\\/schema\\\/person\\\/e099cf1046922f4f5892172332dc86c0\"},\"breadcrumb\":{\"@id\":\"https:\\\/\\\/www.filantropiacortessolari.cl\\\/radio-valparaiso-mhnv-inauguro-muestra-itinerante-sobre-ballenas\\\/#breadcrumb\"},\"inLanguage\":\"en-US\",\"potentialAction\":[{\"@type\":\"ReadAction\",\"target\":[\"https:\\\/\\\/www.filantropiacortessolari.cl\\\/radio-valparaiso-mhnv-inauguro-muestra-itinerante-sobre-ballenas\\\/\"]}]},{\"@type\":\"ImageObject\",\"inLanguage\":\"en-US\",\"@id\":\"https:\\\/\\\/www.filantropiacortessolari.cl\\\/radio-valparaiso-mhnv-inauguro-muestra-itinerante-sobre-ballenas\\\/#primaryimage\",\"url\":\"https:\\\/\\\/www.filantropiacortessolari.cl\\\/wp-content\\\/uploads\\\/2019\\\/11\\\/cetaceo-770x440.jpg\",\"contentUrl\":\"https:\\\/\\\/www.filantropiacortessolari.cl\\\/wp-content\\\/uploads\\\/2019\\\/11\\\/cetaceo-770x440.jpg\",\"width\":770,\"height\":440},{\"@type\":\"BreadcrumbList\",\"@id\":\"https:\\\/\\\/www.filantropiacortessolari.cl\\\/radio-valparaiso-mhnv-inauguro-muestra-itinerante-sobre-ballenas\\\/#breadcrumb\",\"itemListElement\":[{\"@type\":\"ListItem\",\"position\":1,\"name\":\"Portada\",\"item\":\"https:\\\/\\\/www.filantropiacortessolari.cl\\\/\"},{\"@type\":\"ListItem\",\"position\":2,\"name\":\"[Radio Valpara\u00edso] MHNV inaugur\u00f3 muestra itinerante sobre ballenas\"}]},{\"@type\":\"WebSite\",\"@id\":\"https:\\\/\\\/www.filantropiacortessolari.cl\\\/#website\",\"url\":\"https:\\\/\\\/www.filantropiacortessolari.cl\\\/\",\"name\":\"Filantrop\u00eda Cort\u00e9s Solari\",\"description\":\"Sitio web Filantrop\u00eda Cort\u00e9s Solari\",\"potentialAction\":[{\"@type\":\"SearchAction\",\"target\":{\"@type\":\"EntryPoint\",\"urlTemplate\":\"https:\\\/\\\/www.filantropiacortessolari.cl\\\/?s={search_term_string}\"},\"query-input\":{\"@type\":\"PropertyValueSpecification\",\"valueRequired\":true,\"valueName\":\"search_term_string\"}}],\"inLanguage\":\"en-US\"},{\"@type\":\"Person\",\"@id\":\"https:\\\/\\\/www.filantropiacortessolari.cl\\\/#\\\/schema\\\/person\\\/e099cf1046922f4f5892172332dc86c0\",\"name\":\"Filantrop\u00eda Cort\u00e9s Solari\",\"image\":{\"@type\":\"ImageObject\",\"inLanguage\":\"en-US\",\"@id\":\"https:\\\/\\\/secure.gravatar.com\\\/avatar\\\/9d17bfe24074ed7576e70cbeb8e010cdd7d01fae9f2047bd96cccbe629ec3c11?s=96&d=mm&r=g\",\"url\":\"https:\\\/\\\/secure.gravatar.com\\\/avatar\\\/9d17bfe24074ed7576e70cbeb8e010cdd7d01fae9f2047bd96cccbe629ec3c11?s=96&d=mm&r=g\",\"contentUrl\":\"https:\\\/\\\/secure.gravatar.com\\\/avatar\\\/9d17bfe24074ed7576e70cbeb8e010cdd7d01fae9f2047bd96cccbe629ec3c11?s=96&d=mm&r=g\",\"caption\":\"Filantrop\u00eda Cort\u00e9s Solari\"},\"url\":\"https:\\\/\\\/www.filantropiacortessolari.cl\\\/en\\\/author\\\/filantropia-cortes-solari\\\/\"}]}<\/script>\n<!-- \/ Yoast SEO plugin. -->","yoast_head_json":{"title":"[Radio Valpara\u00edso] MHNV inaugur\u00f3 muestra itinerante sobre ballenas","robots":{"index":"index","follow":"follow","max-snippet":"max-snippet:-1","max-image-preview":"max-image-preview:large","max-video-preview":"max-video-preview:-1"},"canonical":"https:\/\/www.filantropiacortessolari.cl\/radio-valparaiso-mhnv-inauguro-muestra-itinerante-sobre-ballenas\/","og_locale":"en_US","og_type":"article","og_title":"[Radio Valpara\u00edso] MHNV inaugur\u00f3 muestra itinerante sobre ballenas","og_url":"https:\/\/www.filantropiacortessolari.cl\/radio-valparaiso-mhnv-inauguro-muestra-itinerante-sobre-ballenas\/","og_site_name":"Filantrop\u00eda Cort\u00e9s Solari","article_published_time":"2019-11-28T15:00:46+00:00","article_modified_time":"2019-11-28T15:12:03+00:00","og_image":[{"width":770,"height":440,"url":"https:\/\/www.filantropiacortessolari.cl\/wp-content\/uploads\/2019\/11\/cetaceo-770x440.jpg","type":"image\/jpeg"}],"author":"Filantrop\u00eda Cort\u00e9s Solari","twitter_card":"summary_large_image","twitter_misc":{"Written by":"Filantrop\u00eda Cort\u00e9s Solari","Est. reading time":"2 minutes"},"schema":{"@context":"https:\/\/schema.org","@graph":[{"@type":"Article","@id":"https:\/\/www.filantropiacortessolari.cl\/radio-valparaiso-mhnv-inauguro-muestra-itinerante-sobre-ballenas\/#article","isPartOf":{"@id":"https:\/\/www.filantropiacortessolari.cl\/radio-valparaiso-mhnv-inauguro-muestra-itinerante-sobre-ballenas\/"},"author":{"name":"Filantrop\u00eda Cort\u00e9s Solari","@id":"https:\/\/www.filantropiacortessolari.cl\/#\/schema\/person\/e099cf1046922f4f5892172332dc86c0"},"headline":"[Radio Valpara\u00edso] MHNV inaugur\u00f3 muestra itinerante sobre ballenas","datePublished":"2019-11-28T15:00:46+00:00","dateModified":"2019-11-28T15:12:03+00:00","mainEntityOfPage":{"@id":"https:\/\/www.filantropiacortessolari.cl\/radio-valparaiso-mhnv-inauguro-muestra-itinerante-sobre-ballenas\/"},"wordCount":404,"commentCount":0,"image":{"@id":"https:\/\/www.filantropiacortessolari.cl\/radio-valparaiso-mhnv-inauguro-muestra-itinerante-sobre-ballenas\/#primaryimage"},"thumbnailUrl":"https:\/\/www.filantropiacortessolari.cl\/wp-content\/uploads\/2019\/11\/cetaceo-770x440.jpg","articleSection":["Noticias","Prensa Escrita","Prensa MERI"],"inLanguage":"en-US","potentialAction":[{"@type":"CommentAction","name":"Comment","target":["https:\/\/www.filantropiacortessolari.cl\/radio-valparaiso-mhnv-inauguro-muestra-itinerante-sobre-ballenas\/#respond"]}]},{"@type":"WebPage","@id":"https:\/\/www.filantropiacortessolari.cl\/radio-valparaiso-mhnv-inauguro-muestra-itinerante-sobre-ballenas\/","url":"https:\/\/www.filantropiacortessolari.cl\/radio-valparaiso-mhnv-inauguro-muestra-itinerante-sobre-ballenas\/","name":"[Radio Valpara\u00edso] MHNV inaugur\u00f3 muestra itinerante sobre ballenas","isPartOf":{"@id":"https:\/\/www.filantropiacortessolari.cl\/#website"},"primaryImageOfPage":{"@id":"https:\/\/www.filantropiacortessolari.cl\/radio-valparaiso-mhnv-inauguro-muestra-itinerante-sobre-ballenas\/#primaryimage"},"image":{"@id":"https:\/\/www.filantropiacortessolari.cl\/radio-valparaiso-mhnv-inauguro-muestra-itinerante-sobre-ballenas\/#primaryimage"},"thumbnailUrl":"https:\/\/www.filantropiacortessolari.cl\/wp-content\/uploads\/2019\/11\/cetaceo-770x440.jpg","datePublished":"2019-11-28T15:00:46+00:00","dateModified":"2019-11-28T15:12:03+00:00","author":{"@id":"https:\/\/www.filantropiacortessolari.cl\/#\/schema\/person\/e099cf1046922f4f5892172332dc86c0"},"breadcrumb":{"@id":"https:\/\/www.filantropiacortessolari.cl\/radio-valparaiso-mhnv-inauguro-muestra-itinerante-sobre-ballenas\/#breadcrumb"},"inLanguage":"en-US","potentialAction":[{"@type":"ReadAction","target":["https:\/\/www.filantropiacortessolari.cl\/radio-valparaiso-mhnv-inauguro-muestra-itinerante-sobre-ballenas\/"]}]},{"@type":"ImageObject","inLanguage":"en-US","@id":"https:\/\/www.filantropiacortessolari.cl\/radio-valparaiso-mhnv-inauguro-muestra-itinerante-sobre-ballenas\/#primaryimage","url":"https:\/\/www.filantropiacortessolari.cl\/wp-content\/uploads\/2019\/11\/cetaceo-770x440.jpg","contentUrl":"https:\/\/www.filantropiacortessolari.cl\/wp-content\/uploads\/2019\/11\/cetaceo-770x440.jpg","width":770,"height":440},{"@type":"BreadcrumbList","@id":"https:\/\/www.filantropiacortessolari.cl\/radio-valparaiso-mhnv-inauguro-muestra-itinerante-sobre-ballenas\/#breadcrumb","itemListElement":[{"@type":"ListItem","position":1,"name":"Portada","item":"https:\/\/www.filantropiacortessolari.cl\/"},{"@type":"ListItem","position":2,"name":"[Radio Valpara\u00edso] MHNV inaugur\u00f3 muestra itinerante sobre ballenas"}]},{"@type":"WebSite","@id":"https:\/\/www.filantropiacortessolari.cl\/#website","url":"https:\/\/www.filantropiacortessolari.cl\/","name":"Filantrop\u00eda Cort\u00e9s Solari","description":"Sitio web Filantrop\u00eda Cort\u00e9s Solari","potentialAction":[{"@type":"SearchAction","target":{"@type":"EntryPoint","urlTemplate":"https:\/\/www.filantropiacortessolari.cl\/?s={search_term_string}"},"query-input":{"@type":"PropertyValueSpecification","valueRequired":true,"valueName":"search_term_string"}}],"inLanguage":"en-US"},{"@type":"Person","@id":"https:\/\/www.filantropiacortessolari.cl\/#\/schema\/person\/e099cf1046922f4f5892172332dc86c0","name":"Filantrop\u00eda Cort\u00e9s Solari","image":{"@type":"ImageObject","inLanguage":"en-US","@id":"https:\/\/secure.gravatar.com\/avatar\/9d17bfe24074ed7576e70cbeb8e010cdd7d01fae9f2047bd96cccbe629ec3c11?s=96&d=mm&r=g","url":"https:\/\/secure.gravatar.com\/avatar\/9d17bfe24074ed7576e70cbeb8e010cdd7d01fae9f2047bd96cccbe629ec3c11?s=96&d=mm&r=g","contentUrl":"https:\/\/secure.gravatar.com\/avatar\/9d17bfe24074ed7576e70cbeb8e010cdd7d01fae9f2047bd96cccbe629ec3c11?s=96&d=mm&r=g","caption":"Filantrop\u00eda Cort\u00e9s Solari"},"url":"https:\/\/www.filantropiacortessolari.cl\/en\/author\/filantropia-cortes-solari\/"}]}},"_links":{"self":[{"href":"https:\/\/www.filantropiacortessolari.cl\/en\/wp-json\/wp\/v2\/posts\/8851","targetHints":{"allow":["GET"]}}],"collection":[{"href":"https:\/\/www.filantropiacortessolari.cl\/en\/wp-json\/wp\/v2\/posts"}],"about":[{"href":"https:\/\/www.filantropiacortessolari.cl\/en\/wp-json\/wp\/v2\/types\/post"}],"author":[{"embeddable":true,"href":"https:\/\/www.filantropiacortessolari.cl\/en\/wp-json\/wp\/v2\/users\/1"}],"replies":[{"embeddable":true,"href":"https:\/\/www.filantropiacortessolari.cl\/en\/wp-json\/wp\/v2\/comments?post=8851"}],"version-history":[{"count":1,"href":"https:\/\/www.filantropiacortessolari.cl\/en\/wp-json\/wp\/v2\/posts\/8851\/revisions"}],"predecessor-version":[{"id":8852,"href":"https:\/\/www.filantropiacortessolari.cl\/en\/wp-json\/wp\/v2\/posts\/8851\/revisions\/8852"}],"wp:featuredmedia":[{"embeddable":true,"href":"https:\/\/www.filantropiacortessolari.cl\/en\/wp-json\/wp\/v2\/media\/8853"}],"wp:attachment":[{"href":"https:\/\/www.filantropiacortessolari.cl\/en\/wp-json\/wp\/v2\/media?parent=8851"}],"wp:term":[{"taxonomy":"category","embeddable":true,"href":"https:\/\/www.filantropiacortessolari.cl\/en\/wp-json\/wp\/v2\/categories?post=8851"},{"taxonomy":"post_tag","embeddable":true,"href":"https:\/\/www.filantropiacortessolari.cl\/en\/wp-json\/wp\/v2\/tags?post=8851"}],"curies":[{"name":"wp","href":"https:\/\/api.w.org\/{rel}","templated":true}]}}