{"id":8877,"date":"2019-12-03T16:25:44","date_gmt":"2019-12-03T19:25:44","guid":{"rendered":"https:\/\/www.filantropiacortessolari.cl\/?p=8877"},"modified":"2019-12-04T16:26:20","modified_gmt":"2019-12-04T19:26:20","slug":"fundacion-meri-presenta-tres-paneles-de-discusion-en-la-primera-jornada-de-cop25","status":"publish","type":"post","link":"https:\/\/www.filantropiacortessolari.cl\/en\/fundacion-meri-presenta-tres-paneles-de-discusion-en-la-primera-jornada-de-cop25\/","title":{"rendered":"Fundaci\u00f3n MERI presenta tres paneles de discusi\u00f3n en la primera jornada de COP25"},"content":{"rendered":"<style type=\"text\/css\"><\/style><p>El primer d\u00eda de la COP25, que se celebra en Madrid entre el 2 y el 13 de diciembre, estuvo marcado por una gran asistencia institucional y por eventos y talleres enfocados en el dialogo entre la Ciencia y las Pol\u00edticas P\u00fablicas, de manera de atender la problem\u00e1tica ambiental desde una perspectiva multisectorial.<\/p>\n<p>Por su parte, la Ministra de Medio Ambiente de Chile, Carolina Schmidt, que preside el evento en nombre del pa\u00eds, se\u00f1al\u00f3 que \u201clos efectos del cambio clim\u00e1tico son evidentes. Las olas de calor, las inundaciones, los incendios forestales, los deshielos, las sequ\u00edas son realidades que afectan la vida de todos los habitantes de este planeta. Por eso necesitamos que en esta COP los pa\u00edses tomen compromisos concretos y m\u00e1s ambiciosos que nos permitan reducir las emisiones a nivel global. \u2018Tiempo de Actuar\u2019 no es un eslogan, sino una necesidad real, una exigencia \u00e9tica\u201d.<\/p>\n<p>Como grandes temas de an\u00e1lisis y conversaci\u00f3n figuran las NDC (Contribuciones Determinadas a Nivel Nacional) en el Acuerdo de Par\u00eds, el papel de las empresas para conseguir una econom\u00eda baja en carbono, la apuesta por las energ\u00edas renovables y la neutralidad en las emisiones de gases de efecto invernadero, la implantaci\u00f3n de los Objetivos de Desarrollo Sostenible (ODS), el papel de la ciencia y las nuevas tecnolog\u00edas para conseguir reducir nuestro impacto en el medio, as\u00ed como la ayuda que pueden ofrecer sus investigaciones a los policymakers.<\/p>\n<p>En relaci\u00f3n a esos dos \u00faltimos puntos, Filantrop\u00eda Cort\u00e9s Solari \u2013a trav\u00e9s de su Fundaci\u00f3n MERI- desarroll\u00f3 tres paneles a lo largo del d\u00eda: \u2018Ciencia para la toma de decisiones\u2019, Cambio clim\u00e1tico y pol\u00edticas p\u00fablicas\u2019 y la emisi\u00f3n del documental \u2018Zifio, el \u00faltimo viaje\u2019 con un posterior di\u00e1logo.<\/p>\n<h2><strong>Panel \u201cCiencia para la toma de decisiones\u201d<\/strong><\/h2>\n<p>La implementaci\u00f3n completa del Acuerdo de Par\u00eds comienza en 2020 y los pa\u00edses est\u00e1n actualizando sus NDC, as\u00ed como trabajando en sus estrategias a largo plazo. En este foro se ha hablado del papel de la Ciencia en esos procesos, contando con la participaci\u00f3n de los investigadores Jos\u00e9 Luis Samaniego y Pierce Forster; Maisa Rojas, Coordinadora del Comit\u00e9 Cient\u00edfico Chileno para la COP25; y Leonardo Mu\u00f1oz, Director del \u00e1rea de Ciencia en el Consejo Nacional de Innovaci\u00f3n para el Desarrollo.<\/p>\n<p>Samaniego detall\u00f3 los resultados de un estudio latinoamericano sobre el nivel de implementaci\u00f3n de NDC en la regi\u00f3n, en tanto que Forster, se centr\u00f3 en el caso de Reino Unido, que estableci\u00f3 en la Ley de Cambio Clim\u00e1tico un Comit\u00e9 de Cambio Clim\u00e1tico con la funci\u00f3n de asesorar al Gobierno y a las Administraciones Delegadas sobre los objetivos de emisiones, as\u00ed como de informar al Parlamento sobre los progresos realizados. Maisa Rojas explic\u00f3 la funci\u00f3n del Comit\u00e9 Cient\u00edfico y el Ministerio de Ciencia, destacando que \u201clos cient\u00edficos han realizado una contribuci\u00f3n muy clara a la actualizaci\u00f3n de los NDC ya que los anteriores no eran suficientes\u201d. De hecho, Chile se ha comprometido a llegar la neutralidad en carbono para 2050. Leonardo Mu\u00f1oz enfatiz\u00f3 que \u201cantes el papel de la Ciencia era muy reducido y ahora mismo tiene mucho m\u00e1s impulso y peso para dirigirnos a los distintos grupos de inter\u00e9s gracias al Comit\u00e9 de Ciencia\u201d.<\/p>\n<h2><strong>Panel: \u201cCambio clim\u00e1tico y pol\u00edticas p\u00fablicas\u201d<\/strong><\/h2>\n<p>El objetivo de este panel era concientizar sobre la necesidad de abordar el cambio clim\u00e1tico desde una perspectiva multisectorial, en las agendas gubernamentales, sin limitarse al Ministerio de Medio Ambiente, incorporando adem\u00e1s el di\u00e1logo entre los espacios p\u00fablico, privado y la sociedad civil y convirtiendo a todos ellos en agentes de cambio.<\/p>\n<p>David McGlinchey, Director General de Woods Hole Research Center, se\u00f1al\u00f3 que \u201clas pol\u00edticas p\u00fablicas todav\u00eda necesitan una rigurosa ciencia, una ciencia que tiene que ser capaz de informar a cualquier tipo de p\u00fablico para hacer entender d\u00f3nde tenemos que poner los esfuerzos\u201d. \u201cNo todos los recursos son iguales y es necesario saber c\u00f3mo funcionan para implementar mejores pol\u00edticas. Para eso es \u00fatil la ciencia\u201d, a\u00f1ad\u00eda.<\/p>\n<p>El cient\u00edfico Martial Bernoux centr\u00f3 su discurso en c\u00f3mo afecta el cambio clim\u00e1tico a la producci\u00f3n de alimentos. \u201cCada vez somos m\u00e1s personas en el mundo y la Ciencia y la Tecnolog\u00eda deben ser nuestros aliados para gestionar de manera eficiente los recursos. Si no lo hacemos, en poco tiempo comenzaremos a tener problemas de abastecimiento donde ahora mismo no existen\u201d.<\/p>\n<p>Patricia Morales, Gerente General de Filantrop\u00eda Cort\u00e9s Solari (FCS), explic\u00f3 la importancia de abordar el cambio clim\u00e1tico desde una perspectiva multisectorial, que incluya el \u00e1rea ambiental, social, cultural y econ\u00f3mica. Asimismo, explic\u00f3 que FCS ha aprendido de su trayectoria que \u201cno es posible desarrollar un programa sin pertinencia local. Cada comunidad tiene sus problemas y sus respectivas soluciones, por eso es importante dialogar con la sociedad civil, respetando su cultura y entorno a la hora de hacer pol\u00edticas p\u00fablicas\u201d.<\/p>\n<p>Por \u00faltimo, el abogado especialista en medio ambiente Patricio Leyton coment\u00f3: \u201cNunca hemos hablado de medio ambiente como hasta ahora. Soy optimista, vamos a ser capaces de resolver nuestras diferencias. Estamos aqu\u00ed con una gran intenci\u00f3n, con ganas de asentar un principio de acuerdo\u201d. \u201cEl problema tiene que bajar a la sociedad, no podemos esperar a que los cient\u00edficos y Estados se pongan de acuerdo. Cada uno somos responsables de empezar a cambiar las cosas\u201d, ha concluido.<\/p>\n<h2><strong>Documental y conversatorio \u201cZifio, el \u00faltimo viaje\u201d<\/strong><\/h2>\n<p>El documental, elaborado por Fundaci\u00f3n MERI, presentado en el Pabell\u00f3n Cient\u00edfico, habla de c\u00f3mo los cet\u00e1ceos pueden dar informaci\u00f3n clave para demostrar que el cambio clim\u00e1tico est\u00e1 afectando negativamente a las distintas especies del oc\u00e9ano, hasta el punto de provocar su desorientaci\u00f3n o incluso la muerte. Tambi\u00e9n muestra que el trabajo en equipo y la cooperaci\u00f3n hacen que las investigaciones avancen m\u00e1s r\u00e1pidamente y podamos cambiar conductas. La investigadora de Fundaci\u00f3n MERI, Sonia Espa\u00f1ol Jim\u00e9nez, y el Acad\u00e9mico de la Universidad Palma de Gran Canarias, Antonio Fern\u00e1ndez sostuvieron una interesante conversaci\u00f3n sobre ello.<strong>\u00a0<\/strong><\/p>\n<h2><strong>Apertura oficial del pabell\u00f3n cient\u00edfico IPCC-WMO<\/strong><\/h2>\n<p>Durante esta primera jornada se realiz\u00f3 la apertura oficial del apertura oficial del Pabell\u00f3n Cient\u00edfico IPCC-WMO , patrocinado y coorganizado junto a Filantrop\u00eda Cort\u00e9s Solari.<\/p>\n<p>En el lanzamiento participaron Andr\u00e9s Couve, Ministro de Ciencia, Tecnolog\u00eda, Conocimiento e Innovaci\u00f3n de Chile; Hoesung Lee, Presidente del IPCC; Petteri Taalas, Secretario General de la Organizaci\u00f3n Meteorol\u00f3gica Mundial; y Francisca Cort\u00e9s Solari, Presidenta Ejecutiva de Filantrop\u00eda Cort\u00e9s Solari. Los altos directivos destacaron la importancia de ir en l\u00ednea al desarrollo sustentable, creando puentes entre los\u00a0<em>policymakers<\/em>\u00a0y dem\u00e1s organizaciones. \u201cFCS es una de esas organizaciones ejemplo que trabajan por implantar la sustentabilidad en Chile a trav\u00e9s de distintas acciones\u201d, expres\u00f3 el Ministro Couve, animando a tomar el trabajo de la organizaci\u00f3n filantr\u00f3pica como referencia.<\/p>\n","protected":false},"excerpt":{"rendered":"<p>El primer d\u00eda de la COP25, que se celebra en Madrid entre el 2 y el 13 de diciembre, estuvo marcado por una gran asistencia institucional y por eventos y talleres enfocados en el dialogo entre la Ciencia y las Pol\u00edticas P\u00fablicas, de manera de atender la problem\u00e1tica ambiental desde una perspectiva multisectorial. Por su&#8230;<\/p>\n","protected":false},"author":1,"featured_media":8878,"comment_status":"open","ping_status":"open","sticky":false,"template":"","format":"standard","meta":{"footnotes":""},"categories":[31],"tags":[],"class_list":["post-8877","post","type-post","status-publish","format-standard","has-post-thumbnail","hentry","category-noticias"],"translation":{"provider":"WPGlobus","version":"3.0.2","language":"en","enabled_languages":["es","en"],"languages":{"es":{"title":true,"content":true,"excerpt":false},"en":{"title":false,"content":false,"excerpt":false}}},"yoast_head":"<!-- This site is optimized with the Yoast SEO plugin v27.4 - https:\/\/yoast.com\/product\/yoast-seo-wordpress\/ -->\n<title>Fundaci\u00f3n MERI presenta tres paneles de discusi\u00f3n en la primera jornada de COP25<\/title>\n<meta name=\"robots\" content=\"index, follow, max-snippet:-1, max-image-preview:large, max-video-preview:-1\" \/>\n<link rel=\"canonical\" href=\"https:\/\/www.filantropiacortessolari.cl\/en\/fundacion-meri-presenta-tres-paneles-de-discusion-en-la-primera-jornada-de-cop25\/\" \/>\n<meta property=\"og:locale\" content=\"en_US\" \/>\n<meta property=\"og:type\" content=\"article\" \/>\n<meta property=\"og:title\" content=\"Fundaci\u00f3n MERI presenta tres paneles de discusi\u00f3n en la primera jornada de COP25\" \/>\n<meta property=\"og:url\" content=\"https:\/\/www.filantropiacortessolari.cl\/en\/fundacion-meri-presenta-tres-paneles-de-discusion-en-la-primera-jornada-de-cop25\/\" \/>\n<meta property=\"og:site_name\" content=\"Filantrop\u00eda Cort\u00e9s Solari\" \/>\n<meta property=\"article:published_time\" content=\"2019-12-03T19:25:44+00:00\" \/>\n<meta property=\"article:modified_time\" content=\"2019-12-04T19:26:20+00:00\" \/>\n<meta property=\"og:image\" content=\"https:\/\/www.filantropiacortessolari.cl\/wp-content\/uploads\/2019\/12\/prog.jpeg\" \/>\n\t<meta property=\"og:image:width\" content=\"1280\" \/>\n\t<meta property=\"og:image:height\" content=\"720\" \/>\n\t<meta property=\"og:image:type\" content=\"image\/jpeg\" \/>\n<meta name=\"author\" content=\"Filantrop\u00eda Cort\u00e9s Solari\" \/>\n<meta name=\"twitter:card\" content=\"summary_large_image\" \/>\n<meta name=\"twitter:label1\" content=\"Written by\" \/>\n\t<meta name=\"twitter:data1\" content=\"Filantrop\u00eda Cort\u00e9s Solari\" \/>\n\t<meta name=\"twitter:label2\" content=\"Est. reading time\" \/>\n\t<meta name=\"twitter:data2\" content=\"6 minutes\" \/>\n<script type=\"application\/ld+json\" class=\"yoast-schema-graph\">{\"@context\":\"https:\\\/\\\/schema.org\",\"@graph\":[{\"@type\":\"Article\",\"@id\":\"https:\\\/\\\/www.filantropiacortessolari.cl\\\/en\\\/fundacion-meri-presenta-tres-paneles-de-discusion-en-la-primera-jornada-de-cop25\\\/#article\",\"isPartOf\":{\"@id\":\"https:\\\/\\\/www.filantropiacortessolari.cl\\\/en\\\/fundacion-meri-presenta-tres-paneles-de-discusion-en-la-primera-jornada-de-cop25\\\/\"},\"author\":{\"name\":\"Filantrop\u00eda Cort\u00e9s Solari\",\"@id\":\"https:\\\/\\\/www.filantropiacortessolari.cl\\\/#\\\/schema\\\/person\\\/e099cf1046922f4f5892172332dc86c0\"},\"headline\":\"Fundaci\u00f3n MERI presenta tres paneles de discusi\u00f3n en la primera jornada de COP25\",\"datePublished\":\"2019-12-03T19:25:44+00:00\",\"dateModified\":\"2019-12-04T19:26:20+00:00\",\"mainEntityOfPage\":{\"@id\":\"https:\\\/\\\/www.filantropiacortessolari.cl\\\/en\\\/fundacion-meri-presenta-tres-paneles-de-discusion-en-la-primera-jornada-de-cop25\\\/\"},\"wordCount\":1217,\"commentCount\":0,\"image\":{\"@id\":\"https:\\\/\\\/www.filantropiacortessolari.cl\\\/en\\\/fundacion-meri-presenta-tres-paneles-de-discusion-en-la-primera-jornada-de-cop25\\\/#primaryimage\"},\"thumbnailUrl\":\"https:\\\/\\\/www.filantropiacortessolari.cl\\\/wp-content\\\/uploads\\\/2019\\\/12\\\/prog.jpeg\",\"articleSection\":[\"Noticias\"],\"inLanguage\":\"en-US\",\"potentialAction\":[{\"@type\":\"CommentAction\",\"name\":\"Comment\",\"target\":[\"https:\\\/\\\/www.filantropiacortessolari.cl\\\/en\\\/fundacion-meri-presenta-tres-paneles-de-discusion-en-la-primera-jornada-de-cop25\\\/#respond\"]}]},{\"@type\":\"WebPage\",\"@id\":\"https:\\\/\\\/www.filantropiacortessolari.cl\\\/en\\\/fundacion-meri-presenta-tres-paneles-de-discusion-en-la-primera-jornada-de-cop25\\\/\",\"url\":\"https:\\\/\\\/www.filantropiacortessolari.cl\\\/en\\\/fundacion-meri-presenta-tres-paneles-de-discusion-en-la-primera-jornada-de-cop25\\\/\",\"name\":\"Fundaci\u00f3n MERI presenta tres paneles de discusi\u00f3n en la primera jornada de COP25\",\"isPartOf\":{\"@id\":\"https:\\\/\\\/www.filantropiacortessolari.cl\\\/#website\"},\"primaryImageOfPage\":{\"@id\":\"https:\\\/\\\/www.filantropiacortessolari.cl\\\/en\\\/fundacion-meri-presenta-tres-paneles-de-discusion-en-la-primera-jornada-de-cop25\\\/#primaryimage\"},\"image\":{\"@id\":\"https:\\\/\\\/www.filantropiacortessolari.cl\\\/en\\\/fundacion-meri-presenta-tres-paneles-de-discusion-en-la-primera-jornada-de-cop25\\\/#primaryimage\"},\"thumbnailUrl\":\"https:\\\/\\\/www.filantropiacortessolari.cl\\\/wp-content\\\/uploads\\\/2019\\\/12\\\/prog.jpeg\",\"datePublished\":\"2019-12-03T19:25:44+00:00\",\"dateModified\":\"2019-12-04T19:26:20+00:00\",\"author\":{\"@id\":\"https:\\\/\\\/www.filantropiacortessolari.cl\\\/#\\\/schema\\\/person\\\/e099cf1046922f4f5892172332dc86c0\"},\"breadcrumb\":{\"@id\":\"https:\\\/\\\/www.filantropiacortessolari.cl\\\/en\\\/fundacion-meri-presenta-tres-paneles-de-discusion-en-la-primera-jornada-de-cop25\\\/#breadcrumb\"},\"inLanguage\":\"en-US\",\"potentialAction\":[{\"@type\":\"ReadAction\",\"target\":[\"https:\\\/\\\/www.filantropiacortessolari.cl\\\/en\\\/fundacion-meri-presenta-tres-paneles-de-discusion-en-la-primera-jornada-de-cop25\\\/\"]}]},{\"@type\":\"ImageObject\",\"inLanguage\":\"en-US\",\"@id\":\"https:\\\/\\\/www.filantropiacortessolari.cl\\\/en\\\/fundacion-meri-presenta-tres-paneles-de-discusion-en-la-primera-jornada-de-cop25\\\/#primaryimage\",\"url\":\"https:\\\/\\\/www.filantropiacortessolari.cl\\\/wp-content\\\/uploads\\\/2019\\\/12\\\/prog.jpeg\",\"contentUrl\":\"https:\\\/\\\/www.filantropiacortessolari.cl\\\/wp-content\\\/uploads\\\/2019\\\/12\\\/prog.jpeg\",\"width\":1280,\"height\":720},{\"@type\":\"BreadcrumbList\",\"@id\":\"https:\\\/\\\/www.filantropiacortessolari.cl\\\/en\\\/fundacion-meri-presenta-tres-paneles-de-discusion-en-la-primera-jornada-de-cop25\\\/#breadcrumb\",\"itemListElement\":[{\"@type\":\"ListItem\",\"position\":1,\"name\":\"Portada\",\"item\":\"https:\\\/\\\/www.filantropiacortessolari.cl\\\/\"},{\"@type\":\"ListItem\",\"position\":2,\"name\":\"Fundaci\u00f3n MERI presenta tres paneles de discusi\u00f3n en la primera jornada de COP25\"}]},{\"@type\":\"WebSite\",\"@id\":\"https:\\\/\\\/www.filantropiacortessolari.cl\\\/#website\",\"url\":\"https:\\\/\\\/www.filantropiacortessolari.cl\\\/\",\"name\":\"Filantrop\u00eda Cort\u00e9s Solari\",\"description\":\"Sitio web Filantrop\u00eda Cort\u00e9s Solari\",\"potentialAction\":[{\"@type\":\"SearchAction\",\"target\":{\"@type\":\"EntryPoint\",\"urlTemplate\":\"https:\\\/\\\/www.filantropiacortessolari.cl\\\/?s={search_term_string}\"},\"query-input\":{\"@type\":\"PropertyValueSpecification\",\"valueRequired\":true,\"valueName\":\"search_term_string\"}}],\"inLanguage\":\"en-US\"},{\"@type\":\"Person\",\"@id\":\"https:\\\/\\\/www.filantropiacortessolari.cl\\\/#\\\/schema\\\/person\\\/e099cf1046922f4f5892172332dc86c0\",\"name\":\"Filantrop\u00eda Cort\u00e9s Solari\",\"image\":{\"@type\":\"ImageObject\",\"inLanguage\":\"en-US\",\"@id\":\"https:\\\/\\\/secure.gravatar.com\\\/avatar\\\/9d17bfe24074ed7576e70cbeb8e010cdd7d01fae9f2047bd96cccbe629ec3c11?s=96&d=mm&r=g\",\"url\":\"https:\\\/\\\/secure.gravatar.com\\\/avatar\\\/9d17bfe24074ed7576e70cbeb8e010cdd7d01fae9f2047bd96cccbe629ec3c11?s=96&d=mm&r=g\",\"contentUrl\":\"https:\\\/\\\/secure.gravatar.com\\\/avatar\\\/9d17bfe24074ed7576e70cbeb8e010cdd7d01fae9f2047bd96cccbe629ec3c11?s=96&d=mm&r=g\",\"caption\":\"Filantrop\u00eda Cort\u00e9s Solari\"},\"url\":\"https:\\\/\\\/www.filantropiacortessolari.cl\\\/en\\\/author\\\/filantropia-cortes-solari\\\/\"}]}<\/script>\n<!-- \/ Yoast SEO plugin. -->","yoast_head_json":{"title":"Fundaci\u00f3n MERI presenta tres paneles de discusi\u00f3n en la primera jornada de COP25","robots":{"index":"index","follow":"follow","max-snippet":"max-snippet:-1","max-image-preview":"max-image-preview:large","max-video-preview":"max-video-preview:-1"},"canonical":"https:\/\/www.filantropiacortessolari.cl\/en\/fundacion-meri-presenta-tres-paneles-de-discusion-en-la-primera-jornada-de-cop25\/","og_locale":"en_US","og_type":"article","og_title":"Fundaci\u00f3n MERI presenta tres paneles de discusi\u00f3n en la primera jornada de COP25","og_url":"https:\/\/www.filantropiacortessolari.cl\/en\/fundacion-meri-presenta-tres-paneles-de-discusion-en-la-primera-jornada-de-cop25\/","og_site_name":"Filantrop\u00eda Cort\u00e9s Solari","article_published_time":"2019-12-03T19:25:44+00:00","article_modified_time":"2019-12-04T19:26:20+00:00","og_image":[{"width":1280,"height":720,"url":"https:\/\/www.filantropiacortessolari.cl\/wp-content\/uploads\/2019\/12\/prog.jpeg","type":"image\/jpeg"}],"author":"Filantrop\u00eda Cort\u00e9s Solari","twitter_card":"summary_large_image","twitter_misc":{"Written by":"Filantrop\u00eda Cort\u00e9s Solari","Est. reading time":"6 minutes"},"schema":{"@context":"https:\/\/schema.org","@graph":[{"@type":"Article","@id":"https:\/\/www.filantropiacortessolari.cl\/en\/fundacion-meri-presenta-tres-paneles-de-discusion-en-la-primera-jornada-de-cop25\/#article","isPartOf":{"@id":"https:\/\/www.filantropiacortessolari.cl\/en\/fundacion-meri-presenta-tres-paneles-de-discusion-en-la-primera-jornada-de-cop25\/"},"author":{"name":"Filantrop\u00eda Cort\u00e9s Solari","@id":"https:\/\/www.filantropiacortessolari.cl\/#\/schema\/person\/e099cf1046922f4f5892172332dc86c0"},"headline":"Fundaci\u00f3n MERI presenta tres paneles de discusi\u00f3n en la primera jornada de COP25","datePublished":"2019-12-03T19:25:44+00:00","dateModified":"2019-12-04T19:26:20+00:00","mainEntityOfPage":{"@id":"https:\/\/www.filantropiacortessolari.cl\/en\/fundacion-meri-presenta-tres-paneles-de-discusion-en-la-primera-jornada-de-cop25\/"},"wordCount":1217,"commentCount":0,"image":{"@id":"https:\/\/www.filantropiacortessolari.cl\/en\/fundacion-meri-presenta-tres-paneles-de-discusion-en-la-primera-jornada-de-cop25\/#primaryimage"},"thumbnailUrl":"https:\/\/www.filantropiacortessolari.cl\/wp-content\/uploads\/2019\/12\/prog.jpeg","articleSection":["Noticias"],"inLanguage":"en-US","potentialAction":[{"@type":"CommentAction","name":"Comment","target":["https:\/\/www.filantropiacortessolari.cl\/en\/fundacion-meri-presenta-tres-paneles-de-discusion-en-la-primera-jornada-de-cop25\/#respond"]}]},{"@type":"WebPage","@id":"https:\/\/www.filantropiacortessolari.cl\/en\/fundacion-meri-presenta-tres-paneles-de-discusion-en-la-primera-jornada-de-cop25\/","url":"https:\/\/www.filantropiacortessolari.cl\/en\/fundacion-meri-presenta-tres-paneles-de-discusion-en-la-primera-jornada-de-cop25\/","name":"Fundaci\u00f3n MERI presenta tres paneles de discusi\u00f3n en la primera jornada de COP25","isPartOf":{"@id":"https:\/\/www.filantropiacortessolari.cl\/#website"},"primaryImageOfPage":{"@id":"https:\/\/www.filantropiacortessolari.cl\/en\/fundacion-meri-presenta-tres-paneles-de-discusion-en-la-primera-jornada-de-cop25\/#primaryimage"},"image":{"@id":"https:\/\/www.filantropiacortessolari.cl\/en\/fundacion-meri-presenta-tres-paneles-de-discusion-en-la-primera-jornada-de-cop25\/#primaryimage"},"thumbnailUrl":"https:\/\/www.filantropiacortessolari.cl\/wp-content\/uploads\/2019\/12\/prog.jpeg","datePublished":"2019-12-03T19:25:44+00:00","dateModified":"2019-12-04T19:26:20+00:00","author":{"@id":"https:\/\/www.filantropiacortessolari.cl\/#\/schema\/person\/e099cf1046922f4f5892172332dc86c0"},"breadcrumb":{"@id":"https:\/\/www.filantropiacortessolari.cl\/en\/fundacion-meri-presenta-tres-paneles-de-discusion-en-la-primera-jornada-de-cop25\/#breadcrumb"},"inLanguage":"en-US","potentialAction":[{"@type":"ReadAction","target":["https:\/\/www.filantropiacortessolari.cl\/en\/fundacion-meri-presenta-tres-paneles-de-discusion-en-la-primera-jornada-de-cop25\/"]}]},{"@type":"ImageObject","inLanguage":"en-US","@id":"https:\/\/www.filantropiacortessolari.cl\/en\/fundacion-meri-presenta-tres-paneles-de-discusion-en-la-primera-jornada-de-cop25\/#primaryimage","url":"https:\/\/www.filantropiacortessolari.cl\/wp-content\/uploads\/2019\/12\/prog.jpeg","contentUrl":"https:\/\/www.filantropiacortessolari.cl\/wp-content\/uploads\/2019\/12\/prog.jpeg","width":1280,"height":720},{"@type":"BreadcrumbList","@id":"https:\/\/www.filantropiacortessolari.cl\/en\/fundacion-meri-presenta-tres-paneles-de-discusion-en-la-primera-jornada-de-cop25\/#breadcrumb","itemListElement":[{"@type":"ListItem","position":1,"name":"Portada","item":"https:\/\/www.filantropiacortessolari.cl\/"},{"@type":"ListItem","position":2,"name":"Fundaci\u00f3n MERI presenta tres paneles de discusi\u00f3n en la primera jornada de COP25"}]},{"@type":"WebSite","@id":"https:\/\/www.filantropiacortessolari.cl\/#website","url":"https:\/\/www.filantropiacortessolari.cl\/","name":"Filantrop\u00eda Cort\u00e9s Solari","description":"Sitio web Filantrop\u00eda Cort\u00e9s Solari","potentialAction":[{"@type":"SearchAction","target":{"@type":"EntryPoint","urlTemplate":"https:\/\/www.filantropiacortessolari.cl\/?s={search_term_string}"},"query-input":{"@type":"PropertyValueSpecification","valueRequired":true,"valueName":"search_term_string"}}],"inLanguage":"en-US"},{"@type":"Person","@id":"https:\/\/www.filantropiacortessolari.cl\/#\/schema\/person\/e099cf1046922f4f5892172332dc86c0","name":"Filantrop\u00eda Cort\u00e9s Solari","image":{"@type":"ImageObject","inLanguage":"en-US","@id":"https:\/\/secure.gravatar.com\/avatar\/9d17bfe24074ed7576e70cbeb8e010cdd7d01fae9f2047bd96cccbe629ec3c11?s=96&d=mm&r=g","url":"https:\/\/secure.gravatar.com\/avatar\/9d17bfe24074ed7576e70cbeb8e010cdd7d01fae9f2047bd96cccbe629ec3c11?s=96&d=mm&r=g","contentUrl":"https:\/\/secure.gravatar.com\/avatar\/9d17bfe24074ed7576e70cbeb8e010cdd7d01fae9f2047bd96cccbe629ec3c11?s=96&d=mm&r=g","caption":"Filantrop\u00eda Cort\u00e9s Solari"},"url":"https:\/\/www.filantropiacortessolari.cl\/en\/author\/filantropia-cortes-solari\/"}]}},"_links":{"self":[{"href":"https:\/\/www.filantropiacortessolari.cl\/en\/wp-json\/wp\/v2\/posts\/8877","targetHints":{"allow":["GET"]}}],"collection":[{"href":"https:\/\/www.filantropiacortessolari.cl\/en\/wp-json\/wp\/v2\/posts"}],"about":[{"href":"https:\/\/www.filantropiacortessolari.cl\/en\/wp-json\/wp\/v2\/types\/post"}],"author":[{"embeddable":true,"href":"https:\/\/www.filantropiacortessolari.cl\/en\/wp-json\/wp\/v2\/users\/1"}],"replies":[{"embeddable":true,"href":"https:\/\/www.filantropiacortessolari.cl\/en\/wp-json\/wp\/v2\/comments?post=8877"}],"version-history":[{"count":1,"href":"https:\/\/www.filantropiacortessolari.cl\/en\/wp-json\/wp\/v2\/posts\/8877\/revisions"}],"predecessor-version":[{"id":8879,"href":"https:\/\/www.filantropiacortessolari.cl\/en\/wp-json\/wp\/v2\/posts\/8877\/revisions\/8879"}],"wp:featuredmedia":[{"embeddable":true,"href":"https:\/\/www.filantropiacortessolari.cl\/en\/wp-json\/wp\/v2\/media\/8878"}],"wp:attachment":[{"href":"https:\/\/www.filantropiacortessolari.cl\/en\/wp-json\/wp\/v2\/media?parent=8877"}],"wp:term":[{"taxonomy":"category","embeddable":true,"href":"https:\/\/www.filantropiacortessolari.cl\/en\/wp-json\/wp\/v2\/categories?post=8877"},{"taxonomy":"post_tag","embeddable":true,"href":"https:\/\/www.filantropiacortessolari.cl\/en\/wp-json\/wp\/v2\/tags?post=8877"}],"curies":[{"name":"wp","href":"https:\/\/api.w.org\/{rel}","templated":true}]}}