{"id":8896,"date":"2019-12-06T10:52:22","date_gmt":"2019-12-06T13:52:22","guid":{"rendered":"https:\/\/www.filantropiacortessolari.cl\/?p=8896"},"modified":"2019-12-06T11:14:39","modified_gmt":"2019-12-06T14:14:39","slug":"radio-duna-entrevista-a-sonia-espanol-jimenez-directora-del-area-cetaceos-de-fundacion-meri","status":"publish","type":"post","link":"https:\/\/www.filantropiacortessolari.cl\/en\/radio-duna-entrevista-a-sonia-espanol-jimenez-directora-del-area-cetaceos-de-fundacion-meri\/","title":{"rendered":"[Radio Duna] Entrevista a Sonia Espa\u00f1ol-Jim\u00e9nez, directora del \u00e1rea cet\u00e1ceos de Fundaci\u00f3n MERI"},"content":{"rendered":"<style type=\"text\/css\"><\/style><p align=\"justify\">Encargada del pabell\u00f3n cient\u00edfico de la Cop25: \u201cLo importante es que no somos s\u00f3lo cient\u00edficos hablando de estos temas, tambi\u00e9n hay economistas\u201d Aire Fresco Encargada del pabell\u00f3n cient\u00edfico de la Cop25: \u201cLo importante es que no somos s\u00f3lo cient\u00edficos hablando de estos temas, tambi\u00e9n hay economistas\u201d Sonia Espa\u00f1ol ballenas ecosistema Polo Ram\u00edrez convers\u00f3 con Sonia Espa\u00f1ol, directora del \u00e1rea de cet\u00e1ceos de la\u00a0<b>Fundaci\u00f3n<\/b>\u00a0<b>Meri<\/b>\u00a0y hablaron sobre el desarrollo de la Conferencia de las Partes en Madrid. La cient\u00edfica tambi\u00e9n destac\u00f3 la importancia que le han dado este a\u00f1o a la conservaci\u00f3n de los oc\u00e9anos.<\/p>\n<p align=\"justify\">Tema:<br \/>\n&#8211; Da\u00f1os a los oc\u00e9anos por la contaminaci\u00f3n medioambiental.<br \/>\n&#8211; Informe de la COP25 sobre los oc\u00e9anos.<br \/>\n&#8211; Traslado de la sede de Santiago a Madrid.<\/p>\n<p>Menci\u00f3n:<br \/>\n&#8211; Filantrop\u00eda Aportes Solari.<br \/>\n&#8211; Banco Mundial.<\/p>\n<p>Conduce: Polo Ram\u00edrez.<\/p>\n<audio class=\"wp-audio-shortcode\" id=\"audio-8896-1\" preload=\"none\" style=\"width: 100%;\" controls=\"controls\"><source type=\"audio\/mpeg\" src=\"https:\/\/www.filantropiacortessolari.cl\/wp-content\/uploads\/2019\/12\/8765874.mp3?_=1\" \/><a href=\"https:\/\/www.filantropiacortessolari.cl\/wp-content\/uploads\/2019\/12\/8765874.mp3\">https:\/\/www.filantropiacortessolari.cl\/wp-content\/uploads\/2019\/12\/8765874.mp3<\/a><\/audio>\n<p>&nbsp;<\/p>\n","protected":false},"excerpt":{"rendered":"<p>Encargada del pabell\u00f3n cient\u00edfico de la Cop25: \u201cLo importante es que no somos s\u00f3lo cient\u00edficos hablando de estos temas, tambi\u00e9n hay economistas\u201d Aire Fresco Encargada del pabell\u00f3n cient\u00edfico de la Cop25: \u201cLo importante es que no somos s\u00f3lo cient\u00edficos hablando de estos temas, tambi\u00e9n hay economistas\u201d Sonia Espa\u00f1ol ballenas ecosistema Polo Ram\u00edrez convers\u00f3 con Sonia&#8230;<\/p>\n","protected":false},"author":1,"featured_media":8899,"comment_status":"open","ping_status":"open","sticky":false,"template":"","format":"standard","meta":{"footnotes":""},"categories":[31,5,6],"tags":[],"class_list":["post-8896","post","type-post","status-publish","format-standard","has-post-thumbnail","hentry","category-noticias","category-prensa-escrita","category-fundacion-meri"],"translation":{"provider":"WPGlobus","version":"3.0.2","language":"en","enabled_languages":["es","en"],"languages":{"es":{"title":true,"content":true,"excerpt":false},"en":{"title":false,"content":false,"excerpt":false}}},"yoast_head":"<!-- This site is optimized with the Yoast SEO plugin v27.4 - https:\/\/yoast.com\/product\/yoast-seo-wordpress\/ -->\n<title>[Radio Duna] Entrevista a Sonia Espa\u00f1ol-Jim\u00e9nez, directora del \u00e1rea cet\u00e1ceos de Fundaci\u00f3n MERI<\/title>\n<meta name=\"robots\" content=\"index, follow, max-snippet:-1, max-image-preview:large, max-video-preview:-1\" \/>\n<link rel=\"canonical\" href=\"https:\/\/www.filantropiacortessolari.cl\/radio-duna-entrevista-a-sonia-espanol-jimenez-directora-del-area-cetaceos-de-fundacion-meri\/\" \/>\n<meta property=\"og:locale\" content=\"en_US\" \/>\n<meta property=\"og:type\" content=\"article\" \/>\n<meta property=\"og:title\" content=\"[Radio Duna] Entrevista a Sonia Espa\u00f1ol-Jim\u00e9nez, directora del \u00e1rea cet\u00e1ceos de Fundaci\u00f3n MERI\" \/>\n<meta property=\"og:url\" content=\"https:\/\/www.filantropiacortessolari.cl\/radio-duna-entrevista-a-sonia-espanol-jimenez-directora-del-area-cetaceos-de-fundacion-meri\/\" \/>\n<meta property=\"og:site_name\" content=\"Filantrop\u00eda Cort\u00e9s Solari\" \/>\n<meta property=\"article:published_time\" content=\"2019-12-06T13:52:22+00:00\" \/>\n<meta property=\"article:modified_time\" content=\"2019-12-06T14:14:39+00:00\" \/>\n<meta property=\"og:image\" content=\"https:\/\/www.filantropiacortessolari.cl\/wp-content\/uploads\/2019\/12\/sonia.jpeg\" \/>\n\t<meta property=\"og:image:width\" content=\"1280\" \/>\n\t<meta property=\"og:image:height\" content=\"853\" \/>\n\t<meta property=\"og:image:type\" content=\"image\/jpeg\" \/>\n<meta name=\"author\" content=\"Filantrop\u00eda Cort\u00e9s Solari\" \/>\n<meta name=\"twitter:card\" content=\"summary_large_image\" \/>\n<meta name=\"twitter:label1\" content=\"Written by\" \/>\n\t<meta name=\"twitter:data1\" content=\"Filantrop\u00eda Cort\u00e9s Solari\" \/>\n\t<meta name=\"twitter:label2\" content=\"Est. reading time\" \/>\n\t<meta name=\"twitter:data2\" content=\"1 minute\" \/>\n<script type=\"application\/ld+json\" class=\"yoast-schema-graph\">{\"@context\":\"https:\\\/\\\/schema.org\",\"@graph\":[{\"@type\":\"Article\",\"@id\":\"https:\\\/\\\/www.filantropiacortessolari.cl\\\/radio-duna-entrevista-a-sonia-espanol-jimenez-directora-del-area-cetaceos-de-fundacion-meri\\\/#article\",\"isPartOf\":{\"@id\":\"https:\\\/\\\/www.filantropiacortessolari.cl\\\/radio-duna-entrevista-a-sonia-espanol-jimenez-directora-del-area-cetaceos-de-fundacion-meri\\\/\"},\"author\":{\"name\":\"Filantrop\u00eda Cort\u00e9s Solari\",\"@id\":\"https:\\\/\\\/www.filantropiacortessolari.cl\\\/#\\\/schema\\\/person\\\/e099cf1046922f4f5892172332dc86c0\"},\"headline\":\"[Radio Duna] Entrevista a Sonia Espa\u00f1ol-Jim\u00e9nez, directora del \u00e1rea cet\u00e1ceos de Fundaci\u00f3n MERI\",\"datePublished\":\"2019-12-06T13:52:22+00:00\",\"dateModified\":\"2019-12-06T14:14:39+00:00\",\"mainEntityOfPage\":{\"@id\":\"https:\\\/\\\/www.filantropiacortessolari.cl\\\/radio-duna-entrevista-a-sonia-espanol-jimenez-directora-del-area-cetaceos-de-fundacion-meri\\\/\"},\"wordCount\":189,\"commentCount\":0,\"image\":{\"@id\":\"https:\\\/\\\/www.filantropiacortessolari.cl\\\/radio-duna-entrevista-a-sonia-espanol-jimenez-directora-del-area-cetaceos-de-fundacion-meri\\\/#primaryimage\"},\"thumbnailUrl\":\"https:\\\/\\\/www.filantropiacortessolari.cl\\\/wp-content\\\/uploads\\\/2019\\\/12\\\/sonia.jpeg\",\"articleSection\":[\"Noticias\",\"Prensa Escrita\",\"Prensa MERI\"],\"inLanguage\":\"en-US\",\"potentialAction\":[{\"@type\":\"CommentAction\",\"name\":\"Comment\",\"target\":[\"https:\\\/\\\/www.filantropiacortessolari.cl\\\/radio-duna-entrevista-a-sonia-espanol-jimenez-directora-del-area-cetaceos-de-fundacion-meri\\\/#respond\"]}]},{\"@type\":\"WebPage\",\"@id\":\"https:\\\/\\\/www.filantropiacortessolari.cl\\\/radio-duna-entrevista-a-sonia-espanol-jimenez-directora-del-area-cetaceos-de-fundacion-meri\\\/\",\"url\":\"https:\\\/\\\/www.filantropiacortessolari.cl\\\/radio-duna-entrevista-a-sonia-espanol-jimenez-directora-del-area-cetaceos-de-fundacion-meri\\\/\",\"name\":\"[Radio Duna] Entrevista a Sonia Espa\u00f1ol-Jim\u00e9nez, directora del \u00e1rea cet\u00e1ceos de Fundaci\u00f3n MERI\",\"isPartOf\":{\"@id\":\"https:\\\/\\\/www.filantropiacortessolari.cl\\\/#website\"},\"primaryImageOfPage\":{\"@id\":\"https:\\\/\\\/www.filantropiacortessolari.cl\\\/radio-duna-entrevista-a-sonia-espanol-jimenez-directora-del-area-cetaceos-de-fundacion-meri\\\/#primaryimage\"},\"image\":{\"@id\":\"https:\\\/\\\/www.filantropiacortessolari.cl\\\/radio-duna-entrevista-a-sonia-espanol-jimenez-directora-del-area-cetaceos-de-fundacion-meri\\\/#primaryimage\"},\"thumbnailUrl\":\"https:\\\/\\\/www.filantropiacortessolari.cl\\\/wp-content\\\/uploads\\\/2019\\\/12\\\/sonia.jpeg\",\"datePublished\":\"2019-12-06T13:52:22+00:00\",\"dateModified\":\"2019-12-06T14:14:39+00:00\",\"author\":{\"@id\":\"https:\\\/\\\/www.filantropiacortessolari.cl\\\/#\\\/schema\\\/person\\\/e099cf1046922f4f5892172332dc86c0\"},\"breadcrumb\":{\"@id\":\"https:\\\/\\\/www.filantropiacortessolari.cl\\\/radio-duna-entrevista-a-sonia-espanol-jimenez-directora-del-area-cetaceos-de-fundacion-meri\\\/#breadcrumb\"},\"inLanguage\":\"en-US\",\"potentialAction\":[{\"@type\":\"ReadAction\",\"target\":[\"https:\\\/\\\/www.filantropiacortessolari.cl\\\/radio-duna-entrevista-a-sonia-espanol-jimenez-directora-del-area-cetaceos-de-fundacion-meri\\\/\"]}]},{\"@type\":\"ImageObject\",\"inLanguage\":\"en-US\",\"@id\":\"https:\\\/\\\/www.filantropiacortessolari.cl\\\/radio-duna-entrevista-a-sonia-espanol-jimenez-directora-del-area-cetaceos-de-fundacion-meri\\\/#primaryimage\",\"url\":\"https:\\\/\\\/www.filantropiacortessolari.cl\\\/wp-content\\\/uploads\\\/2019\\\/12\\\/sonia.jpeg\",\"contentUrl\":\"https:\\\/\\\/www.filantropiacortessolari.cl\\\/wp-content\\\/uploads\\\/2019\\\/12\\\/sonia.jpeg\",\"width\":1280,\"height\":853},{\"@type\":\"BreadcrumbList\",\"@id\":\"https:\\\/\\\/www.filantropiacortessolari.cl\\\/radio-duna-entrevista-a-sonia-espanol-jimenez-directora-del-area-cetaceos-de-fundacion-meri\\\/#breadcrumb\",\"itemListElement\":[{\"@type\":\"ListItem\",\"position\":1,\"name\":\"Portada\",\"item\":\"https:\\\/\\\/www.filantropiacortessolari.cl\\\/\"},{\"@type\":\"ListItem\",\"position\":2,\"name\":\"[Radio Duna] Entrevista a Sonia Espa\u00f1ol-Jim\u00e9nez, directora del \u00e1rea cet\u00e1ceos de Fundaci\u00f3n MERI\"}]},{\"@type\":\"WebSite\",\"@id\":\"https:\\\/\\\/www.filantropiacortessolari.cl\\\/#website\",\"url\":\"https:\\\/\\\/www.filantropiacortessolari.cl\\\/\",\"name\":\"Filantrop\u00eda Cort\u00e9s Solari\",\"description\":\"Sitio web Filantrop\u00eda Cort\u00e9s Solari\",\"potentialAction\":[{\"@type\":\"SearchAction\",\"target\":{\"@type\":\"EntryPoint\",\"urlTemplate\":\"https:\\\/\\\/www.filantropiacortessolari.cl\\\/?s={search_term_string}\"},\"query-input\":{\"@type\":\"PropertyValueSpecification\",\"valueRequired\":true,\"valueName\":\"search_term_string\"}}],\"inLanguage\":\"en-US\"},{\"@type\":\"Person\",\"@id\":\"https:\\\/\\\/www.filantropiacortessolari.cl\\\/#\\\/schema\\\/person\\\/e099cf1046922f4f5892172332dc86c0\",\"name\":\"Filantrop\u00eda Cort\u00e9s Solari\",\"image\":{\"@type\":\"ImageObject\",\"inLanguage\":\"en-US\",\"@id\":\"https:\\\/\\\/secure.gravatar.com\\\/avatar\\\/9d17bfe24074ed7576e70cbeb8e010cdd7d01fae9f2047bd96cccbe629ec3c11?s=96&d=mm&r=g\",\"url\":\"https:\\\/\\\/secure.gravatar.com\\\/avatar\\\/9d17bfe24074ed7576e70cbeb8e010cdd7d01fae9f2047bd96cccbe629ec3c11?s=96&d=mm&r=g\",\"contentUrl\":\"https:\\\/\\\/secure.gravatar.com\\\/avatar\\\/9d17bfe24074ed7576e70cbeb8e010cdd7d01fae9f2047bd96cccbe629ec3c11?s=96&d=mm&r=g\",\"caption\":\"Filantrop\u00eda Cort\u00e9s Solari\"},\"url\":\"https:\\\/\\\/www.filantropiacortessolari.cl\\\/en\\\/author\\\/filantropia-cortes-solari\\\/\"}]}<\/script>\n<!-- \/ Yoast SEO plugin. -->","yoast_head_json":{"title":"[Radio Duna] Entrevista a Sonia Espa\u00f1ol-Jim\u00e9nez, directora del \u00e1rea cet\u00e1ceos de Fundaci\u00f3n MERI","robots":{"index":"index","follow":"follow","max-snippet":"max-snippet:-1","max-image-preview":"max-image-preview:large","max-video-preview":"max-video-preview:-1"},"canonical":"https:\/\/www.filantropiacortessolari.cl\/radio-duna-entrevista-a-sonia-espanol-jimenez-directora-del-area-cetaceos-de-fundacion-meri\/","og_locale":"en_US","og_type":"article","og_title":"[Radio Duna] Entrevista a Sonia Espa\u00f1ol-Jim\u00e9nez, directora del \u00e1rea cet\u00e1ceos de Fundaci\u00f3n MERI","og_url":"https:\/\/www.filantropiacortessolari.cl\/radio-duna-entrevista-a-sonia-espanol-jimenez-directora-del-area-cetaceos-de-fundacion-meri\/","og_site_name":"Filantrop\u00eda Cort\u00e9s Solari","article_published_time":"2019-12-06T13:52:22+00:00","article_modified_time":"2019-12-06T14:14:39+00:00","og_image":[{"width":1280,"height":853,"url":"https:\/\/www.filantropiacortessolari.cl\/wp-content\/uploads\/2019\/12\/sonia.jpeg","type":"image\/jpeg"}],"author":"Filantrop\u00eda Cort\u00e9s Solari","twitter_card":"summary_large_image","twitter_misc":{"Written by":"Filantrop\u00eda Cort\u00e9s Solari","Est. reading time":"1 minute"},"schema":{"@context":"https:\/\/schema.org","@graph":[{"@type":"Article","@id":"https:\/\/www.filantropiacortessolari.cl\/radio-duna-entrevista-a-sonia-espanol-jimenez-directora-del-area-cetaceos-de-fundacion-meri\/#article","isPartOf":{"@id":"https:\/\/www.filantropiacortessolari.cl\/radio-duna-entrevista-a-sonia-espanol-jimenez-directora-del-area-cetaceos-de-fundacion-meri\/"},"author":{"name":"Filantrop\u00eda Cort\u00e9s Solari","@id":"https:\/\/www.filantropiacortessolari.cl\/#\/schema\/person\/e099cf1046922f4f5892172332dc86c0"},"headline":"[Radio Duna] Entrevista a Sonia Espa\u00f1ol-Jim\u00e9nez, directora del \u00e1rea cet\u00e1ceos de Fundaci\u00f3n MERI","datePublished":"2019-12-06T13:52:22+00:00","dateModified":"2019-12-06T14:14:39+00:00","mainEntityOfPage":{"@id":"https:\/\/www.filantropiacortessolari.cl\/radio-duna-entrevista-a-sonia-espanol-jimenez-directora-del-area-cetaceos-de-fundacion-meri\/"},"wordCount":189,"commentCount":0,"image":{"@id":"https:\/\/www.filantropiacortessolari.cl\/radio-duna-entrevista-a-sonia-espanol-jimenez-directora-del-area-cetaceos-de-fundacion-meri\/#primaryimage"},"thumbnailUrl":"https:\/\/www.filantropiacortessolari.cl\/wp-content\/uploads\/2019\/12\/sonia.jpeg","articleSection":["Noticias","Prensa Escrita","Prensa MERI"],"inLanguage":"en-US","potentialAction":[{"@type":"CommentAction","name":"Comment","target":["https:\/\/www.filantropiacortessolari.cl\/radio-duna-entrevista-a-sonia-espanol-jimenez-directora-del-area-cetaceos-de-fundacion-meri\/#respond"]}]},{"@type":"WebPage","@id":"https:\/\/www.filantropiacortessolari.cl\/radio-duna-entrevista-a-sonia-espanol-jimenez-directora-del-area-cetaceos-de-fundacion-meri\/","url":"https:\/\/www.filantropiacortessolari.cl\/radio-duna-entrevista-a-sonia-espanol-jimenez-directora-del-area-cetaceos-de-fundacion-meri\/","name":"[Radio Duna] Entrevista a Sonia Espa\u00f1ol-Jim\u00e9nez, directora del \u00e1rea cet\u00e1ceos de Fundaci\u00f3n MERI","isPartOf":{"@id":"https:\/\/www.filantropiacortessolari.cl\/#website"},"primaryImageOfPage":{"@id":"https:\/\/www.filantropiacortessolari.cl\/radio-duna-entrevista-a-sonia-espanol-jimenez-directora-del-area-cetaceos-de-fundacion-meri\/#primaryimage"},"image":{"@id":"https:\/\/www.filantropiacortessolari.cl\/radio-duna-entrevista-a-sonia-espanol-jimenez-directora-del-area-cetaceos-de-fundacion-meri\/#primaryimage"},"thumbnailUrl":"https:\/\/www.filantropiacortessolari.cl\/wp-content\/uploads\/2019\/12\/sonia.jpeg","datePublished":"2019-12-06T13:52:22+00:00","dateModified":"2019-12-06T14:14:39+00:00","author":{"@id":"https:\/\/www.filantropiacortessolari.cl\/#\/schema\/person\/e099cf1046922f4f5892172332dc86c0"},"breadcrumb":{"@id":"https:\/\/www.filantropiacortessolari.cl\/radio-duna-entrevista-a-sonia-espanol-jimenez-directora-del-area-cetaceos-de-fundacion-meri\/#breadcrumb"},"inLanguage":"en-US","potentialAction":[{"@type":"ReadAction","target":["https:\/\/www.filantropiacortessolari.cl\/radio-duna-entrevista-a-sonia-espanol-jimenez-directora-del-area-cetaceos-de-fundacion-meri\/"]}]},{"@type":"ImageObject","inLanguage":"en-US","@id":"https:\/\/www.filantropiacortessolari.cl\/radio-duna-entrevista-a-sonia-espanol-jimenez-directora-del-area-cetaceos-de-fundacion-meri\/#primaryimage","url":"https:\/\/www.filantropiacortessolari.cl\/wp-content\/uploads\/2019\/12\/sonia.jpeg","contentUrl":"https:\/\/www.filantropiacortessolari.cl\/wp-content\/uploads\/2019\/12\/sonia.jpeg","width":1280,"height":853},{"@type":"BreadcrumbList","@id":"https:\/\/www.filantropiacortessolari.cl\/radio-duna-entrevista-a-sonia-espanol-jimenez-directora-del-area-cetaceos-de-fundacion-meri\/#breadcrumb","itemListElement":[{"@type":"ListItem","position":1,"name":"Portada","item":"https:\/\/www.filantropiacortessolari.cl\/"},{"@type":"ListItem","position":2,"name":"[Radio Duna] Entrevista a Sonia Espa\u00f1ol-Jim\u00e9nez, directora del \u00e1rea cet\u00e1ceos de Fundaci\u00f3n MERI"}]},{"@type":"WebSite","@id":"https:\/\/www.filantropiacortessolari.cl\/#website","url":"https:\/\/www.filantropiacortessolari.cl\/","name":"Filantrop\u00eda Cort\u00e9s Solari","description":"Sitio web Filantrop\u00eda Cort\u00e9s Solari","potentialAction":[{"@type":"SearchAction","target":{"@type":"EntryPoint","urlTemplate":"https:\/\/www.filantropiacortessolari.cl\/?s={search_term_string}"},"query-input":{"@type":"PropertyValueSpecification","valueRequired":true,"valueName":"search_term_string"}}],"inLanguage":"en-US"},{"@type":"Person","@id":"https:\/\/www.filantropiacortessolari.cl\/#\/schema\/person\/e099cf1046922f4f5892172332dc86c0","name":"Filantrop\u00eda Cort\u00e9s Solari","image":{"@type":"ImageObject","inLanguage":"en-US","@id":"https:\/\/secure.gravatar.com\/avatar\/9d17bfe24074ed7576e70cbeb8e010cdd7d01fae9f2047bd96cccbe629ec3c11?s=96&d=mm&r=g","url":"https:\/\/secure.gravatar.com\/avatar\/9d17bfe24074ed7576e70cbeb8e010cdd7d01fae9f2047bd96cccbe629ec3c11?s=96&d=mm&r=g","contentUrl":"https:\/\/secure.gravatar.com\/avatar\/9d17bfe24074ed7576e70cbeb8e010cdd7d01fae9f2047bd96cccbe629ec3c11?s=96&d=mm&r=g","caption":"Filantrop\u00eda Cort\u00e9s Solari"},"url":"https:\/\/www.filantropiacortessolari.cl\/en\/author\/filantropia-cortes-solari\/"}]}},"_links":{"self":[{"href":"https:\/\/www.filantropiacortessolari.cl\/en\/wp-json\/wp\/v2\/posts\/8896","targetHints":{"allow":["GET"]}}],"collection":[{"href":"https:\/\/www.filantropiacortessolari.cl\/en\/wp-json\/wp\/v2\/posts"}],"about":[{"href":"https:\/\/www.filantropiacortessolari.cl\/en\/wp-json\/wp\/v2\/types\/post"}],"author":[{"embeddable":true,"href":"https:\/\/www.filantropiacortessolari.cl\/en\/wp-json\/wp\/v2\/users\/1"}],"replies":[{"embeddable":true,"href":"https:\/\/www.filantropiacortessolari.cl\/en\/wp-json\/wp\/v2\/comments?post=8896"}],"version-history":[{"count":2,"href":"https:\/\/www.filantropiacortessolari.cl\/en\/wp-json\/wp\/v2\/posts\/8896\/revisions"}],"predecessor-version":[{"id":8902,"href":"https:\/\/www.filantropiacortessolari.cl\/en\/wp-json\/wp\/v2\/posts\/8896\/revisions\/8902"}],"wp:featuredmedia":[{"embeddable":true,"href":"https:\/\/www.filantropiacortessolari.cl\/en\/wp-json\/wp\/v2\/media\/8899"}],"wp:attachment":[{"href":"https:\/\/www.filantropiacortessolari.cl\/en\/wp-json\/wp\/v2\/media?parent=8896"}],"wp:term":[{"taxonomy":"category","embeddable":true,"href":"https:\/\/www.filantropiacortessolari.cl\/en\/wp-json\/wp\/v2\/categories?post=8896"},{"taxonomy":"post_tag","embeddable":true,"href":"https:\/\/www.filantropiacortessolari.cl\/en\/wp-json\/wp\/v2\/tags?post=8896"}],"curies":[{"name":"wp","href":"https:\/\/api.w.org\/{rel}","templated":true}]}}