{"id":9003,"date":"2019-12-13T18:11:42","date_gmt":"2019-12-13T21:11:42","guid":{"rendered":"https:\/\/www.filantropiacortessolari.cl\/?p=9003"},"modified":"2019-12-13T18:11:42","modified_gmt":"2019-12-13T21:11:42","slug":"tras-cuatro-anos-de-rehabilitacion-tres-condores-andinos-son-liberados-en-el-cajon-del-maipo","status":"publish","type":"post","link":"https:\/\/www.filantropiacortessolari.cl\/en\/tras-cuatro-anos-de-rehabilitacion-tres-condores-andinos-son-liberados-en-el-cajon-del-maipo\/","title":{"rendered":"Tras cuatro a\u00f1os de rehabilitaci\u00f3n, tres c\u00f3ndores andinos son liberados en el caj\u00f3n del maipo"},"content":{"rendered":"<style type=\"text\/css\"><\/style><h5>Los ejemplares fueron trasladados en octubre a la Reserva Elemental Likandes para iniciar su \u00faltima etapa de aclimataci\u00f3n y pre-liberaci\u00f3n. Ahora las aves ser\u00e1n monitoreadas mediante transmisiones satelitales, cuyos datos permitir\u00e1n impulsar futuras investigaciones para la conservaci\u00f3n de esta especie.<\/h5>\n<p>Tres c\u00f3ndores andinos, rescatados en 2016 por el Centro de Rehabilitaci\u00f3n de Aves Rapaces (CRAR), fueron liberados el jueves 12 de diciembre en la Reserva Elemental Likandes \u2013un \u00e1rea de conservaci\u00f3n efectiva perteneciente a Filantrop\u00eda Cort\u00e9s Solari (FCS).<\/p>\n<p>Con este hito, la Reserva Elemental Likandes se convierte en el Primer Centro de Liberaci\u00f3n de C\u00f3ndores de la cuenca del Maipo, un espacio que ser\u00e1 coordinado de manera conjunta entre el \u00e1rea de Proyectos de Filantrop\u00eda Cort\u00e9s Solari, el Centro de Rehabilitaci\u00f3n de Aves Rapaces (CRAR) y la Uni\u00f3n de Ornit\u00f3logos de Chile (UNORCH).<\/p>\n<p>La iniciativa se inserta dentro del Programa Binacional de Conservaci\u00f3n del C\u00f3ndor Andino Chile-Argentina (PBCCA), que opera en el pa\u00eds desde el a\u00f1o 2000 al alero de UNORCH, y cuyo eje principal es trabajar unidos en la conservaci\u00f3n de esta ave que ha sido catalogada como una especie \u201ccasi amenazada\u201d, debido a la acci\u00f3n del hombre.<\/p>\n<p><img loading=\"lazy\" decoding=\"async\" class=\"aligncenter size-large wp-image-9055\" src=\"https:\/\/www.caserta.cl\/wp-content\/uploads\/2019\/12\/condor3-1024x682.jpeg\" alt=\"\" width=\"1024\" height=\"682\" \/><\/p>\n<p>Actividades como la ganader\u00eda, la caza ilegal y la expansi\u00f3n territorial, entre otras,\u00a0 han ido retrayendo la poblaci\u00f3n de c\u00f3ndores en el pa\u00eds. Esto se suma al hecho de que posee una tasa reproductiva extremadamente baja, poniendo un huevo cada dos a\u00f1os. Actualmente la poblaci\u00f3n estimada es de alrededor de 20.000 ejemplares, concentrados mayormente en la zona austral del pa\u00eds, donde se encuentra el 70% de las especies, 20% en la zona centro y el 10% restante distribuido entre zona norte y sur.<\/p>\n<p>Para sacar adelante el proyecto las organizaciones participantes han trabajado de manera colaborativa con el Servicio Agr\u00edcola Ganadero (SAG), el Zool\u00f3gico Metropolitano y el Centro de Rehabilitaci\u00f3n de Fauna Silvestre (CRFS) de CODEFF.<\/p>\n<h2>Especie paragua<\/h2>\n<p>El c\u00f3ndor andino es una de las aves voladoras m\u00e1s grandes del mundo. Su h\u00e1bitat natural se extiende a lo largo de la Cordillera de los Andes desde Venezuela hasta el extremo sur de Chile y Argentina, siendo estos dos \u00faltimos pa\u00edses donde mayor predominio tiene. Sin embargo, en el caso de los pa\u00edses de los Andes del norte, su poblaci\u00f3n est\u00e1 en serio peligro de extinci\u00f3n.<\/p>\n<p>\u201cEl c\u00f3ndor es una especie paragua que forma parte de la cadena tr\u00f3fica de la Cordillera de los Andes, siendo fundamental para su ecosistema. Evitar la disminuci\u00f3n de su poblaci\u00f3n es crucial, no solo para la preservaci\u00f3n de esta ave majestuosa, sino para toda la vida ecosist\u00e9mica que representa la cordillera\u201d, afirm\u00f3 la presidenta ejecutiva de FCS, Francisca Cort\u00e9s Solari.<\/p>\n<p>La rehabilitaci\u00f3n de aves rapaces, \u201crequiere de un proceso sumamente complejo\u201d, destac\u00f3 Eduardo Pavez, co-director del Programa Binacional de Conservaci\u00f3n del C\u00f3ndor Andino Chile-Argentina de AvesChile-Unorch. \u201cEstas aves son verdaderas atletas y, por lo tanto, deben estar en \u00f3ptimas condiciones para ser reinsertadas en su ambiente natural, puesto que van a competir con p\u00e1jaros que han estado toda su vida en libertad\u201d.<\/p>\n<p><img loading=\"lazy\" decoding=\"async\" class=\"aligncenter size-full wp-image-9056\" src=\"https:\/\/www.caserta.cl\/wp-content\/uploads\/2019\/12\/condor6.jpeg\" alt=\"\" width=\"1022\" height=\"582\" \/><\/p>\n<p>El nuevo Centro de Liberaci\u00f3n permitir\u00e1 realizar reintroducciones de c\u00f3ndores rehabilitados a su h\u00e1bitat natural y la posterior recopilaci\u00f3n de datos, debido a que incluye monitoreo de su vuelo a trav\u00e9s de transmisores satelitales y de radio para facilitar y motivar futuras investigaciones cient\u00edficas y planes de educaci\u00f3n ambiental.<\/p>\n<p>\u201cHay una contribuci\u00f3n que podemos hacer para generar un cambio cultural real en el modo en que el ser humano se vincula y afecta el h\u00e1bitat del c\u00f3ndor, a partir de programas de educaci\u00f3n ambiental con estudiantes y arrieros, y proyectos de sensibilizaci\u00f3n y difusi\u00f3n que aumenten el valor y respeto por la especie a nivel comunal y regional\u201d, concluy\u00f3 la directora de Proyectos de la Reserva Elemental Likandes, Gabriela Guzm\u00e1n.<\/p>\n<p>&nbsp;<\/p>\n","protected":false},"excerpt":{"rendered":"<p>Los ejemplares fueron trasladados en octubre a la Reserva Elemental Likandes para iniciar su \u00faltima etapa de aclimataci\u00f3n y pre-liberaci\u00f3n. Ahora las aves ser\u00e1n monitoreadas mediante transmisiones satelitales, cuyos datos permitir\u00e1n impulsar futuras investigaciones para la conservaci\u00f3n de esta especie. Tres c\u00f3ndores andinos, rescatados en 2016 por el Centro de Rehabilitaci\u00f3n de Aves Rapaces (CRAR),&#8230;<\/p>\n","protected":false},"author":1,"featured_media":9004,"comment_status":"open","ping_status":"open","sticky":false,"template":"","format":"standard","meta":{"footnotes":""},"categories":[31],"tags":[],"class_list":["post-9003","post","type-post","status-publish","format-standard","has-post-thumbnail","hentry","category-noticias"],"translation":{"provider":"WPGlobus","version":"3.0.2","language":"en","enabled_languages":["es","en"],"languages":{"es":{"title":true,"content":true,"excerpt":false},"en":{"title":false,"content":false,"excerpt":false}}},"yoast_head":"<!-- This site is optimized with the Yoast SEO plugin v27.4 - https:\/\/yoast.com\/product\/yoast-seo-wordpress\/ -->\n<title>Tras cuatro a\u00f1os de rehabilitaci\u00f3n, tres c\u00f3ndores andinos son liberados en el caj\u00f3n del maipo<\/title>\n<meta name=\"robots\" content=\"index, follow, max-snippet:-1, max-image-preview:large, max-video-preview:-1\" \/>\n<link rel=\"canonical\" href=\"https:\/\/www.filantropiacortessolari.cl\/tras-cuatro-anos-de-rehabilitacion-tres-condores-andinos-son-liberados-en-el-cajon-del-maipo\/\" \/>\n<meta property=\"og:locale\" content=\"en_US\" \/>\n<meta property=\"og:type\" content=\"article\" \/>\n<meta property=\"og:title\" content=\"Tras cuatro a\u00f1os de rehabilitaci\u00f3n, tres c\u00f3ndores andinos son liberados en el caj\u00f3n del maipo\" \/>\n<meta property=\"og:url\" content=\"https:\/\/www.filantropiacortessolari.cl\/tras-cuatro-anos-de-rehabilitacion-tres-condores-andinos-son-liberados-en-el-cajon-del-maipo\/\" \/>\n<meta property=\"og:site_name\" content=\"Filantrop\u00eda Cort\u00e9s Solari\" \/>\n<meta property=\"article:published_time\" content=\"2019-12-13T21:11:42+00:00\" \/>\n<meta property=\"og:image\" content=\"https:\/\/www.filantropiacortessolari.cl\/wp-content\/uploads\/2019\/12\/condor1.jpeg\" \/>\n\t<meta property=\"og:image:width\" content=\"1280\" \/>\n\t<meta property=\"og:image:height\" content=\"853\" \/>\n\t<meta property=\"og:image:type\" content=\"image\/jpeg\" \/>\n<meta name=\"author\" content=\"Filantrop\u00eda Cort\u00e9s Solari\" \/>\n<meta name=\"twitter:card\" content=\"summary_large_image\" \/>\n<meta name=\"twitter:label1\" content=\"Written by\" \/>\n\t<meta name=\"twitter:data1\" content=\"Filantrop\u00eda Cort\u00e9s Solari\" \/>\n\t<meta name=\"twitter:label2\" content=\"Est. reading time\" \/>\n\t<meta name=\"twitter:data2\" content=\"3 minutes\" \/>\n<script type=\"application\/ld+json\" class=\"yoast-schema-graph\">{\"@context\":\"https:\\\/\\\/schema.org\",\"@graph\":[{\"@type\":\"Article\",\"@id\":\"https:\\\/\\\/www.filantropiacortessolari.cl\\\/tras-cuatro-anos-de-rehabilitacion-tres-condores-andinos-son-liberados-en-el-cajon-del-maipo\\\/#article\",\"isPartOf\":{\"@id\":\"https:\\\/\\\/www.filantropiacortessolari.cl\\\/tras-cuatro-anos-de-rehabilitacion-tres-condores-andinos-son-liberados-en-el-cajon-del-maipo\\\/\"},\"author\":{\"name\":\"Filantrop\u00eda Cort\u00e9s Solari\",\"@id\":\"https:\\\/\\\/www.filantropiacortessolari.cl\\\/#\\\/schema\\\/person\\\/e099cf1046922f4f5892172332dc86c0\"},\"headline\":\"Tras cuatro a\u00f1os de rehabilitaci\u00f3n, tres c\u00f3ndores andinos son liberados en el caj\u00f3n del maipo\",\"datePublished\":\"2019-12-13T21:11:42+00:00\",\"mainEntityOfPage\":{\"@id\":\"https:\\\/\\\/www.filantropiacortessolari.cl\\\/tras-cuatro-anos-de-rehabilitacion-tres-condores-andinos-son-liberados-en-el-cajon-del-maipo\\\/\"},\"wordCount\":695,\"commentCount\":0,\"image\":{\"@id\":\"https:\\\/\\\/www.filantropiacortessolari.cl\\\/tras-cuatro-anos-de-rehabilitacion-tres-condores-andinos-son-liberados-en-el-cajon-del-maipo\\\/#primaryimage\"},\"thumbnailUrl\":\"https:\\\/\\\/www.filantropiacortessolari.cl\\\/wp-content\\\/uploads\\\/2019\\\/12\\\/condor1.jpeg\",\"articleSection\":[\"Noticias\"],\"inLanguage\":\"en-US\",\"potentialAction\":[{\"@type\":\"CommentAction\",\"name\":\"Comment\",\"target\":[\"https:\\\/\\\/www.filantropiacortessolari.cl\\\/tras-cuatro-anos-de-rehabilitacion-tres-condores-andinos-son-liberados-en-el-cajon-del-maipo\\\/#respond\"]}]},{\"@type\":\"WebPage\",\"@id\":\"https:\\\/\\\/www.filantropiacortessolari.cl\\\/tras-cuatro-anos-de-rehabilitacion-tres-condores-andinos-son-liberados-en-el-cajon-del-maipo\\\/\",\"url\":\"https:\\\/\\\/www.filantropiacortessolari.cl\\\/tras-cuatro-anos-de-rehabilitacion-tres-condores-andinos-son-liberados-en-el-cajon-del-maipo\\\/\",\"name\":\"Tras cuatro a\u00f1os de rehabilitaci\u00f3n, tres c\u00f3ndores andinos son liberados en el caj\u00f3n del maipo\",\"isPartOf\":{\"@id\":\"https:\\\/\\\/www.filantropiacortessolari.cl\\\/#website\"},\"primaryImageOfPage\":{\"@id\":\"https:\\\/\\\/www.filantropiacortessolari.cl\\\/tras-cuatro-anos-de-rehabilitacion-tres-condores-andinos-son-liberados-en-el-cajon-del-maipo\\\/#primaryimage\"},\"image\":{\"@id\":\"https:\\\/\\\/www.filantropiacortessolari.cl\\\/tras-cuatro-anos-de-rehabilitacion-tres-condores-andinos-son-liberados-en-el-cajon-del-maipo\\\/#primaryimage\"},\"thumbnailUrl\":\"https:\\\/\\\/www.filantropiacortessolari.cl\\\/wp-content\\\/uploads\\\/2019\\\/12\\\/condor1.jpeg\",\"datePublished\":\"2019-12-13T21:11:42+00:00\",\"author\":{\"@id\":\"https:\\\/\\\/www.filantropiacortessolari.cl\\\/#\\\/schema\\\/person\\\/e099cf1046922f4f5892172332dc86c0\"},\"breadcrumb\":{\"@id\":\"https:\\\/\\\/www.filantropiacortessolari.cl\\\/tras-cuatro-anos-de-rehabilitacion-tres-condores-andinos-son-liberados-en-el-cajon-del-maipo\\\/#breadcrumb\"},\"inLanguage\":\"en-US\",\"potentialAction\":[{\"@type\":\"ReadAction\",\"target\":[\"https:\\\/\\\/www.filantropiacortessolari.cl\\\/tras-cuatro-anos-de-rehabilitacion-tres-condores-andinos-son-liberados-en-el-cajon-del-maipo\\\/\"]}]},{\"@type\":\"ImageObject\",\"inLanguage\":\"en-US\",\"@id\":\"https:\\\/\\\/www.filantropiacortessolari.cl\\\/tras-cuatro-anos-de-rehabilitacion-tres-condores-andinos-son-liberados-en-el-cajon-del-maipo\\\/#primaryimage\",\"url\":\"https:\\\/\\\/www.filantropiacortessolari.cl\\\/wp-content\\\/uploads\\\/2019\\\/12\\\/condor1.jpeg\",\"contentUrl\":\"https:\\\/\\\/www.filantropiacortessolari.cl\\\/wp-content\\\/uploads\\\/2019\\\/12\\\/condor1.jpeg\",\"width\":1280,\"height\":853},{\"@type\":\"BreadcrumbList\",\"@id\":\"https:\\\/\\\/www.filantropiacortessolari.cl\\\/tras-cuatro-anos-de-rehabilitacion-tres-condores-andinos-son-liberados-en-el-cajon-del-maipo\\\/#breadcrumb\",\"itemListElement\":[{\"@type\":\"ListItem\",\"position\":1,\"name\":\"Portada\",\"item\":\"https:\\\/\\\/www.filantropiacortessolari.cl\\\/\"},{\"@type\":\"ListItem\",\"position\":2,\"name\":\"Tras cuatro a\u00f1os de rehabilitaci\u00f3n, tres c\u00f3ndores andinos son liberados en el caj\u00f3n del maipo\"}]},{\"@type\":\"WebSite\",\"@id\":\"https:\\\/\\\/www.filantropiacortessolari.cl\\\/#website\",\"url\":\"https:\\\/\\\/www.filantropiacortessolari.cl\\\/\",\"name\":\"Filantrop\u00eda Cort\u00e9s Solari\",\"description\":\"Sitio web Filantrop\u00eda Cort\u00e9s Solari\",\"potentialAction\":[{\"@type\":\"SearchAction\",\"target\":{\"@type\":\"EntryPoint\",\"urlTemplate\":\"https:\\\/\\\/www.filantropiacortessolari.cl\\\/?s={search_term_string}\"},\"query-input\":{\"@type\":\"PropertyValueSpecification\",\"valueRequired\":true,\"valueName\":\"search_term_string\"}}],\"inLanguage\":\"en-US\"},{\"@type\":\"Person\",\"@id\":\"https:\\\/\\\/www.filantropiacortessolari.cl\\\/#\\\/schema\\\/person\\\/e099cf1046922f4f5892172332dc86c0\",\"name\":\"Filantrop\u00eda Cort\u00e9s Solari\",\"image\":{\"@type\":\"ImageObject\",\"inLanguage\":\"en-US\",\"@id\":\"https:\\\/\\\/secure.gravatar.com\\\/avatar\\\/9d17bfe24074ed7576e70cbeb8e010cdd7d01fae9f2047bd96cccbe629ec3c11?s=96&d=mm&r=g\",\"url\":\"https:\\\/\\\/secure.gravatar.com\\\/avatar\\\/9d17bfe24074ed7576e70cbeb8e010cdd7d01fae9f2047bd96cccbe629ec3c11?s=96&d=mm&r=g\",\"contentUrl\":\"https:\\\/\\\/secure.gravatar.com\\\/avatar\\\/9d17bfe24074ed7576e70cbeb8e010cdd7d01fae9f2047bd96cccbe629ec3c11?s=96&d=mm&r=g\",\"caption\":\"Filantrop\u00eda Cort\u00e9s Solari\"},\"url\":\"https:\\\/\\\/www.filantropiacortessolari.cl\\\/en\\\/author\\\/filantropia-cortes-solari\\\/\"}]}<\/script>\n<!-- \/ Yoast SEO plugin. -->","yoast_head_json":{"title":"Tras cuatro a\u00f1os de rehabilitaci\u00f3n, tres c\u00f3ndores andinos son liberados en el caj\u00f3n del maipo","robots":{"index":"index","follow":"follow","max-snippet":"max-snippet:-1","max-image-preview":"max-image-preview:large","max-video-preview":"max-video-preview:-1"},"canonical":"https:\/\/www.filantropiacortessolari.cl\/tras-cuatro-anos-de-rehabilitacion-tres-condores-andinos-son-liberados-en-el-cajon-del-maipo\/","og_locale":"en_US","og_type":"article","og_title":"Tras cuatro a\u00f1os de rehabilitaci\u00f3n, tres c\u00f3ndores andinos son liberados en el caj\u00f3n del maipo","og_url":"https:\/\/www.filantropiacortessolari.cl\/tras-cuatro-anos-de-rehabilitacion-tres-condores-andinos-son-liberados-en-el-cajon-del-maipo\/","og_site_name":"Filantrop\u00eda Cort\u00e9s Solari","article_published_time":"2019-12-13T21:11:42+00:00","og_image":[{"width":1280,"height":853,"url":"https:\/\/www.filantropiacortessolari.cl\/wp-content\/uploads\/2019\/12\/condor1.jpeg","type":"image\/jpeg"}],"author":"Filantrop\u00eda Cort\u00e9s Solari","twitter_card":"summary_large_image","twitter_misc":{"Written by":"Filantrop\u00eda Cort\u00e9s Solari","Est. reading time":"3 minutes"},"schema":{"@context":"https:\/\/schema.org","@graph":[{"@type":"Article","@id":"https:\/\/www.filantropiacortessolari.cl\/tras-cuatro-anos-de-rehabilitacion-tres-condores-andinos-son-liberados-en-el-cajon-del-maipo\/#article","isPartOf":{"@id":"https:\/\/www.filantropiacortessolari.cl\/tras-cuatro-anos-de-rehabilitacion-tres-condores-andinos-son-liberados-en-el-cajon-del-maipo\/"},"author":{"name":"Filantrop\u00eda Cort\u00e9s Solari","@id":"https:\/\/www.filantropiacortessolari.cl\/#\/schema\/person\/e099cf1046922f4f5892172332dc86c0"},"headline":"Tras cuatro a\u00f1os de rehabilitaci\u00f3n, tres c\u00f3ndores andinos son liberados en el caj\u00f3n del maipo","datePublished":"2019-12-13T21:11:42+00:00","mainEntityOfPage":{"@id":"https:\/\/www.filantropiacortessolari.cl\/tras-cuatro-anos-de-rehabilitacion-tres-condores-andinos-son-liberados-en-el-cajon-del-maipo\/"},"wordCount":695,"commentCount":0,"image":{"@id":"https:\/\/www.filantropiacortessolari.cl\/tras-cuatro-anos-de-rehabilitacion-tres-condores-andinos-son-liberados-en-el-cajon-del-maipo\/#primaryimage"},"thumbnailUrl":"https:\/\/www.filantropiacortessolari.cl\/wp-content\/uploads\/2019\/12\/condor1.jpeg","articleSection":["Noticias"],"inLanguage":"en-US","potentialAction":[{"@type":"CommentAction","name":"Comment","target":["https:\/\/www.filantropiacortessolari.cl\/tras-cuatro-anos-de-rehabilitacion-tres-condores-andinos-son-liberados-en-el-cajon-del-maipo\/#respond"]}]},{"@type":"WebPage","@id":"https:\/\/www.filantropiacortessolari.cl\/tras-cuatro-anos-de-rehabilitacion-tres-condores-andinos-son-liberados-en-el-cajon-del-maipo\/","url":"https:\/\/www.filantropiacortessolari.cl\/tras-cuatro-anos-de-rehabilitacion-tres-condores-andinos-son-liberados-en-el-cajon-del-maipo\/","name":"Tras cuatro a\u00f1os de rehabilitaci\u00f3n, tres c\u00f3ndores andinos son liberados en el caj\u00f3n del maipo","isPartOf":{"@id":"https:\/\/www.filantropiacortessolari.cl\/#website"},"primaryImageOfPage":{"@id":"https:\/\/www.filantropiacortessolari.cl\/tras-cuatro-anos-de-rehabilitacion-tres-condores-andinos-son-liberados-en-el-cajon-del-maipo\/#primaryimage"},"image":{"@id":"https:\/\/www.filantropiacortessolari.cl\/tras-cuatro-anos-de-rehabilitacion-tres-condores-andinos-son-liberados-en-el-cajon-del-maipo\/#primaryimage"},"thumbnailUrl":"https:\/\/www.filantropiacortessolari.cl\/wp-content\/uploads\/2019\/12\/condor1.jpeg","datePublished":"2019-12-13T21:11:42+00:00","author":{"@id":"https:\/\/www.filantropiacortessolari.cl\/#\/schema\/person\/e099cf1046922f4f5892172332dc86c0"},"breadcrumb":{"@id":"https:\/\/www.filantropiacortessolari.cl\/tras-cuatro-anos-de-rehabilitacion-tres-condores-andinos-son-liberados-en-el-cajon-del-maipo\/#breadcrumb"},"inLanguage":"en-US","potentialAction":[{"@type":"ReadAction","target":["https:\/\/www.filantropiacortessolari.cl\/tras-cuatro-anos-de-rehabilitacion-tres-condores-andinos-son-liberados-en-el-cajon-del-maipo\/"]}]},{"@type":"ImageObject","inLanguage":"en-US","@id":"https:\/\/www.filantropiacortessolari.cl\/tras-cuatro-anos-de-rehabilitacion-tres-condores-andinos-son-liberados-en-el-cajon-del-maipo\/#primaryimage","url":"https:\/\/www.filantropiacortessolari.cl\/wp-content\/uploads\/2019\/12\/condor1.jpeg","contentUrl":"https:\/\/www.filantropiacortessolari.cl\/wp-content\/uploads\/2019\/12\/condor1.jpeg","width":1280,"height":853},{"@type":"BreadcrumbList","@id":"https:\/\/www.filantropiacortessolari.cl\/tras-cuatro-anos-de-rehabilitacion-tres-condores-andinos-son-liberados-en-el-cajon-del-maipo\/#breadcrumb","itemListElement":[{"@type":"ListItem","position":1,"name":"Portada","item":"https:\/\/www.filantropiacortessolari.cl\/"},{"@type":"ListItem","position":2,"name":"Tras cuatro a\u00f1os de rehabilitaci\u00f3n, tres c\u00f3ndores andinos son liberados en el caj\u00f3n del maipo"}]},{"@type":"WebSite","@id":"https:\/\/www.filantropiacortessolari.cl\/#website","url":"https:\/\/www.filantropiacortessolari.cl\/","name":"Filantrop\u00eda Cort\u00e9s Solari","description":"Sitio web Filantrop\u00eda Cort\u00e9s Solari","potentialAction":[{"@type":"SearchAction","target":{"@type":"EntryPoint","urlTemplate":"https:\/\/www.filantropiacortessolari.cl\/?s={search_term_string}"},"query-input":{"@type":"PropertyValueSpecification","valueRequired":true,"valueName":"search_term_string"}}],"inLanguage":"en-US"},{"@type":"Person","@id":"https:\/\/www.filantropiacortessolari.cl\/#\/schema\/person\/e099cf1046922f4f5892172332dc86c0","name":"Filantrop\u00eda Cort\u00e9s Solari","image":{"@type":"ImageObject","inLanguage":"en-US","@id":"https:\/\/secure.gravatar.com\/avatar\/9d17bfe24074ed7576e70cbeb8e010cdd7d01fae9f2047bd96cccbe629ec3c11?s=96&d=mm&r=g","url":"https:\/\/secure.gravatar.com\/avatar\/9d17bfe24074ed7576e70cbeb8e010cdd7d01fae9f2047bd96cccbe629ec3c11?s=96&d=mm&r=g","contentUrl":"https:\/\/secure.gravatar.com\/avatar\/9d17bfe24074ed7576e70cbeb8e010cdd7d01fae9f2047bd96cccbe629ec3c11?s=96&d=mm&r=g","caption":"Filantrop\u00eda Cort\u00e9s Solari"},"url":"https:\/\/www.filantropiacortessolari.cl\/en\/author\/filantropia-cortes-solari\/"}]}},"_links":{"self":[{"href":"https:\/\/www.filantropiacortessolari.cl\/en\/wp-json\/wp\/v2\/posts\/9003","targetHints":{"allow":["GET"]}}],"collection":[{"href":"https:\/\/www.filantropiacortessolari.cl\/en\/wp-json\/wp\/v2\/posts"}],"about":[{"href":"https:\/\/www.filantropiacortessolari.cl\/en\/wp-json\/wp\/v2\/types\/post"}],"author":[{"embeddable":true,"href":"https:\/\/www.filantropiacortessolari.cl\/en\/wp-json\/wp\/v2\/users\/1"}],"replies":[{"embeddable":true,"href":"https:\/\/www.filantropiacortessolari.cl\/en\/wp-json\/wp\/v2\/comments?post=9003"}],"version-history":[{"count":1,"href":"https:\/\/www.filantropiacortessolari.cl\/en\/wp-json\/wp\/v2\/posts\/9003\/revisions"}],"predecessor-version":[{"id":9005,"href":"https:\/\/www.filantropiacortessolari.cl\/en\/wp-json\/wp\/v2\/posts\/9003\/revisions\/9005"}],"wp:featuredmedia":[{"embeddable":true,"href":"https:\/\/www.filantropiacortessolari.cl\/en\/wp-json\/wp\/v2\/media\/9004"}],"wp:attachment":[{"href":"https:\/\/www.filantropiacortessolari.cl\/en\/wp-json\/wp\/v2\/media?parent=9003"}],"wp:term":[{"taxonomy":"category","embeddable":true,"href":"https:\/\/www.filantropiacortessolari.cl\/en\/wp-json\/wp\/v2\/categories?post=9003"},{"taxonomy":"post_tag","embeddable":true,"href":"https:\/\/www.filantropiacortessolari.cl\/en\/wp-json\/wp\/v2\/tags?post=9003"}],"curies":[{"name":"wp","href":"https:\/\/api.w.org\/{rel}","templated":true}]}}