{"id":9249,"date":"2020-02-11T13:11:34","date_gmt":"2020-02-11T16:11:34","guid":{"rendered":"https:\/\/www.filantropiacortessolari.cl\/?p=9249"},"modified":"2020-02-12T09:44:51","modified_gmt":"2020-02-12T12:44:51","slug":"el-vuelo-de-los-condores","status":"publish","type":"post","link":"https:\/\/www.filantropiacortessolari.cl\/en\/el-vuelo-de-los-condores\/","title":{"rendered":"El vuelo de los c\u00f3ndores"},"content":{"rendered":"<style type=\"text\/css\"><\/style><p>Los c\u00f3ndores Eluney, Maipo y Willka fueron rescatados por el SAG siendo muy j\u00f3venes y sin experiencia de vuelo. Se trasladaron al Zool\u00f3gico Nacional para su evaluaci\u00f3n m\u00e9dica. Luego pasaron al Centro de Rehabilitaci\u00f3n de Aves Rapaces de Aves Chile, donde aprendieron a reconocer sus fuentes de alimento y ejercitaron su musculatura de vuelo. En octubre pasado fueron trasladados a la Reserva Likandes, en el Caj\u00f3n del Maipo, donde permanecieron dos meses en aislamiento y monitoreados las 24 horas del d\u00eda.<\/p>\n<p>El 12 de diciembre, los 3 c\u00f3ndores volaron libres en la inmensa cordillera. Al principio sus vuelos eran torpes, pero poco a poco ganaron confianza, durante el proceso les subimos carro\u00f1a para que no perdieran peso. A un mes de su liberaci\u00f3n, los machos fueron movi\u00e9ndose mejor, superando la cota de los 4.000 metros y alcanzando hitos como cerro El Plomo y la frontera con Argentina. La hembra en cambio comenz\u00f3 a moverse menos. Finalmente, a 22 d\u00edas de su liberaci\u00f3n la capturamos, verificando que no hab\u00eda logrado encontrar alimento suficiente. Hoy Willka est\u00e1 junto a otros c\u00f3ndores en el Centro de Rehabilitaci\u00f3n, a la espera de una segunda oportunidad, posiblemente en la pr\u00f3xima primavera.<\/p>\n<p style=\"text-align: center;\"><img loading=\"lazy\" decoding=\"async\" class=\"aligncenter wp-image-9253 size-full\" src=\"https:\/\/www.filantropiacortessolari.cl\/wp-content\/uploads\/2020\/02\/condoresmapa.jpeg\" alt=\"\" width=\"790\" height=\"616\" srcset=\"https:\/\/www.filantropiacortessolari.cl\/wp-content\/uploads\/2020\/02\/condoresmapa.jpeg 790w, https:\/\/www.filantropiacortessolari.cl\/wp-content\/uploads\/2020\/02\/condoresmapa-300x234.jpeg 300w, https:\/\/www.filantropiacortessolari.cl\/wp-content\/uploads\/2020\/02\/condoresmapa-768x599.jpeg 768w, https:\/\/www.filantropiacortessolari.cl\/wp-content\/uploads\/2020\/02\/condoresmapa-580x452.jpeg 580w\" sizes=\"auto, (max-width: 790px) 100vw, 790px\" \/><sup>Ubicaci\u00f3n actual de los c\u00f3ndores: Puntos verdes Willka, amarillos Maipo y rojos Eluney<\/sup><\/p>\n<p>A dos meses de la liberaci\u00f3n, evaluamos contentos el esfuerzo de muchas personas, instituciones y organizaciones en el proceso de rehabilitaci\u00f3n de estos c\u00f3ndores. Hoy dos magn\u00edficos c\u00f3ndores se suman a la poblaci\u00f3n de Chile central. A\u00fan faltan pruebas dif\u00edciles, como los inviernos, el uso de venenos, la caza, los choques con tendidos el\u00e9ctricos y la falta de alimento. Por ello, continuaremos monitoreando a Eluney y Maipo, atentos a sus logros y dificultades, para que estos, y muchos otros c\u00f3ndores, vuelvan a volar en las altas cumbres de nuestra hermosa Cordillera de los Andes.<\/p>\n","protected":false},"excerpt":{"rendered":"<p>Los c\u00f3ndores Eluney, Maipo y Willka fueron rescatados por el SAG siendo muy j\u00f3venes y sin experiencia de vuelo. Se trasladaron al Zool\u00f3gico Nacional para su evaluaci\u00f3n m\u00e9dica. Luego pasaron al Centro de Rehabilitaci\u00f3n de Aves Rapaces de Aves Chile, donde aprendieron a reconocer sus fuentes de alimento y ejercitaron su musculatura de vuelo. En&#8230;<\/p>\n","protected":false},"author":1,"featured_media":9250,"comment_status":"open","ping_status":"open","sticky":false,"template":"","format":"standard","meta":{"footnotes":""},"categories":[31],"tags":[],"class_list":["post-9249","post","type-post","status-publish","format-standard","has-post-thumbnail","hentry","category-noticias"],"translation":{"provider":"WPGlobus","version":"3.0.2","language":"en","enabled_languages":["es","en"],"languages":{"es":{"title":true,"content":true,"excerpt":false},"en":{"title":false,"content":false,"excerpt":false}}},"yoast_head":"<!-- This site is optimized with the Yoast SEO plugin v27.4 - https:\/\/yoast.com\/product\/yoast-seo-wordpress\/ -->\n<title>El vuelo de los c\u00f3ndores<\/title>\n<meta name=\"robots\" content=\"index, follow, max-snippet:-1, max-image-preview:large, max-video-preview:-1\" \/>\n<link rel=\"canonical\" href=\"https:\/\/www.filantropiacortessolari.cl\/el-vuelo-de-los-condores\/\" \/>\n<meta property=\"og:locale\" content=\"en_US\" \/>\n<meta property=\"og:type\" content=\"article\" \/>\n<meta property=\"og:title\" content=\"El vuelo de los c\u00f3ndores\" \/>\n<meta property=\"og:url\" content=\"https:\/\/www.filantropiacortessolari.cl\/el-vuelo-de-los-condores\/\" \/>\n<meta property=\"og:site_name\" content=\"Filantrop\u00eda Cort\u00e9s Solari\" \/>\n<meta property=\"article:published_time\" content=\"2020-02-11T16:11:34+00:00\" \/>\n<meta property=\"article:modified_time\" content=\"2020-02-12T12:44:51+00:00\" \/>\n<meta property=\"og:image\" content=\"https:\/\/www.filantropiacortessolari.cl\/wp-content\/uploads\/2020\/02\/condores.jpeg\" \/>\n\t<meta property=\"og:image:width\" content=\"1280\" \/>\n\t<meta property=\"og:image:height\" content=\"853\" \/>\n\t<meta property=\"og:image:type\" content=\"image\/jpeg\" \/>\n<meta name=\"author\" content=\"Filantrop\u00eda Cort\u00e9s Solari\" \/>\n<meta name=\"twitter:card\" content=\"summary_large_image\" \/>\n<meta name=\"twitter:label1\" content=\"Written by\" \/>\n\t<meta name=\"twitter:data1\" content=\"Filantrop\u00eda Cort\u00e9s Solari\" \/>\n\t<meta name=\"twitter:label2\" content=\"Est. reading time\" \/>\n\t<meta name=\"twitter:data2\" content=\"2 minutes\" \/>\n<script type=\"application\/ld+json\" class=\"yoast-schema-graph\">{\"@context\":\"https:\\\/\\\/schema.org\",\"@graph\":[{\"@type\":\"Article\",\"@id\":\"https:\\\/\\\/www.filantropiacortessolari.cl\\\/el-vuelo-de-los-condores\\\/#article\",\"isPartOf\":{\"@id\":\"https:\\\/\\\/www.filantropiacortessolari.cl\\\/el-vuelo-de-los-condores\\\/\"},\"author\":{\"name\":\"Filantrop\u00eda Cort\u00e9s Solari\",\"@id\":\"https:\\\/\\\/www.filantropiacortessolari.cl\\\/#\\\/schema\\\/person\\\/e099cf1046922f4f5892172332dc86c0\"},\"headline\":\"El vuelo de los c\u00f3ndores\",\"datePublished\":\"2020-02-11T16:11:34+00:00\",\"dateModified\":\"2020-02-12T12:44:51+00:00\",\"mainEntityOfPage\":{\"@id\":\"https:\\\/\\\/www.filantropiacortessolari.cl\\\/el-vuelo-de-los-condores\\\/\"},\"wordCount\":334,\"commentCount\":0,\"image\":{\"@id\":\"https:\\\/\\\/www.filantropiacortessolari.cl\\\/el-vuelo-de-los-condores\\\/#primaryimage\"},\"thumbnailUrl\":\"https:\\\/\\\/www.filantropiacortessolari.cl\\\/wp-content\\\/uploads\\\/2020\\\/02\\\/condores.jpeg\",\"articleSection\":[\"Noticias\"],\"inLanguage\":\"en-US\",\"potentialAction\":[{\"@type\":\"CommentAction\",\"name\":\"Comment\",\"target\":[\"https:\\\/\\\/www.filantropiacortessolari.cl\\\/el-vuelo-de-los-condores\\\/#respond\"]}]},{\"@type\":\"WebPage\",\"@id\":\"https:\\\/\\\/www.filantropiacortessolari.cl\\\/el-vuelo-de-los-condores\\\/\",\"url\":\"https:\\\/\\\/www.filantropiacortessolari.cl\\\/el-vuelo-de-los-condores\\\/\",\"name\":\"El vuelo de los c\u00f3ndores\",\"isPartOf\":{\"@id\":\"https:\\\/\\\/www.filantropiacortessolari.cl\\\/#website\"},\"primaryImageOfPage\":{\"@id\":\"https:\\\/\\\/www.filantropiacortessolari.cl\\\/el-vuelo-de-los-condores\\\/#primaryimage\"},\"image\":{\"@id\":\"https:\\\/\\\/www.filantropiacortessolari.cl\\\/el-vuelo-de-los-condores\\\/#primaryimage\"},\"thumbnailUrl\":\"https:\\\/\\\/www.filantropiacortessolari.cl\\\/wp-content\\\/uploads\\\/2020\\\/02\\\/condores.jpeg\",\"datePublished\":\"2020-02-11T16:11:34+00:00\",\"dateModified\":\"2020-02-12T12:44:51+00:00\",\"author\":{\"@id\":\"https:\\\/\\\/www.filantropiacortessolari.cl\\\/#\\\/schema\\\/person\\\/e099cf1046922f4f5892172332dc86c0\"},\"breadcrumb\":{\"@id\":\"https:\\\/\\\/www.filantropiacortessolari.cl\\\/el-vuelo-de-los-condores\\\/#breadcrumb\"},\"inLanguage\":\"en-US\",\"potentialAction\":[{\"@type\":\"ReadAction\",\"target\":[\"https:\\\/\\\/www.filantropiacortessolari.cl\\\/el-vuelo-de-los-condores\\\/\"]}]},{\"@type\":\"ImageObject\",\"inLanguage\":\"en-US\",\"@id\":\"https:\\\/\\\/www.filantropiacortessolari.cl\\\/el-vuelo-de-los-condores\\\/#primaryimage\",\"url\":\"https:\\\/\\\/www.filantropiacortessolari.cl\\\/wp-content\\\/uploads\\\/2020\\\/02\\\/condores.jpeg\",\"contentUrl\":\"https:\\\/\\\/www.filantropiacortessolari.cl\\\/wp-content\\\/uploads\\\/2020\\\/02\\\/condores.jpeg\",\"width\":1280,\"height\":853},{\"@type\":\"BreadcrumbList\",\"@id\":\"https:\\\/\\\/www.filantropiacortessolari.cl\\\/el-vuelo-de-los-condores\\\/#breadcrumb\",\"itemListElement\":[{\"@type\":\"ListItem\",\"position\":1,\"name\":\"Portada\",\"item\":\"https:\\\/\\\/www.filantropiacortessolari.cl\\\/\"},{\"@type\":\"ListItem\",\"position\":2,\"name\":\"El vuelo de los c\u00f3ndores\"}]},{\"@type\":\"WebSite\",\"@id\":\"https:\\\/\\\/www.filantropiacortessolari.cl\\\/#website\",\"url\":\"https:\\\/\\\/www.filantropiacortessolari.cl\\\/\",\"name\":\"Filantrop\u00eda Cort\u00e9s Solari\",\"description\":\"Sitio web Filantrop\u00eda Cort\u00e9s Solari\",\"potentialAction\":[{\"@type\":\"SearchAction\",\"target\":{\"@type\":\"EntryPoint\",\"urlTemplate\":\"https:\\\/\\\/www.filantropiacortessolari.cl\\\/?s={search_term_string}\"},\"query-input\":{\"@type\":\"PropertyValueSpecification\",\"valueRequired\":true,\"valueName\":\"search_term_string\"}}],\"inLanguage\":\"en-US\"},{\"@type\":\"Person\",\"@id\":\"https:\\\/\\\/www.filantropiacortessolari.cl\\\/#\\\/schema\\\/person\\\/e099cf1046922f4f5892172332dc86c0\",\"name\":\"Filantrop\u00eda Cort\u00e9s Solari\",\"image\":{\"@type\":\"ImageObject\",\"inLanguage\":\"en-US\",\"@id\":\"https:\\\/\\\/secure.gravatar.com\\\/avatar\\\/9d17bfe24074ed7576e70cbeb8e010cdd7d01fae9f2047bd96cccbe629ec3c11?s=96&d=mm&r=g\",\"url\":\"https:\\\/\\\/secure.gravatar.com\\\/avatar\\\/9d17bfe24074ed7576e70cbeb8e010cdd7d01fae9f2047bd96cccbe629ec3c11?s=96&d=mm&r=g\",\"contentUrl\":\"https:\\\/\\\/secure.gravatar.com\\\/avatar\\\/9d17bfe24074ed7576e70cbeb8e010cdd7d01fae9f2047bd96cccbe629ec3c11?s=96&d=mm&r=g\",\"caption\":\"Filantrop\u00eda Cort\u00e9s Solari\"},\"url\":\"https:\\\/\\\/www.filantropiacortessolari.cl\\\/en\\\/author\\\/filantropia-cortes-solari\\\/\"}]}<\/script>\n<!-- \/ Yoast SEO plugin. -->","yoast_head_json":{"title":"El vuelo de los c\u00f3ndores","robots":{"index":"index","follow":"follow","max-snippet":"max-snippet:-1","max-image-preview":"max-image-preview:large","max-video-preview":"max-video-preview:-1"},"canonical":"https:\/\/www.filantropiacortessolari.cl\/el-vuelo-de-los-condores\/","og_locale":"en_US","og_type":"article","og_title":"El vuelo de los c\u00f3ndores","og_url":"https:\/\/www.filantropiacortessolari.cl\/el-vuelo-de-los-condores\/","og_site_name":"Filantrop\u00eda Cort\u00e9s Solari","article_published_time":"2020-02-11T16:11:34+00:00","article_modified_time":"2020-02-12T12:44:51+00:00","og_image":[{"width":1280,"height":853,"url":"https:\/\/www.filantropiacortessolari.cl\/wp-content\/uploads\/2020\/02\/condores.jpeg","type":"image\/jpeg"}],"author":"Filantrop\u00eda Cort\u00e9s Solari","twitter_card":"summary_large_image","twitter_misc":{"Written by":"Filantrop\u00eda Cort\u00e9s Solari","Est. reading time":"2 minutes"},"schema":{"@context":"https:\/\/schema.org","@graph":[{"@type":"Article","@id":"https:\/\/www.filantropiacortessolari.cl\/el-vuelo-de-los-condores\/#article","isPartOf":{"@id":"https:\/\/www.filantropiacortessolari.cl\/el-vuelo-de-los-condores\/"},"author":{"name":"Filantrop\u00eda Cort\u00e9s Solari","@id":"https:\/\/www.filantropiacortessolari.cl\/#\/schema\/person\/e099cf1046922f4f5892172332dc86c0"},"headline":"El vuelo de los c\u00f3ndores","datePublished":"2020-02-11T16:11:34+00:00","dateModified":"2020-02-12T12:44:51+00:00","mainEntityOfPage":{"@id":"https:\/\/www.filantropiacortessolari.cl\/el-vuelo-de-los-condores\/"},"wordCount":334,"commentCount":0,"image":{"@id":"https:\/\/www.filantropiacortessolari.cl\/el-vuelo-de-los-condores\/#primaryimage"},"thumbnailUrl":"https:\/\/www.filantropiacortessolari.cl\/wp-content\/uploads\/2020\/02\/condores.jpeg","articleSection":["Noticias"],"inLanguage":"en-US","potentialAction":[{"@type":"CommentAction","name":"Comment","target":["https:\/\/www.filantropiacortessolari.cl\/el-vuelo-de-los-condores\/#respond"]}]},{"@type":"WebPage","@id":"https:\/\/www.filantropiacortessolari.cl\/el-vuelo-de-los-condores\/","url":"https:\/\/www.filantropiacortessolari.cl\/el-vuelo-de-los-condores\/","name":"El vuelo de los c\u00f3ndores","isPartOf":{"@id":"https:\/\/www.filantropiacortessolari.cl\/#website"},"primaryImageOfPage":{"@id":"https:\/\/www.filantropiacortessolari.cl\/el-vuelo-de-los-condores\/#primaryimage"},"image":{"@id":"https:\/\/www.filantropiacortessolari.cl\/el-vuelo-de-los-condores\/#primaryimage"},"thumbnailUrl":"https:\/\/www.filantropiacortessolari.cl\/wp-content\/uploads\/2020\/02\/condores.jpeg","datePublished":"2020-02-11T16:11:34+00:00","dateModified":"2020-02-12T12:44:51+00:00","author":{"@id":"https:\/\/www.filantropiacortessolari.cl\/#\/schema\/person\/e099cf1046922f4f5892172332dc86c0"},"breadcrumb":{"@id":"https:\/\/www.filantropiacortessolari.cl\/el-vuelo-de-los-condores\/#breadcrumb"},"inLanguage":"en-US","potentialAction":[{"@type":"ReadAction","target":["https:\/\/www.filantropiacortessolari.cl\/el-vuelo-de-los-condores\/"]}]},{"@type":"ImageObject","inLanguage":"en-US","@id":"https:\/\/www.filantropiacortessolari.cl\/el-vuelo-de-los-condores\/#primaryimage","url":"https:\/\/www.filantropiacortessolari.cl\/wp-content\/uploads\/2020\/02\/condores.jpeg","contentUrl":"https:\/\/www.filantropiacortessolari.cl\/wp-content\/uploads\/2020\/02\/condores.jpeg","width":1280,"height":853},{"@type":"BreadcrumbList","@id":"https:\/\/www.filantropiacortessolari.cl\/el-vuelo-de-los-condores\/#breadcrumb","itemListElement":[{"@type":"ListItem","position":1,"name":"Portada","item":"https:\/\/www.filantropiacortessolari.cl\/"},{"@type":"ListItem","position":2,"name":"El vuelo de los c\u00f3ndores"}]},{"@type":"WebSite","@id":"https:\/\/www.filantropiacortessolari.cl\/#website","url":"https:\/\/www.filantropiacortessolari.cl\/","name":"Filantrop\u00eda Cort\u00e9s Solari","description":"Sitio web Filantrop\u00eda Cort\u00e9s Solari","potentialAction":[{"@type":"SearchAction","target":{"@type":"EntryPoint","urlTemplate":"https:\/\/www.filantropiacortessolari.cl\/?s={search_term_string}"},"query-input":{"@type":"PropertyValueSpecification","valueRequired":true,"valueName":"search_term_string"}}],"inLanguage":"en-US"},{"@type":"Person","@id":"https:\/\/www.filantropiacortessolari.cl\/#\/schema\/person\/e099cf1046922f4f5892172332dc86c0","name":"Filantrop\u00eda Cort\u00e9s Solari","image":{"@type":"ImageObject","inLanguage":"en-US","@id":"https:\/\/secure.gravatar.com\/avatar\/9d17bfe24074ed7576e70cbeb8e010cdd7d01fae9f2047bd96cccbe629ec3c11?s=96&d=mm&r=g","url":"https:\/\/secure.gravatar.com\/avatar\/9d17bfe24074ed7576e70cbeb8e010cdd7d01fae9f2047bd96cccbe629ec3c11?s=96&d=mm&r=g","contentUrl":"https:\/\/secure.gravatar.com\/avatar\/9d17bfe24074ed7576e70cbeb8e010cdd7d01fae9f2047bd96cccbe629ec3c11?s=96&d=mm&r=g","caption":"Filantrop\u00eda Cort\u00e9s Solari"},"url":"https:\/\/www.filantropiacortessolari.cl\/en\/author\/filantropia-cortes-solari\/"}]}},"_links":{"self":[{"href":"https:\/\/www.filantropiacortessolari.cl\/en\/wp-json\/wp\/v2\/posts\/9249","targetHints":{"allow":["GET"]}}],"collection":[{"href":"https:\/\/www.filantropiacortessolari.cl\/en\/wp-json\/wp\/v2\/posts"}],"about":[{"href":"https:\/\/www.filantropiacortessolari.cl\/en\/wp-json\/wp\/v2\/types\/post"}],"author":[{"embeddable":true,"href":"https:\/\/www.filantropiacortessolari.cl\/en\/wp-json\/wp\/v2\/users\/1"}],"replies":[{"embeddable":true,"href":"https:\/\/www.filantropiacortessolari.cl\/en\/wp-json\/wp\/v2\/comments?post=9249"}],"version-history":[{"count":4,"href":"https:\/\/www.filantropiacortessolari.cl\/en\/wp-json\/wp\/v2\/posts\/9249\/revisions"}],"predecessor-version":[{"id":9255,"href":"https:\/\/www.filantropiacortessolari.cl\/en\/wp-json\/wp\/v2\/posts\/9249\/revisions\/9255"}],"wp:featuredmedia":[{"embeddable":true,"href":"https:\/\/www.filantropiacortessolari.cl\/en\/wp-json\/wp\/v2\/media\/9250"}],"wp:attachment":[{"href":"https:\/\/www.filantropiacortessolari.cl\/en\/wp-json\/wp\/v2\/media?parent=9249"}],"wp:term":[{"taxonomy":"category","embeddable":true,"href":"https:\/\/www.filantropiacortessolari.cl\/en\/wp-json\/wp\/v2\/categories?post=9249"},{"taxonomy":"post_tag","embeddable":true,"href":"https:\/\/www.filantropiacortessolari.cl\/en\/wp-json\/wp\/v2\/tags?post=9249"}],"curies":[{"name":"wp","href":"https:\/\/api.w.org\/{rel}","templated":true}]}}