{"id":9987,"date":"2020-04-25T11:10:36","date_gmt":"2020-04-25T14:10:36","guid":{"rendered":"https:\/\/www.filantropiacortessolari.cl\/?p=9987"},"modified":"2020-05-04T16:18:02","modified_gmt":"2020-05-04T19:18:02","slug":"puri-el-camino-del-agua","status":"publish","type":"post","link":"https:\/\/www.filantropiacortessolari.cl\/en\/puri-el-camino-del-agua\/","title":{"rendered":"Estrenamos documental \u201cPuri, el camino del agua&#8221;"},"content":{"rendered":"<style type=\"text\/css\"><\/style><p>&#8220;Puri, el camino del agua&#8221;, un documental de Daniel Casado, con el patrocinio de Fundaci\u00f3n MERI. Una reflexi\u00f3n en torno al agua, nuestra forma de vida y el futuro que enfrentamos en un escenario de megasequ\u00eda.<\/p>\n<p>A trav\u00e9s de la plataforma Ladera Sur, se estren\u00f3 ayer 24 de abril, el documental &#8220;Puri, el camino del agua&#8221;, de Daniel Casado,\u00a0con el patrocinio de\u00a0Fundaci\u00f3n MERI.<\/p>\n<p>Este registro audiovisual es una reflexi\u00f3n en torno al agua, nuestra forma de vida y el futuro que enfrentamos en un escenario de megasequ\u00eda y cuenta con entrevistas a personas de diversos \u00e1mbitos que plantean desde su experiencia la urgente necesidad de hacernos cargo de un manejo sustentable del agua.<\/p>\n<p>Durante el estreno, Francisca Cort\u00e9s Solari, Presidenta Ejecutiva de Fundaci\u00f3n MERI, habl\u00f3 con Mart\u00edn del R\u00edo, director de Ladera Sur, contando sobre las motivaciones para hacer este trabajo, para luego dar lugar a las palabras de Daniel Casado, realizador del documental.<\/p>\n<h2>Trailer<\/h2>\n<p><iframe loading=\"lazy\" src=\"https:\/\/www.youtube.com\/embed\/hnbBJC9auQo\" width=\"650\" height=\"350\" frameborder=\"0\" allowfullscreen=\"allowfullscreen\"><\/iframe><\/p>\n<p><img loading=\"lazy\" decoding=\"async\" class=\"aligncenter size-full wp-image-9989\" src=\"https:\/\/www.filantropiacortessolari.cl\/wp-content\/uploads\/2020\/04\/WhatsApp-Image-2020-04-25-at-09.38.46-1.jpeg\" alt=\"\" width=\"1200\" height=\"1200\" srcset=\"https:\/\/www.filantropiacortessolari.cl\/wp-content\/uploads\/2020\/04\/WhatsApp-Image-2020-04-25-at-09.38.46-1.jpeg 1200w, https:\/\/www.filantropiacortessolari.cl\/wp-content\/uploads\/2020\/04\/WhatsApp-Image-2020-04-25-at-09.38.46-1-300x300.jpeg 300w, https:\/\/www.filantropiacortessolari.cl\/wp-content\/uploads\/2020\/04\/WhatsApp-Image-2020-04-25-at-09.38.46-1-1024x1024.jpeg 1024w, https:\/\/www.filantropiacortessolari.cl\/wp-content\/uploads\/2020\/04\/WhatsApp-Image-2020-04-25-at-09.38.46-1-150x150.jpeg 150w, https:\/\/www.filantropiacortessolari.cl\/wp-content\/uploads\/2020\/04\/WhatsApp-Image-2020-04-25-at-09.38.46-1-768x768.jpeg 768w, https:\/\/www.filantropiacortessolari.cl\/wp-content\/uploads\/2020\/04\/WhatsApp-Image-2020-04-25-at-09.38.46-1-55x55.jpeg 55w, https:\/\/www.filantropiacortessolari.cl\/wp-content\/uploads\/2020\/04\/WhatsApp-Image-2020-04-25-at-09.38.46-1-250x250.jpeg 250w, https:\/\/www.filantropiacortessolari.cl\/wp-content\/uploads\/2020\/04\/WhatsApp-Image-2020-04-25-at-09.38.46-1-580x580.jpeg 580w, https:\/\/www.filantropiacortessolari.cl\/wp-content\/uploads\/2020\/04\/WhatsApp-Image-2020-04-25-at-09.38.46-1-820x820.jpeg 820w, https:\/\/www.filantropiacortessolari.cl\/wp-content\/uploads\/2020\/04\/WhatsApp-Image-2020-04-25-at-09.38.46-1-1160x1160.jpeg 1160w\" sizes=\"auto, (max-width: 1200px) 100vw, 1200px\" \/><\/p>\n","protected":false},"excerpt":{"rendered":"<p>&#8220;Puri, el camino del agua&#8221;, un documental de Daniel Casado, con el patrocinio de Fundaci\u00f3n MERI. Una reflexi\u00f3n en torno al agua, nuestra forma de vida y el futuro que enfrentamos en un escenario de megasequ\u00eda. A trav\u00e9s de la plataforma Ladera Sur, se estren\u00f3 ayer 24 de abril, el documental &#8220;Puri, el camino del&#8230;<\/p>\n","protected":false},"author":1,"featured_media":9995,"comment_status":"open","ping_status":"open","sticky":false,"template":"","format":"standard","meta":{"footnotes":""},"categories":[31],"tags":[],"class_list":["post-9987","post","type-post","status-publish","format-standard","has-post-thumbnail","hentry","category-noticias"],"translation":{"provider":"WPGlobus","version":"3.0.2","language":"en","enabled_languages":["es","en"],"languages":{"es":{"title":true,"content":true,"excerpt":false},"en":{"title":false,"content":false,"excerpt":false}}},"yoast_head":"<!-- This site is optimized with the Yoast SEO plugin v27.4 - https:\/\/yoast.com\/product\/yoast-seo-wordpress\/ -->\n<title>Estrenamos documental \u201cPuri, el camino del agua&quot;<\/title>\n<meta name=\"robots\" content=\"index, follow, max-snippet:-1, max-image-preview:large, max-video-preview:-1\" \/>\n<link rel=\"canonical\" href=\"https:\/\/www.filantropiacortessolari.cl\/puri-el-camino-del-agua\/\" \/>\n<meta property=\"og:locale\" content=\"en_US\" \/>\n<meta property=\"og:type\" content=\"article\" \/>\n<meta property=\"og:title\" content=\"Estrenamos documental \u201cPuri, el camino del agua&quot;\" \/>\n<meta property=\"og:url\" content=\"https:\/\/www.filantropiacortessolari.cl\/puri-el-camino-del-agua\/\" \/>\n<meta property=\"og:site_name\" content=\"Filantrop\u00eda Cort\u00e9s Solari\" \/>\n<meta property=\"article:published_time\" content=\"2020-04-25T14:10:36+00:00\" \/>\n<meta property=\"article:modified_time\" content=\"2020-05-04T19:18:02+00:00\" \/>\n<meta property=\"og:image\" content=\"https:\/\/www.filantropiacortessolari.cl\/wp-content\/uploads\/2020\/04\/agua.png\" \/>\n\t<meta property=\"og:image:width\" content=\"1240\" \/>\n\t<meta property=\"og:image:height\" content=\"746\" \/>\n\t<meta property=\"og:image:type\" content=\"image\/png\" \/>\n<meta name=\"author\" content=\"Filantrop\u00eda Cort\u00e9s Solari\" \/>\n<meta name=\"twitter:card\" content=\"summary_large_image\" \/>\n<meta name=\"twitter:label1\" content=\"Written by\" \/>\n\t<meta name=\"twitter:data1\" content=\"Filantrop\u00eda Cort\u00e9s Solari\" \/>\n\t<meta name=\"twitter:label2\" content=\"Est. reading time\" \/>\n\t<meta name=\"twitter:data2\" content=\"1 minute\" \/>\n<script type=\"application\/ld+json\" class=\"yoast-schema-graph\">{\"@context\":\"https:\\\/\\\/schema.org\",\"@graph\":[{\"@type\":\"Article\",\"@id\":\"https:\\\/\\\/www.filantropiacortessolari.cl\\\/puri-el-camino-del-agua\\\/#article\",\"isPartOf\":{\"@id\":\"https:\\\/\\\/www.filantropiacortessolari.cl\\\/puri-el-camino-del-agua\\\/\"},\"author\":{\"name\":\"Filantrop\u00eda Cort\u00e9s Solari\",\"@id\":\"https:\\\/\\\/www.filantropiacortessolari.cl\\\/#\\\/schema\\\/person\\\/e099cf1046922f4f5892172332dc86c0\"},\"headline\":\"Estrenamos documental \u201cPuri, el camino del agua&#8221;\",\"datePublished\":\"2020-04-25T14:10:36+00:00\",\"dateModified\":\"2020-05-04T19:18:02+00:00\",\"mainEntityOfPage\":{\"@id\":\"https:\\\/\\\/www.filantropiacortessolari.cl\\\/puri-el-camino-del-agua\\\/\"},\"wordCount\":174,\"commentCount\":0,\"image\":{\"@id\":\"https:\\\/\\\/www.filantropiacortessolari.cl\\\/puri-el-camino-del-agua\\\/#primaryimage\"},\"thumbnailUrl\":\"https:\\\/\\\/www.filantropiacortessolari.cl\\\/wp-content\\\/uploads\\\/2020\\\/04\\\/agua.png\",\"articleSection\":[\"Noticias\"],\"inLanguage\":\"en-US\",\"potentialAction\":[{\"@type\":\"CommentAction\",\"name\":\"Comment\",\"target\":[\"https:\\\/\\\/www.filantropiacortessolari.cl\\\/puri-el-camino-del-agua\\\/#respond\"]}]},{\"@type\":\"WebPage\",\"@id\":\"https:\\\/\\\/www.filantropiacortessolari.cl\\\/puri-el-camino-del-agua\\\/\",\"url\":\"https:\\\/\\\/www.filantropiacortessolari.cl\\\/puri-el-camino-del-agua\\\/\",\"name\":\"Estrenamos documental \u201cPuri, el camino del agua\\\"\",\"isPartOf\":{\"@id\":\"https:\\\/\\\/www.filantropiacortessolari.cl\\\/#website\"},\"primaryImageOfPage\":{\"@id\":\"https:\\\/\\\/www.filantropiacortessolari.cl\\\/puri-el-camino-del-agua\\\/#primaryimage\"},\"image\":{\"@id\":\"https:\\\/\\\/www.filantropiacortessolari.cl\\\/puri-el-camino-del-agua\\\/#primaryimage\"},\"thumbnailUrl\":\"https:\\\/\\\/www.filantropiacortessolari.cl\\\/wp-content\\\/uploads\\\/2020\\\/04\\\/agua.png\",\"datePublished\":\"2020-04-25T14:10:36+00:00\",\"dateModified\":\"2020-05-04T19:18:02+00:00\",\"author\":{\"@id\":\"https:\\\/\\\/www.filantropiacortessolari.cl\\\/#\\\/schema\\\/person\\\/e099cf1046922f4f5892172332dc86c0\"},\"breadcrumb\":{\"@id\":\"https:\\\/\\\/www.filantropiacortessolari.cl\\\/puri-el-camino-del-agua\\\/#breadcrumb\"},\"inLanguage\":\"en-US\",\"potentialAction\":[{\"@type\":\"ReadAction\",\"target\":[\"https:\\\/\\\/www.filantropiacortessolari.cl\\\/puri-el-camino-del-agua\\\/\"]}]},{\"@type\":\"ImageObject\",\"inLanguage\":\"en-US\",\"@id\":\"https:\\\/\\\/www.filantropiacortessolari.cl\\\/puri-el-camino-del-agua\\\/#primaryimage\",\"url\":\"https:\\\/\\\/www.filantropiacortessolari.cl\\\/wp-content\\\/uploads\\\/2020\\\/04\\\/agua.png\",\"contentUrl\":\"https:\\\/\\\/www.filantropiacortessolari.cl\\\/wp-content\\\/uploads\\\/2020\\\/04\\\/agua.png\",\"width\":1240,\"height\":746},{\"@type\":\"BreadcrumbList\",\"@id\":\"https:\\\/\\\/www.filantropiacortessolari.cl\\\/puri-el-camino-del-agua\\\/#breadcrumb\",\"itemListElement\":[{\"@type\":\"ListItem\",\"position\":1,\"name\":\"Portada\",\"item\":\"https:\\\/\\\/www.filantropiacortessolari.cl\\\/\"},{\"@type\":\"ListItem\",\"position\":2,\"name\":\"Estrenamos documental \u201cPuri, el camino del agua\u00bb\"}]},{\"@type\":\"WebSite\",\"@id\":\"https:\\\/\\\/www.filantropiacortessolari.cl\\\/#website\",\"url\":\"https:\\\/\\\/www.filantropiacortessolari.cl\\\/\",\"name\":\"Filantrop\u00eda Cort\u00e9s Solari\",\"description\":\"Sitio web Filantrop\u00eda Cort\u00e9s Solari\",\"potentialAction\":[{\"@type\":\"SearchAction\",\"target\":{\"@type\":\"EntryPoint\",\"urlTemplate\":\"https:\\\/\\\/www.filantropiacortessolari.cl\\\/?s={search_term_string}\"},\"query-input\":{\"@type\":\"PropertyValueSpecification\",\"valueRequired\":true,\"valueName\":\"search_term_string\"}}],\"inLanguage\":\"en-US\"},{\"@type\":\"Person\",\"@id\":\"https:\\\/\\\/www.filantropiacortessolari.cl\\\/#\\\/schema\\\/person\\\/e099cf1046922f4f5892172332dc86c0\",\"name\":\"Filantrop\u00eda Cort\u00e9s Solari\",\"image\":{\"@type\":\"ImageObject\",\"inLanguage\":\"en-US\",\"@id\":\"https:\\\/\\\/secure.gravatar.com\\\/avatar\\\/9d17bfe24074ed7576e70cbeb8e010cdd7d01fae9f2047bd96cccbe629ec3c11?s=96&d=mm&r=g\",\"url\":\"https:\\\/\\\/secure.gravatar.com\\\/avatar\\\/9d17bfe24074ed7576e70cbeb8e010cdd7d01fae9f2047bd96cccbe629ec3c11?s=96&d=mm&r=g\",\"contentUrl\":\"https:\\\/\\\/secure.gravatar.com\\\/avatar\\\/9d17bfe24074ed7576e70cbeb8e010cdd7d01fae9f2047bd96cccbe629ec3c11?s=96&d=mm&r=g\",\"caption\":\"Filantrop\u00eda Cort\u00e9s Solari\"},\"url\":\"https:\\\/\\\/www.filantropiacortessolari.cl\\\/en\\\/author\\\/filantropia-cortes-solari\\\/\"}]}<\/script>\n<!-- \/ Yoast SEO plugin. -->","yoast_head_json":{"title":"Estrenamos documental \u201cPuri, el camino del agua\"","robots":{"index":"index","follow":"follow","max-snippet":"max-snippet:-1","max-image-preview":"max-image-preview:large","max-video-preview":"max-video-preview:-1"},"canonical":"https:\/\/www.filantropiacortessolari.cl\/puri-el-camino-del-agua\/","og_locale":"en_US","og_type":"article","og_title":"Estrenamos documental \u201cPuri, el camino del agua\"","og_url":"https:\/\/www.filantropiacortessolari.cl\/puri-el-camino-del-agua\/","og_site_name":"Filantrop\u00eda Cort\u00e9s Solari","article_published_time":"2020-04-25T14:10:36+00:00","article_modified_time":"2020-05-04T19:18:02+00:00","og_image":[{"width":1240,"height":746,"url":"https:\/\/www.filantropiacortessolari.cl\/wp-content\/uploads\/2020\/04\/agua.png","type":"image\/png"}],"author":"Filantrop\u00eda Cort\u00e9s Solari","twitter_card":"summary_large_image","twitter_misc":{"Written by":"Filantrop\u00eda Cort\u00e9s Solari","Est. reading time":"1 minute"},"schema":{"@context":"https:\/\/schema.org","@graph":[{"@type":"Article","@id":"https:\/\/www.filantropiacortessolari.cl\/puri-el-camino-del-agua\/#article","isPartOf":{"@id":"https:\/\/www.filantropiacortessolari.cl\/puri-el-camino-del-agua\/"},"author":{"name":"Filantrop\u00eda Cort\u00e9s Solari","@id":"https:\/\/www.filantropiacortessolari.cl\/#\/schema\/person\/e099cf1046922f4f5892172332dc86c0"},"headline":"Estrenamos documental \u201cPuri, el camino del agua&#8221;","datePublished":"2020-04-25T14:10:36+00:00","dateModified":"2020-05-04T19:18:02+00:00","mainEntityOfPage":{"@id":"https:\/\/www.filantropiacortessolari.cl\/puri-el-camino-del-agua\/"},"wordCount":174,"commentCount":0,"image":{"@id":"https:\/\/www.filantropiacortessolari.cl\/puri-el-camino-del-agua\/#primaryimage"},"thumbnailUrl":"https:\/\/www.filantropiacortessolari.cl\/wp-content\/uploads\/2020\/04\/agua.png","articleSection":["Noticias"],"inLanguage":"en-US","potentialAction":[{"@type":"CommentAction","name":"Comment","target":["https:\/\/www.filantropiacortessolari.cl\/puri-el-camino-del-agua\/#respond"]}]},{"@type":"WebPage","@id":"https:\/\/www.filantropiacortessolari.cl\/puri-el-camino-del-agua\/","url":"https:\/\/www.filantropiacortessolari.cl\/puri-el-camino-del-agua\/","name":"Estrenamos documental \u201cPuri, el camino del agua\"","isPartOf":{"@id":"https:\/\/www.filantropiacortessolari.cl\/#website"},"primaryImageOfPage":{"@id":"https:\/\/www.filantropiacortessolari.cl\/puri-el-camino-del-agua\/#primaryimage"},"image":{"@id":"https:\/\/www.filantropiacortessolari.cl\/puri-el-camino-del-agua\/#primaryimage"},"thumbnailUrl":"https:\/\/www.filantropiacortessolari.cl\/wp-content\/uploads\/2020\/04\/agua.png","datePublished":"2020-04-25T14:10:36+00:00","dateModified":"2020-05-04T19:18:02+00:00","author":{"@id":"https:\/\/www.filantropiacortessolari.cl\/#\/schema\/person\/e099cf1046922f4f5892172332dc86c0"},"breadcrumb":{"@id":"https:\/\/www.filantropiacortessolari.cl\/puri-el-camino-del-agua\/#breadcrumb"},"inLanguage":"en-US","potentialAction":[{"@type":"ReadAction","target":["https:\/\/www.filantropiacortessolari.cl\/puri-el-camino-del-agua\/"]}]},{"@type":"ImageObject","inLanguage":"en-US","@id":"https:\/\/www.filantropiacortessolari.cl\/puri-el-camino-del-agua\/#primaryimage","url":"https:\/\/www.filantropiacortessolari.cl\/wp-content\/uploads\/2020\/04\/agua.png","contentUrl":"https:\/\/www.filantropiacortessolari.cl\/wp-content\/uploads\/2020\/04\/agua.png","width":1240,"height":746},{"@type":"BreadcrumbList","@id":"https:\/\/www.filantropiacortessolari.cl\/puri-el-camino-del-agua\/#breadcrumb","itemListElement":[{"@type":"ListItem","position":1,"name":"Portada","item":"https:\/\/www.filantropiacortessolari.cl\/"},{"@type":"ListItem","position":2,"name":"Estrenamos documental \u201cPuri, el camino del agua\u00bb"}]},{"@type":"WebSite","@id":"https:\/\/www.filantropiacortessolari.cl\/#website","url":"https:\/\/www.filantropiacortessolari.cl\/","name":"Filantrop\u00eda Cort\u00e9s Solari","description":"Sitio web Filantrop\u00eda Cort\u00e9s Solari","potentialAction":[{"@type":"SearchAction","target":{"@type":"EntryPoint","urlTemplate":"https:\/\/www.filantropiacortessolari.cl\/?s={search_term_string}"},"query-input":{"@type":"PropertyValueSpecification","valueRequired":true,"valueName":"search_term_string"}}],"inLanguage":"en-US"},{"@type":"Person","@id":"https:\/\/www.filantropiacortessolari.cl\/#\/schema\/person\/e099cf1046922f4f5892172332dc86c0","name":"Filantrop\u00eda Cort\u00e9s Solari","image":{"@type":"ImageObject","inLanguage":"en-US","@id":"https:\/\/secure.gravatar.com\/avatar\/9d17bfe24074ed7576e70cbeb8e010cdd7d01fae9f2047bd96cccbe629ec3c11?s=96&d=mm&r=g","url":"https:\/\/secure.gravatar.com\/avatar\/9d17bfe24074ed7576e70cbeb8e010cdd7d01fae9f2047bd96cccbe629ec3c11?s=96&d=mm&r=g","contentUrl":"https:\/\/secure.gravatar.com\/avatar\/9d17bfe24074ed7576e70cbeb8e010cdd7d01fae9f2047bd96cccbe629ec3c11?s=96&d=mm&r=g","caption":"Filantrop\u00eda Cort\u00e9s Solari"},"url":"https:\/\/www.filantropiacortessolari.cl\/en\/author\/filantropia-cortes-solari\/"}]}},"_links":{"self":[{"href":"https:\/\/www.filantropiacortessolari.cl\/en\/wp-json\/wp\/v2\/posts\/9987","targetHints":{"allow":["GET"]}}],"collection":[{"href":"https:\/\/www.filantropiacortessolari.cl\/en\/wp-json\/wp\/v2\/posts"}],"about":[{"href":"https:\/\/www.filantropiacortessolari.cl\/en\/wp-json\/wp\/v2\/types\/post"}],"author":[{"embeddable":true,"href":"https:\/\/www.filantropiacortessolari.cl\/en\/wp-json\/wp\/v2\/users\/1"}],"replies":[{"embeddable":true,"href":"https:\/\/www.filantropiacortessolari.cl\/en\/wp-json\/wp\/v2\/comments?post=9987"}],"version-history":[{"count":15,"href":"https:\/\/www.filantropiacortessolari.cl\/en\/wp-json\/wp\/v2\/posts\/9987\/revisions"}],"predecessor-version":[{"id":10033,"href":"https:\/\/www.filantropiacortessolari.cl\/en\/wp-json\/wp\/v2\/posts\/9987\/revisions\/10033"}],"wp:featuredmedia":[{"embeddable":true,"href":"https:\/\/www.filantropiacortessolari.cl\/en\/wp-json\/wp\/v2\/media\/9995"}],"wp:attachment":[{"href":"https:\/\/www.filantropiacortessolari.cl\/en\/wp-json\/wp\/v2\/media?parent=9987"}],"wp:term":[{"taxonomy":"category","embeddable":true,"href":"https:\/\/www.filantropiacortessolari.cl\/en\/wp-json\/wp\/v2\/categories?post=9987"},{"taxonomy":"post_tag","embeddable":true,"href":"https:\/\/www.filantropiacortessolari.cl\/en\/wp-json\/wp\/v2\/tags?post=9987"}],"curies":[{"name":"wp","href":"https:\/\/api.w.org\/{rel}","templated":true}]}}